{"id":59590,"date":"2022-05-08T18:04:05","date_gmt":"2022-05-09T00:04:05","guid":{"rendered":"https:\/\/canal7slp.tv\/2022\/?p=59590"},"modified":"2022-05-08T18:04:05","modified_gmt":"2022-05-09T00:04:05","slug":"celebra-pri-tanto-a-mamas-como-a-la-ninez-de-slp","status":"publish","type":"post","link":"https:\/\/canal7slp.tv\/2022\/celebra-pri-tanto-a-mamas-como-a-la-ninez-de-slp\/","title":{"rendered":"Celebra PRI tanto a mam\u00e1s como a la ni\u00f1ez de SLP"},"content":{"rendered":"<p style=\"text-align: justify;\">SLP.-\u00a0Ante cientos de mam\u00e1s priistas, el alcalde capitalino Enrique Galindo Ceballos resalt\u00f3 que la esencia del PRI es estar en los momentos m\u00e1s importantes de la gente, celebrar las fechas importantes y acompa\u00f1ar a la ciudadan\u00eda en todo momento.<\/p>\n<p style=\"text-align: justify;\">Al dar la bienvenida a las mam\u00e1s y peque\u00f1os en la sede partidaria, el presidente del Comit\u00e9 Directivo Estatal (CDE) El\u00edas Pesina Rodr\u00edguez resalt\u00f3 que el PRI est\u00e1 cerca, defiende la salud y trabaja por la seguridad; adem\u00e1s de impulsar la educaci\u00f3n.<\/p>\n<p style=\"text-align: justify;\">\u201cAqu\u00ed est\u00e1 el PRI, con alcaldes como Enrique Galindo Ceballos, cuyo trabajo coincide con las aspiraciones de las mujeres, con entrega por promover oportunidades de desarrollo y bienestar para las jefas de familia, para las mam\u00e1s y para las mujeres potosinas, eso lo constatamos todos los d\u00edas\u201d, a\u00f1adi\u00f3.<\/p>\n<p style=\"text-align: justify;\">\u201cHoy estamos festejando al motor el partido, a quienes se la rifan d\u00eda a d\u00eda en las calles, en las colonias y en las comunidades, defendiendo al PRI, hablando bien de nuestro partido\u201d, complet\u00f3 el primer s\u00edndico de la capital V\u00edctor Hugo Salgado.<\/p>\n<p style=\"text-align: justify;\">Finalmente el alcalde capitalino Enrique Galindo resalt\u00f3 que el PRI debe ser constante, estar presente, acompa\u00f1ar a la ciudadan\u00eda y mantenerse activo, enarbolando las causas sociales y fortaleciendo el tejido social con convivencias, gestiones y acciones contundentes.<\/p>\n","protected":false},"excerpt":{"rendered":"<p>SLP.-\u00a0Ante cientos de mam\u00e1s priistas, el alcalde capitalino Enrique Galindo Ceballos resalt\u00f3 que la esencia del PRI es estar en los momentos m\u00e1s importantes de la gente, celebrar las fechas importantes y acompa\u00f1ar a la ciudadan\u00eda en todo momento. Al dar la bienvenida a las mam\u00e1s y peque\u00f1os en la sede partidaria, el presidente del Comit\u00e9 Directivo Estatal (CDE) El\u00edas Pesina Rodr\u00edguez resalt\u00f3 que el PRI est\u00e1 cerca, defiende la salud y trabaja por la seguridad; adem\u00e1s de impulsar la educaci\u00f3n. \u201cAqu\u00ed est\u00e1 el PRI, con alcaldes como Enrique Galindo Ceballos, cuyo trabajo coincide con las aspiraciones de las mujeres, [&hellip;]<\/p>\n","protected":false},"author":2,"featured_media":59596,"comment_status":"closed","ping_status":"closed","sticky":false,"template":"","format":"standard","meta":{"footnotes":""},"categories":[45],"tags":[],"class_list":["post-59590","post","type-post","status-publish","format-standard","has-post-thumbnail","hentry","category-localesyregionales","post--single"],"yoast_head":"<!-- This site is optimized with the Yoast SEO plugin v27.4 - https:\/\/yoast.com\/product\/yoast-seo-wordpress\/ -->\n<title>Celebra PRI tanto a mam\u00e1s como a la ni\u00f1ez de SLP - Canal 7 SLP - 2022<\/title>\n<meta name=\"robots\" content=\"index, follow, max-snippet:-1, max-image-preview:large, max-video-preview:-1\" \/>\n<link rel=\"canonical\" href=\"https:\/\/canal7slp.tv\/2022\/celebra-pri-tanto-a-mamas-como-a-la-ninez-de-slp\/\" \/>\n<meta property=\"og:locale\" content=\"es_ES\" \/>\n<meta property=\"og:type\" content=\"article\" \/>\n<meta property=\"og:title\" content=\"Celebra PRI tanto a mam\u00e1s como a la ni\u00f1ez de SLP - Canal 7 SLP - 2022\" \/>\n<meta property=\"og:description\" content=\"SLP.-\u00a0Ante cientos de mam\u00e1s priistas, el alcalde capitalino Enrique Galindo Ceballos resalt\u00f3 que la esencia del PRI es estar en los momentos m\u00e1s importantes de la gente, celebrar las fechas importantes y acompa\u00f1ar a la ciudadan\u00eda en todo momento. Al dar la bienvenida a las mam\u00e1s y peque\u00f1os en la sede partidaria, el presidente del Comit\u00e9 Directivo Estatal (CDE) El\u00edas Pesina Rodr\u00edguez resalt\u00f3 que el PRI est\u00e1 cerca, defiende la salud y trabaja por la seguridad; adem\u00e1s de impulsar la educaci\u00f3n. \u201cAqu\u00ed est\u00e1 el PRI, con alcaldes como Enrique Galindo Ceballos, cuyo trabajo coincide con las aspiraciones de las mujeres, [&hellip;]\" \/>\n<meta property=\"og:url\" content=\"https:\/\/canal7slp.tv\/2022\/celebra-pri-tanto-a-mamas-como-a-la-ninez-de-slp\/\" \/>\n<meta property=\"og:site_name\" content=\"Canal 7 SLP - 2022\" \/>\n<meta property=\"article:publisher\" content=\"https:\/\/www.facebook.com\/noticieroscanalsiete\" \/>\n<meta property=\"article:published_time\" content=\"2022-05-09T00:04:05+00:00\" \/>\n<meta property=\"og:image\" content=\"https:\/\/canal7slp.tv\/2022\/wp-content\/uploads\/2022\/05\/PRI.jpg\" \/>\n\t<meta property=\"og:image:width\" content=\"909\" \/>\n\t<meta property=\"og:image:height\" content=\"478\" \/>\n\t<meta property=\"og:image:type\" content=\"image\/jpeg\" \/>\n<meta name=\"author\" content=\"Edici\u00f3n Web\" \/>\n<meta name=\"twitter:card\" content=\"summary_large_image\" \/>\n<meta name=\"twitter:creator\" content=\"@NOTICIEROS7\" \/>\n<meta name=\"twitter:site\" content=\"@NOTICIEROS7\" \/>\n<meta name=\"twitter:label1\" content=\"Escrito por\" \/>\n\t<meta name=\"twitter:data1\" content=\"Edici\u00f3n Web\" \/>\n\t<meta name=\"twitter:label2\" content=\"Tiempo de lectura\" \/>\n\t<meta name=\"twitter:data2\" content=\"1 minuto\" \/>\n<script type=\"application\/ld+json\" class=\"yoast-schema-graph\">{\"@context\":\"https:\\\/\\\/schema.org\",\"@graph\":[{\"@type\":\"Article\",\"@id\":\"https:\\\/\\\/canal7slp.tv\\\/2022\\\/celebra-pri-tanto-a-mamas-como-a-la-ninez-de-slp\\\/#article\",\"isPartOf\":{\"@id\":\"https:\\\/\\\/canal7slp.tv\\\/2022\\\/celebra-pri-tanto-a-mamas-como-a-la-ninez-de-slp\\\/\"},\"author\":{\"name\":\"Edici\u00f3n Web\",\"@id\":\"https:\\\/\\\/canal7slp.tv\\\/2022\\\/#\\\/schema\\\/person\\\/429704152a21f5f856ce29aa69a238da\"},\"headline\":\"Celebra PRI tanto a mam\u00e1s como a la ni\u00f1ez de SLP\",\"datePublished\":\"2022-05-09T00:04:05+00:00\",\"mainEntityOfPage\":{\"@id\":\"https:\\\/\\\/canal7slp.tv\\\/2022\\\/celebra-pri-tanto-a-mamas-como-a-la-ninez-de-slp\\\/\"},\"wordCount\":243,\"publisher\":{\"@id\":\"https:\\\/\\\/canal7slp.tv\\\/2022\\\/#organization\"},\"image\":{\"@id\":\"https:\\\/\\\/canal7slp.tv\\\/2022\\\/celebra-pri-tanto-a-mamas-como-a-la-ninez-de-slp\\\/#primaryimage\"},\"thumbnailUrl\":\"https:\\\/\\\/canal7slp.tv\\\/2022\\\/wp-content\\\/uploads\\\/2022\\\/05\\\/PRI.jpg\",\"articleSection\":[\"LOCALES Y REGIONALES\"],\"inLanguage\":\"es\"},{\"@type\":\"WebPage\",\"@id\":\"https:\\\/\\\/canal7slp.tv\\\/2022\\\/celebra-pri-tanto-a-mamas-como-a-la-ninez-de-slp\\\/\",\"url\":\"https:\\\/\\\/canal7slp.tv\\\/2022\\\/celebra-pri-tanto-a-mamas-como-a-la-ninez-de-slp\\\/\",\"name\":\"Celebra PRI tanto a mam\u00e1s como a la ni\u00f1ez de SLP - Canal 7 SLP - 2022\",\"isPartOf\":{\"@id\":\"https:\\\/\\\/canal7slp.tv\\\/2022\\\/#website\"},\"primaryImageOfPage\":{\"@id\":\"https:\\\/\\\/canal7slp.tv\\\/2022\\\/celebra-pri-tanto-a-mamas-como-a-la-ninez-de-slp\\\/#primaryimage\"},\"image\":{\"@id\":\"https:\\\/\\\/canal7slp.tv\\\/2022\\\/celebra-pri-tanto-a-mamas-como-a-la-ninez-de-slp\\\/#primaryimage\"},\"thumbnailUrl\":\"https:\\\/\\\/canal7slp.tv\\\/2022\\\/wp-content\\\/uploads\\\/2022\\\/05\\\/PRI.jpg\",\"datePublished\":\"2022-05-09T00:04:05+00:00\",\"breadcrumb\":{\"@id\":\"https:\\\/\\\/canal7slp.tv\\\/2022\\\/celebra-pri-tanto-a-mamas-como-a-la-ninez-de-slp\\\/#breadcrumb\"},\"inLanguage\":\"es\",\"potentialAction\":[{\"@type\":\"ReadAction\",\"target\":[\"https:\\\/\\\/canal7slp.tv\\\/2022\\\/celebra-pri-tanto-a-mamas-como-a-la-ninez-de-slp\\\/\"]}]},{\"@type\":\"ImageObject\",\"inLanguage\":\"es\",\"@id\":\"https:\\\/\\\/canal7slp.tv\\\/2022\\\/celebra-pri-tanto-a-mamas-como-a-la-ninez-de-slp\\\/#primaryimage\",\"url\":\"https:\\\/\\\/canal7slp.tv\\\/2022\\\/wp-content\\\/uploads\\\/2022\\\/05\\\/PRI.jpg\",\"contentUrl\":\"https:\\\/\\\/canal7slp.tv\\\/2022\\\/wp-content\\\/uploads\\\/2022\\\/05\\\/PRI.jpg\",\"width\":909,\"height\":478},{\"@type\":\"BreadcrumbList\",\"@id\":\"https:\\\/\\\/canal7slp.tv\\\/2022\\\/celebra-pri-tanto-a-mamas-como-a-la-ninez-de-slp\\\/#breadcrumb\",\"itemListElement\":[{\"@type\":\"ListItem\",\"position\":1,\"name\":\"Portada\",\"item\":\"https:\\\/\\\/canal7slp.tv\\\/2022\\\/\"},{\"@type\":\"ListItem\",\"position\":2,\"name\":\"Celebra PRI tanto a mam\u00e1s como a la ni\u00f1ez de SLP\"}]},{\"@type\":\"WebSite\",\"@id\":\"https:\\\/\\\/canal7slp.tv\\\/2022\\\/#website\",\"url\":\"https:\\\/\\\/canal7slp.tv\\\/2022\\\/\",\"name\":\"N7 - Noticieros Canal 7\",\"description\":\"Somos Televisi\u00f3n\",\"publisher\":{\"@id\":\"https:\\\/\\\/canal7slp.tv\\\/2022\\\/#organization\"},\"potentialAction\":[{\"@type\":\"SearchAction\",\"target\":{\"@type\":\"EntryPoint\",\"urlTemplate\":\"https:\\\/\\\/canal7slp.tv\\\/2022\\\/?s={search_term_string}\"},\"query-input\":{\"@type\":\"PropertyValueSpecification\",\"valueRequired\":true,\"valueName\":\"search_term_string\"}}],\"inLanguage\":\"es\"},{\"@type\":\"Organization\",\"@id\":\"https:\\\/\\\/canal7slp.tv\\\/2022\\\/#organization\",\"name\":\"Noticieros Canal 7\",\"url\":\"https:\\\/\\\/canal7slp.tv\\\/2022\\\/\",\"logo\":{\"@type\":\"ImageObject\",\"inLanguage\":\"es\",\"@id\":\"https:\\\/\\\/canal7slp.tv\\\/2022\\\/#\\\/schema\\\/logo\\\/image\\\/\",\"url\":\"https:\\\/\\\/canal7slp.tv\\\/2022\\\/wp-content\\\/uploads\\\/2021\\\/01\\\/logo-noticieros@2x.png\",\"contentUrl\":\"https:\\\/\\\/canal7slp.tv\\\/2022\\\/wp-content\\\/uploads\\\/2021\\\/01\\\/logo-noticieros@2x.png\",\"width\":1017,\"height\":268,\"caption\":\"Noticieros Canal 7\"},\"image\":{\"@id\":\"https:\\\/\\\/canal7slp.tv\\\/2022\\\/#\\\/schema\\\/logo\\\/image\\\/\"},\"sameAs\":[\"https:\\\/\\\/www.facebook.com\\\/noticieroscanalsiete\",\"https:\\\/\\\/x.com\\\/NOTICIEROS7\",\"https:\\\/\\\/www.instagram.com\\\/canal7_slp\",\"https:\\\/\\\/www.youtube.com\\\/channel\\\/UCliiYs-gP3JfJeqdPrNdd5A\"]},{\"@type\":\"Person\",\"@id\":\"https:\\\/\\\/canal7slp.tv\\\/2022\\\/#\\\/schema\\\/person\\\/429704152a21f5f856ce29aa69a238da\",\"name\":\"Edici\u00f3n Web\",\"image\":{\"@type\":\"ImageObject\",\"inLanguage\":\"es\",\"@id\":\"https:\\\/\\\/secure.gravatar.com\\\/avatar\\\/eee448fc3f7164808013b816ba91ac7e43bbe82a70bebac296f8bc6f0addaa1a?s=96&d=mm&r=g\",\"url\":\"https:\\\/\\\/secure.gravatar.com\\\/avatar\\\/eee448fc3f7164808013b816ba91ac7e43bbe82a70bebac296f8bc6f0addaa1a?s=96&d=mm&r=g\",\"contentUrl\":\"https:\\\/\\\/secure.gravatar.com\\\/avatar\\\/eee448fc3f7164808013b816ba91ac7e43bbe82a70bebac296f8bc6f0addaa1a?s=96&d=mm&r=g\",\"caption\":\"Edici\u00f3n Web\"},\"url\":\"https:\\\/\\\/canal7slp.tv\\\/2022\\\/author\\\/edicionweb\\\/\"}]}<\/script>\n<!-- \/ Yoast SEO plugin. -->","yoast_head_json":{"title":"Celebra PRI tanto a mam\u00e1s como a la ni\u00f1ez de SLP - Canal 7 SLP - 2022","robots":{"index":"index","follow":"follow","max-snippet":"max-snippet:-1","max-image-preview":"max-image-preview:large","max-video-preview":"max-video-preview:-1"},"canonical":"https:\/\/canal7slp.tv\/2022\/celebra-pri-tanto-a-mamas-como-a-la-ninez-de-slp\/","og_locale":"es_ES","og_type":"article","og_title":"Celebra PRI tanto a mam\u00e1s como a la ni\u00f1ez de SLP - Canal 7 SLP - 2022","og_description":"SLP.-\u00a0Ante cientos de mam\u00e1s priistas, el alcalde capitalino Enrique Galindo Ceballos resalt\u00f3 que la esencia del PRI es estar en los momentos m\u00e1s importantes de la gente, celebrar las fechas importantes y acompa\u00f1ar a la ciudadan\u00eda en todo momento. Al dar la bienvenida a las mam\u00e1s y peque\u00f1os en la sede partidaria, el presidente del Comit\u00e9 Directivo Estatal (CDE) El\u00edas Pesina Rodr\u00edguez resalt\u00f3 que el PRI est\u00e1 cerca, defiende la salud y trabaja por la seguridad; adem\u00e1s de impulsar la educaci\u00f3n. \u201cAqu\u00ed est\u00e1 el PRI, con alcaldes como Enrique Galindo Ceballos, cuyo trabajo coincide con las aspiraciones de las mujeres, [&hellip;]","og_url":"https:\/\/canal7slp.tv\/2022\/celebra-pri-tanto-a-mamas-como-a-la-ninez-de-slp\/","og_site_name":"Canal 7 SLP - 2022","article_publisher":"https:\/\/www.facebook.com\/noticieroscanalsiete","article_published_time":"2022-05-09T00:04:05+00:00","og_image":[{"width":909,"height":478,"url":"https:\/\/canal7slp.tv\/2022\/wp-content\/uploads\/2022\/05\/PRI.jpg","type":"image\/jpeg"}],"author":"Edici\u00f3n Web","twitter_card":"summary_large_image","twitter_creator":"@NOTICIEROS7","twitter_site":"@NOTICIEROS7","twitter_misc":{"Escrito por":"Edici\u00f3n Web","Tiempo de lectura":"1 minuto"},"schema":{"@context":"https:\/\/schema.org","@graph":[{"@type":"Article","@id":"https:\/\/canal7slp.tv\/2022\/celebra-pri-tanto-a-mamas-como-a-la-ninez-de-slp\/#article","isPartOf":{"@id":"https:\/\/canal7slp.tv\/2022\/celebra-pri-tanto-a-mamas-como-a-la-ninez-de-slp\/"},"author":{"name":"Edici\u00f3n Web","@id":"https:\/\/canal7slp.tv\/2022\/#\/schema\/person\/429704152a21f5f856ce29aa69a238da"},"headline":"Celebra PRI tanto a mam\u00e1s como a la ni\u00f1ez de SLP","datePublished":"2022-05-09T00:04:05+00:00","mainEntityOfPage":{"@id":"https:\/\/canal7slp.tv\/2022\/celebra-pri-tanto-a-mamas-como-a-la-ninez-de-slp\/"},"wordCount":243,"publisher":{"@id":"https:\/\/canal7slp.tv\/2022\/#organization"},"image":{"@id":"https:\/\/canal7slp.tv\/2022\/celebra-pri-tanto-a-mamas-como-a-la-ninez-de-slp\/#primaryimage"},"thumbnailUrl":"https:\/\/canal7slp.tv\/2022\/wp-content\/uploads\/2022\/05\/PRI.jpg","articleSection":["LOCALES Y REGIONALES"],"inLanguage":"es"},{"@type":"WebPage","@id":"https:\/\/canal7slp.tv\/2022\/celebra-pri-tanto-a-mamas-como-a-la-ninez-de-slp\/","url":"https:\/\/canal7slp.tv\/2022\/celebra-pri-tanto-a-mamas-como-a-la-ninez-de-slp\/","name":"Celebra PRI tanto a mam\u00e1s como a la ni\u00f1ez de SLP - Canal 7 SLP - 2022","isPartOf":{"@id":"https:\/\/canal7slp.tv\/2022\/#website"},"primaryImageOfPage":{"@id":"https:\/\/canal7slp.tv\/2022\/celebra-pri-tanto-a-mamas-como-a-la-ninez-de-slp\/#primaryimage"},"image":{"@id":"https:\/\/canal7slp.tv\/2022\/celebra-pri-tanto-a-mamas-como-a-la-ninez-de-slp\/#primaryimage"},"thumbnailUrl":"https:\/\/canal7slp.tv\/2022\/wp-content\/uploads\/2022\/05\/PRI.jpg","datePublished":"2022-05-09T00:04:05+00:00","breadcrumb":{"@id":"https:\/\/canal7slp.tv\/2022\/celebra-pri-tanto-a-mamas-como-a-la-ninez-de-slp\/#breadcrumb"},"inLanguage":"es","potentialAction":[{"@type":"ReadAction","target":["https:\/\/canal7slp.tv\/2022\/celebra-pri-tanto-a-mamas-como-a-la-ninez-de-slp\/"]}]},{"@type":"ImageObject","inLanguage":"es","@id":"https:\/\/canal7slp.tv\/2022\/celebra-pri-tanto-a-mamas-como-a-la-ninez-de-slp\/#primaryimage","url":"https:\/\/canal7slp.tv\/2022\/wp-content\/uploads\/2022\/05\/PRI.jpg","contentUrl":"https:\/\/canal7slp.tv\/2022\/wp-content\/uploads\/2022\/05\/PRI.jpg","width":909,"height":478},{"@type":"BreadcrumbList","@id":"https:\/\/canal7slp.tv\/2022\/celebra-pri-tanto-a-mamas-como-a-la-ninez-de-slp\/#breadcrumb","itemListElement":[{"@type":"ListItem","position":1,"name":"Portada","item":"https:\/\/canal7slp.tv\/2022\/"},{"@type":"ListItem","position":2,"name":"Celebra PRI tanto a mam\u00e1s como a la ni\u00f1ez de SLP"}]},{"@type":"WebSite","@id":"https:\/\/canal7slp.tv\/2022\/#website","url":"https:\/\/canal7slp.tv\/2022\/","name":"N7 - Noticieros Canal 7","description":"Somos Televisi\u00f3n","publisher":{"@id":"https:\/\/canal7slp.tv\/2022\/#organization"},"potentialAction":[{"@type":"SearchAction","target":{"@type":"EntryPoint","urlTemplate":"https:\/\/canal7slp.tv\/2022\/?s={search_term_string}"},"query-input":{"@type":"PropertyValueSpecification","valueRequired":true,"valueName":"search_term_string"}}],"inLanguage":"es"},{"@type":"Organization","@id":"https:\/\/canal7slp.tv\/2022\/#organization","name":"Noticieros Canal 7","url":"https:\/\/canal7slp.tv\/2022\/","logo":{"@type":"ImageObject","inLanguage":"es","@id":"https:\/\/canal7slp.tv\/2022\/#\/schema\/logo\/image\/","url":"https:\/\/canal7slp.tv\/2022\/wp-content\/uploads\/2021\/01\/logo-noticieros@2x.png","contentUrl":"https:\/\/canal7slp.tv\/2022\/wp-content\/uploads\/2021\/01\/logo-noticieros@2x.png","width":1017,"height":268,"caption":"Noticieros Canal 7"},"image":{"@id":"https:\/\/canal7slp.tv\/2022\/#\/schema\/logo\/image\/"},"sameAs":["https:\/\/www.facebook.com\/noticieroscanalsiete","https:\/\/x.com\/NOTICIEROS7","https:\/\/www.instagram.com\/canal7_slp","https:\/\/www.youtube.com\/channel\/UCliiYs-gP3JfJeqdPrNdd5A"]},{"@type":"Person","@id":"https:\/\/canal7slp.tv\/2022\/#\/schema\/person\/429704152a21f5f856ce29aa69a238da","name":"Edici\u00f3n Web","image":{"@type":"ImageObject","inLanguage":"es","@id":"https:\/\/secure.gravatar.com\/avatar\/eee448fc3f7164808013b816ba91ac7e43bbe82a70bebac296f8bc6f0addaa1a?s=96&d=mm&r=g","url":"https:\/\/secure.gravatar.com\/avatar\/eee448fc3f7164808013b816ba91ac7e43bbe82a70bebac296f8bc6f0addaa1a?s=96&d=mm&r=g","contentUrl":"https:\/\/secure.gravatar.com\/avatar\/eee448fc3f7164808013b816ba91ac7e43bbe82a70bebac296f8bc6f0addaa1a?s=96&d=mm&r=g","caption":"Edici\u00f3n Web"},"url":"https:\/\/canal7slp.tv\/2022\/author\/edicionweb\/"}]}},"amp_enabled":true,"_links":{"self":[{"href":"https:\/\/canal7slp.tv\/2022\/wp-json\/wp\/v2\/posts\/59590","targetHints":{"allow":["GET"]}}],"collection":[{"href":"https:\/\/canal7slp.tv\/2022\/wp-json\/wp\/v2\/posts"}],"about":[{"href":"https:\/\/canal7slp.tv\/2022\/wp-json\/wp\/v2\/types\/post"}],"author":[{"embeddable":true,"href":"https:\/\/canal7slp.tv\/2022\/wp-json\/wp\/v2\/users\/2"}],"replies":[{"embeddable":true,"href":"https:\/\/canal7slp.tv\/2022\/wp-json\/wp\/v2\/comments?post=59590"}],"version-history":[{"count":1,"href":"https:\/\/canal7slp.tv\/2022\/wp-json\/wp\/v2\/posts\/59590\/revisions"}],"predecessor-version":[{"id":59597,"href":"https:\/\/canal7slp.tv\/2022\/wp-json\/wp\/v2\/posts\/59590\/revisions\/59597"}],"wp:featuredmedia":[{"embeddable":true,"href":"https:\/\/canal7slp.tv\/2022\/wp-json\/wp\/v2\/media\/59596"}],"wp:attachment":[{"href":"https:\/\/canal7slp.tv\/2022\/wp-json\/wp\/v2\/media?parent=59590"}],"wp:term":[{"taxonomy":"category","embeddable":true,"href":"https:\/\/canal7slp.tv\/2022\/wp-json\/wp\/v2\/categories?post=59590"},{"taxonomy":"post_tag","embeddable":true,"href":"https:\/\/canal7slp.tv\/2022\/wp-json\/wp\/v2\/tags?post=59590"}],"curies":[{"name":"wp","href":"https:\/\/api.w.org\/{rel}","templated":true}]}}