{"id":59589,"date":"2022-05-08T18:02:28","date_gmt":"2022-05-09T00:02:28","guid":{"rendered":"https:\/\/canal7slp.tv\/2022\/?p=59589"},"modified":"2022-05-08T18:02:28","modified_gmt":"2022-05-09T00:02:28","slug":"modernizacion-del-aeropuerto-ampliacion-de-pista-y-habilitacion-de-nuevas-rutas-abordo-sedeco-con-oma","status":"publish","type":"post","link":"https:\/\/canal7slp.tv\/2022\/modernizacion-del-aeropuerto-ampliacion-de-pista-y-habilitacion-de-nuevas-rutas-abordo-sedeco-con-oma\/","title":{"rendered":"Modernizaci\u00f3n del Aeropuerto, ampliaci\u00f3n de pista y habilitaci\u00f3n de nuevas rutas abord\u00f3 SEDECO con OMA"},"content":{"rendered":"<p style=\"text-align: justify;\">SLP.-\u00a0El titular de la Secretar\u00eda de Desarrollo Econ\u00f3mico (SEDECO) Juan Carlos Valladares Eichelmann, se reuni\u00f3 con directivos de Grupo Aeroportuario Centro Norte (Oma), para definir acciones de renovaci\u00f3n y modernizaci\u00f3n del Aeropuerto Ponciano Arriaga -incluyendo la ampliaci\u00f3n de la pista-.<\/p>\n<p style=\"text-align: justify;\">El titular de la SEDECO adelant\u00f3 que, derivado de la coordinaci\u00f3n con aerol\u00edneas que operan en territorio potosino, actualmente analizan nuevos destinos para aumentar la oferta de tr\u00e1nsito a\u00e9reo, con miras al crecimiento comercial y tur\u00edstico y para acercar nuevas rutas.<\/p>\n<p style=\"text-align: justify;\">\u201cUn objetivo es contar con un aeropuerto que ofrezca un servicio digno y de calidad tanto para quienes nos visitan como para los habitantes; y que contribuya al crecimiento exponencial tur\u00edstico, comercial, y de intercambio econ\u00f3mico\u201d, destac\u00f3.<\/p>\n<p style=\"text-align: justify;\">Valladares Eichelmann expuso que durante la reuni\u00f3n con los directivos de Oma, cuya empresa administra 13 aeropuertos en todo el pa\u00eds, se analiz\u00f3 la modernizaci\u00f3n del Aeropuerto Internacional Ponciano Arriaga, que incluye la ampliaci\u00f3n de la pista para el aterrizaje y despegue de aeronaves de mayor tama\u00f1o.<\/p>\n","protected":false},"excerpt":{"rendered":"<p>SLP.-\u00a0El titular de la Secretar\u00eda de Desarrollo Econ\u00f3mico (SEDECO) Juan Carlos Valladares Eichelmann, se reuni\u00f3 con directivos de Grupo Aeroportuario Centro Norte (Oma), para definir acciones de renovaci\u00f3n y modernizaci\u00f3n del Aeropuerto Ponciano Arriaga -incluyendo la ampliaci\u00f3n de la pista-. El titular de la SEDECO adelant\u00f3 que, derivado de la coordinaci\u00f3n con aerol\u00edneas que operan en territorio potosino, actualmente analizan nuevos destinos para aumentar la oferta de tr\u00e1nsito a\u00e9reo, con miras al crecimiento comercial y tur\u00edstico y para acercar nuevas rutas. \u201cUn objetivo es contar con un aeropuerto que ofrezca un servicio digno y de calidad tanto para quienes nos [&hellip;]<\/p>\n","protected":false},"author":2,"featured_media":59595,"comment_status":"closed","ping_status":"closed","sticky":false,"template":"","format":"standard","meta":{"footnotes":""},"categories":[45],"tags":[],"class_list":["post-59589","post","type-post","status-publish","format-standard","has-post-thumbnail","hentry","category-localesyregionales","post--single"],"yoast_head":"<!-- This site is optimized with the Yoast SEO plugin v27.4 - https:\/\/yoast.com\/product\/yoast-seo-wordpress\/ -->\n<title>Modernizaci\u00f3n del Aeropuerto, ampliaci\u00f3n de pista y habilitaci\u00f3n de nuevas rutas abord\u00f3 SEDECO con OMA - Canal 7 SLP - 2022<\/title>\n<meta name=\"robots\" content=\"index, follow, max-snippet:-1, max-image-preview:large, max-video-preview:-1\" \/>\n<link rel=\"canonical\" href=\"https:\/\/canal7slp.tv\/2022\/modernizacion-del-aeropuerto-ampliacion-de-pista-y-habilitacion-de-nuevas-rutas-abordo-sedeco-con-oma\/\" \/>\n<meta property=\"og:locale\" content=\"es_ES\" \/>\n<meta property=\"og:type\" content=\"article\" \/>\n<meta property=\"og:title\" content=\"Modernizaci\u00f3n del Aeropuerto, ampliaci\u00f3n de pista y habilitaci\u00f3n de nuevas rutas abord\u00f3 SEDECO con OMA - Canal 7 SLP - 2022\" \/>\n<meta property=\"og:description\" content=\"SLP.-\u00a0El titular de la Secretar\u00eda de Desarrollo Econ\u00f3mico (SEDECO) Juan Carlos Valladares Eichelmann, se reuni\u00f3 con directivos de Grupo Aeroportuario Centro Norte (Oma), para definir acciones de renovaci\u00f3n y modernizaci\u00f3n del Aeropuerto Ponciano Arriaga -incluyendo la ampliaci\u00f3n de la pista-. El titular de la SEDECO adelant\u00f3 que, derivado de la coordinaci\u00f3n con aerol\u00edneas que operan en territorio potosino, actualmente analizan nuevos destinos para aumentar la oferta de tr\u00e1nsito a\u00e9reo, con miras al crecimiento comercial y tur\u00edstico y para acercar nuevas rutas. \u201cUn objetivo es contar con un aeropuerto que ofrezca un servicio digno y de calidad tanto para quienes nos [&hellip;]\" \/>\n<meta property=\"og:url\" content=\"https:\/\/canal7slp.tv\/2022\/modernizacion-del-aeropuerto-ampliacion-de-pista-y-habilitacion-de-nuevas-rutas-abordo-sedeco-con-oma\/\" \/>\n<meta property=\"og:site_name\" content=\"Canal 7 SLP - 2022\" \/>\n<meta property=\"article:publisher\" content=\"https:\/\/www.facebook.com\/noticieroscanalsiete\" \/>\n<meta property=\"article:published_time\" content=\"2022-05-09T00:02:28+00:00\" \/>\n<meta property=\"og:image\" content=\"https:\/\/canal7slp.tv\/2022\/wp-content\/uploads\/2022\/05\/Eichman.jpg\" \/>\n\t<meta property=\"og:image:width\" content=\"917\" \/>\n\t<meta property=\"og:image:height\" content=\"770\" \/>\n\t<meta property=\"og:image:type\" content=\"image\/jpeg\" \/>\n<meta name=\"author\" content=\"Edici\u00f3n Web\" \/>\n<meta name=\"twitter:card\" content=\"summary_large_image\" \/>\n<meta name=\"twitter:creator\" content=\"@NOTICIEROS7\" \/>\n<meta name=\"twitter:site\" content=\"@NOTICIEROS7\" \/>\n<meta name=\"twitter:label1\" content=\"Escrito por\" \/>\n\t<meta name=\"twitter:data1\" content=\"Edici\u00f3n Web\" \/>\n\t<meta name=\"twitter:label2\" content=\"Tiempo de lectura\" \/>\n\t<meta name=\"twitter:data2\" content=\"1 minuto\" \/>\n<script type=\"application\/ld+json\" class=\"yoast-schema-graph\">{\"@context\":\"https:\\\/\\\/schema.org\",\"@graph\":[{\"@type\":\"Article\",\"@id\":\"https:\\\/\\\/canal7slp.tv\\\/2022\\\/modernizacion-del-aeropuerto-ampliacion-de-pista-y-habilitacion-de-nuevas-rutas-abordo-sedeco-con-oma\\\/#article\",\"isPartOf\":{\"@id\":\"https:\\\/\\\/canal7slp.tv\\\/2022\\\/modernizacion-del-aeropuerto-ampliacion-de-pista-y-habilitacion-de-nuevas-rutas-abordo-sedeco-con-oma\\\/\"},\"author\":{\"name\":\"Edici\u00f3n Web\",\"@id\":\"https:\\\/\\\/canal7slp.tv\\\/2022\\\/#\\\/schema\\\/person\\\/429704152a21f5f856ce29aa69a238da\"},\"headline\":\"Modernizaci\u00f3n del Aeropuerto, ampliaci\u00f3n de pista y habilitaci\u00f3n de nuevas rutas abord\u00f3 SEDECO con OMA\",\"datePublished\":\"2022-05-09T00:02:28+00:00\",\"mainEntityOfPage\":{\"@id\":\"https:\\\/\\\/canal7slp.tv\\\/2022\\\/modernizacion-del-aeropuerto-ampliacion-de-pista-y-habilitacion-de-nuevas-rutas-abordo-sedeco-con-oma\\\/\"},\"wordCount\":201,\"publisher\":{\"@id\":\"https:\\\/\\\/canal7slp.tv\\\/2022\\\/#organization\"},\"image\":{\"@id\":\"https:\\\/\\\/canal7slp.tv\\\/2022\\\/modernizacion-del-aeropuerto-ampliacion-de-pista-y-habilitacion-de-nuevas-rutas-abordo-sedeco-con-oma\\\/#primaryimage\"},\"thumbnailUrl\":\"https:\\\/\\\/canal7slp.tv\\\/2022\\\/wp-content\\\/uploads\\\/2022\\\/05\\\/Eichman.jpg\",\"articleSection\":[\"LOCALES Y REGIONALES\"],\"inLanguage\":\"es\"},{\"@type\":\"WebPage\",\"@id\":\"https:\\\/\\\/canal7slp.tv\\\/2022\\\/modernizacion-del-aeropuerto-ampliacion-de-pista-y-habilitacion-de-nuevas-rutas-abordo-sedeco-con-oma\\\/\",\"url\":\"https:\\\/\\\/canal7slp.tv\\\/2022\\\/modernizacion-del-aeropuerto-ampliacion-de-pista-y-habilitacion-de-nuevas-rutas-abordo-sedeco-con-oma\\\/\",\"name\":\"Modernizaci\u00f3n del Aeropuerto, ampliaci\u00f3n de pista y habilitaci\u00f3n de nuevas rutas abord\u00f3 SEDECO con OMA - Canal 7 SLP - 2022\",\"isPartOf\":{\"@id\":\"https:\\\/\\\/canal7slp.tv\\\/2022\\\/#website\"},\"primaryImageOfPage\":{\"@id\":\"https:\\\/\\\/canal7slp.tv\\\/2022\\\/modernizacion-del-aeropuerto-ampliacion-de-pista-y-habilitacion-de-nuevas-rutas-abordo-sedeco-con-oma\\\/#primaryimage\"},\"image\":{\"@id\":\"https:\\\/\\\/canal7slp.tv\\\/2022\\\/modernizacion-del-aeropuerto-ampliacion-de-pista-y-habilitacion-de-nuevas-rutas-abordo-sedeco-con-oma\\\/#primaryimage\"},\"thumbnailUrl\":\"https:\\\/\\\/canal7slp.tv\\\/2022\\\/wp-content\\\/uploads\\\/2022\\\/05\\\/Eichman.jpg\",\"datePublished\":\"2022-05-09T00:02:28+00:00\",\"breadcrumb\":{\"@id\":\"https:\\\/\\\/canal7slp.tv\\\/2022\\\/modernizacion-del-aeropuerto-ampliacion-de-pista-y-habilitacion-de-nuevas-rutas-abordo-sedeco-con-oma\\\/#breadcrumb\"},\"inLanguage\":\"es\",\"potentialAction\":[{\"@type\":\"ReadAction\",\"target\":[\"https:\\\/\\\/canal7slp.tv\\\/2022\\\/modernizacion-del-aeropuerto-ampliacion-de-pista-y-habilitacion-de-nuevas-rutas-abordo-sedeco-con-oma\\\/\"]}]},{\"@type\":\"ImageObject\",\"inLanguage\":\"es\",\"@id\":\"https:\\\/\\\/canal7slp.tv\\\/2022\\\/modernizacion-del-aeropuerto-ampliacion-de-pista-y-habilitacion-de-nuevas-rutas-abordo-sedeco-con-oma\\\/#primaryimage\",\"url\":\"https:\\\/\\\/canal7slp.tv\\\/2022\\\/wp-content\\\/uploads\\\/2022\\\/05\\\/Eichman.jpg\",\"contentUrl\":\"https:\\\/\\\/canal7slp.tv\\\/2022\\\/wp-content\\\/uploads\\\/2022\\\/05\\\/Eichman.jpg\",\"width\":917,\"height\":770},{\"@type\":\"BreadcrumbList\",\"@id\":\"https:\\\/\\\/canal7slp.tv\\\/2022\\\/modernizacion-del-aeropuerto-ampliacion-de-pista-y-habilitacion-de-nuevas-rutas-abordo-sedeco-con-oma\\\/#breadcrumb\",\"itemListElement\":[{\"@type\":\"ListItem\",\"position\":1,\"name\":\"Portada\",\"item\":\"https:\\\/\\\/canal7slp.tv\\\/2022\\\/\"},{\"@type\":\"ListItem\",\"position\":2,\"name\":\"Modernizaci\u00f3n del Aeropuerto, ampliaci\u00f3n de pista y habilitaci\u00f3n de nuevas rutas abord\u00f3 SEDECO con OMA\"}]},{\"@type\":\"WebSite\",\"@id\":\"https:\\\/\\\/canal7slp.tv\\\/2022\\\/#website\",\"url\":\"https:\\\/\\\/canal7slp.tv\\\/2022\\\/\",\"name\":\"N7 - Noticieros Canal 7\",\"description\":\"Somos Televisi\u00f3n\",\"publisher\":{\"@id\":\"https:\\\/\\\/canal7slp.tv\\\/2022\\\/#organization\"},\"potentialAction\":[{\"@type\":\"SearchAction\",\"target\":{\"@type\":\"EntryPoint\",\"urlTemplate\":\"https:\\\/\\\/canal7slp.tv\\\/2022\\\/?s={search_term_string}\"},\"query-input\":{\"@type\":\"PropertyValueSpecification\",\"valueRequired\":true,\"valueName\":\"search_term_string\"}}],\"inLanguage\":\"es\"},{\"@type\":\"Organization\",\"@id\":\"https:\\\/\\\/canal7slp.tv\\\/2022\\\/#organization\",\"name\":\"Noticieros Canal 7\",\"url\":\"https:\\\/\\\/canal7slp.tv\\\/2022\\\/\",\"logo\":{\"@type\":\"ImageObject\",\"inLanguage\":\"es\",\"@id\":\"https:\\\/\\\/canal7slp.tv\\\/2022\\\/#\\\/schema\\\/logo\\\/image\\\/\",\"url\":\"https:\\\/\\\/canal7slp.tv\\\/2022\\\/wp-content\\\/uploads\\\/2021\\\/01\\\/logo-noticieros@2x.png\",\"contentUrl\":\"https:\\\/\\\/canal7slp.tv\\\/2022\\\/wp-content\\\/uploads\\\/2021\\\/01\\\/logo-noticieros@2x.png\",\"width\":1017,\"height\":268,\"caption\":\"Noticieros Canal 7\"},\"image\":{\"@id\":\"https:\\\/\\\/canal7slp.tv\\\/2022\\\/#\\\/schema\\\/logo\\\/image\\\/\"},\"sameAs\":[\"https:\\\/\\\/www.facebook.com\\\/noticieroscanalsiete\",\"https:\\\/\\\/x.com\\\/NOTICIEROS7\",\"https:\\\/\\\/www.instagram.com\\\/canal7_slp\",\"https:\\\/\\\/www.youtube.com\\\/channel\\\/UCliiYs-gP3JfJeqdPrNdd5A\"]},{\"@type\":\"Person\",\"@id\":\"https:\\\/\\\/canal7slp.tv\\\/2022\\\/#\\\/schema\\\/person\\\/429704152a21f5f856ce29aa69a238da\",\"name\":\"Edici\u00f3n Web\",\"image\":{\"@type\":\"ImageObject\",\"inLanguage\":\"es\",\"@id\":\"https:\\\/\\\/secure.gravatar.com\\\/avatar\\\/eee448fc3f7164808013b816ba91ac7e43bbe82a70bebac296f8bc6f0addaa1a?s=96&d=mm&r=g\",\"url\":\"https:\\\/\\\/secure.gravatar.com\\\/avatar\\\/eee448fc3f7164808013b816ba91ac7e43bbe82a70bebac296f8bc6f0addaa1a?s=96&d=mm&r=g\",\"contentUrl\":\"https:\\\/\\\/secure.gravatar.com\\\/avatar\\\/eee448fc3f7164808013b816ba91ac7e43bbe82a70bebac296f8bc6f0addaa1a?s=96&d=mm&r=g\",\"caption\":\"Edici\u00f3n Web\"},\"url\":\"https:\\\/\\\/canal7slp.tv\\\/2022\\\/author\\\/edicionweb\\\/\"}]}<\/script>\n<!-- \/ Yoast SEO plugin. -->","yoast_head_json":{"title":"Modernizaci\u00f3n del Aeropuerto, ampliaci\u00f3n de pista y habilitaci\u00f3n de nuevas rutas abord\u00f3 SEDECO con OMA - Canal 7 SLP - 2022","robots":{"index":"index","follow":"follow","max-snippet":"max-snippet:-1","max-image-preview":"max-image-preview:large","max-video-preview":"max-video-preview:-1"},"canonical":"https:\/\/canal7slp.tv\/2022\/modernizacion-del-aeropuerto-ampliacion-de-pista-y-habilitacion-de-nuevas-rutas-abordo-sedeco-con-oma\/","og_locale":"es_ES","og_type":"article","og_title":"Modernizaci\u00f3n del Aeropuerto, ampliaci\u00f3n de pista y habilitaci\u00f3n de nuevas rutas abord\u00f3 SEDECO con OMA - Canal 7 SLP - 2022","og_description":"SLP.-\u00a0El titular de la Secretar\u00eda de Desarrollo Econ\u00f3mico (SEDECO) Juan Carlos Valladares Eichelmann, se reuni\u00f3 con directivos de Grupo Aeroportuario Centro Norte (Oma), para definir acciones de renovaci\u00f3n y modernizaci\u00f3n del Aeropuerto Ponciano Arriaga -incluyendo la ampliaci\u00f3n de la pista-. El titular de la SEDECO adelant\u00f3 que, derivado de la coordinaci\u00f3n con aerol\u00edneas que operan en territorio potosino, actualmente analizan nuevos destinos para aumentar la oferta de tr\u00e1nsito a\u00e9reo, con miras al crecimiento comercial y tur\u00edstico y para acercar nuevas rutas. \u201cUn objetivo es contar con un aeropuerto que ofrezca un servicio digno y de calidad tanto para quienes nos [&hellip;]","og_url":"https:\/\/canal7slp.tv\/2022\/modernizacion-del-aeropuerto-ampliacion-de-pista-y-habilitacion-de-nuevas-rutas-abordo-sedeco-con-oma\/","og_site_name":"Canal 7 SLP - 2022","article_publisher":"https:\/\/www.facebook.com\/noticieroscanalsiete","article_published_time":"2022-05-09T00:02:28+00:00","og_image":[{"width":917,"height":770,"url":"https:\/\/canal7slp.tv\/2022\/wp-content\/uploads\/2022\/05\/Eichman.jpg","type":"image\/jpeg"}],"author":"Edici\u00f3n Web","twitter_card":"summary_large_image","twitter_creator":"@NOTICIEROS7","twitter_site":"@NOTICIEROS7","twitter_misc":{"Escrito por":"Edici\u00f3n Web","Tiempo de lectura":"1 minuto"},"schema":{"@context":"https:\/\/schema.org","@graph":[{"@type":"Article","@id":"https:\/\/canal7slp.tv\/2022\/modernizacion-del-aeropuerto-ampliacion-de-pista-y-habilitacion-de-nuevas-rutas-abordo-sedeco-con-oma\/#article","isPartOf":{"@id":"https:\/\/canal7slp.tv\/2022\/modernizacion-del-aeropuerto-ampliacion-de-pista-y-habilitacion-de-nuevas-rutas-abordo-sedeco-con-oma\/"},"author":{"name":"Edici\u00f3n Web","@id":"https:\/\/canal7slp.tv\/2022\/#\/schema\/person\/429704152a21f5f856ce29aa69a238da"},"headline":"Modernizaci\u00f3n del Aeropuerto, ampliaci\u00f3n de pista y habilitaci\u00f3n de nuevas rutas abord\u00f3 SEDECO con OMA","datePublished":"2022-05-09T00:02:28+00:00","mainEntityOfPage":{"@id":"https:\/\/canal7slp.tv\/2022\/modernizacion-del-aeropuerto-ampliacion-de-pista-y-habilitacion-de-nuevas-rutas-abordo-sedeco-con-oma\/"},"wordCount":201,"publisher":{"@id":"https:\/\/canal7slp.tv\/2022\/#organization"},"image":{"@id":"https:\/\/canal7slp.tv\/2022\/modernizacion-del-aeropuerto-ampliacion-de-pista-y-habilitacion-de-nuevas-rutas-abordo-sedeco-con-oma\/#primaryimage"},"thumbnailUrl":"https:\/\/canal7slp.tv\/2022\/wp-content\/uploads\/2022\/05\/Eichman.jpg","articleSection":["LOCALES Y REGIONALES"],"inLanguage":"es"},{"@type":"WebPage","@id":"https:\/\/canal7slp.tv\/2022\/modernizacion-del-aeropuerto-ampliacion-de-pista-y-habilitacion-de-nuevas-rutas-abordo-sedeco-con-oma\/","url":"https:\/\/canal7slp.tv\/2022\/modernizacion-del-aeropuerto-ampliacion-de-pista-y-habilitacion-de-nuevas-rutas-abordo-sedeco-con-oma\/","name":"Modernizaci\u00f3n del Aeropuerto, ampliaci\u00f3n de pista y habilitaci\u00f3n de nuevas rutas abord\u00f3 SEDECO con OMA - Canal 7 SLP - 2022","isPartOf":{"@id":"https:\/\/canal7slp.tv\/2022\/#website"},"primaryImageOfPage":{"@id":"https:\/\/canal7slp.tv\/2022\/modernizacion-del-aeropuerto-ampliacion-de-pista-y-habilitacion-de-nuevas-rutas-abordo-sedeco-con-oma\/#primaryimage"},"image":{"@id":"https:\/\/canal7slp.tv\/2022\/modernizacion-del-aeropuerto-ampliacion-de-pista-y-habilitacion-de-nuevas-rutas-abordo-sedeco-con-oma\/#primaryimage"},"thumbnailUrl":"https:\/\/canal7slp.tv\/2022\/wp-content\/uploads\/2022\/05\/Eichman.jpg","datePublished":"2022-05-09T00:02:28+00:00","breadcrumb":{"@id":"https:\/\/canal7slp.tv\/2022\/modernizacion-del-aeropuerto-ampliacion-de-pista-y-habilitacion-de-nuevas-rutas-abordo-sedeco-con-oma\/#breadcrumb"},"inLanguage":"es","potentialAction":[{"@type":"ReadAction","target":["https:\/\/canal7slp.tv\/2022\/modernizacion-del-aeropuerto-ampliacion-de-pista-y-habilitacion-de-nuevas-rutas-abordo-sedeco-con-oma\/"]}]},{"@type":"ImageObject","inLanguage":"es","@id":"https:\/\/canal7slp.tv\/2022\/modernizacion-del-aeropuerto-ampliacion-de-pista-y-habilitacion-de-nuevas-rutas-abordo-sedeco-con-oma\/#primaryimage","url":"https:\/\/canal7slp.tv\/2022\/wp-content\/uploads\/2022\/05\/Eichman.jpg","contentUrl":"https:\/\/canal7slp.tv\/2022\/wp-content\/uploads\/2022\/05\/Eichman.jpg","width":917,"height":770},{"@type":"BreadcrumbList","@id":"https:\/\/canal7slp.tv\/2022\/modernizacion-del-aeropuerto-ampliacion-de-pista-y-habilitacion-de-nuevas-rutas-abordo-sedeco-con-oma\/#breadcrumb","itemListElement":[{"@type":"ListItem","position":1,"name":"Portada","item":"https:\/\/canal7slp.tv\/2022\/"},{"@type":"ListItem","position":2,"name":"Modernizaci\u00f3n del Aeropuerto, ampliaci\u00f3n de pista y habilitaci\u00f3n de nuevas rutas abord\u00f3 SEDECO con OMA"}]},{"@type":"WebSite","@id":"https:\/\/canal7slp.tv\/2022\/#website","url":"https:\/\/canal7slp.tv\/2022\/","name":"N7 - Noticieros Canal 7","description":"Somos Televisi\u00f3n","publisher":{"@id":"https:\/\/canal7slp.tv\/2022\/#organization"},"potentialAction":[{"@type":"SearchAction","target":{"@type":"EntryPoint","urlTemplate":"https:\/\/canal7slp.tv\/2022\/?s={search_term_string}"},"query-input":{"@type":"PropertyValueSpecification","valueRequired":true,"valueName":"search_term_string"}}],"inLanguage":"es"},{"@type":"Organization","@id":"https:\/\/canal7slp.tv\/2022\/#organization","name":"Noticieros Canal 7","url":"https:\/\/canal7slp.tv\/2022\/","logo":{"@type":"ImageObject","inLanguage":"es","@id":"https:\/\/canal7slp.tv\/2022\/#\/schema\/logo\/image\/","url":"https:\/\/canal7slp.tv\/2022\/wp-content\/uploads\/2021\/01\/logo-noticieros@2x.png","contentUrl":"https:\/\/canal7slp.tv\/2022\/wp-content\/uploads\/2021\/01\/logo-noticieros@2x.png","width":1017,"height":268,"caption":"Noticieros Canal 7"},"image":{"@id":"https:\/\/canal7slp.tv\/2022\/#\/schema\/logo\/image\/"},"sameAs":["https:\/\/www.facebook.com\/noticieroscanalsiete","https:\/\/x.com\/NOTICIEROS7","https:\/\/www.instagram.com\/canal7_slp","https:\/\/www.youtube.com\/channel\/UCliiYs-gP3JfJeqdPrNdd5A"]},{"@type":"Person","@id":"https:\/\/canal7slp.tv\/2022\/#\/schema\/person\/429704152a21f5f856ce29aa69a238da","name":"Edici\u00f3n Web","image":{"@type":"ImageObject","inLanguage":"es","@id":"https:\/\/secure.gravatar.com\/avatar\/eee448fc3f7164808013b816ba91ac7e43bbe82a70bebac296f8bc6f0addaa1a?s=96&d=mm&r=g","url":"https:\/\/secure.gravatar.com\/avatar\/eee448fc3f7164808013b816ba91ac7e43bbe82a70bebac296f8bc6f0addaa1a?s=96&d=mm&r=g","contentUrl":"https:\/\/secure.gravatar.com\/avatar\/eee448fc3f7164808013b816ba91ac7e43bbe82a70bebac296f8bc6f0addaa1a?s=96&d=mm&r=g","caption":"Edici\u00f3n Web"},"url":"https:\/\/canal7slp.tv\/2022\/author\/edicionweb\/"}]}},"amp_enabled":true,"_links":{"self":[{"href":"https:\/\/canal7slp.tv\/2022\/wp-json\/wp\/v2\/posts\/59589","targetHints":{"allow":["GET"]}}],"collection":[{"href":"https:\/\/canal7slp.tv\/2022\/wp-json\/wp\/v2\/posts"}],"about":[{"href":"https:\/\/canal7slp.tv\/2022\/wp-json\/wp\/v2\/types\/post"}],"author":[{"embeddable":true,"href":"https:\/\/canal7slp.tv\/2022\/wp-json\/wp\/v2\/users\/2"}],"replies":[{"embeddable":true,"href":"https:\/\/canal7slp.tv\/2022\/wp-json\/wp\/v2\/comments?post=59589"}],"version-history":[{"count":1,"href":"https:\/\/canal7slp.tv\/2022\/wp-json\/wp\/v2\/posts\/59589\/revisions"}],"predecessor-version":[{"id":59594,"href":"https:\/\/canal7slp.tv\/2022\/wp-json\/wp\/v2\/posts\/59589\/revisions\/59594"}],"wp:featuredmedia":[{"embeddable":true,"href":"https:\/\/canal7slp.tv\/2022\/wp-json\/wp\/v2\/media\/59595"}],"wp:attachment":[{"href":"https:\/\/canal7slp.tv\/2022\/wp-json\/wp\/v2\/media?parent=59589"}],"wp:term":[{"taxonomy":"category","embeddable":true,"href":"https:\/\/canal7slp.tv\/2022\/wp-json\/wp\/v2\/categories?post=59589"},{"taxonomy":"post_tag","embeddable":true,"href":"https:\/\/canal7slp.tv\/2022\/wp-json\/wp\/v2\/tags?post=59589"}],"curies":[{"name":"wp","href":"https:\/\/api.w.org\/{rel}","templated":true}]}}