{"id":59573,"date":"2022-05-08T15:38:53","date_gmt":"2022-05-08T21:38:53","guid":{"rendered":"https:\/\/canal7slp.tv\/2022\/?p=59573"},"modified":"2022-05-08T15:38:53","modified_gmt":"2022-05-08T21:38:53","slug":"en-sonora-roban-bebe-de-44-dias-de-nacida","status":"publish","type":"post","link":"https:\/\/canal7slp.tv\/2022\/en-sonora-roban-bebe-de-44-dias-de-nacida\/","title":{"rendered":"En Sonora roban beb\u00e9 de 44 d\u00edas de nacida"},"content":{"rendered":"<ul style=\"text-align: justify;\">\n<li>Ya se emiti\u00f3 la Alerta Amber<\/li>\n<\/ul>\n<p style=\"text-align: justify;\">Hermosillo.- La Fiscal\u00eda General de Justicia (FGJ) de Sonora emiti\u00f3 una Alerta Amber a fin de localizar a una beb\u00e9 de 44 d\u00edas de nacida, misma que fue robada de su domicilio ubicado en la colonia La Mesa de Nogales.<\/p>\n<p style=\"text-align: justify;\">Se trata de Alison Guadalupe, nacida el 24 de marzo del 2022, quien fue sustra\u00edda de su hogar por dos mujeres este s\u00e1bado 7 de mayo.<\/p>\n<p style=\"text-align: justify;\">La beb\u00e9, de aproximadamente cuatro kilogramos y 48 cent\u00edmetros de estatura, tiene un lunar color rojo en el p\u00e1rpado izquierdo, ojos color gris oscuros, cejas regulares, cara ovalada, nariz amplia, boca mediana, labios regulares y tez morena clara.<\/p>\n<p style=\"text-align: justify;\">Al momento de ser sustra\u00edda del domicilio, la ni\u00f1a vest\u00eda un pantal\u00f3n color rosa y blusa rosa con figuras de flores. Hasta el momento se desconoce su paradero. Se teme por su seguridad e integridad, ya que puede ser v\u00edctima de alg\u00fan delito, inform\u00f3 la Fiscal\u00eda de Sonora.<\/p>\n<p style=\"text-align: justify;\">En caso de tener informaci\u00f3n sobre la peque\u00f1a, se pide llamar al 911 o al (6622) 89 88 00 Ext. 15512.<\/p>\n","protected":false},"excerpt":{"rendered":"<p>Ya se emiti\u00f3 la Alerta Amber Hermosillo.- La Fiscal\u00eda General de Justicia (FGJ) de Sonora emiti\u00f3 una Alerta Amber a fin de localizar a una beb\u00e9 de 44 d\u00edas de nacida, misma que fue robada de su domicilio ubicado en la colonia La Mesa de Nogales. Se trata de Alison Guadalupe, nacida el 24 de marzo del 2022, quien fue sustra\u00edda de su hogar por dos mujeres este s\u00e1bado 7 de mayo. La beb\u00e9, de aproximadamente cuatro kilogramos y 48 cent\u00edmetros de estatura, tiene un lunar color rojo en el p\u00e1rpado izquierdo, ojos color gris oscuros, cejas regulares, cara ovalada, [&hellip;]<\/p>\n","protected":false},"author":2,"featured_media":59582,"comment_status":"closed","ping_status":"closed","sticky":false,"template":"","format":"standard","meta":{"footnotes":""},"categories":[46],"tags":[],"class_list":["post-59573","post","type-post","status-publish","format-standard","has-post-thumbnail","hentry","category-nacional","post--single"],"yoast_head":"<!-- This site is optimized with the Yoast SEO plugin v27.4 - https:\/\/yoast.com\/product\/yoast-seo-wordpress\/ -->\n<title>En Sonora roban beb\u00e9 de 44 d\u00edas de nacida - Canal 7 SLP - 2022<\/title>\n<meta name=\"robots\" content=\"index, follow, max-snippet:-1, max-image-preview:large, max-video-preview:-1\" \/>\n<link rel=\"canonical\" href=\"https:\/\/canal7slp.tv\/2022\/en-sonora-roban-bebe-de-44-dias-de-nacida\/\" \/>\n<meta property=\"og:locale\" content=\"es_ES\" \/>\n<meta property=\"og:type\" content=\"article\" \/>\n<meta property=\"og:title\" content=\"En Sonora roban beb\u00e9 de 44 d\u00edas de nacida - Canal 7 SLP - 2022\" \/>\n<meta property=\"og:description\" content=\"Ya se emiti\u00f3 la Alerta Amber Hermosillo.- La Fiscal\u00eda General de Justicia (FGJ) de Sonora emiti\u00f3 una Alerta Amber a fin de localizar a una beb\u00e9 de 44 d\u00edas de nacida, misma que fue robada de su domicilio ubicado en la colonia La Mesa de Nogales. Se trata de Alison Guadalupe, nacida el 24 de marzo del 2022, quien fue sustra\u00edda de su hogar por dos mujeres este s\u00e1bado 7 de mayo. La beb\u00e9, de aproximadamente cuatro kilogramos y 48 cent\u00edmetros de estatura, tiene un lunar color rojo en el p\u00e1rpado izquierdo, ojos color gris oscuros, cejas regulares, cara ovalada, [&hellip;]\" \/>\n<meta property=\"og:url\" content=\"https:\/\/canal7slp.tv\/2022\/en-sonora-roban-bebe-de-44-dias-de-nacida\/\" \/>\n<meta property=\"og:site_name\" content=\"Canal 7 SLP - 2022\" \/>\n<meta property=\"article:publisher\" content=\"https:\/\/www.facebook.com\/noticieroscanalsiete\" \/>\n<meta property=\"article:published_time\" content=\"2022-05-08T21:38:53+00:00\" \/>\n<meta property=\"og:image\" content=\"https:\/\/canal7slp.tv\/2022\/wp-content\/uploads\/2022\/05\/04-7.jpg\" \/>\n\t<meta property=\"og:image:width\" content=\"968\" \/>\n\t<meta property=\"og:image:height\" content=\"656\" \/>\n\t<meta property=\"og:image:type\" content=\"image\/jpeg\" \/>\n<meta name=\"author\" content=\"Edici\u00f3n Web\" \/>\n<meta name=\"twitter:card\" content=\"summary_large_image\" \/>\n<meta name=\"twitter:creator\" content=\"@NOTICIEROS7\" \/>\n<meta name=\"twitter:site\" content=\"@NOTICIEROS7\" \/>\n<meta name=\"twitter:label1\" content=\"Escrito por\" \/>\n\t<meta name=\"twitter:data1\" content=\"Edici\u00f3n Web\" \/>\n\t<meta name=\"twitter:label2\" content=\"Tiempo de lectura\" \/>\n\t<meta name=\"twitter:data2\" content=\"1 minuto\" \/>\n<script type=\"application\/ld+json\" class=\"yoast-schema-graph\">{\"@context\":\"https:\\\/\\\/schema.org\",\"@graph\":[{\"@type\":\"Article\",\"@id\":\"https:\\\/\\\/canal7slp.tv\\\/2022\\\/en-sonora-roban-bebe-de-44-dias-de-nacida\\\/#article\",\"isPartOf\":{\"@id\":\"https:\\\/\\\/canal7slp.tv\\\/2022\\\/en-sonora-roban-bebe-de-44-dias-de-nacida\\\/\"},\"author\":{\"name\":\"Edici\u00f3n Web\",\"@id\":\"https:\\\/\\\/canal7slp.tv\\\/2022\\\/#\\\/schema\\\/person\\\/429704152a21f5f856ce29aa69a238da\"},\"headline\":\"En Sonora roban beb\u00e9 de 44 d\u00edas de nacida\",\"datePublished\":\"2022-05-08T21:38:53+00:00\",\"mainEntityOfPage\":{\"@id\":\"https:\\\/\\\/canal7slp.tv\\\/2022\\\/en-sonora-roban-bebe-de-44-dias-de-nacida\\\/\"},\"wordCount\":193,\"publisher\":{\"@id\":\"https:\\\/\\\/canal7slp.tv\\\/2022\\\/#organization\"},\"image\":{\"@id\":\"https:\\\/\\\/canal7slp.tv\\\/2022\\\/en-sonora-roban-bebe-de-44-dias-de-nacida\\\/#primaryimage\"},\"thumbnailUrl\":\"https:\\\/\\\/canal7slp.tv\\\/2022\\\/wp-content\\\/uploads\\\/2022\\\/05\\\/04-7.jpg\",\"articleSection\":[\"NACIONALES\"],\"inLanguage\":\"es\"},{\"@type\":\"WebPage\",\"@id\":\"https:\\\/\\\/canal7slp.tv\\\/2022\\\/en-sonora-roban-bebe-de-44-dias-de-nacida\\\/\",\"url\":\"https:\\\/\\\/canal7slp.tv\\\/2022\\\/en-sonora-roban-bebe-de-44-dias-de-nacida\\\/\",\"name\":\"En Sonora roban beb\u00e9 de 44 d\u00edas de nacida - Canal 7 SLP - 2022\",\"isPartOf\":{\"@id\":\"https:\\\/\\\/canal7slp.tv\\\/2022\\\/#website\"},\"primaryImageOfPage\":{\"@id\":\"https:\\\/\\\/canal7slp.tv\\\/2022\\\/en-sonora-roban-bebe-de-44-dias-de-nacida\\\/#primaryimage\"},\"image\":{\"@id\":\"https:\\\/\\\/canal7slp.tv\\\/2022\\\/en-sonora-roban-bebe-de-44-dias-de-nacida\\\/#primaryimage\"},\"thumbnailUrl\":\"https:\\\/\\\/canal7slp.tv\\\/2022\\\/wp-content\\\/uploads\\\/2022\\\/05\\\/04-7.jpg\",\"datePublished\":\"2022-05-08T21:38:53+00:00\",\"breadcrumb\":{\"@id\":\"https:\\\/\\\/canal7slp.tv\\\/2022\\\/en-sonora-roban-bebe-de-44-dias-de-nacida\\\/#breadcrumb\"},\"inLanguage\":\"es\",\"potentialAction\":[{\"@type\":\"ReadAction\",\"target\":[\"https:\\\/\\\/canal7slp.tv\\\/2022\\\/en-sonora-roban-bebe-de-44-dias-de-nacida\\\/\"]}]},{\"@type\":\"ImageObject\",\"inLanguage\":\"es\",\"@id\":\"https:\\\/\\\/canal7slp.tv\\\/2022\\\/en-sonora-roban-bebe-de-44-dias-de-nacida\\\/#primaryimage\",\"url\":\"https:\\\/\\\/canal7slp.tv\\\/2022\\\/wp-content\\\/uploads\\\/2022\\\/05\\\/04-7.jpg\",\"contentUrl\":\"https:\\\/\\\/canal7slp.tv\\\/2022\\\/wp-content\\\/uploads\\\/2022\\\/05\\\/04-7.jpg\",\"width\":968,\"height\":656},{\"@type\":\"BreadcrumbList\",\"@id\":\"https:\\\/\\\/canal7slp.tv\\\/2022\\\/en-sonora-roban-bebe-de-44-dias-de-nacida\\\/#breadcrumb\",\"itemListElement\":[{\"@type\":\"ListItem\",\"position\":1,\"name\":\"Portada\",\"item\":\"https:\\\/\\\/canal7slp.tv\\\/2022\\\/\"},{\"@type\":\"ListItem\",\"position\":2,\"name\":\"En Sonora roban beb\u00e9 de 44 d\u00edas de nacida\"}]},{\"@type\":\"WebSite\",\"@id\":\"https:\\\/\\\/canal7slp.tv\\\/2022\\\/#website\",\"url\":\"https:\\\/\\\/canal7slp.tv\\\/2022\\\/\",\"name\":\"N7 - Noticieros Canal 7\",\"description\":\"Somos Televisi\u00f3n\",\"publisher\":{\"@id\":\"https:\\\/\\\/canal7slp.tv\\\/2022\\\/#organization\"},\"potentialAction\":[{\"@type\":\"SearchAction\",\"target\":{\"@type\":\"EntryPoint\",\"urlTemplate\":\"https:\\\/\\\/canal7slp.tv\\\/2022\\\/?s={search_term_string}\"},\"query-input\":{\"@type\":\"PropertyValueSpecification\",\"valueRequired\":true,\"valueName\":\"search_term_string\"}}],\"inLanguage\":\"es\"},{\"@type\":\"Organization\",\"@id\":\"https:\\\/\\\/canal7slp.tv\\\/2022\\\/#organization\",\"name\":\"Noticieros Canal 7\",\"url\":\"https:\\\/\\\/canal7slp.tv\\\/2022\\\/\",\"logo\":{\"@type\":\"ImageObject\",\"inLanguage\":\"es\",\"@id\":\"https:\\\/\\\/canal7slp.tv\\\/2022\\\/#\\\/schema\\\/logo\\\/image\\\/\",\"url\":\"https:\\\/\\\/canal7slp.tv\\\/2022\\\/wp-content\\\/uploads\\\/2021\\\/01\\\/logo-noticieros@2x.png\",\"contentUrl\":\"https:\\\/\\\/canal7slp.tv\\\/2022\\\/wp-content\\\/uploads\\\/2021\\\/01\\\/logo-noticieros@2x.png\",\"width\":1017,\"height\":268,\"caption\":\"Noticieros Canal 7\"},\"image\":{\"@id\":\"https:\\\/\\\/canal7slp.tv\\\/2022\\\/#\\\/schema\\\/logo\\\/image\\\/\"},\"sameAs\":[\"https:\\\/\\\/www.facebook.com\\\/noticieroscanalsiete\",\"https:\\\/\\\/x.com\\\/NOTICIEROS7\",\"https:\\\/\\\/www.instagram.com\\\/canal7_slp\",\"https:\\\/\\\/www.youtube.com\\\/channel\\\/UCliiYs-gP3JfJeqdPrNdd5A\"]},{\"@type\":\"Person\",\"@id\":\"https:\\\/\\\/canal7slp.tv\\\/2022\\\/#\\\/schema\\\/person\\\/429704152a21f5f856ce29aa69a238da\",\"name\":\"Edici\u00f3n Web\",\"image\":{\"@type\":\"ImageObject\",\"inLanguage\":\"es\",\"@id\":\"https:\\\/\\\/secure.gravatar.com\\\/avatar\\\/eee448fc3f7164808013b816ba91ac7e43bbe82a70bebac296f8bc6f0addaa1a?s=96&d=mm&r=g\",\"url\":\"https:\\\/\\\/secure.gravatar.com\\\/avatar\\\/eee448fc3f7164808013b816ba91ac7e43bbe82a70bebac296f8bc6f0addaa1a?s=96&d=mm&r=g\",\"contentUrl\":\"https:\\\/\\\/secure.gravatar.com\\\/avatar\\\/eee448fc3f7164808013b816ba91ac7e43bbe82a70bebac296f8bc6f0addaa1a?s=96&d=mm&r=g\",\"caption\":\"Edici\u00f3n Web\"},\"url\":\"https:\\\/\\\/canal7slp.tv\\\/2022\\\/author\\\/edicionweb\\\/\"}]}<\/script>\n<!-- \/ Yoast SEO plugin. -->","yoast_head_json":{"title":"En Sonora roban beb\u00e9 de 44 d\u00edas de nacida - Canal 7 SLP - 2022","robots":{"index":"index","follow":"follow","max-snippet":"max-snippet:-1","max-image-preview":"max-image-preview:large","max-video-preview":"max-video-preview:-1"},"canonical":"https:\/\/canal7slp.tv\/2022\/en-sonora-roban-bebe-de-44-dias-de-nacida\/","og_locale":"es_ES","og_type":"article","og_title":"En Sonora roban beb\u00e9 de 44 d\u00edas de nacida - Canal 7 SLP - 2022","og_description":"Ya se emiti\u00f3 la Alerta Amber Hermosillo.- La Fiscal\u00eda General de Justicia (FGJ) de Sonora emiti\u00f3 una Alerta Amber a fin de localizar a una beb\u00e9 de 44 d\u00edas de nacida, misma que fue robada de su domicilio ubicado en la colonia La Mesa de Nogales. Se trata de Alison Guadalupe, nacida el 24 de marzo del 2022, quien fue sustra\u00edda de su hogar por dos mujeres este s\u00e1bado 7 de mayo. La beb\u00e9, de aproximadamente cuatro kilogramos y 48 cent\u00edmetros de estatura, tiene un lunar color rojo en el p\u00e1rpado izquierdo, ojos color gris oscuros, cejas regulares, cara ovalada, [&hellip;]","og_url":"https:\/\/canal7slp.tv\/2022\/en-sonora-roban-bebe-de-44-dias-de-nacida\/","og_site_name":"Canal 7 SLP - 2022","article_publisher":"https:\/\/www.facebook.com\/noticieroscanalsiete","article_published_time":"2022-05-08T21:38:53+00:00","og_image":[{"width":968,"height":656,"url":"https:\/\/canal7slp.tv\/2022\/wp-content\/uploads\/2022\/05\/04-7.jpg","type":"image\/jpeg"}],"author":"Edici\u00f3n Web","twitter_card":"summary_large_image","twitter_creator":"@NOTICIEROS7","twitter_site":"@NOTICIEROS7","twitter_misc":{"Escrito por":"Edici\u00f3n Web","Tiempo de lectura":"1 minuto"},"schema":{"@context":"https:\/\/schema.org","@graph":[{"@type":"Article","@id":"https:\/\/canal7slp.tv\/2022\/en-sonora-roban-bebe-de-44-dias-de-nacida\/#article","isPartOf":{"@id":"https:\/\/canal7slp.tv\/2022\/en-sonora-roban-bebe-de-44-dias-de-nacida\/"},"author":{"name":"Edici\u00f3n Web","@id":"https:\/\/canal7slp.tv\/2022\/#\/schema\/person\/429704152a21f5f856ce29aa69a238da"},"headline":"En Sonora roban beb\u00e9 de 44 d\u00edas de nacida","datePublished":"2022-05-08T21:38:53+00:00","mainEntityOfPage":{"@id":"https:\/\/canal7slp.tv\/2022\/en-sonora-roban-bebe-de-44-dias-de-nacida\/"},"wordCount":193,"publisher":{"@id":"https:\/\/canal7slp.tv\/2022\/#organization"},"image":{"@id":"https:\/\/canal7slp.tv\/2022\/en-sonora-roban-bebe-de-44-dias-de-nacida\/#primaryimage"},"thumbnailUrl":"https:\/\/canal7slp.tv\/2022\/wp-content\/uploads\/2022\/05\/04-7.jpg","articleSection":["NACIONALES"],"inLanguage":"es"},{"@type":"WebPage","@id":"https:\/\/canal7slp.tv\/2022\/en-sonora-roban-bebe-de-44-dias-de-nacida\/","url":"https:\/\/canal7slp.tv\/2022\/en-sonora-roban-bebe-de-44-dias-de-nacida\/","name":"En Sonora roban beb\u00e9 de 44 d\u00edas de nacida - Canal 7 SLP - 2022","isPartOf":{"@id":"https:\/\/canal7slp.tv\/2022\/#website"},"primaryImageOfPage":{"@id":"https:\/\/canal7slp.tv\/2022\/en-sonora-roban-bebe-de-44-dias-de-nacida\/#primaryimage"},"image":{"@id":"https:\/\/canal7slp.tv\/2022\/en-sonora-roban-bebe-de-44-dias-de-nacida\/#primaryimage"},"thumbnailUrl":"https:\/\/canal7slp.tv\/2022\/wp-content\/uploads\/2022\/05\/04-7.jpg","datePublished":"2022-05-08T21:38:53+00:00","breadcrumb":{"@id":"https:\/\/canal7slp.tv\/2022\/en-sonora-roban-bebe-de-44-dias-de-nacida\/#breadcrumb"},"inLanguage":"es","potentialAction":[{"@type":"ReadAction","target":["https:\/\/canal7slp.tv\/2022\/en-sonora-roban-bebe-de-44-dias-de-nacida\/"]}]},{"@type":"ImageObject","inLanguage":"es","@id":"https:\/\/canal7slp.tv\/2022\/en-sonora-roban-bebe-de-44-dias-de-nacida\/#primaryimage","url":"https:\/\/canal7slp.tv\/2022\/wp-content\/uploads\/2022\/05\/04-7.jpg","contentUrl":"https:\/\/canal7slp.tv\/2022\/wp-content\/uploads\/2022\/05\/04-7.jpg","width":968,"height":656},{"@type":"BreadcrumbList","@id":"https:\/\/canal7slp.tv\/2022\/en-sonora-roban-bebe-de-44-dias-de-nacida\/#breadcrumb","itemListElement":[{"@type":"ListItem","position":1,"name":"Portada","item":"https:\/\/canal7slp.tv\/2022\/"},{"@type":"ListItem","position":2,"name":"En Sonora roban beb\u00e9 de 44 d\u00edas de nacida"}]},{"@type":"WebSite","@id":"https:\/\/canal7slp.tv\/2022\/#website","url":"https:\/\/canal7slp.tv\/2022\/","name":"N7 - Noticieros Canal 7","description":"Somos Televisi\u00f3n","publisher":{"@id":"https:\/\/canal7slp.tv\/2022\/#organization"},"potentialAction":[{"@type":"SearchAction","target":{"@type":"EntryPoint","urlTemplate":"https:\/\/canal7slp.tv\/2022\/?s={search_term_string}"},"query-input":{"@type":"PropertyValueSpecification","valueRequired":true,"valueName":"search_term_string"}}],"inLanguage":"es"},{"@type":"Organization","@id":"https:\/\/canal7slp.tv\/2022\/#organization","name":"Noticieros Canal 7","url":"https:\/\/canal7slp.tv\/2022\/","logo":{"@type":"ImageObject","inLanguage":"es","@id":"https:\/\/canal7slp.tv\/2022\/#\/schema\/logo\/image\/","url":"https:\/\/canal7slp.tv\/2022\/wp-content\/uploads\/2021\/01\/logo-noticieros@2x.png","contentUrl":"https:\/\/canal7slp.tv\/2022\/wp-content\/uploads\/2021\/01\/logo-noticieros@2x.png","width":1017,"height":268,"caption":"Noticieros Canal 7"},"image":{"@id":"https:\/\/canal7slp.tv\/2022\/#\/schema\/logo\/image\/"},"sameAs":["https:\/\/www.facebook.com\/noticieroscanalsiete","https:\/\/x.com\/NOTICIEROS7","https:\/\/www.instagram.com\/canal7_slp","https:\/\/www.youtube.com\/channel\/UCliiYs-gP3JfJeqdPrNdd5A"]},{"@type":"Person","@id":"https:\/\/canal7slp.tv\/2022\/#\/schema\/person\/429704152a21f5f856ce29aa69a238da","name":"Edici\u00f3n Web","image":{"@type":"ImageObject","inLanguage":"es","@id":"https:\/\/secure.gravatar.com\/avatar\/eee448fc3f7164808013b816ba91ac7e43bbe82a70bebac296f8bc6f0addaa1a?s=96&d=mm&r=g","url":"https:\/\/secure.gravatar.com\/avatar\/eee448fc3f7164808013b816ba91ac7e43bbe82a70bebac296f8bc6f0addaa1a?s=96&d=mm&r=g","contentUrl":"https:\/\/secure.gravatar.com\/avatar\/eee448fc3f7164808013b816ba91ac7e43bbe82a70bebac296f8bc6f0addaa1a?s=96&d=mm&r=g","caption":"Edici\u00f3n Web"},"url":"https:\/\/canal7slp.tv\/2022\/author\/edicionweb\/"}]}},"amp_enabled":true,"_links":{"self":[{"href":"https:\/\/canal7slp.tv\/2022\/wp-json\/wp\/v2\/posts\/59573","targetHints":{"allow":["GET"]}}],"collection":[{"href":"https:\/\/canal7slp.tv\/2022\/wp-json\/wp\/v2\/posts"}],"about":[{"href":"https:\/\/canal7slp.tv\/2022\/wp-json\/wp\/v2\/types\/post"}],"author":[{"embeddable":true,"href":"https:\/\/canal7slp.tv\/2022\/wp-json\/wp\/v2\/users\/2"}],"replies":[{"embeddable":true,"href":"https:\/\/canal7slp.tv\/2022\/wp-json\/wp\/v2\/comments?post=59573"}],"version-history":[{"count":2,"href":"https:\/\/canal7slp.tv\/2022\/wp-json\/wp\/v2\/posts\/59573\/revisions"}],"predecessor-version":[{"id":59587,"href":"https:\/\/canal7slp.tv\/2022\/wp-json\/wp\/v2\/posts\/59573\/revisions\/59587"}],"wp:featuredmedia":[{"embeddable":true,"href":"https:\/\/canal7slp.tv\/2022\/wp-json\/wp\/v2\/media\/59582"}],"wp:attachment":[{"href":"https:\/\/canal7slp.tv\/2022\/wp-json\/wp\/v2\/media?parent=59573"}],"wp:term":[{"taxonomy":"category","embeddable":true,"href":"https:\/\/canal7slp.tv\/2022\/wp-json\/wp\/v2\/categories?post=59573"},{"taxonomy":"post_tag","embeddable":true,"href":"https:\/\/canal7slp.tv\/2022\/wp-json\/wp\/v2\/tags?post=59573"}],"curies":[{"name":"wp","href":"https:\/\/api.w.org\/{rel}","templated":true}]}}