{"id":59571,"date":"2022-05-08T15:39:02","date_gmt":"2022-05-08T21:39:02","guid":{"rendered":"https:\/\/canal7slp.tv\/2022\/?p=59571"},"modified":"2022-05-08T15:39:02","modified_gmt":"2022-05-08T21:39:02","slug":"inai-inicia-investigacion-de-oficio-por-datos-de-loret-de-mola-filtrados-por-lopez-obrador","status":"publish","type":"post","link":"https:\/\/canal7slp.tv\/2022\/inai-inicia-investigacion-de-oficio-por-datos-de-loret-de-mola-filtrados-por-lopez-obrador\/","title":{"rendered":"INAI inicia investigaci\u00f3n de oficio por datos de Loret de Mola filtrados por L\u00f3pez Obrador"},"content":{"rendered":"<p style=\"text-align: justify;\">M\u00e9xico.- El Instituto Nacional de Transparencia, Acceso a la Informaci\u00f3n y Protecci\u00f3n de Datos Personales (INAI) inici\u00f3 una investigaci\u00f3n de oficio luego de que el Presidente Andr\u00e9s Manuel L\u00f3pez Obrador divulgara de manera p\u00fablica datos personales del periodista Carlos Loret de Mola.<\/p>\n<p style=\"text-align: justify;\">Cabe se\u00f1alar que el INAI envi\u00f3 a la Unidad de Transparencia de la Oficina de la Presidencia de la Rep\u00fablica un documento donde se informa que el pasado 21 de abril se inici\u00f3 de oficio el expediente de investigaci\u00f3n previa del sector p\u00fablico referido.<\/p>\n<p style=\"text-align: justify;\">Dicho oficio tiene el n\u00famero de expediente INAI.3S.08.01-028\/2022.<\/p>\n<p style=\"text-align: justify;\">Cabe se\u00f1alar que el mandatario federal difundi\u00f3 e hizo p\u00fablica el pasado 7 de abril la reproducci\u00f3n de un comprobante fiscal CDFI expedido a nombre de una persona f\u00edsica, Carlos Loret de Mola \u00c1lvarez<\/p>\n<p style=\"text-align: justify;\">En el documento hay datos personales del periodista como son el Registro Federal de Contribuyentes, nombre del receptor, descripci\u00f3n de la operaci\u00f3n consignada en el comprobante fiscal, importe total de la operaci\u00f3n consignada en el comprobante fiscal, sello digital del CFDI y sello digital del SAT, que lo hacen identificable, siendo un elemento probatorio que permite a la Direcci\u00f3n General tener certeza de que tuvo lugar la divulgaci\u00f3n de datos personales que nos ocupa.<\/p>\n","protected":false},"excerpt":{"rendered":"<p>M\u00e9xico.- El Instituto Nacional de Transparencia, Acceso a la Informaci\u00f3n y Protecci\u00f3n de Datos Personales (INAI) inici\u00f3 una investigaci\u00f3n de oficio luego de que el Presidente Andr\u00e9s Manuel L\u00f3pez Obrador divulgara de manera p\u00fablica datos personales del periodista Carlos Loret de Mola. Cabe se\u00f1alar que el INAI envi\u00f3 a la Unidad de Transparencia de la Oficina de la Presidencia de la Rep\u00fablica un documento donde se informa que el pasado 21 de abril se inici\u00f3 de oficio el expediente de investigaci\u00f3n previa del sector p\u00fablico referido. Dicho oficio tiene el n\u00famero de expediente INAI.3S.08.01-028\/2022. Cabe se\u00f1alar que el mandatario federal [&hellip;]<\/p>\n","protected":false},"author":2,"featured_media":59581,"comment_status":"closed","ping_status":"closed","sticky":false,"template":"","format":"standard","meta":{"footnotes":""},"categories":[46],"tags":[],"class_list":["post-59571","post","type-post","status-publish","format-standard","has-post-thumbnail","hentry","category-nacional","post--single"],"yoast_head":"<!-- This site is optimized with the Yoast SEO plugin v27.5 - https:\/\/yoast.com\/product\/yoast-seo-wordpress\/ -->\n<title>INAI inicia investigaci\u00f3n de oficio por datos de Loret de Mola filtrados por L\u00f3pez Obrador - Canal 7 SLP - 2022<\/title>\n<meta name=\"robots\" content=\"index, follow, max-snippet:-1, max-image-preview:large, max-video-preview:-1\" \/>\n<link rel=\"canonical\" href=\"https:\/\/canal7slp.tv\/2022\/inai-inicia-investigacion-de-oficio-por-datos-de-loret-de-mola-filtrados-por-lopez-obrador\/\" \/>\n<meta property=\"og:locale\" content=\"es_ES\" \/>\n<meta property=\"og:type\" content=\"article\" \/>\n<meta property=\"og:title\" content=\"INAI inicia investigaci\u00f3n de oficio por datos de Loret de Mola filtrados por L\u00f3pez Obrador - Canal 7 SLP - 2022\" \/>\n<meta property=\"og:description\" content=\"M\u00e9xico.- El Instituto Nacional de Transparencia, Acceso a la Informaci\u00f3n y Protecci\u00f3n de Datos Personales (INAI) inici\u00f3 una investigaci\u00f3n de oficio luego de que el Presidente Andr\u00e9s Manuel L\u00f3pez Obrador divulgara de manera p\u00fablica datos personales del periodista Carlos Loret de Mola. Cabe se\u00f1alar que el INAI envi\u00f3 a la Unidad de Transparencia de la Oficina de la Presidencia de la Rep\u00fablica un documento donde se informa que el pasado 21 de abril se inici\u00f3 de oficio el expediente de investigaci\u00f3n previa del sector p\u00fablico referido. Dicho oficio tiene el n\u00famero de expediente INAI.3S.08.01-028\/2022. Cabe se\u00f1alar que el mandatario federal [&hellip;]\" \/>\n<meta property=\"og:url\" content=\"https:\/\/canal7slp.tv\/2022\/inai-inicia-investigacion-de-oficio-por-datos-de-loret-de-mola-filtrados-por-lopez-obrador\/\" \/>\n<meta property=\"og:site_name\" content=\"Canal 7 SLP - 2022\" \/>\n<meta property=\"article:publisher\" content=\"https:\/\/www.facebook.com\/noticieroscanalsiete\" \/>\n<meta property=\"article:published_time\" content=\"2022-05-08T21:39:02+00:00\" \/>\n<meta property=\"og:image\" content=\"https:\/\/canal7slp.tv\/2022\/wp-content\/uploads\/2022\/05\/03-6.jpg\" \/>\n\t<meta property=\"og:image:width\" content=\"500\" \/>\n\t<meta property=\"og:image:height\" content=\"333\" \/>\n\t<meta property=\"og:image:type\" content=\"image\/jpeg\" \/>\n<meta name=\"author\" content=\"Edici\u00f3n Web\" \/>\n<meta name=\"twitter:card\" content=\"summary_large_image\" \/>\n<meta name=\"twitter:creator\" content=\"@NOTICIEROS7\" \/>\n<meta name=\"twitter:site\" content=\"@NOTICIEROS7\" \/>\n<meta name=\"twitter:label1\" content=\"Escrito por\" \/>\n\t<meta name=\"twitter:data1\" content=\"Edici\u00f3n Web\" \/>\n\t<meta name=\"twitter:label2\" content=\"Tiempo de lectura\" \/>\n\t<meta name=\"twitter:data2\" content=\"1 minuto\" \/>\n<script type=\"application\/ld+json\" class=\"yoast-schema-graph\">{\"@context\":\"https:\\\/\\\/schema.org\",\"@graph\":[{\"@type\":\"Article\",\"@id\":\"https:\\\/\\\/canal7slp.tv\\\/2022\\\/inai-inicia-investigacion-de-oficio-por-datos-de-loret-de-mola-filtrados-por-lopez-obrador\\\/#article\",\"isPartOf\":{\"@id\":\"https:\\\/\\\/canal7slp.tv\\\/2022\\\/inai-inicia-investigacion-de-oficio-por-datos-de-loret-de-mola-filtrados-por-lopez-obrador\\\/\"},\"author\":{\"name\":\"Edici\u00f3n Web\",\"@id\":\"https:\\\/\\\/canal7slp.tv\\\/2022\\\/#\\\/schema\\\/person\\\/429704152a21f5f856ce29aa69a238da\"},\"headline\":\"INAI inicia investigaci\u00f3n de oficio por datos de Loret de Mola filtrados por L\u00f3pez Obrador\",\"datePublished\":\"2022-05-08T21:39:02+00:00\",\"mainEntityOfPage\":{\"@id\":\"https:\\\/\\\/canal7slp.tv\\\/2022\\\/inai-inicia-investigacion-de-oficio-por-datos-de-loret-de-mola-filtrados-por-lopez-obrador\\\/\"},\"wordCount\":241,\"publisher\":{\"@id\":\"https:\\\/\\\/canal7slp.tv\\\/2022\\\/#organization\"},\"image\":{\"@id\":\"https:\\\/\\\/canal7slp.tv\\\/2022\\\/inai-inicia-investigacion-de-oficio-por-datos-de-loret-de-mola-filtrados-por-lopez-obrador\\\/#primaryimage\"},\"thumbnailUrl\":\"https:\\\/\\\/canal7slp.tv\\\/2022\\\/wp-content\\\/uploads\\\/2022\\\/05\\\/03-6.jpg\",\"articleSection\":[\"NACIONALES\"],\"inLanguage\":\"es\"},{\"@type\":\"WebPage\",\"@id\":\"https:\\\/\\\/canal7slp.tv\\\/2022\\\/inai-inicia-investigacion-de-oficio-por-datos-de-loret-de-mola-filtrados-por-lopez-obrador\\\/\",\"url\":\"https:\\\/\\\/canal7slp.tv\\\/2022\\\/inai-inicia-investigacion-de-oficio-por-datos-de-loret-de-mola-filtrados-por-lopez-obrador\\\/\",\"name\":\"INAI inicia investigaci\u00f3n de oficio por datos de Loret de Mola filtrados por L\u00f3pez Obrador - Canal 7 SLP - 2022\",\"isPartOf\":{\"@id\":\"https:\\\/\\\/canal7slp.tv\\\/2022\\\/#website\"},\"primaryImageOfPage\":{\"@id\":\"https:\\\/\\\/canal7slp.tv\\\/2022\\\/inai-inicia-investigacion-de-oficio-por-datos-de-loret-de-mola-filtrados-por-lopez-obrador\\\/#primaryimage\"},\"image\":{\"@id\":\"https:\\\/\\\/canal7slp.tv\\\/2022\\\/inai-inicia-investigacion-de-oficio-por-datos-de-loret-de-mola-filtrados-por-lopez-obrador\\\/#primaryimage\"},\"thumbnailUrl\":\"https:\\\/\\\/canal7slp.tv\\\/2022\\\/wp-content\\\/uploads\\\/2022\\\/05\\\/03-6.jpg\",\"datePublished\":\"2022-05-08T21:39:02+00:00\",\"breadcrumb\":{\"@id\":\"https:\\\/\\\/canal7slp.tv\\\/2022\\\/inai-inicia-investigacion-de-oficio-por-datos-de-loret-de-mola-filtrados-por-lopez-obrador\\\/#breadcrumb\"},\"inLanguage\":\"es\",\"potentialAction\":[{\"@type\":\"ReadAction\",\"target\":[\"https:\\\/\\\/canal7slp.tv\\\/2022\\\/inai-inicia-investigacion-de-oficio-por-datos-de-loret-de-mola-filtrados-por-lopez-obrador\\\/\"]}]},{\"@type\":\"ImageObject\",\"inLanguage\":\"es\",\"@id\":\"https:\\\/\\\/canal7slp.tv\\\/2022\\\/inai-inicia-investigacion-de-oficio-por-datos-de-loret-de-mola-filtrados-por-lopez-obrador\\\/#primaryimage\",\"url\":\"https:\\\/\\\/canal7slp.tv\\\/2022\\\/wp-content\\\/uploads\\\/2022\\\/05\\\/03-6.jpg\",\"contentUrl\":\"https:\\\/\\\/canal7slp.tv\\\/2022\\\/wp-content\\\/uploads\\\/2022\\\/05\\\/03-6.jpg\",\"width\":500,\"height\":333},{\"@type\":\"BreadcrumbList\",\"@id\":\"https:\\\/\\\/canal7slp.tv\\\/2022\\\/inai-inicia-investigacion-de-oficio-por-datos-de-loret-de-mola-filtrados-por-lopez-obrador\\\/#breadcrumb\",\"itemListElement\":[{\"@type\":\"ListItem\",\"position\":1,\"name\":\"Portada\",\"item\":\"https:\\\/\\\/canal7slp.tv\\\/2022\\\/\"},{\"@type\":\"ListItem\",\"position\":2,\"name\":\"INAI inicia investigaci\u00f3n de oficio por datos de Loret de Mola filtrados por L\u00f3pez Obrador\"}]},{\"@type\":\"WebSite\",\"@id\":\"https:\\\/\\\/canal7slp.tv\\\/2022\\\/#website\",\"url\":\"https:\\\/\\\/canal7slp.tv\\\/2022\\\/\",\"name\":\"N7 - Noticieros Canal 7\",\"description\":\"Somos Televisi\u00f3n\",\"publisher\":{\"@id\":\"https:\\\/\\\/canal7slp.tv\\\/2022\\\/#organization\"},\"potentialAction\":[{\"@type\":\"SearchAction\",\"target\":{\"@type\":\"EntryPoint\",\"urlTemplate\":\"https:\\\/\\\/canal7slp.tv\\\/2022\\\/?s={search_term_string}\"},\"query-input\":{\"@type\":\"PropertyValueSpecification\",\"valueRequired\":true,\"valueName\":\"search_term_string\"}}],\"inLanguage\":\"es\"},{\"@type\":\"Organization\",\"@id\":\"https:\\\/\\\/canal7slp.tv\\\/2022\\\/#organization\",\"name\":\"Noticieros Canal 7\",\"url\":\"https:\\\/\\\/canal7slp.tv\\\/2022\\\/\",\"logo\":{\"@type\":\"ImageObject\",\"inLanguage\":\"es\",\"@id\":\"https:\\\/\\\/canal7slp.tv\\\/2022\\\/#\\\/schema\\\/logo\\\/image\\\/\",\"url\":\"https:\\\/\\\/canal7slp.tv\\\/2022\\\/wp-content\\\/uploads\\\/2021\\\/01\\\/logo-noticieros@2x.png\",\"contentUrl\":\"https:\\\/\\\/canal7slp.tv\\\/2022\\\/wp-content\\\/uploads\\\/2021\\\/01\\\/logo-noticieros@2x.png\",\"width\":1017,\"height\":268,\"caption\":\"Noticieros Canal 7\"},\"image\":{\"@id\":\"https:\\\/\\\/canal7slp.tv\\\/2022\\\/#\\\/schema\\\/logo\\\/image\\\/\"},\"sameAs\":[\"https:\\\/\\\/www.facebook.com\\\/noticieroscanalsiete\",\"https:\\\/\\\/x.com\\\/NOTICIEROS7\",\"https:\\\/\\\/www.instagram.com\\\/canal7_slp\",\"https:\\\/\\\/www.youtube.com\\\/channel\\\/UCliiYs-gP3JfJeqdPrNdd5A\"]},{\"@type\":\"Person\",\"@id\":\"https:\\\/\\\/canal7slp.tv\\\/2022\\\/#\\\/schema\\\/person\\\/429704152a21f5f856ce29aa69a238da\",\"name\":\"Edici\u00f3n Web\",\"image\":{\"@type\":\"ImageObject\",\"inLanguage\":\"es\",\"@id\":\"https:\\\/\\\/secure.gravatar.com\\\/avatar\\\/eee448fc3f7164808013b816ba91ac7e43bbe82a70bebac296f8bc6f0addaa1a?s=96&d=mm&r=g\",\"url\":\"https:\\\/\\\/secure.gravatar.com\\\/avatar\\\/eee448fc3f7164808013b816ba91ac7e43bbe82a70bebac296f8bc6f0addaa1a?s=96&d=mm&r=g\",\"contentUrl\":\"https:\\\/\\\/secure.gravatar.com\\\/avatar\\\/eee448fc3f7164808013b816ba91ac7e43bbe82a70bebac296f8bc6f0addaa1a?s=96&d=mm&r=g\",\"caption\":\"Edici\u00f3n Web\"},\"url\":\"https:\\\/\\\/canal7slp.tv\\\/2022\\\/author\\\/edicionweb\\\/\"}]}<\/script>\n<!-- \/ Yoast SEO plugin. -->","yoast_head_json":{"title":"INAI inicia investigaci\u00f3n de oficio por datos de Loret de Mola filtrados por L\u00f3pez Obrador - Canal 7 SLP - 2022","robots":{"index":"index","follow":"follow","max-snippet":"max-snippet:-1","max-image-preview":"max-image-preview:large","max-video-preview":"max-video-preview:-1"},"canonical":"https:\/\/canal7slp.tv\/2022\/inai-inicia-investigacion-de-oficio-por-datos-de-loret-de-mola-filtrados-por-lopez-obrador\/","og_locale":"es_ES","og_type":"article","og_title":"INAI inicia investigaci\u00f3n de oficio por datos de Loret de Mola filtrados por L\u00f3pez Obrador - Canal 7 SLP - 2022","og_description":"M\u00e9xico.- El Instituto Nacional de Transparencia, Acceso a la Informaci\u00f3n y Protecci\u00f3n de Datos Personales (INAI) inici\u00f3 una investigaci\u00f3n de oficio luego de que el Presidente Andr\u00e9s Manuel L\u00f3pez Obrador divulgara de manera p\u00fablica datos personales del periodista Carlos Loret de Mola. Cabe se\u00f1alar que el INAI envi\u00f3 a la Unidad de Transparencia de la Oficina de la Presidencia de la Rep\u00fablica un documento donde se informa que el pasado 21 de abril se inici\u00f3 de oficio el expediente de investigaci\u00f3n previa del sector p\u00fablico referido. Dicho oficio tiene el n\u00famero de expediente INAI.3S.08.01-028\/2022. Cabe se\u00f1alar que el mandatario federal [&hellip;]","og_url":"https:\/\/canal7slp.tv\/2022\/inai-inicia-investigacion-de-oficio-por-datos-de-loret-de-mola-filtrados-por-lopez-obrador\/","og_site_name":"Canal 7 SLP - 2022","article_publisher":"https:\/\/www.facebook.com\/noticieroscanalsiete","article_published_time":"2022-05-08T21:39:02+00:00","og_image":[{"width":500,"height":333,"url":"https:\/\/canal7slp.tv\/2022\/wp-content\/uploads\/2022\/05\/03-6.jpg","type":"image\/jpeg"}],"author":"Edici\u00f3n Web","twitter_card":"summary_large_image","twitter_creator":"@NOTICIEROS7","twitter_site":"@NOTICIEROS7","twitter_misc":{"Escrito por":"Edici\u00f3n Web","Tiempo de lectura":"1 minuto"},"schema":{"@context":"https:\/\/schema.org","@graph":[{"@type":"Article","@id":"https:\/\/canal7slp.tv\/2022\/inai-inicia-investigacion-de-oficio-por-datos-de-loret-de-mola-filtrados-por-lopez-obrador\/#article","isPartOf":{"@id":"https:\/\/canal7slp.tv\/2022\/inai-inicia-investigacion-de-oficio-por-datos-de-loret-de-mola-filtrados-por-lopez-obrador\/"},"author":{"name":"Edici\u00f3n Web","@id":"https:\/\/canal7slp.tv\/2022\/#\/schema\/person\/429704152a21f5f856ce29aa69a238da"},"headline":"INAI inicia investigaci\u00f3n de oficio por datos de Loret de Mola filtrados por L\u00f3pez Obrador","datePublished":"2022-05-08T21:39:02+00:00","mainEntityOfPage":{"@id":"https:\/\/canal7slp.tv\/2022\/inai-inicia-investigacion-de-oficio-por-datos-de-loret-de-mola-filtrados-por-lopez-obrador\/"},"wordCount":241,"publisher":{"@id":"https:\/\/canal7slp.tv\/2022\/#organization"},"image":{"@id":"https:\/\/canal7slp.tv\/2022\/inai-inicia-investigacion-de-oficio-por-datos-de-loret-de-mola-filtrados-por-lopez-obrador\/#primaryimage"},"thumbnailUrl":"https:\/\/canal7slp.tv\/2022\/wp-content\/uploads\/2022\/05\/03-6.jpg","articleSection":["NACIONALES"],"inLanguage":"es"},{"@type":"WebPage","@id":"https:\/\/canal7slp.tv\/2022\/inai-inicia-investigacion-de-oficio-por-datos-de-loret-de-mola-filtrados-por-lopez-obrador\/","url":"https:\/\/canal7slp.tv\/2022\/inai-inicia-investigacion-de-oficio-por-datos-de-loret-de-mola-filtrados-por-lopez-obrador\/","name":"INAI inicia investigaci\u00f3n de oficio por datos de Loret de Mola filtrados por L\u00f3pez Obrador - Canal 7 SLP - 2022","isPartOf":{"@id":"https:\/\/canal7slp.tv\/2022\/#website"},"primaryImageOfPage":{"@id":"https:\/\/canal7slp.tv\/2022\/inai-inicia-investigacion-de-oficio-por-datos-de-loret-de-mola-filtrados-por-lopez-obrador\/#primaryimage"},"image":{"@id":"https:\/\/canal7slp.tv\/2022\/inai-inicia-investigacion-de-oficio-por-datos-de-loret-de-mola-filtrados-por-lopez-obrador\/#primaryimage"},"thumbnailUrl":"https:\/\/canal7slp.tv\/2022\/wp-content\/uploads\/2022\/05\/03-6.jpg","datePublished":"2022-05-08T21:39:02+00:00","breadcrumb":{"@id":"https:\/\/canal7slp.tv\/2022\/inai-inicia-investigacion-de-oficio-por-datos-de-loret-de-mola-filtrados-por-lopez-obrador\/#breadcrumb"},"inLanguage":"es","potentialAction":[{"@type":"ReadAction","target":["https:\/\/canal7slp.tv\/2022\/inai-inicia-investigacion-de-oficio-por-datos-de-loret-de-mola-filtrados-por-lopez-obrador\/"]}]},{"@type":"ImageObject","inLanguage":"es","@id":"https:\/\/canal7slp.tv\/2022\/inai-inicia-investigacion-de-oficio-por-datos-de-loret-de-mola-filtrados-por-lopez-obrador\/#primaryimage","url":"https:\/\/canal7slp.tv\/2022\/wp-content\/uploads\/2022\/05\/03-6.jpg","contentUrl":"https:\/\/canal7slp.tv\/2022\/wp-content\/uploads\/2022\/05\/03-6.jpg","width":500,"height":333},{"@type":"BreadcrumbList","@id":"https:\/\/canal7slp.tv\/2022\/inai-inicia-investigacion-de-oficio-por-datos-de-loret-de-mola-filtrados-por-lopez-obrador\/#breadcrumb","itemListElement":[{"@type":"ListItem","position":1,"name":"Portada","item":"https:\/\/canal7slp.tv\/2022\/"},{"@type":"ListItem","position":2,"name":"INAI inicia investigaci\u00f3n de oficio por datos de Loret de Mola filtrados por L\u00f3pez Obrador"}]},{"@type":"WebSite","@id":"https:\/\/canal7slp.tv\/2022\/#website","url":"https:\/\/canal7slp.tv\/2022\/","name":"N7 - Noticieros Canal 7","description":"Somos Televisi\u00f3n","publisher":{"@id":"https:\/\/canal7slp.tv\/2022\/#organization"},"potentialAction":[{"@type":"SearchAction","target":{"@type":"EntryPoint","urlTemplate":"https:\/\/canal7slp.tv\/2022\/?s={search_term_string}"},"query-input":{"@type":"PropertyValueSpecification","valueRequired":true,"valueName":"search_term_string"}}],"inLanguage":"es"},{"@type":"Organization","@id":"https:\/\/canal7slp.tv\/2022\/#organization","name":"Noticieros Canal 7","url":"https:\/\/canal7slp.tv\/2022\/","logo":{"@type":"ImageObject","inLanguage":"es","@id":"https:\/\/canal7slp.tv\/2022\/#\/schema\/logo\/image\/","url":"https:\/\/canal7slp.tv\/2022\/wp-content\/uploads\/2021\/01\/logo-noticieros@2x.png","contentUrl":"https:\/\/canal7slp.tv\/2022\/wp-content\/uploads\/2021\/01\/logo-noticieros@2x.png","width":1017,"height":268,"caption":"Noticieros Canal 7"},"image":{"@id":"https:\/\/canal7slp.tv\/2022\/#\/schema\/logo\/image\/"},"sameAs":["https:\/\/www.facebook.com\/noticieroscanalsiete","https:\/\/x.com\/NOTICIEROS7","https:\/\/www.instagram.com\/canal7_slp","https:\/\/www.youtube.com\/channel\/UCliiYs-gP3JfJeqdPrNdd5A"]},{"@type":"Person","@id":"https:\/\/canal7slp.tv\/2022\/#\/schema\/person\/429704152a21f5f856ce29aa69a238da","name":"Edici\u00f3n Web","image":{"@type":"ImageObject","inLanguage":"es","@id":"https:\/\/secure.gravatar.com\/avatar\/eee448fc3f7164808013b816ba91ac7e43bbe82a70bebac296f8bc6f0addaa1a?s=96&d=mm&r=g","url":"https:\/\/secure.gravatar.com\/avatar\/eee448fc3f7164808013b816ba91ac7e43bbe82a70bebac296f8bc6f0addaa1a?s=96&d=mm&r=g","contentUrl":"https:\/\/secure.gravatar.com\/avatar\/eee448fc3f7164808013b816ba91ac7e43bbe82a70bebac296f8bc6f0addaa1a?s=96&d=mm&r=g","caption":"Edici\u00f3n Web"},"url":"https:\/\/canal7slp.tv\/2022\/author\/edicionweb\/"}]}},"amp_enabled":true,"_links":{"self":[{"href":"https:\/\/canal7slp.tv\/2022\/wp-json\/wp\/v2\/posts\/59571","targetHints":{"allow":["GET"]}}],"collection":[{"href":"https:\/\/canal7slp.tv\/2022\/wp-json\/wp\/v2\/posts"}],"about":[{"href":"https:\/\/canal7slp.tv\/2022\/wp-json\/wp\/v2\/types\/post"}],"author":[{"embeddable":true,"href":"https:\/\/canal7slp.tv\/2022\/wp-json\/wp\/v2\/users\/2"}],"replies":[{"embeddable":true,"href":"https:\/\/canal7slp.tv\/2022\/wp-json\/wp\/v2\/comments?post=59571"}],"version-history":[{"count":2,"href":"https:\/\/canal7slp.tv\/2022\/wp-json\/wp\/v2\/posts\/59571\/revisions"}],"predecessor-version":[{"id":59586,"href":"https:\/\/canal7slp.tv\/2022\/wp-json\/wp\/v2\/posts\/59571\/revisions\/59586"}],"wp:featuredmedia":[{"embeddable":true,"href":"https:\/\/canal7slp.tv\/2022\/wp-json\/wp\/v2\/media\/59581"}],"wp:attachment":[{"href":"https:\/\/canal7slp.tv\/2022\/wp-json\/wp\/v2\/media?parent=59571"}],"wp:term":[{"taxonomy":"category","embeddable":true,"href":"https:\/\/canal7slp.tv\/2022\/wp-json\/wp\/v2\/categories?post=59571"},{"taxonomy":"post_tag","embeddable":true,"href":"https:\/\/canal7slp.tv\/2022\/wp-json\/wp\/v2\/tags?post=59571"}],"curies":[{"name":"wp","href":"https:\/\/api.w.org\/{rel}","templated":true}]}}