{"id":59570,"date":"2022-05-08T15:39:00","date_gmt":"2022-05-08T21:39:00","guid":{"rendered":"https:\/\/canal7slp.tv\/2022\/?p=59570"},"modified":"2022-05-08T15:39:00","modified_gmt":"2022-05-08T21:39:00","slug":"bajo-estudio-vincular-tren-maya-con-belice","status":"publish","type":"post","link":"https:\/\/canal7slp.tv\/2022\/bajo-estudio-vincular-tren-maya-con-belice\/","title":{"rendered":"Bajo estudio vincular Tren Maya con Belice"},"content":{"rendered":"<p style=\"text-align: justify;\">M\u00e9xico.- Tras la reuni\u00f3n entre los mandatarios de M\u00e9xico y Belice, se acord\u00f3 analizar la factibilidad de vincular el Tren Maya con el pa\u00eds sudamericano.<\/p>\n<p style=\"text-align: justify;\">Para esto, se acordaron que las autoridades competentes realizaran reuniones t\u00e9cnicas para explorar dicho proyecto.<\/p>\n<p style=\"text-align: justify;\">Asimismo, el presidente de M\u00e9xico y el primer ministro de Belice, Andr\u00e9s Manuel L\u00f3pez Obrador y John Brice\u00f1o respectivamente, intercambiaron intercambiaron puntos de vista sobre el panorama mundial y regional, as\u00ed como los nuevos desaf\u00edos que enfrentan como la pandemia, la tenue recuperaci\u00f3n econ\u00f3mica, la crisis clim\u00e1tica, el aumento de la migraci\u00f3n y las tensiones geopol\u00edticas.<\/p>\n","protected":false},"excerpt":{"rendered":"<p>M\u00e9xico.- Tras la reuni\u00f3n entre los mandatarios de M\u00e9xico y Belice, se acord\u00f3 analizar la factibilidad de vincular el Tren Maya con el pa\u00eds sudamericano. Para esto, se acordaron que las autoridades competentes realizaran reuniones t\u00e9cnicas para explorar dicho proyecto. Asimismo, el presidente de M\u00e9xico y el primer ministro de Belice, Andr\u00e9s Manuel L\u00f3pez Obrador y John Brice\u00f1o respectivamente, intercambiaron intercambiaron puntos de vista sobre el panorama mundial y regional, as\u00ed como los nuevos desaf\u00edos que enfrentan como la pandemia, la tenue recuperaci\u00f3n econ\u00f3mica, la crisis clim\u00e1tica, el aumento de la migraci\u00f3n y las tensiones geopol\u00edticas.<\/p>\n","protected":false},"author":2,"featured_media":59579,"comment_status":"closed","ping_status":"closed","sticky":false,"template":"","format":"standard","meta":{"footnotes":""},"categories":[46],"tags":[],"class_list":["post-59570","post","type-post","status-publish","format-standard","has-post-thumbnail","hentry","category-nacional","post--single"],"yoast_head":"<!-- This site is optimized with the Yoast SEO plugin v27.4 - https:\/\/yoast.com\/product\/yoast-seo-wordpress\/ -->\n<title>Bajo estudio vincular Tren Maya con Belice - Canal 7 SLP - 2022<\/title>\n<meta name=\"robots\" content=\"index, follow, max-snippet:-1, max-image-preview:large, max-video-preview:-1\" \/>\n<link rel=\"canonical\" href=\"https:\/\/canal7slp.tv\/2022\/bajo-estudio-vincular-tren-maya-con-belice\/\" \/>\n<meta property=\"og:locale\" content=\"es_ES\" \/>\n<meta property=\"og:type\" content=\"article\" \/>\n<meta property=\"og:title\" content=\"Bajo estudio vincular Tren Maya con Belice - Canal 7 SLP - 2022\" \/>\n<meta property=\"og:description\" content=\"M\u00e9xico.- Tras la reuni\u00f3n entre los mandatarios de M\u00e9xico y Belice, se acord\u00f3 analizar la factibilidad de vincular el Tren Maya con el pa\u00eds sudamericano. Para esto, se acordaron que las autoridades competentes realizaran reuniones t\u00e9cnicas para explorar dicho proyecto. Asimismo, el presidente de M\u00e9xico y el primer ministro de Belice, Andr\u00e9s Manuel L\u00f3pez Obrador y John Brice\u00f1o respectivamente, intercambiaron intercambiaron puntos de vista sobre el panorama mundial y regional, as\u00ed como los nuevos desaf\u00edos que enfrentan como la pandemia, la tenue recuperaci\u00f3n econ\u00f3mica, la crisis clim\u00e1tica, el aumento de la migraci\u00f3n y las tensiones geopol\u00edticas.\" \/>\n<meta property=\"og:url\" content=\"https:\/\/canal7slp.tv\/2022\/bajo-estudio-vincular-tren-maya-con-belice\/\" \/>\n<meta property=\"og:site_name\" content=\"Canal 7 SLP - 2022\" \/>\n<meta property=\"article:publisher\" content=\"https:\/\/www.facebook.com\/noticieroscanalsiete\" \/>\n<meta property=\"article:published_time\" content=\"2022-05-08T21:39:00+00:00\" \/>\n<meta property=\"og:image\" content=\"https:\/\/canal7slp.tv\/2022\/wp-content\/uploads\/2022\/05\/02-5.jpg\" \/>\n\t<meta property=\"og:image:width\" content=\"900\" \/>\n\t<meta property=\"og:image:height\" content=\"600\" \/>\n\t<meta property=\"og:image:type\" content=\"image\/jpeg\" \/>\n<meta name=\"author\" content=\"Edici\u00f3n Web\" \/>\n<meta name=\"twitter:card\" content=\"summary_large_image\" \/>\n<meta name=\"twitter:creator\" content=\"@NOTICIEROS7\" \/>\n<meta name=\"twitter:site\" content=\"@NOTICIEROS7\" \/>\n<meta name=\"twitter:label1\" content=\"Escrito por\" \/>\n\t<meta name=\"twitter:data1\" content=\"Edici\u00f3n Web\" \/>\n\t<meta name=\"twitter:label2\" content=\"Tiempo de lectura\" \/>\n\t<meta name=\"twitter:data2\" content=\"1 minuto\" \/>\n<script type=\"application\/ld+json\" class=\"yoast-schema-graph\">{\"@context\":\"https:\\\/\\\/schema.org\",\"@graph\":[{\"@type\":\"Article\",\"@id\":\"https:\\\/\\\/canal7slp.tv\\\/2022\\\/bajo-estudio-vincular-tren-maya-con-belice\\\/#article\",\"isPartOf\":{\"@id\":\"https:\\\/\\\/canal7slp.tv\\\/2022\\\/bajo-estudio-vincular-tren-maya-con-belice\\\/\"},\"author\":{\"name\":\"Edici\u00f3n Web\",\"@id\":\"https:\\\/\\\/canal7slp.tv\\\/2022\\\/#\\\/schema\\\/person\\\/429704152a21f5f856ce29aa69a238da\"},\"headline\":\"Bajo estudio vincular Tren Maya con Belice\",\"datePublished\":\"2022-05-08T21:39:00+00:00\",\"mainEntityOfPage\":{\"@id\":\"https:\\\/\\\/canal7slp.tv\\\/2022\\\/bajo-estudio-vincular-tren-maya-con-belice\\\/\"},\"wordCount\":119,\"publisher\":{\"@id\":\"https:\\\/\\\/canal7slp.tv\\\/2022\\\/#organization\"},\"image\":{\"@id\":\"https:\\\/\\\/canal7slp.tv\\\/2022\\\/bajo-estudio-vincular-tren-maya-con-belice\\\/#primaryimage\"},\"thumbnailUrl\":\"https:\\\/\\\/canal7slp.tv\\\/2022\\\/wp-content\\\/uploads\\\/2022\\\/05\\\/02-5.jpg\",\"articleSection\":[\"NACIONALES\"],\"inLanguage\":\"es\"},{\"@type\":\"WebPage\",\"@id\":\"https:\\\/\\\/canal7slp.tv\\\/2022\\\/bajo-estudio-vincular-tren-maya-con-belice\\\/\",\"url\":\"https:\\\/\\\/canal7slp.tv\\\/2022\\\/bajo-estudio-vincular-tren-maya-con-belice\\\/\",\"name\":\"Bajo estudio vincular Tren Maya con Belice - Canal 7 SLP - 2022\",\"isPartOf\":{\"@id\":\"https:\\\/\\\/canal7slp.tv\\\/2022\\\/#website\"},\"primaryImageOfPage\":{\"@id\":\"https:\\\/\\\/canal7slp.tv\\\/2022\\\/bajo-estudio-vincular-tren-maya-con-belice\\\/#primaryimage\"},\"image\":{\"@id\":\"https:\\\/\\\/canal7slp.tv\\\/2022\\\/bajo-estudio-vincular-tren-maya-con-belice\\\/#primaryimage\"},\"thumbnailUrl\":\"https:\\\/\\\/canal7slp.tv\\\/2022\\\/wp-content\\\/uploads\\\/2022\\\/05\\\/02-5.jpg\",\"datePublished\":\"2022-05-08T21:39:00+00:00\",\"breadcrumb\":{\"@id\":\"https:\\\/\\\/canal7slp.tv\\\/2022\\\/bajo-estudio-vincular-tren-maya-con-belice\\\/#breadcrumb\"},\"inLanguage\":\"es\",\"potentialAction\":[{\"@type\":\"ReadAction\",\"target\":[\"https:\\\/\\\/canal7slp.tv\\\/2022\\\/bajo-estudio-vincular-tren-maya-con-belice\\\/\"]}]},{\"@type\":\"ImageObject\",\"inLanguage\":\"es\",\"@id\":\"https:\\\/\\\/canal7slp.tv\\\/2022\\\/bajo-estudio-vincular-tren-maya-con-belice\\\/#primaryimage\",\"url\":\"https:\\\/\\\/canal7slp.tv\\\/2022\\\/wp-content\\\/uploads\\\/2022\\\/05\\\/02-5.jpg\",\"contentUrl\":\"https:\\\/\\\/canal7slp.tv\\\/2022\\\/wp-content\\\/uploads\\\/2022\\\/05\\\/02-5.jpg\",\"width\":900,\"height\":600},{\"@type\":\"BreadcrumbList\",\"@id\":\"https:\\\/\\\/canal7slp.tv\\\/2022\\\/bajo-estudio-vincular-tren-maya-con-belice\\\/#breadcrumb\",\"itemListElement\":[{\"@type\":\"ListItem\",\"position\":1,\"name\":\"Portada\",\"item\":\"https:\\\/\\\/canal7slp.tv\\\/2022\\\/\"},{\"@type\":\"ListItem\",\"position\":2,\"name\":\"Bajo estudio vincular Tren Maya con Belice\"}]},{\"@type\":\"WebSite\",\"@id\":\"https:\\\/\\\/canal7slp.tv\\\/2022\\\/#website\",\"url\":\"https:\\\/\\\/canal7slp.tv\\\/2022\\\/\",\"name\":\"N7 - Noticieros Canal 7\",\"description\":\"Somos Televisi\u00f3n\",\"publisher\":{\"@id\":\"https:\\\/\\\/canal7slp.tv\\\/2022\\\/#organization\"},\"potentialAction\":[{\"@type\":\"SearchAction\",\"target\":{\"@type\":\"EntryPoint\",\"urlTemplate\":\"https:\\\/\\\/canal7slp.tv\\\/2022\\\/?s={search_term_string}\"},\"query-input\":{\"@type\":\"PropertyValueSpecification\",\"valueRequired\":true,\"valueName\":\"search_term_string\"}}],\"inLanguage\":\"es\"},{\"@type\":\"Organization\",\"@id\":\"https:\\\/\\\/canal7slp.tv\\\/2022\\\/#organization\",\"name\":\"Noticieros Canal 7\",\"url\":\"https:\\\/\\\/canal7slp.tv\\\/2022\\\/\",\"logo\":{\"@type\":\"ImageObject\",\"inLanguage\":\"es\",\"@id\":\"https:\\\/\\\/canal7slp.tv\\\/2022\\\/#\\\/schema\\\/logo\\\/image\\\/\",\"url\":\"https:\\\/\\\/canal7slp.tv\\\/2022\\\/wp-content\\\/uploads\\\/2021\\\/01\\\/logo-noticieros@2x.png\",\"contentUrl\":\"https:\\\/\\\/canal7slp.tv\\\/2022\\\/wp-content\\\/uploads\\\/2021\\\/01\\\/logo-noticieros@2x.png\",\"width\":1017,\"height\":268,\"caption\":\"Noticieros Canal 7\"},\"image\":{\"@id\":\"https:\\\/\\\/canal7slp.tv\\\/2022\\\/#\\\/schema\\\/logo\\\/image\\\/\"},\"sameAs\":[\"https:\\\/\\\/www.facebook.com\\\/noticieroscanalsiete\",\"https:\\\/\\\/x.com\\\/NOTICIEROS7\",\"https:\\\/\\\/www.instagram.com\\\/canal7_slp\",\"https:\\\/\\\/www.youtube.com\\\/channel\\\/UCliiYs-gP3JfJeqdPrNdd5A\"]},{\"@type\":\"Person\",\"@id\":\"https:\\\/\\\/canal7slp.tv\\\/2022\\\/#\\\/schema\\\/person\\\/429704152a21f5f856ce29aa69a238da\",\"name\":\"Edici\u00f3n Web\",\"image\":{\"@type\":\"ImageObject\",\"inLanguage\":\"es\",\"@id\":\"https:\\\/\\\/secure.gravatar.com\\\/avatar\\\/eee448fc3f7164808013b816ba91ac7e43bbe82a70bebac296f8bc6f0addaa1a?s=96&d=mm&r=g\",\"url\":\"https:\\\/\\\/secure.gravatar.com\\\/avatar\\\/eee448fc3f7164808013b816ba91ac7e43bbe82a70bebac296f8bc6f0addaa1a?s=96&d=mm&r=g\",\"contentUrl\":\"https:\\\/\\\/secure.gravatar.com\\\/avatar\\\/eee448fc3f7164808013b816ba91ac7e43bbe82a70bebac296f8bc6f0addaa1a?s=96&d=mm&r=g\",\"caption\":\"Edici\u00f3n Web\"},\"url\":\"https:\\\/\\\/canal7slp.tv\\\/2022\\\/author\\\/edicionweb\\\/\"}]}<\/script>\n<!-- \/ Yoast SEO plugin. -->","yoast_head_json":{"title":"Bajo estudio vincular Tren Maya con Belice - Canal 7 SLP - 2022","robots":{"index":"index","follow":"follow","max-snippet":"max-snippet:-1","max-image-preview":"max-image-preview:large","max-video-preview":"max-video-preview:-1"},"canonical":"https:\/\/canal7slp.tv\/2022\/bajo-estudio-vincular-tren-maya-con-belice\/","og_locale":"es_ES","og_type":"article","og_title":"Bajo estudio vincular Tren Maya con Belice - Canal 7 SLP - 2022","og_description":"M\u00e9xico.- Tras la reuni\u00f3n entre los mandatarios de M\u00e9xico y Belice, se acord\u00f3 analizar la factibilidad de vincular el Tren Maya con el pa\u00eds sudamericano. Para esto, se acordaron que las autoridades competentes realizaran reuniones t\u00e9cnicas para explorar dicho proyecto. Asimismo, el presidente de M\u00e9xico y el primer ministro de Belice, Andr\u00e9s Manuel L\u00f3pez Obrador y John Brice\u00f1o respectivamente, intercambiaron intercambiaron puntos de vista sobre el panorama mundial y regional, as\u00ed como los nuevos desaf\u00edos que enfrentan como la pandemia, la tenue recuperaci\u00f3n econ\u00f3mica, la crisis clim\u00e1tica, el aumento de la migraci\u00f3n y las tensiones geopol\u00edticas.","og_url":"https:\/\/canal7slp.tv\/2022\/bajo-estudio-vincular-tren-maya-con-belice\/","og_site_name":"Canal 7 SLP - 2022","article_publisher":"https:\/\/www.facebook.com\/noticieroscanalsiete","article_published_time":"2022-05-08T21:39:00+00:00","og_image":[{"width":900,"height":600,"url":"https:\/\/canal7slp.tv\/2022\/wp-content\/uploads\/2022\/05\/02-5.jpg","type":"image\/jpeg"}],"author":"Edici\u00f3n Web","twitter_card":"summary_large_image","twitter_creator":"@NOTICIEROS7","twitter_site":"@NOTICIEROS7","twitter_misc":{"Escrito por":"Edici\u00f3n Web","Tiempo de lectura":"1 minuto"},"schema":{"@context":"https:\/\/schema.org","@graph":[{"@type":"Article","@id":"https:\/\/canal7slp.tv\/2022\/bajo-estudio-vincular-tren-maya-con-belice\/#article","isPartOf":{"@id":"https:\/\/canal7slp.tv\/2022\/bajo-estudio-vincular-tren-maya-con-belice\/"},"author":{"name":"Edici\u00f3n Web","@id":"https:\/\/canal7slp.tv\/2022\/#\/schema\/person\/429704152a21f5f856ce29aa69a238da"},"headline":"Bajo estudio vincular Tren Maya con Belice","datePublished":"2022-05-08T21:39:00+00:00","mainEntityOfPage":{"@id":"https:\/\/canal7slp.tv\/2022\/bajo-estudio-vincular-tren-maya-con-belice\/"},"wordCount":119,"publisher":{"@id":"https:\/\/canal7slp.tv\/2022\/#organization"},"image":{"@id":"https:\/\/canal7slp.tv\/2022\/bajo-estudio-vincular-tren-maya-con-belice\/#primaryimage"},"thumbnailUrl":"https:\/\/canal7slp.tv\/2022\/wp-content\/uploads\/2022\/05\/02-5.jpg","articleSection":["NACIONALES"],"inLanguage":"es"},{"@type":"WebPage","@id":"https:\/\/canal7slp.tv\/2022\/bajo-estudio-vincular-tren-maya-con-belice\/","url":"https:\/\/canal7slp.tv\/2022\/bajo-estudio-vincular-tren-maya-con-belice\/","name":"Bajo estudio vincular Tren Maya con Belice - Canal 7 SLP - 2022","isPartOf":{"@id":"https:\/\/canal7slp.tv\/2022\/#website"},"primaryImageOfPage":{"@id":"https:\/\/canal7slp.tv\/2022\/bajo-estudio-vincular-tren-maya-con-belice\/#primaryimage"},"image":{"@id":"https:\/\/canal7slp.tv\/2022\/bajo-estudio-vincular-tren-maya-con-belice\/#primaryimage"},"thumbnailUrl":"https:\/\/canal7slp.tv\/2022\/wp-content\/uploads\/2022\/05\/02-5.jpg","datePublished":"2022-05-08T21:39:00+00:00","breadcrumb":{"@id":"https:\/\/canal7slp.tv\/2022\/bajo-estudio-vincular-tren-maya-con-belice\/#breadcrumb"},"inLanguage":"es","potentialAction":[{"@type":"ReadAction","target":["https:\/\/canal7slp.tv\/2022\/bajo-estudio-vincular-tren-maya-con-belice\/"]}]},{"@type":"ImageObject","inLanguage":"es","@id":"https:\/\/canal7slp.tv\/2022\/bajo-estudio-vincular-tren-maya-con-belice\/#primaryimage","url":"https:\/\/canal7slp.tv\/2022\/wp-content\/uploads\/2022\/05\/02-5.jpg","contentUrl":"https:\/\/canal7slp.tv\/2022\/wp-content\/uploads\/2022\/05\/02-5.jpg","width":900,"height":600},{"@type":"BreadcrumbList","@id":"https:\/\/canal7slp.tv\/2022\/bajo-estudio-vincular-tren-maya-con-belice\/#breadcrumb","itemListElement":[{"@type":"ListItem","position":1,"name":"Portada","item":"https:\/\/canal7slp.tv\/2022\/"},{"@type":"ListItem","position":2,"name":"Bajo estudio vincular Tren Maya con Belice"}]},{"@type":"WebSite","@id":"https:\/\/canal7slp.tv\/2022\/#website","url":"https:\/\/canal7slp.tv\/2022\/","name":"N7 - Noticieros Canal 7","description":"Somos Televisi\u00f3n","publisher":{"@id":"https:\/\/canal7slp.tv\/2022\/#organization"},"potentialAction":[{"@type":"SearchAction","target":{"@type":"EntryPoint","urlTemplate":"https:\/\/canal7slp.tv\/2022\/?s={search_term_string}"},"query-input":{"@type":"PropertyValueSpecification","valueRequired":true,"valueName":"search_term_string"}}],"inLanguage":"es"},{"@type":"Organization","@id":"https:\/\/canal7slp.tv\/2022\/#organization","name":"Noticieros Canal 7","url":"https:\/\/canal7slp.tv\/2022\/","logo":{"@type":"ImageObject","inLanguage":"es","@id":"https:\/\/canal7slp.tv\/2022\/#\/schema\/logo\/image\/","url":"https:\/\/canal7slp.tv\/2022\/wp-content\/uploads\/2021\/01\/logo-noticieros@2x.png","contentUrl":"https:\/\/canal7slp.tv\/2022\/wp-content\/uploads\/2021\/01\/logo-noticieros@2x.png","width":1017,"height":268,"caption":"Noticieros Canal 7"},"image":{"@id":"https:\/\/canal7slp.tv\/2022\/#\/schema\/logo\/image\/"},"sameAs":["https:\/\/www.facebook.com\/noticieroscanalsiete","https:\/\/x.com\/NOTICIEROS7","https:\/\/www.instagram.com\/canal7_slp","https:\/\/www.youtube.com\/channel\/UCliiYs-gP3JfJeqdPrNdd5A"]},{"@type":"Person","@id":"https:\/\/canal7slp.tv\/2022\/#\/schema\/person\/429704152a21f5f856ce29aa69a238da","name":"Edici\u00f3n Web","image":{"@type":"ImageObject","inLanguage":"es","@id":"https:\/\/secure.gravatar.com\/avatar\/eee448fc3f7164808013b816ba91ac7e43bbe82a70bebac296f8bc6f0addaa1a?s=96&d=mm&r=g","url":"https:\/\/secure.gravatar.com\/avatar\/eee448fc3f7164808013b816ba91ac7e43bbe82a70bebac296f8bc6f0addaa1a?s=96&d=mm&r=g","contentUrl":"https:\/\/secure.gravatar.com\/avatar\/eee448fc3f7164808013b816ba91ac7e43bbe82a70bebac296f8bc6f0addaa1a?s=96&d=mm&r=g","caption":"Edici\u00f3n Web"},"url":"https:\/\/canal7slp.tv\/2022\/author\/edicionweb\/"}]}},"amp_enabled":true,"_links":{"self":[{"href":"https:\/\/canal7slp.tv\/2022\/wp-json\/wp\/v2\/posts\/59570","targetHints":{"allow":["GET"]}}],"collection":[{"href":"https:\/\/canal7slp.tv\/2022\/wp-json\/wp\/v2\/posts"}],"about":[{"href":"https:\/\/canal7slp.tv\/2022\/wp-json\/wp\/v2\/types\/post"}],"author":[{"embeddable":true,"href":"https:\/\/canal7slp.tv\/2022\/wp-json\/wp\/v2\/users\/2"}],"replies":[{"embeddable":true,"href":"https:\/\/canal7slp.tv\/2022\/wp-json\/wp\/v2\/comments?post=59570"}],"version-history":[{"count":2,"href":"https:\/\/canal7slp.tv\/2022\/wp-json\/wp\/v2\/posts\/59570\/revisions"}],"predecessor-version":[{"id":59585,"href":"https:\/\/canal7slp.tv\/2022\/wp-json\/wp\/v2\/posts\/59570\/revisions\/59585"}],"wp:featuredmedia":[{"embeddable":true,"href":"https:\/\/canal7slp.tv\/2022\/wp-json\/wp\/v2\/media\/59579"}],"wp:attachment":[{"href":"https:\/\/canal7slp.tv\/2022\/wp-json\/wp\/v2\/media?parent=59570"}],"wp:term":[{"taxonomy":"category","embeddable":true,"href":"https:\/\/canal7slp.tv\/2022\/wp-json\/wp\/v2\/categories?post=59570"},{"taxonomy":"post_tag","embeddable":true,"href":"https:\/\/canal7slp.tv\/2022\/wp-json\/wp\/v2\/tags?post=59570"}],"curies":[{"name":"wp","href":"https:\/\/api.w.org\/{rel}","templated":true}]}}