{"id":59541,"date":"2022-05-07T21:29:23","date_gmt":"2022-05-08T03:29:23","guid":{"rendered":"https:\/\/canal7slp.tv\/2022\/?p=59541"},"modified":"2022-05-07T21:29:23","modified_gmt":"2022-05-08T03:29:23","slug":"siboney-lujan-prepara-concierto-en-la-capital-del-estado","status":"publish","type":"post","link":"https:\/\/canal7slp.tv\/2022\/siboney-lujan-prepara-concierto-en-la-capital-del-estado\/","title":{"rendered":"Siboney Luj\u00e1n prepara concierto en la capital del estado."},"content":{"rendered":"<p style=\"text-align: justify;\">Matehuala.- Con el apoyo de la Secretar\u00eda de Cultura en la zona altiplano, la cantante matehualense, Siboney Luj\u00e1n, se encuentra preparando un concierto en compa\u00f1\u00eda de la Camerata de San Luis, siendo el primer paso que tiene como objetivo, el impulsar artistas de la zona norte, hacia la capital del estado.<\/p>\n<p style=\"text-align: justify;\">\u201cEste proyecto tiene como nombre, homenaje a la m\u00fasica tradicional mexicana, es algo muy importante para nosotros porque este proyecto tiene tambi\u00e9n como objetivo, no olvidar las canciones que hemos tra\u00eddo con nosotros desde tiempos antes y la verdad estoy muy agradecida y muy orgullosa, estamos ech\u00e1ndole muchas ganas y les va a gustar mucho\u201d, dijo.<\/p>\n<p style=\"text-align: justify;\">El delegado de Cultura en la zona altiplano, Juan Carlos Gonz\u00e1lez Islas, asegur\u00f3 que el nivel de dificultad ha sido m\u00e1ximo para poder sacar el proyecto adelante, \u201cpara poder hacer este concierto en particular, se tienen que tener partituras espec\u00edficas que no se ten\u00edan en San Luis Potos\u00ed\u201d.<\/p>\n<p style=\"text-align: justify;\">Adem\u00e1s de Siboney, la Secretar\u00eda de Cultura buscar\u00e1 exponer el trabajo de dos artistas pl\u00e1sticos en la capital del estado, Renata Torres, encargada del Centro Cultural de Matehuala, coment\u00f3 al respecto, \u201cnos da much\u00edsimo gusto, de nuestra parte queremos felicitar a Dagoberto, Beatriz, Siboney, que den este paso a la capital, ya hac\u00eda falta y es el primer paso para muchas cosas m\u00e1s que se pudieran lograr\u201d.<\/p>\n<p>Por: Jes\u00fas Valencia<\/p>\n","protected":false},"excerpt":{"rendered":"<p>Matehuala.- Con el apoyo de la Secretar\u00eda de Cultura en la zona altiplano, la cantante matehualense, Siboney Luj\u00e1n, se encuentra preparando un concierto en compa\u00f1\u00eda de la Camerata de San Luis, siendo el primer paso que tiene como objetivo, el impulsar artistas de la zona norte, hacia la capital del estado. \u201cEste proyecto tiene como nombre, homenaje a la m\u00fasica tradicional mexicana, es algo muy importante para nosotros porque este proyecto tiene tambi\u00e9n como objetivo, no olvidar las canciones que hemos tra\u00eddo con nosotros desde tiempos antes y la verdad estoy muy agradecida y muy orgullosa, estamos ech\u00e1ndole muchas ganas [&hellip;]<\/p>\n","protected":false},"author":2,"featured_media":59547,"comment_status":"closed","ping_status":"closed","sticky":false,"template":"","format":"video","meta":{"footnotes":""},"categories":[5,43],"tags":[],"class_list":["post-59541","post","type-post","status-publish","format-video","has-post-thumbnail","hentry","category-destacadas","category-interior","post_format-post-format-video","post--single"],"yoast_head":"<!-- This site is optimized with the Yoast SEO plugin v27.4 - https:\/\/yoast.com\/product\/yoast-seo-wordpress\/ -->\n<title>Siboney Luj\u00e1n prepara concierto en la capital del estado. - Canal 7 SLP - 2022<\/title>\n<meta name=\"robots\" content=\"index, follow, max-snippet:-1, max-image-preview:large, max-video-preview:-1\" \/>\n<link rel=\"canonical\" href=\"https:\/\/canal7slp.tv\/2022\/siboney-lujan-prepara-concierto-en-la-capital-del-estado\/\" \/>\n<meta property=\"og:locale\" content=\"es_ES\" \/>\n<meta property=\"og:type\" content=\"article\" \/>\n<meta property=\"og:title\" content=\"Siboney Luj\u00e1n prepara concierto en la capital del estado. - Canal 7 SLP - 2022\" \/>\n<meta property=\"og:description\" content=\"Matehuala.- Con el apoyo de la Secretar\u00eda de Cultura en la zona altiplano, la cantante matehualense, Siboney Luj\u00e1n, se encuentra preparando un concierto en compa\u00f1\u00eda de la Camerata de San Luis, siendo el primer paso que tiene como objetivo, el impulsar artistas de la zona norte, hacia la capital del estado. \u201cEste proyecto tiene como nombre, homenaje a la m\u00fasica tradicional mexicana, es algo muy importante para nosotros porque este proyecto tiene tambi\u00e9n como objetivo, no olvidar las canciones que hemos tra\u00eddo con nosotros desde tiempos antes y la verdad estoy muy agradecida y muy orgullosa, estamos ech\u00e1ndole muchas ganas [&hellip;]\" \/>\n<meta property=\"og:url\" content=\"https:\/\/canal7slp.tv\/2022\/siboney-lujan-prepara-concierto-en-la-capital-del-estado\/\" \/>\n<meta property=\"og:site_name\" content=\"Canal 7 SLP - 2022\" \/>\n<meta property=\"article:publisher\" content=\"https:\/\/www.facebook.com\/noticieroscanalsiete\" \/>\n<meta property=\"article:published_time\" content=\"2022-05-08T03:29:23+00:00\" \/>\n<meta property=\"og:image\" content=\"https:\/\/canal7slp.tv\/2022\/wp-content\/uploads\/2022\/05\/Valencia01Siboney.jpg\" \/>\n\t<meta property=\"og:image:width\" content=\"909\" \/>\n\t<meta property=\"og:image:height\" content=\"500\" \/>\n\t<meta property=\"og:image:type\" content=\"image\/jpeg\" \/>\n<meta name=\"author\" content=\"Edici\u00f3n Web\" \/>\n<meta name=\"twitter:card\" content=\"summary_large_image\" \/>\n<meta name=\"twitter:creator\" content=\"@NOTICIEROS7\" \/>\n<meta name=\"twitter:site\" content=\"@NOTICIEROS7\" \/>\n<meta name=\"twitter:label1\" content=\"Escrito por\" \/>\n\t<meta name=\"twitter:data1\" content=\"Edici\u00f3n Web\" \/>\n\t<meta name=\"twitter:label2\" content=\"Tiempo de lectura\" \/>\n\t<meta name=\"twitter:data2\" content=\"2 minutos\" \/>\n<script type=\"application\/ld+json\" class=\"yoast-schema-graph\">{\"@context\":\"https:\\\/\\\/schema.org\",\"@graph\":[{\"@type\":\"Article\",\"@id\":\"https:\\\/\\\/canal7slp.tv\\\/2022\\\/siboney-lujan-prepara-concierto-en-la-capital-del-estado\\\/#article\",\"isPartOf\":{\"@id\":\"https:\\\/\\\/canal7slp.tv\\\/2022\\\/siboney-lujan-prepara-concierto-en-la-capital-del-estado\\\/\"},\"author\":{\"name\":\"Edici\u00f3n Web\",\"@id\":\"https:\\\/\\\/canal7slp.tv\\\/2022\\\/#\\\/schema\\\/person\\\/429704152a21f5f856ce29aa69a238da\"},\"headline\":\"Siboney Luj\u00e1n prepara concierto en la capital del estado.\",\"datePublished\":\"2022-05-08T03:29:23+00:00\",\"mainEntityOfPage\":{\"@id\":\"https:\\\/\\\/canal7slp.tv\\\/2022\\\/siboney-lujan-prepara-concierto-en-la-capital-del-estado\\\/\"},\"wordCount\":254,\"publisher\":{\"@id\":\"https:\\\/\\\/canal7slp.tv\\\/2022\\\/#organization\"},\"image\":{\"@id\":\"https:\\\/\\\/canal7slp.tv\\\/2022\\\/siboney-lujan-prepara-concierto-en-la-capital-del-estado\\\/#primaryimage\"},\"thumbnailUrl\":\"https:\\\/\\\/canal7slp.tv\\\/2022\\\/wp-content\\\/uploads\\\/2022\\\/05\\\/Valencia01Siboney.jpg\",\"articleSection\":[\"DESTACADAS\",\"INTERIOR DEL ESTADO\"],\"inLanguage\":\"es\"},{\"@type\":\"WebPage\",\"@id\":\"https:\\\/\\\/canal7slp.tv\\\/2022\\\/siboney-lujan-prepara-concierto-en-la-capital-del-estado\\\/\",\"url\":\"https:\\\/\\\/canal7slp.tv\\\/2022\\\/siboney-lujan-prepara-concierto-en-la-capital-del-estado\\\/\",\"name\":\"Siboney Luj\u00e1n prepara concierto en la capital del estado. - Canal 7 SLP - 2022\",\"isPartOf\":{\"@id\":\"https:\\\/\\\/canal7slp.tv\\\/2022\\\/#website\"},\"primaryImageOfPage\":{\"@id\":\"https:\\\/\\\/canal7slp.tv\\\/2022\\\/siboney-lujan-prepara-concierto-en-la-capital-del-estado\\\/#primaryimage\"},\"image\":{\"@id\":\"https:\\\/\\\/canal7slp.tv\\\/2022\\\/siboney-lujan-prepara-concierto-en-la-capital-del-estado\\\/#primaryimage\"},\"thumbnailUrl\":\"https:\\\/\\\/canal7slp.tv\\\/2022\\\/wp-content\\\/uploads\\\/2022\\\/05\\\/Valencia01Siboney.jpg\",\"datePublished\":\"2022-05-08T03:29:23+00:00\",\"breadcrumb\":{\"@id\":\"https:\\\/\\\/canal7slp.tv\\\/2022\\\/siboney-lujan-prepara-concierto-en-la-capital-del-estado\\\/#breadcrumb\"},\"inLanguage\":\"es\",\"potentialAction\":[{\"@type\":\"ReadAction\",\"target\":[\"https:\\\/\\\/canal7slp.tv\\\/2022\\\/siboney-lujan-prepara-concierto-en-la-capital-del-estado\\\/\"]}]},{\"@type\":\"ImageObject\",\"inLanguage\":\"es\",\"@id\":\"https:\\\/\\\/canal7slp.tv\\\/2022\\\/siboney-lujan-prepara-concierto-en-la-capital-del-estado\\\/#primaryimage\",\"url\":\"https:\\\/\\\/canal7slp.tv\\\/2022\\\/wp-content\\\/uploads\\\/2022\\\/05\\\/Valencia01Siboney.jpg\",\"contentUrl\":\"https:\\\/\\\/canal7slp.tv\\\/2022\\\/wp-content\\\/uploads\\\/2022\\\/05\\\/Valencia01Siboney.jpg\",\"width\":909,\"height\":500},{\"@type\":\"BreadcrumbList\",\"@id\":\"https:\\\/\\\/canal7slp.tv\\\/2022\\\/siboney-lujan-prepara-concierto-en-la-capital-del-estado\\\/#breadcrumb\",\"itemListElement\":[{\"@type\":\"ListItem\",\"position\":1,\"name\":\"Portada\",\"item\":\"https:\\\/\\\/canal7slp.tv\\\/2022\\\/\"},{\"@type\":\"ListItem\",\"position\":2,\"name\":\"Siboney Luj\u00e1n prepara concierto en la capital del estado.\"}]},{\"@type\":\"WebSite\",\"@id\":\"https:\\\/\\\/canal7slp.tv\\\/2022\\\/#website\",\"url\":\"https:\\\/\\\/canal7slp.tv\\\/2022\\\/\",\"name\":\"N7 - Noticieros Canal 7\",\"description\":\"Somos Televisi\u00f3n\",\"publisher\":{\"@id\":\"https:\\\/\\\/canal7slp.tv\\\/2022\\\/#organization\"},\"potentialAction\":[{\"@type\":\"SearchAction\",\"target\":{\"@type\":\"EntryPoint\",\"urlTemplate\":\"https:\\\/\\\/canal7slp.tv\\\/2022\\\/?s={search_term_string}\"},\"query-input\":{\"@type\":\"PropertyValueSpecification\",\"valueRequired\":true,\"valueName\":\"search_term_string\"}}],\"inLanguage\":\"es\"},{\"@type\":\"Organization\",\"@id\":\"https:\\\/\\\/canal7slp.tv\\\/2022\\\/#organization\",\"name\":\"Noticieros Canal 7\",\"url\":\"https:\\\/\\\/canal7slp.tv\\\/2022\\\/\",\"logo\":{\"@type\":\"ImageObject\",\"inLanguage\":\"es\",\"@id\":\"https:\\\/\\\/canal7slp.tv\\\/2022\\\/#\\\/schema\\\/logo\\\/image\\\/\",\"url\":\"https:\\\/\\\/canal7slp.tv\\\/2022\\\/wp-content\\\/uploads\\\/2021\\\/01\\\/logo-noticieros@2x.png\",\"contentUrl\":\"https:\\\/\\\/canal7slp.tv\\\/2022\\\/wp-content\\\/uploads\\\/2021\\\/01\\\/logo-noticieros@2x.png\",\"width\":1017,\"height\":268,\"caption\":\"Noticieros Canal 7\"},\"image\":{\"@id\":\"https:\\\/\\\/canal7slp.tv\\\/2022\\\/#\\\/schema\\\/logo\\\/image\\\/\"},\"sameAs\":[\"https:\\\/\\\/www.facebook.com\\\/noticieroscanalsiete\",\"https:\\\/\\\/x.com\\\/NOTICIEROS7\",\"https:\\\/\\\/www.instagram.com\\\/canal7_slp\",\"https:\\\/\\\/www.youtube.com\\\/channel\\\/UCliiYs-gP3JfJeqdPrNdd5A\"]},{\"@type\":\"Person\",\"@id\":\"https:\\\/\\\/canal7slp.tv\\\/2022\\\/#\\\/schema\\\/person\\\/429704152a21f5f856ce29aa69a238da\",\"name\":\"Edici\u00f3n Web\",\"image\":{\"@type\":\"ImageObject\",\"inLanguage\":\"es\",\"@id\":\"https:\\\/\\\/secure.gravatar.com\\\/avatar\\\/eee448fc3f7164808013b816ba91ac7e43bbe82a70bebac296f8bc6f0addaa1a?s=96&d=mm&r=g\",\"url\":\"https:\\\/\\\/secure.gravatar.com\\\/avatar\\\/eee448fc3f7164808013b816ba91ac7e43bbe82a70bebac296f8bc6f0addaa1a?s=96&d=mm&r=g\",\"contentUrl\":\"https:\\\/\\\/secure.gravatar.com\\\/avatar\\\/eee448fc3f7164808013b816ba91ac7e43bbe82a70bebac296f8bc6f0addaa1a?s=96&d=mm&r=g\",\"caption\":\"Edici\u00f3n Web\"},\"url\":\"https:\\\/\\\/canal7slp.tv\\\/2022\\\/author\\\/edicionweb\\\/\"}]}<\/script>\n<!-- \/ Yoast SEO plugin. -->","yoast_head_json":{"title":"Siboney Luj\u00e1n prepara concierto en la capital del estado. - Canal 7 SLP - 2022","robots":{"index":"index","follow":"follow","max-snippet":"max-snippet:-1","max-image-preview":"max-image-preview:large","max-video-preview":"max-video-preview:-1"},"canonical":"https:\/\/canal7slp.tv\/2022\/siboney-lujan-prepara-concierto-en-la-capital-del-estado\/","og_locale":"es_ES","og_type":"article","og_title":"Siboney Luj\u00e1n prepara concierto en la capital del estado. - Canal 7 SLP - 2022","og_description":"Matehuala.- Con el apoyo de la Secretar\u00eda de Cultura en la zona altiplano, la cantante matehualense, Siboney Luj\u00e1n, se encuentra preparando un concierto en compa\u00f1\u00eda de la Camerata de San Luis, siendo el primer paso que tiene como objetivo, el impulsar artistas de la zona norte, hacia la capital del estado. \u201cEste proyecto tiene como nombre, homenaje a la m\u00fasica tradicional mexicana, es algo muy importante para nosotros porque este proyecto tiene tambi\u00e9n como objetivo, no olvidar las canciones que hemos tra\u00eddo con nosotros desde tiempos antes y la verdad estoy muy agradecida y muy orgullosa, estamos ech\u00e1ndole muchas ganas [&hellip;]","og_url":"https:\/\/canal7slp.tv\/2022\/siboney-lujan-prepara-concierto-en-la-capital-del-estado\/","og_site_name":"Canal 7 SLP - 2022","article_publisher":"https:\/\/www.facebook.com\/noticieroscanalsiete","article_published_time":"2022-05-08T03:29:23+00:00","og_image":[{"width":909,"height":500,"url":"https:\/\/canal7slp.tv\/2022\/wp-content\/uploads\/2022\/05\/Valencia01Siboney.jpg","type":"image\/jpeg"}],"author":"Edici\u00f3n Web","twitter_card":"summary_large_image","twitter_creator":"@NOTICIEROS7","twitter_site":"@NOTICIEROS7","twitter_misc":{"Escrito por":"Edici\u00f3n Web","Tiempo de lectura":"2 minutos"},"schema":{"@context":"https:\/\/schema.org","@graph":[{"@type":"Article","@id":"https:\/\/canal7slp.tv\/2022\/siboney-lujan-prepara-concierto-en-la-capital-del-estado\/#article","isPartOf":{"@id":"https:\/\/canal7slp.tv\/2022\/siboney-lujan-prepara-concierto-en-la-capital-del-estado\/"},"author":{"name":"Edici\u00f3n Web","@id":"https:\/\/canal7slp.tv\/2022\/#\/schema\/person\/429704152a21f5f856ce29aa69a238da"},"headline":"Siboney Luj\u00e1n prepara concierto en la capital del estado.","datePublished":"2022-05-08T03:29:23+00:00","mainEntityOfPage":{"@id":"https:\/\/canal7slp.tv\/2022\/siboney-lujan-prepara-concierto-en-la-capital-del-estado\/"},"wordCount":254,"publisher":{"@id":"https:\/\/canal7slp.tv\/2022\/#organization"},"image":{"@id":"https:\/\/canal7slp.tv\/2022\/siboney-lujan-prepara-concierto-en-la-capital-del-estado\/#primaryimage"},"thumbnailUrl":"https:\/\/canal7slp.tv\/2022\/wp-content\/uploads\/2022\/05\/Valencia01Siboney.jpg","articleSection":["DESTACADAS","INTERIOR DEL ESTADO"],"inLanguage":"es"},{"@type":"WebPage","@id":"https:\/\/canal7slp.tv\/2022\/siboney-lujan-prepara-concierto-en-la-capital-del-estado\/","url":"https:\/\/canal7slp.tv\/2022\/siboney-lujan-prepara-concierto-en-la-capital-del-estado\/","name":"Siboney Luj\u00e1n prepara concierto en la capital del estado. - Canal 7 SLP - 2022","isPartOf":{"@id":"https:\/\/canal7slp.tv\/2022\/#website"},"primaryImageOfPage":{"@id":"https:\/\/canal7slp.tv\/2022\/siboney-lujan-prepara-concierto-en-la-capital-del-estado\/#primaryimage"},"image":{"@id":"https:\/\/canal7slp.tv\/2022\/siboney-lujan-prepara-concierto-en-la-capital-del-estado\/#primaryimage"},"thumbnailUrl":"https:\/\/canal7slp.tv\/2022\/wp-content\/uploads\/2022\/05\/Valencia01Siboney.jpg","datePublished":"2022-05-08T03:29:23+00:00","breadcrumb":{"@id":"https:\/\/canal7slp.tv\/2022\/siboney-lujan-prepara-concierto-en-la-capital-del-estado\/#breadcrumb"},"inLanguage":"es","potentialAction":[{"@type":"ReadAction","target":["https:\/\/canal7slp.tv\/2022\/siboney-lujan-prepara-concierto-en-la-capital-del-estado\/"]}]},{"@type":"ImageObject","inLanguage":"es","@id":"https:\/\/canal7slp.tv\/2022\/siboney-lujan-prepara-concierto-en-la-capital-del-estado\/#primaryimage","url":"https:\/\/canal7slp.tv\/2022\/wp-content\/uploads\/2022\/05\/Valencia01Siboney.jpg","contentUrl":"https:\/\/canal7slp.tv\/2022\/wp-content\/uploads\/2022\/05\/Valencia01Siboney.jpg","width":909,"height":500},{"@type":"BreadcrumbList","@id":"https:\/\/canal7slp.tv\/2022\/siboney-lujan-prepara-concierto-en-la-capital-del-estado\/#breadcrumb","itemListElement":[{"@type":"ListItem","position":1,"name":"Portada","item":"https:\/\/canal7slp.tv\/2022\/"},{"@type":"ListItem","position":2,"name":"Siboney Luj\u00e1n prepara concierto en la capital del estado."}]},{"@type":"WebSite","@id":"https:\/\/canal7slp.tv\/2022\/#website","url":"https:\/\/canal7slp.tv\/2022\/","name":"N7 - Noticieros Canal 7","description":"Somos Televisi\u00f3n","publisher":{"@id":"https:\/\/canal7slp.tv\/2022\/#organization"},"potentialAction":[{"@type":"SearchAction","target":{"@type":"EntryPoint","urlTemplate":"https:\/\/canal7slp.tv\/2022\/?s={search_term_string}"},"query-input":{"@type":"PropertyValueSpecification","valueRequired":true,"valueName":"search_term_string"}}],"inLanguage":"es"},{"@type":"Organization","@id":"https:\/\/canal7slp.tv\/2022\/#organization","name":"Noticieros Canal 7","url":"https:\/\/canal7slp.tv\/2022\/","logo":{"@type":"ImageObject","inLanguage":"es","@id":"https:\/\/canal7slp.tv\/2022\/#\/schema\/logo\/image\/","url":"https:\/\/canal7slp.tv\/2022\/wp-content\/uploads\/2021\/01\/logo-noticieros@2x.png","contentUrl":"https:\/\/canal7slp.tv\/2022\/wp-content\/uploads\/2021\/01\/logo-noticieros@2x.png","width":1017,"height":268,"caption":"Noticieros Canal 7"},"image":{"@id":"https:\/\/canal7slp.tv\/2022\/#\/schema\/logo\/image\/"},"sameAs":["https:\/\/www.facebook.com\/noticieroscanalsiete","https:\/\/x.com\/NOTICIEROS7","https:\/\/www.instagram.com\/canal7_slp","https:\/\/www.youtube.com\/channel\/UCliiYs-gP3JfJeqdPrNdd5A"]},{"@type":"Person","@id":"https:\/\/canal7slp.tv\/2022\/#\/schema\/person\/429704152a21f5f856ce29aa69a238da","name":"Edici\u00f3n Web","image":{"@type":"ImageObject","inLanguage":"es","@id":"https:\/\/secure.gravatar.com\/avatar\/eee448fc3f7164808013b816ba91ac7e43bbe82a70bebac296f8bc6f0addaa1a?s=96&d=mm&r=g","url":"https:\/\/secure.gravatar.com\/avatar\/eee448fc3f7164808013b816ba91ac7e43bbe82a70bebac296f8bc6f0addaa1a?s=96&d=mm&r=g","contentUrl":"https:\/\/secure.gravatar.com\/avatar\/eee448fc3f7164808013b816ba91ac7e43bbe82a70bebac296f8bc6f0addaa1a?s=96&d=mm&r=g","caption":"Edici\u00f3n Web"},"url":"https:\/\/canal7slp.tv\/2022\/author\/edicionweb\/"}]}},"amp_enabled":true,"_links":{"self":[{"href":"https:\/\/canal7slp.tv\/2022\/wp-json\/wp\/v2\/posts\/59541","targetHints":{"allow":["GET"]}}],"collection":[{"href":"https:\/\/canal7slp.tv\/2022\/wp-json\/wp\/v2\/posts"}],"about":[{"href":"https:\/\/canal7slp.tv\/2022\/wp-json\/wp\/v2\/types\/post"}],"author":[{"embeddable":true,"href":"https:\/\/canal7slp.tv\/2022\/wp-json\/wp\/v2\/users\/2"}],"replies":[{"embeddable":true,"href":"https:\/\/canal7slp.tv\/2022\/wp-json\/wp\/v2\/comments?post=59541"}],"version-history":[{"count":2,"href":"https:\/\/canal7slp.tv\/2022\/wp-json\/wp\/v2\/posts\/59541\/revisions"}],"predecessor-version":[{"id":59546,"href":"https:\/\/canal7slp.tv\/2022\/wp-json\/wp\/v2\/posts\/59541\/revisions\/59546"}],"wp:featuredmedia":[{"embeddable":true,"href":"https:\/\/canal7slp.tv\/2022\/wp-json\/wp\/v2\/media\/59547"}],"wp:attachment":[{"href":"https:\/\/canal7slp.tv\/2022\/wp-json\/wp\/v2\/media?parent=59541"}],"wp:term":[{"taxonomy":"category","embeddable":true,"href":"https:\/\/canal7slp.tv\/2022\/wp-json\/wp\/v2\/categories?post=59541"},{"taxonomy":"post_tag","embeddable":true,"href":"https:\/\/canal7slp.tv\/2022\/wp-json\/wp\/v2\/tags?post=59541"}],"curies":[{"name":"wp","href":"https:\/\/api.w.org\/{rel}","templated":true}]}}