{"id":59540,"date":"2022-05-07T21:32:12","date_gmt":"2022-05-08T03:32:12","guid":{"rendered":"https:\/\/canal7slp.tv\/2022\/?p=59540"},"modified":"2022-05-07T21:32:12","modified_gmt":"2022-05-08T03:32:12","slug":"santo-domingo-y-guadalcazar-sin-interes-por-la-cultura-senala-delegado","status":"publish","type":"post","link":"https:\/\/canal7slp.tv\/2022\/santo-domingo-y-guadalcazar-sin-interes-por-la-cultura-senala-delegado\/","title":{"rendered":"Santo Domingo y Guadalc\u00e1zar, sin inter\u00e9s por la cultura, se\u00f1ala delegado."},"content":{"rendered":"<p style=\"text-align: justify;\">SLP.- En conferencia de prensa, el delegado de Cultura en la zona altiplano, Juan Carlos Gonz\u00e1lez Islas, asegur\u00f3 que son los municipios quienes deben de proponer las iniciativas culturales al Gobierno del Estado para que as\u00ed, desde la Secretar\u00eda, se puedan fortalecer y cristalizar los proyectos.<\/p>\n<p style=\"text-align: justify;\">\u201cHay que recordar que el primer responsable es el municipio, porque de el corresponden todas las plazas, todos los espacios culturales y en ese sentido, la Secretar\u00eda se suma al esfuerzo, a las iniciativas de los municipios, con funciones art\u00edsticas, con talleres, o poder difundir en este caso a los artistas de la regi\u00f3n\u201d, dijo.<\/p>\n<p style=\"text-align: justify;\">Al ser cuestionado sobre los apoyos econ\u00f3micos que se les otorgan a los municipios, coment\u00f3 al respecto, \u201ccomo lo comentaba, cada municipio en particular pide algo, entonces no hay una cantidad espec\u00edfica, hay municipios que piden m\u00e1s que otros, por supuesto, por ejemplo, Guadalc\u00e1zar, que vemos que no hacen casi nada, o en el caso de Santo Domingo, que no han nombrado ni siquiera un director de Cultura, entonces vamos detectando cu\u00e1l es el inter\u00e9s de cada alcald\u00eda por ofrecer las facilidades a cada uno de sus habitantes en acceder al arte y la cultura.<\/p>\n<p style=\"text-align: justify;\">Para Gonz\u00e1lez Islas, de nada sirve que existan personas con grandes ambiciones de proyectos, si los alcaldes no les brindan recursos, \u201cmencion\u00e9 estos casos, Guadalc\u00e1zar y Santo Domingo que no vemos mucho esfuerzo, es m\u00e1s en Santo Domingo no vemos ninguna iniciativa, pero tambi\u00e9n vemos casos como Matehuala, Cedral, Catorce, Charcas, tambi\u00e9n Villa de Arista que est\u00e1 haciendo un gran esfuerzo, Villa de Ramos, tenemos ah\u00ed a un joven director que est\u00e1 haciendo hasta lo imposible por tener una nueva etapa de cultura en su municipio\u201d.<\/p>\n<p>Por: Jes\u00fas Valencia<\/p>\n","protected":false},"excerpt":{"rendered":"<p>SLP.- En conferencia de prensa, el delegado de Cultura en la zona altiplano, Juan Carlos Gonz\u00e1lez Islas, asegur\u00f3 que son los municipios quienes deben de proponer las iniciativas culturales al Gobierno del Estado para que as\u00ed, desde la Secretar\u00eda, se puedan fortalecer y cristalizar los proyectos. \u201cHay que recordar que el primer responsable es el municipio, porque de el corresponden todas las plazas, todos los espacios culturales y en ese sentido, la Secretar\u00eda se suma al esfuerzo, a las iniciativas de los municipios, con funciones art\u00edsticas, con talleres, o poder difundir en este caso a los artistas de la regi\u00f3n\u201d, [&hellip;]<\/p>\n","protected":false},"author":2,"featured_media":59549,"comment_status":"closed","ping_status":"closed","sticky":false,"template":"","format":"video","meta":{"footnotes":""},"categories":[5,43],"tags":[],"class_list":["post-59540","post","type-post","status-publish","format-video","has-post-thumbnail","hentry","category-destacadas","category-interior","post_format-post-format-video","post--single"],"yoast_head":"<!-- This site is optimized with the Yoast SEO plugin v27.4 - https:\/\/yoast.com\/product\/yoast-seo-wordpress\/ -->\n<title>Santo Domingo y Guadalc\u00e1zar, sin inter\u00e9s por la cultura, se\u00f1ala delegado. - Canal 7 SLP - 2022<\/title>\n<meta name=\"robots\" content=\"index, follow, max-snippet:-1, max-image-preview:large, max-video-preview:-1\" \/>\n<link rel=\"canonical\" href=\"https:\/\/canal7slp.tv\/2022\/santo-domingo-y-guadalcazar-sin-interes-por-la-cultura-senala-delegado\/\" \/>\n<meta property=\"og:locale\" content=\"es_ES\" \/>\n<meta property=\"og:type\" content=\"article\" \/>\n<meta property=\"og:title\" content=\"Santo Domingo y Guadalc\u00e1zar, sin inter\u00e9s por la cultura, se\u00f1ala delegado. - Canal 7 SLP - 2022\" \/>\n<meta property=\"og:description\" content=\"SLP.- En conferencia de prensa, el delegado de Cultura en la zona altiplano, Juan Carlos Gonz\u00e1lez Islas, asegur\u00f3 que son los municipios quienes deben de proponer las iniciativas culturales al Gobierno del Estado para que as\u00ed, desde la Secretar\u00eda, se puedan fortalecer y cristalizar los proyectos. \u201cHay que recordar que el primer responsable es el municipio, porque de el corresponden todas las plazas, todos los espacios culturales y en ese sentido, la Secretar\u00eda se suma al esfuerzo, a las iniciativas de los municipios, con funciones art\u00edsticas, con talleres, o poder difundir en este caso a los artistas de la regi\u00f3n\u201d, [&hellip;]\" \/>\n<meta property=\"og:url\" content=\"https:\/\/canal7slp.tv\/2022\/santo-domingo-y-guadalcazar-sin-interes-por-la-cultura-senala-delegado\/\" \/>\n<meta property=\"og:site_name\" content=\"Canal 7 SLP - 2022\" \/>\n<meta property=\"article:publisher\" content=\"https:\/\/www.facebook.com\/noticieroscanalsiete\" \/>\n<meta property=\"article:published_time\" content=\"2022-05-08T03:32:12+00:00\" \/>\n<meta property=\"og:image\" content=\"https:\/\/canal7slp.tv\/2022\/wp-content\/uploads\/2022\/05\/Valencia03Cultura.jpg\" \/>\n\t<meta property=\"og:image:width\" content=\"909\" \/>\n\t<meta property=\"og:image:height\" content=\"500\" \/>\n\t<meta property=\"og:image:type\" content=\"image\/jpeg\" \/>\n<meta name=\"author\" content=\"Edici\u00f3n Web\" \/>\n<meta name=\"twitter:card\" content=\"summary_large_image\" \/>\n<meta name=\"twitter:creator\" content=\"@NOTICIEROS7\" \/>\n<meta name=\"twitter:site\" content=\"@NOTICIEROS7\" \/>\n<meta name=\"twitter:label1\" content=\"Escrito por\" \/>\n\t<meta name=\"twitter:data1\" content=\"Edici\u00f3n Web\" \/>\n\t<meta name=\"twitter:label2\" content=\"Tiempo de lectura\" \/>\n\t<meta name=\"twitter:data2\" content=\"2 minutos\" \/>\n<script type=\"application\/ld+json\" class=\"yoast-schema-graph\">{\"@context\":\"https:\\\/\\\/schema.org\",\"@graph\":[{\"@type\":\"Article\",\"@id\":\"https:\\\/\\\/canal7slp.tv\\\/2022\\\/santo-domingo-y-guadalcazar-sin-interes-por-la-cultura-senala-delegado\\\/#article\",\"isPartOf\":{\"@id\":\"https:\\\/\\\/canal7slp.tv\\\/2022\\\/santo-domingo-y-guadalcazar-sin-interes-por-la-cultura-senala-delegado\\\/\"},\"author\":{\"name\":\"Edici\u00f3n Web\",\"@id\":\"https:\\\/\\\/canal7slp.tv\\\/2022\\\/#\\\/schema\\\/person\\\/429704152a21f5f856ce29aa69a238da\"},\"headline\":\"Santo Domingo y Guadalc\u00e1zar, sin inter\u00e9s por la cultura, se\u00f1ala delegado.\",\"datePublished\":\"2022-05-08T03:32:12+00:00\",\"mainEntityOfPage\":{\"@id\":\"https:\\\/\\\/canal7slp.tv\\\/2022\\\/santo-domingo-y-guadalcazar-sin-interes-por-la-cultura-senala-delegado\\\/\"},\"wordCount\":318,\"publisher\":{\"@id\":\"https:\\\/\\\/canal7slp.tv\\\/2022\\\/#organization\"},\"image\":{\"@id\":\"https:\\\/\\\/canal7slp.tv\\\/2022\\\/santo-domingo-y-guadalcazar-sin-interes-por-la-cultura-senala-delegado\\\/#primaryimage\"},\"thumbnailUrl\":\"https:\\\/\\\/canal7slp.tv\\\/2022\\\/wp-content\\\/uploads\\\/2022\\\/05\\\/Valencia03Cultura.jpg\",\"articleSection\":[\"DESTACADAS\",\"INTERIOR DEL ESTADO\"],\"inLanguage\":\"es\"},{\"@type\":\"WebPage\",\"@id\":\"https:\\\/\\\/canal7slp.tv\\\/2022\\\/santo-domingo-y-guadalcazar-sin-interes-por-la-cultura-senala-delegado\\\/\",\"url\":\"https:\\\/\\\/canal7slp.tv\\\/2022\\\/santo-domingo-y-guadalcazar-sin-interes-por-la-cultura-senala-delegado\\\/\",\"name\":\"Santo Domingo y Guadalc\u00e1zar, sin inter\u00e9s por la cultura, se\u00f1ala delegado. - Canal 7 SLP - 2022\",\"isPartOf\":{\"@id\":\"https:\\\/\\\/canal7slp.tv\\\/2022\\\/#website\"},\"primaryImageOfPage\":{\"@id\":\"https:\\\/\\\/canal7slp.tv\\\/2022\\\/santo-domingo-y-guadalcazar-sin-interes-por-la-cultura-senala-delegado\\\/#primaryimage\"},\"image\":{\"@id\":\"https:\\\/\\\/canal7slp.tv\\\/2022\\\/santo-domingo-y-guadalcazar-sin-interes-por-la-cultura-senala-delegado\\\/#primaryimage\"},\"thumbnailUrl\":\"https:\\\/\\\/canal7slp.tv\\\/2022\\\/wp-content\\\/uploads\\\/2022\\\/05\\\/Valencia03Cultura.jpg\",\"datePublished\":\"2022-05-08T03:32:12+00:00\",\"breadcrumb\":{\"@id\":\"https:\\\/\\\/canal7slp.tv\\\/2022\\\/santo-domingo-y-guadalcazar-sin-interes-por-la-cultura-senala-delegado\\\/#breadcrumb\"},\"inLanguage\":\"es\",\"potentialAction\":[{\"@type\":\"ReadAction\",\"target\":[\"https:\\\/\\\/canal7slp.tv\\\/2022\\\/santo-domingo-y-guadalcazar-sin-interes-por-la-cultura-senala-delegado\\\/\"]}]},{\"@type\":\"ImageObject\",\"inLanguage\":\"es\",\"@id\":\"https:\\\/\\\/canal7slp.tv\\\/2022\\\/santo-domingo-y-guadalcazar-sin-interes-por-la-cultura-senala-delegado\\\/#primaryimage\",\"url\":\"https:\\\/\\\/canal7slp.tv\\\/2022\\\/wp-content\\\/uploads\\\/2022\\\/05\\\/Valencia03Cultura.jpg\",\"contentUrl\":\"https:\\\/\\\/canal7slp.tv\\\/2022\\\/wp-content\\\/uploads\\\/2022\\\/05\\\/Valencia03Cultura.jpg\",\"width\":909,\"height\":500},{\"@type\":\"BreadcrumbList\",\"@id\":\"https:\\\/\\\/canal7slp.tv\\\/2022\\\/santo-domingo-y-guadalcazar-sin-interes-por-la-cultura-senala-delegado\\\/#breadcrumb\",\"itemListElement\":[{\"@type\":\"ListItem\",\"position\":1,\"name\":\"Portada\",\"item\":\"https:\\\/\\\/canal7slp.tv\\\/2022\\\/\"},{\"@type\":\"ListItem\",\"position\":2,\"name\":\"Santo Domingo y Guadalc\u00e1zar, sin inter\u00e9s por la cultura, se\u00f1ala delegado.\"}]},{\"@type\":\"WebSite\",\"@id\":\"https:\\\/\\\/canal7slp.tv\\\/2022\\\/#website\",\"url\":\"https:\\\/\\\/canal7slp.tv\\\/2022\\\/\",\"name\":\"N7 - Noticieros Canal 7\",\"description\":\"Somos Televisi\u00f3n\",\"publisher\":{\"@id\":\"https:\\\/\\\/canal7slp.tv\\\/2022\\\/#organization\"},\"potentialAction\":[{\"@type\":\"SearchAction\",\"target\":{\"@type\":\"EntryPoint\",\"urlTemplate\":\"https:\\\/\\\/canal7slp.tv\\\/2022\\\/?s={search_term_string}\"},\"query-input\":{\"@type\":\"PropertyValueSpecification\",\"valueRequired\":true,\"valueName\":\"search_term_string\"}}],\"inLanguage\":\"es\"},{\"@type\":\"Organization\",\"@id\":\"https:\\\/\\\/canal7slp.tv\\\/2022\\\/#organization\",\"name\":\"Noticieros Canal 7\",\"url\":\"https:\\\/\\\/canal7slp.tv\\\/2022\\\/\",\"logo\":{\"@type\":\"ImageObject\",\"inLanguage\":\"es\",\"@id\":\"https:\\\/\\\/canal7slp.tv\\\/2022\\\/#\\\/schema\\\/logo\\\/image\\\/\",\"url\":\"https:\\\/\\\/canal7slp.tv\\\/2022\\\/wp-content\\\/uploads\\\/2021\\\/01\\\/logo-noticieros@2x.png\",\"contentUrl\":\"https:\\\/\\\/canal7slp.tv\\\/2022\\\/wp-content\\\/uploads\\\/2021\\\/01\\\/logo-noticieros@2x.png\",\"width\":1017,\"height\":268,\"caption\":\"Noticieros Canal 7\"},\"image\":{\"@id\":\"https:\\\/\\\/canal7slp.tv\\\/2022\\\/#\\\/schema\\\/logo\\\/image\\\/\"},\"sameAs\":[\"https:\\\/\\\/www.facebook.com\\\/noticieroscanalsiete\",\"https:\\\/\\\/x.com\\\/NOTICIEROS7\",\"https:\\\/\\\/www.instagram.com\\\/canal7_slp\",\"https:\\\/\\\/www.youtube.com\\\/channel\\\/UCliiYs-gP3JfJeqdPrNdd5A\"]},{\"@type\":\"Person\",\"@id\":\"https:\\\/\\\/canal7slp.tv\\\/2022\\\/#\\\/schema\\\/person\\\/429704152a21f5f856ce29aa69a238da\",\"name\":\"Edici\u00f3n Web\",\"image\":{\"@type\":\"ImageObject\",\"inLanguage\":\"es\",\"@id\":\"https:\\\/\\\/secure.gravatar.com\\\/avatar\\\/eee448fc3f7164808013b816ba91ac7e43bbe82a70bebac296f8bc6f0addaa1a?s=96&d=mm&r=g\",\"url\":\"https:\\\/\\\/secure.gravatar.com\\\/avatar\\\/eee448fc3f7164808013b816ba91ac7e43bbe82a70bebac296f8bc6f0addaa1a?s=96&d=mm&r=g\",\"contentUrl\":\"https:\\\/\\\/secure.gravatar.com\\\/avatar\\\/eee448fc3f7164808013b816ba91ac7e43bbe82a70bebac296f8bc6f0addaa1a?s=96&d=mm&r=g\",\"caption\":\"Edici\u00f3n Web\"},\"url\":\"https:\\\/\\\/canal7slp.tv\\\/2022\\\/author\\\/edicionweb\\\/\"}]}<\/script>\n<!-- \/ Yoast SEO plugin. -->","yoast_head_json":{"title":"Santo Domingo y Guadalc\u00e1zar, sin inter\u00e9s por la cultura, se\u00f1ala delegado. - Canal 7 SLP - 2022","robots":{"index":"index","follow":"follow","max-snippet":"max-snippet:-1","max-image-preview":"max-image-preview:large","max-video-preview":"max-video-preview:-1"},"canonical":"https:\/\/canal7slp.tv\/2022\/santo-domingo-y-guadalcazar-sin-interes-por-la-cultura-senala-delegado\/","og_locale":"es_ES","og_type":"article","og_title":"Santo Domingo y Guadalc\u00e1zar, sin inter\u00e9s por la cultura, se\u00f1ala delegado. - Canal 7 SLP - 2022","og_description":"SLP.- En conferencia de prensa, el delegado de Cultura en la zona altiplano, Juan Carlos Gonz\u00e1lez Islas, asegur\u00f3 que son los municipios quienes deben de proponer las iniciativas culturales al Gobierno del Estado para que as\u00ed, desde la Secretar\u00eda, se puedan fortalecer y cristalizar los proyectos. \u201cHay que recordar que el primer responsable es el municipio, porque de el corresponden todas las plazas, todos los espacios culturales y en ese sentido, la Secretar\u00eda se suma al esfuerzo, a las iniciativas de los municipios, con funciones art\u00edsticas, con talleres, o poder difundir en este caso a los artistas de la regi\u00f3n\u201d, [&hellip;]","og_url":"https:\/\/canal7slp.tv\/2022\/santo-domingo-y-guadalcazar-sin-interes-por-la-cultura-senala-delegado\/","og_site_name":"Canal 7 SLP - 2022","article_publisher":"https:\/\/www.facebook.com\/noticieroscanalsiete","article_published_time":"2022-05-08T03:32:12+00:00","og_image":[{"width":909,"height":500,"url":"https:\/\/canal7slp.tv\/2022\/wp-content\/uploads\/2022\/05\/Valencia03Cultura.jpg","type":"image\/jpeg"}],"author":"Edici\u00f3n Web","twitter_card":"summary_large_image","twitter_creator":"@NOTICIEROS7","twitter_site":"@NOTICIEROS7","twitter_misc":{"Escrito por":"Edici\u00f3n Web","Tiempo de lectura":"2 minutos"},"schema":{"@context":"https:\/\/schema.org","@graph":[{"@type":"Article","@id":"https:\/\/canal7slp.tv\/2022\/santo-domingo-y-guadalcazar-sin-interes-por-la-cultura-senala-delegado\/#article","isPartOf":{"@id":"https:\/\/canal7slp.tv\/2022\/santo-domingo-y-guadalcazar-sin-interes-por-la-cultura-senala-delegado\/"},"author":{"name":"Edici\u00f3n Web","@id":"https:\/\/canal7slp.tv\/2022\/#\/schema\/person\/429704152a21f5f856ce29aa69a238da"},"headline":"Santo Domingo y Guadalc\u00e1zar, sin inter\u00e9s por la cultura, se\u00f1ala delegado.","datePublished":"2022-05-08T03:32:12+00:00","mainEntityOfPage":{"@id":"https:\/\/canal7slp.tv\/2022\/santo-domingo-y-guadalcazar-sin-interes-por-la-cultura-senala-delegado\/"},"wordCount":318,"publisher":{"@id":"https:\/\/canal7slp.tv\/2022\/#organization"},"image":{"@id":"https:\/\/canal7slp.tv\/2022\/santo-domingo-y-guadalcazar-sin-interes-por-la-cultura-senala-delegado\/#primaryimage"},"thumbnailUrl":"https:\/\/canal7slp.tv\/2022\/wp-content\/uploads\/2022\/05\/Valencia03Cultura.jpg","articleSection":["DESTACADAS","INTERIOR DEL ESTADO"],"inLanguage":"es"},{"@type":"WebPage","@id":"https:\/\/canal7slp.tv\/2022\/santo-domingo-y-guadalcazar-sin-interes-por-la-cultura-senala-delegado\/","url":"https:\/\/canal7slp.tv\/2022\/santo-domingo-y-guadalcazar-sin-interes-por-la-cultura-senala-delegado\/","name":"Santo Domingo y Guadalc\u00e1zar, sin inter\u00e9s por la cultura, se\u00f1ala delegado. - Canal 7 SLP - 2022","isPartOf":{"@id":"https:\/\/canal7slp.tv\/2022\/#website"},"primaryImageOfPage":{"@id":"https:\/\/canal7slp.tv\/2022\/santo-domingo-y-guadalcazar-sin-interes-por-la-cultura-senala-delegado\/#primaryimage"},"image":{"@id":"https:\/\/canal7slp.tv\/2022\/santo-domingo-y-guadalcazar-sin-interes-por-la-cultura-senala-delegado\/#primaryimage"},"thumbnailUrl":"https:\/\/canal7slp.tv\/2022\/wp-content\/uploads\/2022\/05\/Valencia03Cultura.jpg","datePublished":"2022-05-08T03:32:12+00:00","breadcrumb":{"@id":"https:\/\/canal7slp.tv\/2022\/santo-domingo-y-guadalcazar-sin-interes-por-la-cultura-senala-delegado\/#breadcrumb"},"inLanguage":"es","potentialAction":[{"@type":"ReadAction","target":["https:\/\/canal7slp.tv\/2022\/santo-domingo-y-guadalcazar-sin-interes-por-la-cultura-senala-delegado\/"]}]},{"@type":"ImageObject","inLanguage":"es","@id":"https:\/\/canal7slp.tv\/2022\/santo-domingo-y-guadalcazar-sin-interes-por-la-cultura-senala-delegado\/#primaryimage","url":"https:\/\/canal7slp.tv\/2022\/wp-content\/uploads\/2022\/05\/Valencia03Cultura.jpg","contentUrl":"https:\/\/canal7slp.tv\/2022\/wp-content\/uploads\/2022\/05\/Valencia03Cultura.jpg","width":909,"height":500},{"@type":"BreadcrumbList","@id":"https:\/\/canal7slp.tv\/2022\/santo-domingo-y-guadalcazar-sin-interes-por-la-cultura-senala-delegado\/#breadcrumb","itemListElement":[{"@type":"ListItem","position":1,"name":"Portada","item":"https:\/\/canal7slp.tv\/2022\/"},{"@type":"ListItem","position":2,"name":"Santo Domingo y Guadalc\u00e1zar, sin inter\u00e9s por la cultura, se\u00f1ala delegado."}]},{"@type":"WebSite","@id":"https:\/\/canal7slp.tv\/2022\/#website","url":"https:\/\/canal7slp.tv\/2022\/","name":"N7 - Noticieros Canal 7","description":"Somos Televisi\u00f3n","publisher":{"@id":"https:\/\/canal7slp.tv\/2022\/#organization"},"potentialAction":[{"@type":"SearchAction","target":{"@type":"EntryPoint","urlTemplate":"https:\/\/canal7slp.tv\/2022\/?s={search_term_string}"},"query-input":{"@type":"PropertyValueSpecification","valueRequired":true,"valueName":"search_term_string"}}],"inLanguage":"es"},{"@type":"Organization","@id":"https:\/\/canal7slp.tv\/2022\/#organization","name":"Noticieros Canal 7","url":"https:\/\/canal7slp.tv\/2022\/","logo":{"@type":"ImageObject","inLanguage":"es","@id":"https:\/\/canal7slp.tv\/2022\/#\/schema\/logo\/image\/","url":"https:\/\/canal7slp.tv\/2022\/wp-content\/uploads\/2021\/01\/logo-noticieros@2x.png","contentUrl":"https:\/\/canal7slp.tv\/2022\/wp-content\/uploads\/2021\/01\/logo-noticieros@2x.png","width":1017,"height":268,"caption":"Noticieros Canal 7"},"image":{"@id":"https:\/\/canal7slp.tv\/2022\/#\/schema\/logo\/image\/"},"sameAs":["https:\/\/www.facebook.com\/noticieroscanalsiete","https:\/\/x.com\/NOTICIEROS7","https:\/\/www.instagram.com\/canal7_slp","https:\/\/www.youtube.com\/channel\/UCliiYs-gP3JfJeqdPrNdd5A"]},{"@type":"Person","@id":"https:\/\/canal7slp.tv\/2022\/#\/schema\/person\/429704152a21f5f856ce29aa69a238da","name":"Edici\u00f3n Web","image":{"@type":"ImageObject","inLanguage":"es","@id":"https:\/\/secure.gravatar.com\/avatar\/eee448fc3f7164808013b816ba91ac7e43bbe82a70bebac296f8bc6f0addaa1a?s=96&d=mm&r=g","url":"https:\/\/secure.gravatar.com\/avatar\/eee448fc3f7164808013b816ba91ac7e43bbe82a70bebac296f8bc6f0addaa1a?s=96&d=mm&r=g","contentUrl":"https:\/\/secure.gravatar.com\/avatar\/eee448fc3f7164808013b816ba91ac7e43bbe82a70bebac296f8bc6f0addaa1a?s=96&d=mm&r=g","caption":"Edici\u00f3n Web"},"url":"https:\/\/canal7slp.tv\/2022\/author\/edicionweb\/"}]}},"amp_enabled":true,"_links":{"self":[{"href":"https:\/\/canal7slp.tv\/2022\/wp-json\/wp\/v2\/posts\/59540","targetHints":{"allow":["GET"]}}],"collection":[{"href":"https:\/\/canal7slp.tv\/2022\/wp-json\/wp\/v2\/posts"}],"about":[{"href":"https:\/\/canal7slp.tv\/2022\/wp-json\/wp\/v2\/types\/post"}],"author":[{"embeddable":true,"href":"https:\/\/canal7slp.tv\/2022\/wp-json\/wp\/v2\/users\/2"}],"replies":[{"embeddable":true,"href":"https:\/\/canal7slp.tv\/2022\/wp-json\/wp\/v2\/comments?post=59540"}],"version-history":[{"count":1,"href":"https:\/\/canal7slp.tv\/2022\/wp-json\/wp\/v2\/posts\/59540\/revisions"}],"predecessor-version":[{"id":59544,"href":"https:\/\/canal7slp.tv\/2022\/wp-json\/wp\/v2\/posts\/59540\/revisions\/59544"}],"wp:featuredmedia":[{"embeddable":true,"href":"https:\/\/canal7slp.tv\/2022\/wp-json\/wp\/v2\/media\/59549"}],"wp:attachment":[{"href":"https:\/\/canal7slp.tv\/2022\/wp-json\/wp\/v2\/media?parent=59540"}],"wp:term":[{"taxonomy":"category","embeddable":true,"href":"https:\/\/canal7slp.tv\/2022\/wp-json\/wp\/v2\/categories?post=59540"},{"taxonomy":"post_tag","embeddable":true,"href":"https:\/\/canal7slp.tv\/2022\/wp-json\/wp\/v2\/tags?post=59540"}],"curies":[{"name":"wp","href":"https:\/\/api.w.org\/{rel}","templated":true}]}}