{"id":59504,"date":"2022-05-07T14:39:15","date_gmt":"2022-05-07T20:39:15","guid":{"rendered":"https:\/\/canal7slp.tv\/2022\/?p=59504"},"modified":"2022-05-07T14:39:15","modified_gmt":"2022-05-07T20:39:15","slug":"ataques-simultaneos-dejan-saldo-de-un-muerto-y-seis-heridos-en-la-zona-de-bares-de-cancun-quintana-roo","status":"publish","type":"post","link":"https:\/\/canal7slp.tv\/2022\/ataques-simultaneos-dejan-saldo-de-un-muerto-y-seis-heridos-en-la-zona-de-bares-de-cancun-quintana-roo\/","title":{"rendered":"Ataques simult\u00e1neos dejan saldo de un muerto y seis heridos en la zona de bares de Canc\u00fan, Quintana Roo"},"content":{"rendered":"<p style=\"text-align: justify;\">Canc\u00fan.- Durante la noche del 6 de mayo, se registraron dos ataques armados contra bares de la zona zona urbana bares de Canc\u00fan, Quintana Roo, con saldo de seis personas heridas y un muerto.<\/p>\n<p style=\"text-align: justify;\">La Fiscal\u00eda General del Estado (FGE), inform\u00f3 la detenci\u00f3n de una persona por su probable participaci\u00f3n en estos atentados.<\/p>\n<p style=\"text-align: justify;\">De acuerdo con medios locales, los bares atacados habr\u00edan sido amenazados en d\u00edas recientes por supuestos grupos criminales.<\/p>\n<p style=\"text-align: justify;\">Cabe se\u00f1alar que los ataques desataron el p\u00e1nico entre la ciudadan\u00eda que visitaba los centros nocturnos.<\/p>\n","protected":false},"excerpt":{"rendered":"<p>Canc\u00fan.- Durante la noche del 6 de mayo, se registraron dos ataques armados contra bares de la zona zona urbana bares de Canc\u00fan, Quintana Roo, con saldo de seis personas heridas y un muerto. La Fiscal\u00eda General del Estado (FGE), inform\u00f3 la detenci\u00f3n de una persona por su probable participaci\u00f3n en estos atentados. De acuerdo con medios locales, los bares atacados habr\u00edan sido amenazados en d\u00edas recientes por supuestos grupos criminales. Cabe se\u00f1alar que los ataques desataron el p\u00e1nico entre la ciudadan\u00eda que visitaba los centros nocturnos.<\/p>\n","protected":false},"author":2,"featured_media":59516,"comment_status":"closed","ping_status":"closed","sticky":false,"template":"","format":"standard","meta":{"footnotes":""},"categories":[46],"tags":[],"class_list":["post-59504","post","type-post","status-publish","format-standard","has-post-thumbnail","hentry","category-nacional","post--single"],"yoast_head":"<!-- This site is optimized with the Yoast SEO plugin v27.4 - https:\/\/yoast.com\/product\/yoast-seo-wordpress\/ -->\n<title>Ataques simult\u00e1neos dejan saldo de un muerto y seis heridos en la zona de bares de Canc\u00fan, Quintana Roo - Canal 7 SLP - 2022<\/title>\n<meta name=\"robots\" content=\"index, follow, max-snippet:-1, max-image-preview:large, max-video-preview:-1\" \/>\n<link rel=\"canonical\" href=\"https:\/\/canal7slp.tv\/2022\/ataques-simultaneos-dejan-saldo-de-un-muerto-y-seis-heridos-en-la-zona-de-bares-de-cancun-quintana-roo\/\" \/>\n<meta property=\"og:locale\" content=\"es_ES\" \/>\n<meta property=\"og:type\" content=\"article\" \/>\n<meta property=\"og:title\" content=\"Ataques simult\u00e1neos dejan saldo de un muerto y seis heridos en la zona de bares de Canc\u00fan, Quintana Roo - Canal 7 SLP - 2022\" \/>\n<meta property=\"og:description\" content=\"Canc\u00fan.- Durante la noche del 6 de mayo, se registraron dos ataques armados contra bares de la zona zona urbana bares de Canc\u00fan, Quintana Roo, con saldo de seis personas heridas y un muerto. La Fiscal\u00eda General del Estado (FGE), inform\u00f3 la detenci\u00f3n de una persona por su probable participaci\u00f3n en estos atentados. De acuerdo con medios locales, los bares atacados habr\u00edan sido amenazados en d\u00edas recientes por supuestos grupos criminales. Cabe se\u00f1alar que los ataques desataron el p\u00e1nico entre la ciudadan\u00eda que visitaba los centros nocturnos.\" \/>\n<meta property=\"og:url\" content=\"https:\/\/canal7slp.tv\/2022\/ataques-simultaneos-dejan-saldo-de-un-muerto-y-seis-heridos-en-la-zona-de-bares-de-cancun-quintana-roo\/\" \/>\n<meta property=\"og:site_name\" content=\"Canal 7 SLP - 2022\" \/>\n<meta property=\"article:publisher\" content=\"https:\/\/www.facebook.com\/noticieroscanalsiete\" \/>\n<meta property=\"article:published_time\" content=\"2022-05-07T20:39:15+00:00\" \/>\n<meta property=\"og:image\" content=\"https:\/\/canal7slp.tv\/2022\/wp-content\/uploads\/2022\/05\/02-4.jpg\" \/>\n\t<meta property=\"og:image:width\" content=\"960\" \/>\n\t<meta property=\"og:image:height\" content=\"640\" \/>\n\t<meta property=\"og:image:type\" content=\"image\/jpeg\" \/>\n<meta name=\"author\" content=\"Edici\u00f3n Web\" \/>\n<meta name=\"twitter:card\" content=\"summary_large_image\" \/>\n<meta name=\"twitter:creator\" content=\"@NOTICIEROS7\" \/>\n<meta name=\"twitter:site\" content=\"@NOTICIEROS7\" \/>\n<meta name=\"twitter:label1\" content=\"Escrito por\" \/>\n\t<meta name=\"twitter:data1\" content=\"Edici\u00f3n Web\" \/>\n\t<meta name=\"twitter:label2\" content=\"Tiempo de lectura\" \/>\n\t<meta name=\"twitter:data2\" content=\"1 minuto\" \/>\n<script type=\"application\/ld+json\" class=\"yoast-schema-graph\">{\"@context\":\"https:\\\/\\\/schema.org\",\"@graph\":[{\"@type\":\"Article\",\"@id\":\"https:\\\/\\\/canal7slp.tv\\\/2022\\\/ataques-simultaneos-dejan-saldo-de-un-muerto-y-seis-heridos-en-la-zona-de-bares-de-cancun-quintana-roo\\\/#article\",\"isPartOf\":{\"@id\":\"https:\\\/\\\/canal7slp.tv\\\/2022\\\/ataques-simultaneos-dejan-saldo-de-un-muerto-y-seis-heridos-en-la-zona-de-bares-de-cancun-quintana-roo\\\/\"},\"author\":{\"name\":\"Edici\u00f3n Web\",\"@id\":\"https:\\\/\\\/canal7slp.tv\\\/2022\\\/#\\\/schema\\\/person\\\/429704152a21f5f856ce29aa69a238da\"},\"headline\":\"Ataques simult\u00e1neos dejan saldo de un muerto y seis heridos en la zona de bares de Canc\u00fan, Quintana Roo\",\"datePublished\":\"2022-05-07T20:39:15+00:00\",\"mainEntityOfPage\":{\"@id\":\"https:\\\/\\\/canal7slp.tv\\\/2022\\\/ataques-simultaneos-dejan-saldo-de-un-muerto-y-seis-heridos-en-la-zona-de-bares-de-cancun-quintana-roo\\\/\"},\"wordCount\":118,\"publisher\":{\"@id\":\"https:\\\/\\\/canal7slp.tv\\\/2022\\\/#organization\"},\"image\":{\"@id\":\"https:\\\/\\\/canal7slp.tv\\\/2022\\\/ataques-simultaneos-dejan-saldo-de-un-muerto-y-seis-heridos-en-la-zona-de-bares-de-cancun-quintana-roo\\\/#primaryimage\"},\"thumbnailUrl\":\"https:\\\/\\\/canal7slp.tv\\\/2022\\\/wp-content\\\/uploads\\\/2022\\\/05\\\/02-4.jpg\",\"articleSection\":[\"NACIONALES\"],\"inLanguage\":\"es\"},{\"@type\":\"WebPage\",\"@id\":\"https:\\\/\\\/canal7slp.tv\\\/2022\\\/ataques-simultaneos-dejan-saldo-de-un-muerto-y-seis-heridos-en-la-zona-de-bares-de-cancun-quintana-roo\\\/\",\"url\":\"https:\\\/\\\/canal7slp.tv\\\/2022\\\/ataques-simultaneos-dejan-saldo-de-un-muerto-y-seis-heridos-en-la-zona-de-bares-de-cancun-quintana-roo\\\/\",\"name\":\"Ataques simult\u00e1neos dejan saldo de un muerto y seis heridos en la zona de bares de Canc\u00fan, Quintana Roo - Canal 7 SLP - 2022\",\"isPartOf\":{\"@id\":\"https:\\\/\\\/canal7slp.tv\\\/2022\\\/#website\"},\"primaryImageOfPage\":{\"@id\":\"https:\\\/\\\/canal7slp.tv\\\/2022\\\/ataques-simultaneos-dejan-saldo-de-un-muerto-y-seis-heridos-en-la-zona-de-bares-de-cancun-quintana-roo\\\/#primaryimage\"},\"image\":{\"@id\":\"https:\\\/\\\/canal7slp.tv\\\/2022\\\/ataques-simultaneos-dejan-saldo-de-un-muerto-y-seis-heridos-en-la-zona-de-bares-de-cancun-quintana-roo\\\/#primaryimage\"},\"thumbnailUrl\":\"https:\\\/\\\/canal7slp.tv\\\/2022\\\/wp-content\\\/uploads\\\/2022\\\/05\\\/02-4.jpg\",\"datePublished\":\"2022-05-07T20:39:15+00:00\",\"breadcrumb\":{\"@id\":\"https:\\\/\\\/canal7slp.tv\\\/2022\\\/ataques-simultaneos-dejan-saldo-de-un-muerto-y-seis-heridos-en-la-zona-de-bares-de-cancun-quintana-roo\\\/#breadcrumb\"},\"inLanguage\":\"es\",\"potentialAction\":[{\"@type\":\"ReadAction\",\"target\":[\"https:\\\/\\\/canal7slp.tv\\\/2022\\\/ataques-simultaneos-dejan-saldo-de-un-muerto-y-seis-heridos-en-la-zona-de-bares-de-cancun-quintana-roo\\\/\"]}]},{\"@type\":\"ImageObject\",\"inLanguage\":\"es\",\"@id\":\"https:\\\/\\\/canal7slp.tv\\\/2022\\\/ataques-simultaneos-dejan-saldo-de-un-muerto-y-seis-heridos-en-la-zona-de-bares-de-cancun-quintana-roo\\\/#primaryimage\",\"url\":\"https:\\\/\\\/canal7slp.tv\\\/2022\\\/wp-content\\\/uploads\\\/2022\\\/05\\\/02-4.jpg\",\"contentUrl\":\"https:\\\/\\\/canal7slp.tv\\\/2022\\\/wp-content\\\/uploads\\\/2022\\\/05\\\/02-4.jpg\",\"width\":960,\"height\":640},{\"@type\":\"BreadcrumbList\",\"@id\":\"https:\\\/\\\/canal7slp.tv\\\/2022\\\/ataques-simultaneos-dejan-saldo-de-un-muerto-y-seis-heridos-en-la-zona-de-bares-de-cancun-quintana-roo\\\/#breadcrumb\",\"itemListElement\":[{\"@type\":\"ListItem\",\"position\":1,\"name\":\"Portada\",\"item\":\"https:\\\/\\\/canal7slp.tv\\\/2022\\\/\"},{\"@type\":\"ListItem\",\"position\":2,\"name\":\"Ataques simult\u00e1neos dejan saldo de un muerto y seis heridos en la zona de bares de Canc\u00fan, Quintana Roo\"}]},{\"@type\":\"WebSite\",\"@id\":\"https:\\\/\\\/canal7slp.tv\\\/2022\\\/#website\",\"url\":\"https:\\\/\\\/canal7slp.tv\\\/2022\\\/\",\"name\":\"N7 - Noticieros Canal 7\",\"description\":\"Somos Televisi\u00f3n\",\"publisher\":{\"@id\":\"https:\\\/\\\/canal7slp.tv\\\/2022\\\/#organization\"},\"potentialAction\":[{\"@type\":\"SearchAction\",\"target\":{\"@type\":\"EntryPoint\",\"urlTemplate\":\"https:\\\/\\\/canal7slp.tv\\\/2022\\\/?s={search_term_string}\"},\"query-input\":{\"@type\":\"PropertyValueSpecification\",\"valueRequired\":true,\"valueName\":\"search_term_string\"}}],\"inLanguage\":\"es\"},{\"@type\":\"Organization\",\"@id\":\"https:\\\/\\\/canal7slp.tv\\\/2022\\\/#organization\",\"name\":\"Noticieros Canal 7\",\"url\":\"https:\\\/\\\/canal7slp.tv\\\/2022\\\/\",\"logo\":{\"@type\":\"ImageObject\",\"inLanguage\":\"es\",\"@id\":\"https:\\\/\\\/canal7slp.tv\\\/2022\\\/#\\\/schema\\\/logo\\\/image\\\/\",\"url\":\"https:\\\/\\\/canal7slp.tv\\\/2022\\\/wp-content\\\/uploads\\\/2021\\\/01\\\/logo-noticieros@2x.png\",\"contentUrl\":\"https:\\\/\\\/canal7slp.tv\\\/2022\\\/wp-content\\\/uploads\\\/2021\\\/01\\\/logo-noticieros@2x.png\",\"width\":1017,\"height\":268,\"caption\":\"Noticieros Canal 7\"},\"image\":{\"@id\":\"https:\\\/\\\/canal7slp.tv\\\/2022\\\/#\\\/schema\\\/logo\\\/image\\\/\"},\"sameAs\":[\"https:\\\/\\\/www.facebook.com\\\/noticieroscanalsiete\",\"https:\\\/\\\/x.com\\\/NOTICIEROS7\",\"https:\\\/\\\/www.instagram.com\\\/canal7_slp\",\"https:\\\/\\\/www.youtube.com\\\/channel\\\/UCliiYs-gP3JfJeqdPrNdd5A\"]},{\"@type\":\"Person\",\"@id\":\"https:\\\/\\\/canal7slp.tv\\\/2022\\\/#\\\/schema\\\/person\\\/429704152a21f5f856ce29aa69a238da\",\"name\":\"Edici\u00f3n Web\",\"image\":{\"@type\":\"ImageObject\",\"inLanguage\":\"es\",\"@id\":\"https:\\\/\\\/secure.gravatar.com\\\/avatar\\\/eee448fc3f7164808013b816ba91ac7e43bbe82a70bebac296f8bc6f0addaa1a?s=96&d=mm&r=g\",\"url\":\"https:\\\/\\\/secure.gravatar.com\\\/avatar\\\/eee448fc3f7164808013b816ba91ac7e43bbe82a70bebac296f8bc6f0addaa1a?s=96&d=mm&r=g\",\"contentUrl\":\"https:\\\/\\\/secure.gravatar.com\\\/avatar\\\/eee448fc3f7164808013b816ba91ac7e43bbe82a70bebac296f8bc6f0addaa1a?s=96&d=mm&r=g\",\"caption\":\"Edici\u00f3n Web\"},\"url\":\"https:\\\/\\\/canal7slp.tv\\\/2022\\\/author\\\/edicionweb\\\/\"}]}<\/script>\n<!-- \/ Yoast SEO plugin. -->","yoast_head_json":{"title":"Ataques simult\u00e1neos dejan saldo de un muerto y seis heridos en la zona de bares de Canc\u00fan, Quintana Roo - Canal 7 SLP - 2022","robots":{"index":"index","follow":"follow","max-snippet":"max-snippet:-1","max-image-preview":"max-image-preview:large","max-video-preview":"max-video-preview:-1"},"canonical":"https:\/\/canal7slp.tv\/2022\/ataques-simultaneos-dejan-saldo-de-un-muerto-y-seis-heridos-en-la-zona-de-bares-de-cancun-quintana-roo\/","og_locale":"es_ES","og_type":"article","og_title":"Ataques simult\u00e1neos dejan saldo de un muerto y seis heridos en la zona de bares de Canc\u00fan, Quintana Roo - Canal 7 SLP - 2022","og_description":"Canc\u00fan.- Durante la noche del 6 de mayo, se registraron dos ataques armados contra bares de la zona zona urbana bares de Canc\u00fan, Quintana Roo, con saldo de seis personas heridas y un muerto. La Fiscal\u00eda General del Estado (FGE), inform\u00f3 la detenci\u00f3n de una persona por su probable participaci\u00f3n en estos atentados. De acuerdo con medios locales, los bares atacados habr\u00edan sido amenazados en d\u00edas recientes por supuestos grupos criminales. Cabe se\u00f1alar que los ataques desataron el p\u00e1nico entre la ciudadan\u00eda que visitaba los centros nocturnos.","og_url":"https:\/\/canal7slp.tv\/2022\/ataques-simultaneos-dejan-saldo-de-un-muerto-y-seis-heridos-en-la-zona-de-bares-de-cancun-quintana-roo\/","og_site_name":"Canal 7 SLP - 2022","article_publisher":"https:\/\/www.facebook.com\/noticieroscanalsiete","article_published_time":"2022-05-07T20:39:15+00:00","og_image":[{"width":960,"height":640,"url":"https:\/\/canal7slp.tv\/2022\/wp-content\/uploads\/2022\/05\/02-4.jpg","type":"image\/jpeg"}],"author":"Edici\u00f3n Web","twitter_card":"summary_large_image","twitter_creator":"@NOTICIEROS7","twitter_site":"@NOTICIEROS7","twitter_misc":{"Escrito por":"Edici\u00f3n Web","Tiempo de lectura":"1 minuto"},"schema":{"@context":"https:\/\/schema.org","@graph":[{"@type":"Article","@id":"https:\/\/canal7slp.tv\/2022\/ataques-simultaneos-dejan-saldo-de-un-muerto-y-seis-heridos-en-la-zona-de-bares-de-cancun-quintana-roo\/#article","isPartOf":{"@id":"https:\/\/canal7slp.tv\/2022\/ataques-simultaneos-dejan-saldo-de-un-muerto-y-seis-heridos-en-la-zona-de-bares-de-cancun-quintana-roo\/"},"author":{"name":"Edici\u00f3n Web","@id":"https:\/\/canal7slp.tv\/2022\/#\/schema\/person\/429704152a21f5f856ce29aa69a238da"},"headline":"Ataques simult\u00e1neos dejan saldo de un muerto y seis heridos en la zona de bares de Canc\u00fan, Quintana Roo","datePublished":"2022-05-07T20:39:15+00:00","mainEntityOfPage":{"@id":"https:\/\/canal7slp.tv\/2022\/ataques-simultaneos-dejan-saldo-de-un-muerto-y-seis-heridos-en-la-zona-de-bares-de-cancun-quintana-roo\/"},"wordCount":118,"publisher":{"@id":"https:\/\/canal7slp.tv\/2022\/#organization"},"image":{"@id":"https:\/\/canal7slp.tv\/2022\/ataques-simultaneos-dejan-saldo-de-un-muerto-y-seis-heridos-en-la-zona-de-bares-de-cancun-quintana-roo\/#primaryimage"},"thumbnailUrl":"https:\/\/canal7slp.tv\/2022\/wp-content\/uploads\/2022\/05\/02-4.jpg","articleSection":["NACIONALES"],"inLanguage":"es"},{"@type":"WebPage","@id":"https:\/\/canal7slp.tv\/2022\/ataques-simultaneos-dejan-saldo-de-un-muerto-y-seis-heridos-en-la-zona-de-bares-de-cancun-quintana-roo\/","url":"https:\/\/canal7slp.tv\/2022\/ataques-simultaneos-dejan-saldo-de-un-muerto-y-seis-heridos-en-la-zona-de-bares-de-cancun-quintana-roo\/","name":"Ataques simult\u00e1neos dejan saldo de un muerto y seis heridos en la zona de bares de Canc\u00fan, Quintana Roo - Canal 7 SLP - 2022","isPartOf":{"@id":"https:\/\/canal7slp.tv\/2022\/#website"},"primaryImageOfPage":{"@id":"https:\/\/canal7slp.tv\/2022\/ataques-simultaneos-dejan-saldo-de-un-muerto-y-seis-heridos-en-la-zona-de-bares-de-cancun-quintana-roo\/#primaryimage"},"image":{"@id":"https:\/\/canal7slp.tv\/2022\/ataques-simultaneos-dejan-saldo-de-un-muerto-y-seis-heridos-en-la-zona-de-bares-de-cancun-quintana-roo\/#primaryimage"},"thumbnailUrl":"https:\/\/canal7slp.tv\/2022\/wp-content\/uploads\/2022\/05\/02-4.jpg","datePublished":"2022-05-07T20:39:15+00:00","breadcrumb":{"@id":"https:\/\/canal7slp.tv\/2022\/ataques-simultaneos-dejan-saldo-de-un-muerto-y-seis-heridos-en-la-zona-de-bares-de-cancun-quintana-roo\/#breadcrumb"},"inLanguage":"es","potentialAction":[{"@type":"ReadAction","target":["https:\/\/canal7slp.tv\/2022\/ataques-simultaneos-dejan-saldo-de-un-muerto-y-seis-heridos-en-la-zona-de-bares-de-cancun-quintana-roo\/"]}]},{"@type":"ImageObject","inLanguage":"es","@id":"https:\/\/canal7slp.tv\/2022\/ataques-simultaneos-dejan-saldo-de-un-muerto-y-seis-heridos-en-la-zona-de-bares-de-cancun-quintana-roo\/#primaryimage","url":"https:\/\/canal7slp.tv\/2022\/wp-content\/uploads\/2022\/05\/02-4.jpg","contentUrl":"https:\/\/canal7slp.tv\/2022\/wp-content\/uploads\/2022\/05\/02-4.jpg","width":960,"height":640},{"@type":"BreadcrumbList","@id":"https:\/\/canal7slp.tv\/2022\/ataques-simultaneos-dejan-saldo-de-un-muerto-y-seis-heridos-en-la-zona-de-bares-de-cancun-quintana-roo\/#breadcrumb","itemListElement":[{"@type":"ListItem","position":1,"name":"Portada","item":"https:\/\/canal7slp.tv\/2022\/"},{"@type":"ListItem","position":2,"name":"Ataques simult\u00e1neos dejan saldo de un muerto y seis heridos en la zona de bares de Canc\u00fan, Quintana Roo"}]},{"@type":"WebSite","@id":"https:\/\/canal7slp.tv\/2022\/#website","url":"https:\/\/canal7slp.tv\/2022\/","name":"N7 - Noticieros Canal 7","description":"Somos Televisi\u00f3n","publisher":{"@id":"https:\/\/canal7slp.tv\/2022\/#organization"},"potentialAction":[{"@type":"SearchAction","target":{"@type":"EntryPoint","urlTemplate":"https:\/\/canal7slp.tv\/2022\/?s={search_term_string}"},"query-input":{"@type":"PropertyValueSpecification","valueRequired":true,"valueName":"search_term_string"}}],"inLanguage":"es"},{"@type":"Organization","@id":"https:\/\/canal7slp.tv\/2022\/#organization","name":"Noticieros Canal 7","url":"https:\/\/canal7slp.tv\/2022\/","logo":{"@type":"ImageObject","inLanguage":"es","@id":"https:\/\/canal7slp.tv\/2022\/#\/schema\/logo\/image\/","url":"https:\/\/canal7slp.tv\/2022\/wp-content\/uploads\/2021\/01\/logo-noticieros@2x.png","contentUrl":"https:\/\/canal7slp.tv\/2022\/wp-content\/uploads\/2021\/01\/logo-noticieros@2x.png","width":1017,"height":268,"caption":"Noticieros Canal 7"},"image":{"@id":"https:\/\/canal7slp.tv\/2022\/#\/schema\/logo\/image\/"},"sameAs":["https:\/\/www.facebook.com\/noticieroscanalsiete","https:\/\/x.com\/NOTICIEROS7","https:\/\/www.instagram.com\/canal7_slp","https:\/\/www.youtube.com\/channel\/UCliiYs-gP3JfJeqdPrNdd5A"]},{"@type":"Person","@id":"https:\/\/canal7slp.tv\/2022\/#\/schema\/person\/429704152a21f5f856ce29aa69a238da","name":"Edici\u00f3n Web","image":{"@type":"ImageObject","inLanguage":"es","@id":"https:\/\/secure.gravatar.com\/avatar\/eee448fc3f7164808013b816ba91ac7e43bbe82a70bebac296f8bc6f0addaa1a?s=96&d=mm&r=g","url":"https:\/\/secure.gravatar.com\/avatar\/eee448fc3f7164808013b816ba91ac7e43bbe82a70bebac296f8bc6f0addaa1a?s=96&d=mm&r=g","contentUrl":"https:\/\/secure.gravatar.com\/avatar\/eee448fc3f7164808013b816ba91ac7e43bbe82a70bebac296f8bc6f0addaa1a?s=96&d=mm&r=g","caption":"Edici\u00f3n Web"},"url":"https:\/\/canal7slp.tv\/2022\/author\/edicionweb\/"}]}},"amp_enabled":true,"_links":{"self":[{"href":"https:\/\/canal7slp.tv\/2022\/wp-json\/wp\/v2\/posts\/59504","targetHints":{"allow":["GET"]}}],"collection":[{"href":"https:\/\/canal7slp.tv\/2022\/wp-json\/wp\/v2\/posts"}],"about":[{"href":"https:\/\/canal7slp.tv\/2022\/wp-json\/wp\/v2\/types\/post"}],"author":[{"embeddable":true,"href":"https:\/\/canal7slp.tv\/2022\/wp-json\/wp\/v2\/users\/2"}],"replies":[{"embeddable":true,"href":"https:\/\/canal7slp.tv\/2022\/wp-json\/wp\/v2\/comments?post=59504"}],"version-history":[{"count":3,"href":"https:\/\/canal7slp.tv\/2022\/wp-json\/wp\/v2\/posts\/59504\/revisions"}],"predecessor-version":[{"id":59527,"href":"https:\/\/canal7slp.tv\/2022\/wp-json\/wp\/v2\/posts\/59504\/revisions\/59527"}],"wp:featuredmedia":[{"embeddable":true,"href":"https:\/\/canal7slp.tv\/2022\/wp-json\/wp\/v2\/media\/59516"}],"wp:attachment":[{"href":"https:\/\/canal7slp.tv\/2022\/wp-json\/wp\/v2\/media?parent=59504"}],"wp:term":[{"taxonomy":"category","embeddable":true,"href":"https:\/\/canal7slp.tv\/2022\/wp-json\/wp\/v2\/categories?post=59504"},{"taxonomy":"post_tag","embeddable":true,"href":"https:\/\/canal7slp.tv\/2022\/wp-json\/wp\/v2\/tags?post=59504"}],"curies":[{"name":"wp","href":"https:\/\/api.w.org\/{rel}","templated":true}]}}