{"id":59451,"date":"2022-05-07T22:33:22","date_gmt":"2022-05-08T04:33:22","guid":{"rendered":"https:\/\/canal7slp.tv\/2022\/?p=59451"},"modified":"2022-05-07T22:33:22","modified_gmt":"2022-05-08T04:33:22","slug":"de-nueva-cuenta-morena-se-deslinda-de-monica-su-excandidata-a-la-gubernatura-en-slp","status":"publish","type":"post","link":"https:\/\/canal7slp.tv\/2022\/de-nueva-cuenta-morena-se-deslinda-de-monica-su-excandidata-a-la-gubernatura-en-slp\/","title":{"rendered":"De nueva cuenta MORENA se deslinda de M\u00f3nica, su excandidata a la gubernatura en SLP."},"content":{"rendered":"<p style=\"text-align: justify;\">SLP.- A trav\u00e9s de un comunicado le\u00eddo ante los representantes de los medios de comunicaci\u00f3n el Comit\u00e9 Directivo Estatal del Partido del Movimiento de Regeneraci\u00f3n Nacional, se deslind\u00f3\u00a0 totalmente de la extitular de los Servicios de Salud en el Estado M\u00f3nica Rangel Mart\u00ednez, quien fuera candidata de este partido a la gubernatura en las elecciones del 2021 y que ahora enfrenta un proceso penal, por presuntas irregularidades cuando estuvo al frente de esta dependencia estatal.<\/p>\n<p style=\"text-align: justify;\">En este comunicado la dirigencia de MORENA rechaz\u00f3 cualquier protecci\u00f3n pol\u00edtica hacia la exfuncionaria en su intento de evitar el proceso penal que enfrenta.<\/p>\n<p style=\"text-align: justify;\">En su intervenci\u00f3n, el dirigente estatal de este partido Sergio Serrano Soriano, insisti\u00f3 que fue el Comit\u00e9 Ejecutivo Nacional quien impuso a Rangel Mart\u00ednez como candidata morenista a la gubernatura de San Luis Potos\u00ed.<\/p>\n<p style=\"text-align: justify;\">Se\u00f1al\u00f3 que en MORENA sus militantes siempre se han manifestado en contra de los funcionarios p\u00fablicos que al amparo de sus cargos, buscan la impunidad.<\/p>\n<p style=\"text-align: justify;\">Por: Claudio Ibarra<\/p>\n","protected":false},"excerpt":{"rendered":"<p>SLP.- A trav\u00e9s de un comunicado le\u00eddo ante los representantes de los medios de comunicaci\u00f3n el Comit\u00e9 Directivo Estatal del Partido del Movimiento de Regeneraci\u00f3n Nacional, se deslind\u00f3\u00a0 totalmente de la extitular de los Servicios de Salud en el Estado M\u00f3nica Rangel Mart\u00ednez, quien fuera candidata de este partido a la gubernatura en las elecciones del 2021 y que ahora enfrenta un proceso penal, por presuntas irregularidades cuando estuvo al frente de esta dependencia estatal. En este comunicado la dirigencia de MORENA rechaz\u00f3 cualquier protecci\u00f3n pol\u00edtica hacia la exfuncionaria en su intento de evitar el proceso penal que enfrenta. En [&hellip;]<\/p>\n","protected":false},"author":2,"featured_media":59554,"comment_status":"closed","ping_status":"closed","sticky":false,"template":"","format":"video","meta":{"footnotes":""},"categories":[5,45],"tags":[],"class_list":["post-59451","post","type-post","status-publish","format-video","has-post-thumbnail","hentry","category-destacadas","category-localesyregionales","post_format-post-format-video","post--single"],"yoast_head":"<!-- This site is optimized with the Yoast SEO plugin v27.4 - https:\/\/yoast.com\/product\/yoast-seo-wordpress\/ -->\n<title>De nueva cuenta MORENA se deslinda de M\u00f3nica, su excandidata a la gubernatura en SLP. - Canal 7 SLP - 2022<\/title>\n<meta name=\"robots\" content=\"index, follow, max-snippet:-1, max-image-preview:large, max-video-preview:-1\" \/>\n<link rel=\"canonical\" href=\"https:\/\/canal7slp.tv\/2022\/de-nueva-cuenta-morena-se-deslinda-de-monica-su-excandidata-a-la-gubernatura-en-slp\/\" \/>\n<meta property=\"og:locale\" content=\"es_ES\" \/>\n<meta property=\"og:type\" content=\"article\" \/>\n<meta property=\"og:title\" content=\"De nueva cuenta MORENA se deslinda de M\u00f3nica, su excandidata a la gubernatura en SLP. - Canal 7 SLP - 2022\" \/>\n<meta property=\"og:description\" content=\"SLP.- A trav\u00e9s de un comunicado le\u00eddo ante los representantes de los medios de comunicaci\u00f3n el Comit\u00e9 Directivo Estatal del Partido del Movimiento de Regeneraci\u00f3n Nacional, se deslind\u00f3\u00a0 totalmente de la extitular de los Servicios de Salud en el Estado M\u00f3nica Rangel Mart\u00ednez, quien fuera candidata de este partido a la gubernatura en las elecciones del 2021 y que ahora enfrenta un proceso penal, por presuntas irregularidades cuando estuvo al frente de esta dependencia estatal. En este comunicado la dirigencia de MORENA rechaz\u00f3 cualquier protecci\u00f3n pol\u00edtica hacia la exfuncionaria en su intento de evitar el proceso penal que enfrenta. En [&hellip;]\" \/>\n<meta property=\"og:url\" content=\"https:\/\/canal7slp.tv\/2022\/de-nueva-cuenta-morena-se-deslinda-de-monica-su-excandidata-a-la-gubernatura-en-slp\/\" \/>\n<meta property=\"og:site_name\" content=\"Canal 7 SLP - 2022\" \/>\n<meta property=\"article:publisher\" content=\"https:\/\/www.facebook.com\/noticieroscanalsiete\" \/>\n<meta property=\"article:published_time\" content=\"2022-05-08T04:33:22+00:00\" \/>\n<meta property=\"og:image\" content=\"https:\/\/canal7slp.tv\/2022\/wp-content\/uploads\/2022\/05\/Claudio02Deslinde.jpg\" \/>\n\t<meta property=\"og:image:width\" content=\"888\" \/>\n\t<meta property=\"og:image:height\" content=\"500\" \/>\n\t<meta property=\"og:image:type\" content=\"image\/jpeg\" \/>\n<meta name=\"author\" content=\"Edici\u00f3n Web\" \/>\n<meta name=\"twitter:card\" content=\"summary_large_image\" \/>\n<meta name=\"twitter:creator\" content=\"@NOTICIEROS7\" \/>\n<meta name=\"twitter:site\" content=\"@NOTICIEROS7\" \/>\n<meta name=\"twitter:label1\" content=\"Escrito por\" \/>\n\t<meta name=\"twitter:data1\" content=\"Edici\u00f3n Web\" \/>\n\t<meta name=\"twitter:label2\" content=\"Tiempo de lectura\" \/>\n\t<meta name=\"twitter:data2\" content=\"1 minuto\" \/>\n<script type=\"application\/ld+json\" class=\"yoast-schema-graph\">{\"@context\":\"https:\\\/\\\/schema.org\",\"@graph\":[{\"@type\":\"Article\",\"@id\":\"https:\\\/\\\/canal7slp.tv\\\/2022\\\/de-nueva-cuenta-morena-se-deslinda-de-monica-su-excandidata-a-la-gubernatura-en-slp\\\/#article\",\"isPartOf\":{\"@id\":\"https:\\\/\\\/canal7slp.tv\\\/2022\\\/de-nueva-cuenta-morena-se-deslinda-de-monica-su-excandidata-a-la-gubernatura-en-slp\\\/\"},\"author\":{\"name\":\"Edici\u00f3n Web\",\"@id\":\"https:\\\/\\\/canal7slp.tv\\\/2022\\\/#\\\/schema\\\/person\\\/429704152a21f5f856ce29aa69a238da\"},\"headline\":\"De nueva cuenta MORENA se deslinda de M\u00f3nica, su excandidata a la gubernatura en SLP.\",\"datePublished\":\"2022-05-08T04:33:22+00:00\",\"mainEntityOfPage\":{\"@id\":\"https:\\\/\\\/canal7slp.tv\\\/2022\\\/de-nueva-cuenta-morena-se-deslinda-de-monica-su-excandidata-a-la-gubernatura-en-slp\\\/\"},\"wordCount\":189,\"publisher\":{\"@id\":\"https:\\\/\\\/canal7slp.tv\\\/2022\\\/#organization\"},\"image\":{\"@id\":\"https:\\\/\\\/canal7slp.tv\\\/2022\\\/de-nueva-cuenta-morena-se-deslinda-de-monica-su-excandidata-a-la-gubernatura-en-slp\\\/#primaryimage\"},\"thumbnailUrl\":\"https:\\\/\\\/canal7slp.tv\\\/2022\\\/wp-content\\\/uploads\\\/2022\\\/05\\\/Claudio02Deslinde.jpg\",\"articleSection\":[\"DESTACADAS\",\"LOCALES Y REGIONALES\"],\"inLanguage\":\"es\"},{\"@type\":\"WebPage\",\"@id\":\"https:\\\/\\\/canal7slp.tv\\\/2022\\\/de-nueva-cuenta-morena-se-deslinda-de-monica-su-excandidata-a-la-gubernatura-en-slp\\\/\",\"url\":\"https:\\\/\\\/canal7slp.tv\\\/2022\\\/de-nueva-cuenta-morena-se-deslinda-de-monica-su-excandidata-a-la-gubernatura-en-slp\\\/\",\"name\":\"De nueva cuenta MORENA se deslinda de M\u00f3nica, su excandidata a la gubernatura en SLP. - Canal 7 SLP - 2022\",\"isPartOf\":{\"@id\":\"https:\\\/\\\/canal7slp.tv\\\/2022\\\/#website\"},\"primaryImageOfPage\":{\"@id\":\"https:\\\/\\\/canal7slp.tv\\\/2022\\\/de-nueva-cuenta-morena-se-deslinda-de-monica-su-excandidata-a-la-gubernatura-en-slp\\\/#primaryimage\"},\"image\":{\"@id\":\"https:\\\/\\\/canal7slp.tv\\\/2022\\\/de-nueva-cuenta-morena-se-deslinda-de-monica-su-excandidata-a-la-gubernatura-en-slp\\\/#primaryimage\"},\"thumbnailUrl\":\"https:\\\/\\\/canal7slp.tv\\\/2022\\\/wp-content\\\/uploads\\\/2022\\\/05\\\/Claudio02Deslinde.jpg\",\"datePublished\":\"2022-05-08T04:33:22+00:00\",\"breadcrumb\":{\"@id\":\"https:\\\/\\\/canal7slp.tv\\\/2022\\\/de-nueva-cuenta-morena-se-deslinda-de-monica-su-excandidata-a-la-gubernatura-en-slp\\\/#breadcrumb\"},\"inLanguage\":\"es\",\"potentialAction\":[{\"@type\":\"ReadAction\",\"target\":[\"https:\\\/\\\/canal7slp.tv\\\/2022\\\/de-nueva-cuenta-morena-se-deslinda-de-monica-su-excandidata-a-la-gubernatura-en-slp\\\/\"]}]},{\"@type\":\"ImageObject\",\"inLanguage\":\"es\",\"@id\":\"https:\\\/\\\/canal7slp.tv\\\/2022\\\/de-nueva-cuenta-morena-se-deslinda-de-monica-su-excandidata-a-la-gubernatura-en-slp\\\/#primaryimage\",\"url\":\"https:\\\/\\\/canal7slp.tv\\\/2022\\\/wp-content\\\/uploads\\\/2022\\\/05\\\/Claudio02Deslinde.jpg\",\"contentUrl\":\"https:\\\/\\\/canal7slp.tv\\\/2022\\\/wp-content\\\/uploads\\\/2022\\\/05\\\/Claudio02Deslinde.jpg\",\"width\":888,\"height\":500},{\"@type\":\"BreadcrumbList\",\"@id\":\"https:\\\/\\\/canal7slp.tv\\\/2022\\\/de-nueva-cuenta-morena-se-deslinda-de-monica-su-excandidata-a-la-gubernatura-en-slp\\\/#breadcrumb\",\"itemListElement\":[{\"@type\":\"ListItem\",\"position\":1,\"name\":\"Portada\",\"item\":\"https:\\\/\\\/canal7slp.tv\\\/2022\\\/\"},{\"@type\":\"ListItem\",\"position\":2,\"name\":\"De nueva cuenta MORENA se deslinda de M\u00f3nica, su excandidata a la gubernatura en SLP.\"}]},{\"@type\":\"WebSite\",\"@id\":\"https:\\\/\\\/canal7slp.tv\\\/2022\\\/#website\",\"url\":\"https:\\\/\\\/canal7slp.tv\\\/2022\\\/\",\"name\":\"N7 - Noticieros Canal 7\",\"description\":\"Somos Televisi\u00f3n\",\"publisher\":{\"@id\":\"https:\\\/\\\/canal7slp.tv\\\/2022\\\/#organization\"},\"potentialAction\":[{\"@type\":\"SearchAction\",\"target\":{\"@type\":\"EntryPoint\",\"urlTemplate\":\"https:\\\/\\\/canal7slp.tv\\\/2022\\\/?s={search_term_string}\"},\"query-input\":{\"@type\":\"PropertyValueSpecification\",\"valueRequired\":true,\"valueName\":\"search_term_string\"}}],\"inLanguage\":\"es\"},{\"@type\":\"Organization\",\"@id\":\"https:\\\/\\\/canal7slp.tv\\\/2022\\\/#organization\",\"name\":\"Noticieros Canal 7\",\"url\":\"https:\\\/\\\/canal7slp.tv\\\/2022\\\/\",\"logo\":{\"@type\":\"ImageObject\",\"inLanguage\":\"es\",\"@id\":\"https:\\\/\\\/canal7slp.tv\\\/2022\\\/#\\\/schema\\\/logo\\\/image\\\/\",\"url\":\"https:\\\/\\\/canal7slp.tv\\\/2022\\\/wp-content\\\/uploads\\\/2021\\\/01\\\/logo-noticieros@2x.png\",\"contentUrl\":\"https:\\\/\\\/canal7slp.tv\\\/2022\\\/wp-content\\\/uploads\\\/2021\\\/01\\\/logo-noticieros@2x.png\",\"width\":1017,\"height\":268,\"caption\":\"Noticieros Canal 7\"},\"image\":{\"@id\":\"https:\\\/\\\/canal7slp.tv\\\/2022\\\/#\\\/schema\\\/logo\\\/image\\\/\"},\"sameAs\":[\"https:\\\/\\\/www.facebook.com\\\/noticieroscanalsiete\",\"https:\\\/\\\/x.com\\\/NOTICIEROS7\",\"https:\\\/\\\/www.instagram.com\\\/canal7_slp\",\"https:\\\/\\\/www.youtube.com\\\/channel\\\/UCliiYs-gP3JfJeqdPrNdd5A\"]},{\"@type\":\"Person\",\"@id\":\"https:\\\/\\\/canal7slp.tv\\\/2022\\\/#\\\/schema\\\/person\\\/429704152a21f5f856ce29aa69a238da\",\"name\":\"Edici\u00f3n Web\",\"image\":{\"@type\":\"ImageObject\",\"inLanguage\":\"es\",\"@id\":\"https:\\\/\\\/secure.gravatar.com\\\/avatar\\\/eee448fc3f7164808013b816ba91ac7e43bbe82a70bebac296f8bc6f0addaa1a?s=96&d=mm&r=g\",\"url\":\"https:\\\/\\\/secure.gravatar.com\\\/avatar\\\/eee448fc3f7164808013b816ba91ac7e43bbe82a70bebac296f8bc6f0addaa1a?s=96&d=mm&r=g\",\"contentUrl\":\"https:\\\/\\\/secure.gravatar.com\\\/avatar\\\/eee448fc3f7164808013b816ba91ac7e43bbe82a70bebac296f8bc6f0addaa1a?s=96&d=mm&r=g\",\"caption\":\"Edici\u00f3n Web\"},\"url\":\"https:\\\/\\\/canal7slp.tv\\\/2022\\\/author\\\/edicionweb\\\/\"}]}<\/script>\n<!-- \/ Yoast SEO plugin. -->","yoast_head_json":{"title":"De nueva cuenta MORENA se deslinda de M\u00f3nica, su excandidata a la gubernatura en SLP. - Canal 7 SLP - 2022","robots":{"index":"index","follow":"follow","max-snippet":"max-snippet:-1","max-image-preview":"max-image-preview:large","max-video-preview":"max-video-preview:-1"},"canonical":"https:\/\/canal7slp.tv\/2022\/de-nueva-cuenta-morena-se-deslinda-de-monica-su-excandidata-a-la-gubernatura-en-slp\/","og_locale":"es_ES","og_type":"article","og_title":"De nueva cuenta MORENA se deslinda de M\u00f3nica, su excandidata a la gubernatura en SLP. - Canal 7 SLP - 2022","og_description":"SLP.- A trav\u00e9s de un comunicado le\u00eddo ante los representantes de los medios de comunicaci\u00f3n el Comit\u00e9 Directivo Estatal del Partido del Movimiento de Regeneraci\u00f3n Nacional, se deslind\u00f3\u00a0 totalmente de la extitular de los Servicios de Salud en el Estado M\u00f3nica Rangel Mart\u00ednez, quien fuera candidata de este partido a la gubernatura en las elecciones del 2021 y que ahora enfrenta un proceso penal, por presuntas irregularidades cuando estuvo al frente de esta dependencia estatal. En este comunicado la dirigencia de MORENA rechaz\u00f3 cualquier protecci\u00f3n pol\u00edtica hacia la exfuncionaria en su intento de evitar el proceso penal que enfrenta. En [&hellip;]","og_url":"https:\/\/canal7slp.tv\/2022\/de-nueva-cuenta-morena-se-deslinda-de-monica-su-excandidata-a-la-gubernatura-en-slp\/","og_site_name":"Canal 7 SLP - 2022","article_publisher":"https:\/\/www.facebook.com\/noticieroscanalsiete","article_published_time":"2022-05-08T04:33:22+00:00","og_image":[{"width":888,"height":500,"url":"https:\/\/canal7slp.tv\/2022\/wp-content\/uploads\/2022\/05\/Claudio02Deslinde.jpg","type":"image\/jpeg"}],"author":"Edici\u00f3n Web","twitter_card":"summary_large_image","twitter_creator":"@NOTICIEROS7","twitter_site":"@NOTICIEROS7","twitter_misc":{"Escrito por":"Edici\u00f3n Web","Tiempo de lectura":"1 minuto"},"schema":{"@context":"https:\/\/schema.org","@graph":[{"@type":"Article","@id":"https:\/\/canal7slp.tv\/2022\/de-nueva-cuenta-morena-se-deslinda-de-monica-su-excandidata-a-la-gubernatura-en-slp\/#article","isPartOf":{"@id":"https:\/\/canal7slp.tv\/2022\/de-nueva-cuenta-morena-se-deslinda-de-monica-su-excandidata-a-la-gubernatura-en-slp\/"},"author":{"name":"Edici\u00f3n Web","@id":"https:\/\/canal7slp.tv\/2022\/#\/schema\/person\/429704152a21f5f856ce29aa69a238da"},"headline":"De nueva cuenta MORENA se deslinda de M\u00f3nica, su excandidata a la gubernatura en SLP.","datePublished":"2022-05-08T04:33:22+00:00","mainEntityOfPage":{"@id":"https:\/\/canal7slp.tv\/2022\/de-nueva-cuenta-morena-se-deslinda-de-monica-su-excandidata-a-la-gubernatura-en-slp\/"},"wordCount":189,"publisher":{"@id":"https:\/\/canal7slp.tv\/2022\/#organization"},"image":{"@id":"https:\/\/canal7slp.tv\/2022\/de-nueva-cuenta-morena-se-deslinda-de-monica-su-excandidata-a-la-gubernatura-en-slp\/#primaryimage"},"thumbnailUrl":"https:\/\/canal7slp.tv\/2022\/wp-content\/uploads\/2022\/05\/Claudio02Deslinde.jpg","articleSection":["DESTACADAS","LOCALES Y REGIONALES"],"inLanguage":"es"},{"@type":"WebPage","@id":"https:\/\/canal7slp.tv\/2022\/de-nueva-cuenta-morena-se-deslinda-de-monica-su-excandidata-a-la-gubernatura-en-slp\/","url":"https:\/\/canal7slp.tv\/2022\/de-nueva-cuenta-morena-se-deslinda-de-monica-su-excandidata-a-la-gubernatura-en-slp\/","name":"De nueva cuenta MORENA se deslinda de M\u00f3nica, su excandidata a la gubernatura en SLP. - Canal 7 SLP - 2022","isPartOf":{"@id":"https:\/\/canal7slp.tv\/2022\/#website"},"primaryImageOfPage":{"@id":"https:\/\/canal7slp.tv\/2022\/de-nueva-cuenta-morena-se-deslinda-de-monica-su-excandidata-a-la-gubernatura-en-slp\/#primaryimage"},"image":{"@id":"https:\/\/canal7slp.tv\/2022\/de-nueva-cuenta-morena-se-deslinda-de-monica-su-excandidata-a-la-gubernatura-en-slp\/#primaryimage"},"thumbnailUrl":"https:\/\/canal7slp.tv\/2022\/wp-content\/uploads\/2022\/05\/Claudio02Deslinde.jpg","datePublished":"2022-05-08T04:33:22+00:00","breadcrumb":{"@id":"https:\/\/canal7slp.tv\/2022\/de-nueva-cuenta-morena-se-deslinda-de-monica-su-excandidata-a-la-gubernatura-en-slp\/#breadcrumb"},"inLanguage":"es","potentialAction":[{"@type":"ReadAction","target":["https:\/\/canal7slp.tv\/2022\/de-nueva-cuenta-morena-se-deslinda-de-monica-su-excandidata-a-la-gubernatura-en-slp\/"]}]},{"@type":"ImageObject","inLanguage":"es","@id":"https:\/\/canal7slp.tv\/2022\/de-nueva-cuenta-morena-se-deslinda-de-monica-su-excandidata-a-la-gubernatura-en-slp\/#primaryimage","url":"https:\/\/canal7slp.tv\/2022\/wp-content\/uploads\/2022\/05\/Claudio02Deslinde.jpg","contentUrl":"https:\/\/canal7slp.tv\/2022\/wp-content\/uploads\/2022\/05\/Claudio02Deslinde.jpg","width":888,"height":500},{"@type":"BreadcrumbList","@id":"https:\/\/canal7slp.tv\/2022\/de-nueva-cuenta-morena-se-deslinda-de-monica-su-excandidata-a-la-gubernatura-en-slp\/#breadcrumb","itemListElement":[{"@type":"ListItem","position":1,"name":"Portada","item":"https:\/\/canal7slp.tv\/2022\/"},{"@type":"ListItem","position":2,"name":"De nueva cuenta MORENA se deslinda de M\u00f3nica, su excandidata a la gubernatura en SLP."}]},{"@type":"WebSite","@id":"https:\/\/canal7slp.tv\/2022\/#website","url":"https:\/\/canal7slp.tv\/2022\/","name":"N7 - Noticieros Canal 7","description":"Somos Televisi\u00f3n","publisher":{"@id":"https:\/\/canal7slp.tv\/2022\/#organization"},"potentialAction":[{"@type":"SearchAction","target":{"@type":"EntryPoint","urlTemplate":"https:\/\/canal7slp.tv\/2022\/?s={search_term_string}"},"query-input":{"@type":"PropertyValueSpecification","valueRequired":true,"valueName":"search_term_string"}}],"inLanguage":"es"},{"@type":"Organization","@id":"https:\/\/canal7slp.tv\/2022\/#organization","name":"Noticieros Canal 7","url":"https:\/\/canal7slp.tv\/2022\/","logo":{"@type":"ImageObject","inLanguage":"es","@id":"https:\/\/canal7slp.tv\/2022\/#\/schema\/logo\/image\/","url":"https:\/\/canal7slp.tv\/2022\/wp-content\/uploads\/2021\/01\/logo-noticieros@2x.png","contentUrl":"https:\/\/canal7slp.tv\/2022\/wp-content\/uploads\/2021\/01\/logo-noticieros@2x.png","width":1017,"height":268,"caption":"Noticieros Canal 7"},"image":{"@id":"https:\/\/canal7slp.tv\/2022\/#\/schema\/logo\/image\/"},"sameAs":["https:\/\/www.facebook.com\/noticieroscanalsiete","https:\/\/x.com\/NOTICIEROS7","https:\/\/www.instagram.com\/canal7_slp","https:\/\/www.youtube.com\/channel\/UCliiYs-gP3JfJeqdPrNdd5A"]},{"@type":"Person","@id":"https:\/\/canal7slp.tv\/2022\/#\/schema\/person\/429704152a21f5f856ce29aa69a238da","name":"Edici\u00f3n Web","image":{"@type":"ImageObject","inLanguage":"es","@id":"https:\/\/secure.gravatar.com\/avatar\/eee448fc3f7164808013b816ba91ac7e43bbe82a70bebac296f8bc6f0addaa1a?s=96&d=mm&r=g","url":"https:\/\/secure.gravatar.com\/avatar\/eee448fc3f7164808013b816ba91ac7e43bbe82a70bebac296f8bc6f0addaa1a?s=96&d=mm&r=g","contentUrl":"https:\/\/secure.gravatar.com\/avatar\/eee448fc3f7164808013b816ba91ac7e43bbe82a70bebac296f8bc6f0addaa1a?s=96&d=mm&r=g","caption":"Edici\u00f3n Web"},"url":"https:\/\/canal7slp.tv\/2022\/author\/edicionweb\/"}]}},"amp_enabled":true,"_links":{"self":[{"href":"https:\/\/canal7slp.tv\/2022\/wp-json\/wp\/v2\/posts\/59451","targetHints":{"allow":["GET"]}}],"collection":[{"href":"https:\/\/canal7slp.tv\/2022\/wp-json\/wp\/v2\/posts"}],"about":[{"href":"https:\/\/canal7slp.tv\/2022\/wp-json\/wp\/v2\/types\/post"}],"author":[{"embeddable":true,"href":"https:\/\/canal7slp.tv\/2022\/wp-json\/wp\/v2\/users\/2"}],"replies":[{"embeddable":true,"href":"https:\/\/canal7slp.tv\/2022\/wp-json\/wp\/v2\/comments?post=59451"}],"version-history":[{"count":3,"href":"https:\/\/canal7slp.tv\/2022\/wp-json\/wp\/v2\/posts\/59451\/revisions"}],"predecessor-version":[{"id":59555,"href":"https:\/\/canal7slp.tv\/2022\/wp-json\/wp\/v2\/posts\/59451\/revisions\/59555"}],"wp:featuredmedia":[{"embeddable":true,"href":"https:\/\/canal7slp.tv\/2022\/wp-json\/wp\/v2\/media\/59554"}],"wp:attachment":[{"href":"https:\/\/canal7slp.tv\/2022\/wp-json\/wp\/v2\/media?parent=59451"}],"wp:term":[{"taxonomy":"category","embeddable":true,"href":"https:\/\/canal7slp.tv\/2022\/wp-json\/wp\/v2\/categories?post=59451"},{"taxonomy":"post_tag","embeddable":true,"href":"https:\/\/canal7slp.tv\/2022\/wp-json\/wp\/v2\/tags?post=59451"}],"curies":[{"name":"wp","href":"https:\/\/api.w.org\/{rel}","templated":true}]}}