{"id":59450,"date":"2022-05-07T22:31:53","date_gmt":"2022-05-08T04:31:53","guid":{"rendered":"https:\/\/canal7slp.tv\/2022\/?p=59450"},"modified":"2022-05-07T22:31:53","modified_gmt":"2022-05-08T04:31:53","slug":"slp-sede-del-foro-nacional-de-sindicatos-con-diversos-temas-en-el-programa","status":"publish","type":"post","link":"https:\/\/canal7slp.tv\/2022\/slp-sede-del-foro-nacional-de-sindicatos-con-diversos-temas-en-el-programa\/","title":{"rendered":"SLP sede del Foro Nacional de Sindicatos, con diversos temas en el programa."},"content":{"rendered":"<p style=\"text-align: justify;\">SLP.- Integrantes de diversas organizaciones sindicales encabezados por el el Sindicato Independiente de Trabajadoras y Trabajadores de Gobierno del Estado, anunci\u00f3 el Foro Nacional de Sindicatos que se llevar\u00e1 cabo en esta ciudad de San Luis Potos\u00ed.<\/p>\n<p style=\"text-align: justify;\">Se abordar\u00e1n diversos tema en materia de reforma laboral con el prop\u00f3sito de lograr acuerdos para lograr la conformaci\u00f3n de un nuevo organismo sindical en el estado, acorde a la nueva Reforma Laboral ya vigente, y aprobada en el 2019.<\/p>\n<p style=\"text-align: justify;\">A este foro asistir\u00e1n sindicatos de todo el pa\u00eds y tambi\u00e9n del extranjero en donde se abrir\u00e1 un debate para la formaci\u00f3n de una organizaci\u00f3n sindical, \u00a0que tenga un mayor n\u00famero de integrantes.<\/p>\n<p style=\"text-align: justify;\">Al hacer uso de la palabra la diputada federal de MORENA Aracely Manzanares afirm\u00f3 que precisamente con las reformas laborales de hace tres a\u00f1os, se acabaron viejas inercias que imped\u00edan que los sindicatos fueran libres y aut\u00f3nomos y que sus trabajadores, \u00a0tuvieran la garant\u00eda de elegir libremente a sus dirigentes.<\/p>\n<p style=\"text-align: justify;\">La diputada federal dijo que otro aspecto positivo de la Reforma Laboral del 1\u00b0 de Mayo de 2019 es que se erradicaron\u00a0 las juntas locales en donde dijo, se acumulaban por a\u00f1os los expedientes laborales que no se les daban tr\u00e1mite, en perjuicio de los trabajadores.<\/p>\n<p style=\"text-align: justify;\">Por: Claudio Ibarra<\/p>\n","protected":false},"excerpt":{"rendered":"<p>SLP.- Integrantes de diversas organizaciones sindicales encabezados por el el Sindicato Independiente de Trabajadoras y Trabajadores de Gobierno del Estado, anunci\u00f3 el Foro Nacional de Sindicatos que se llevar\u00e1 cabo en esta ciudad de San Luis Potos\u00ed. Se abordar\u00e1n diversos tema en materia de reforma laboral con el prop\u00f3sito de lograr acuerdos para lograr la conformaci\u00f3n de un nuevo organismo sindical en el estado, acorde a la nueva Reforma Laboral ya vigente, y aprobada en el 2019. A este foro asistir\u00e1n sindicatos de todo el pa\u00eds y tambi\u00e9n del extranjero en donde se abrir\u00e1 un debate para la formaci\u00f3n de [&hellip;]<\/p>\n","protected":false},"author":2,"featured_media":59552,"comment_status":"closed","ping_status":"closed","sticky":false,"template":"","format":"video","meta":{"footnotes":""},"categories":[5,45],"tags":[],"class_list":["post-59450","post","type-post","status-publish","format-video","has-post-thumbnail","hentry","category-destacadas","category-localesyregionales","post_format-post-format-video","post--single"],"yoast_head":"<!-- This site is optimized with the Yoast SEO plugin v27.4 - https:\/\/yoast.com\/product\/yoast-seo-wordpress\/ -->\n<title>SLP sede del Foro Nacional de Sindicatos, con diversos temas en el programa. - Canal 7 SLP - 2022<\/title>\n<meta name=\"robots\" content=\"index, follow, max-snippet:-1, max-image-preview:large, max-video-preview:-1\" \/>\n<link rel=\"canonical\" href=\"https:\/\/canal7slp.tv\/2022\/slp-sede-del-foro-nacional-de-sindicatos-con-diversos-temas-en-el-programa\/\" \/>\n<meta property=\"og:locale\" content=\"es_ES\" \/>\n<meta property=\"og:type\" content=\"article\" \/>\n<meta property=\"og:title\" content=\"SLP sede del Foro Nacional de Sindicatos, con diversos temas en el programa. - Canal 7 SLP - 2022\" \/>\n<meta property=\"og:description\" content=\"SLP.- Integrantes de diversas organizaciones sindicales encabezados por el el Sindicato Independiente de Trabajadoras y Trabajadores de Gobierno del Estado, anunci\u00f3 el Foro Nacional de Sindicatos que se llevar\u00e1 cabo en esta ciudad de San Luis Potos\u00ed. Se abordar\u00e1n diversos tema en materia de reforma laboral con el prop\u00f3sito de lograr acuerdos para lograr la conformaci\u00f3n de un nuevo organismo sindical en el estado, acorde a la nueva Reforma Laboral ya vigente, y aprobada en el 2019. A este foro asistir\u00e1n sindicatos de todo el pa\u00eds y tambi\u00e9n del extranjero en donde se abrir\u00e1 un debate para la formaci\u00f3n de [&hellip;]\" \/>\n<meta property=\"og:url\" content=\"https:\/\/canal7slp.tv\/2022\/slp-sede-del-foro-nacional-de-sindicatos-con-diversos-temas-en-el-programa\/\" \/>\n<meta property=\"og:site_name\" content=\"Canal 7 SLP - 2022\" \/>\n<meta property=\"article:publisher\" content=\"https:\/\/www.facebook.com\/noticieroscanalsiete\" \/>\n<meta property=\"article:published_time\" content=\"2022-05-08T04:31:53+00:00\" \/>\n<meta property=\"og:image\" content=\"https:\/\/canal7slp.tv\/2022\/wp-content\/uploads\/2022\/05\/Claudio01Sindicatos.jpg\" \/>\n\t<meta property=\"og:image:width\" content=\"888\" \/>\n\t<meta property=\"og:image:height\" content=\"500\" \/>\n\t<meta property=\"og:image:type\" content=\"image\/jpeg\" \/>\n<meta name=\"author\" content=\"Edici\u00f3n Web\" \/>\n<meta name=\"twitter:card\" content=\"summary_large_image\" \/>\n<meta name=\"twitter:creator\" content=\"@NOTICIEROS7\" \/>\n<meta name=\"twitter:site\" content=\"@NOTICIEROS7\" \/>\n<meta name=\"twitter:label1\" content=\"Escrito por\" \/>\n\t<meta name=\"twitter:data1\" content=\"Edici\u00f3n Web\" \/>\n\t<meta name=\"twitter:label2\" content=\"Tiempo de lectura\" \/>\n\t<meta name=\"twitter:data2\" content=\"1 minuto\" \/>\n<script type=\"application\/ld+json\" class=\"yoast-schema-graph\">{\"@context\":\"https:\\\/\\\/schema.org\",\"@graph\":[{\"@type\":\"Article\",\"@id\":\"https:\\\/\\\/canal7slp.tv\\\/2022\\\/slp-sede-del-foro-nacional-de-sindicatos-con-diversos-temas-en-el-programa\\\/#article\",\"isPartOf\":{\"@id\":\"https:\\\/\\\/canal7slp.tv\\\/2022\\\/slp-sede-del-foro-nacional-de-sindicatos-con-diversos-temas-en-el-programa\\\/\"},\"author\":{\"name\":\"Edici\u00f3n Web\",\"@id\":\"https:\\\/\\\/canal7slp.tv\\\/2022\\\/#\\\/schema\\\/person\\\/429704152a21f5f856ce29aa69a238da\"},\"headline\":\"SLP sede del Foro Nacional de Sindicatos, con diversos temas en el programa.\",\"datePublished\":\"2022-05-08T04:31:53+00:00\",\"mainEntityOfPage\":{\"@id\":\"https:\\\/\\\/canal7slp.tv\\\/2022\\\/slp-sede-del-foro-nacional-de-sindicatos-con-diversos-temas-en-el-programa\\\/\"},\"wordCount\":235,\"publisher\":{\"@id\":\"https:\\\/\\\/canal7slp.tv\\\/2022\\\/#organization\"},\"image\":{\"@id\":\"https:\\\/\\\/canal7slp.tv\\\/2022\\\/slp-sede-del-foro-nacional-de-sindicatos-con-diversos-temas-en-el-programa\\\/#primaryimage\"},\"thumbnailUrl\":\"https:\\\/\\\/canal7slp.tv\\\/2022\\\/wp-content\\\/uploads\\\/2022\\\/05\\\/Claudio01Sindicatos.jpg\",\"articleSection\":[\"DESTACADAS\",\"LOCALES Y REGIONALES\"],\"inLanguage\":\"es\"},{\"@type\":\"WebPage\",\"@id\":\"https:\\\/\\\/canal7slp.tv\\\/2022\\\/slp-sede-del-foro-nacional-de-sindicatos-con-diversos-temas-en-el-programa\\\/\",\"url\":\"https:\\\/\\\/canal7slp.tv\\\/2022\\\/slp-sede-del-foro-nacional-de-sindicatos-con-diversos-temas-en-el-programa\\\/\",\"name\":\"SLP sede del Foro Nacional de Sindicatos, con diversos temas en el programa. - Canal 7 SLP - 2022\",\"isPartOf\":{\"@id\":\"https:\\\/\\\/canal7slp.tv\\\/2022\\\/#website\"},\"primaryImageOfPage\":{\"@id\":\"https:\\\/\\\/canal7slp.tv\\\/2022\\\/slp-sede-del-foro-nacional-de-sindicatos-con-diversos-temas-en-el-programa\\\/#primaryimage\"},\"image\":{\"@id\":\"https:\\\/\\\/canal7slp.tv\\\/2022\\\/slp-sede-del-foro-nacional-de-sindicatos-con-diversos-temas-en-el-programa\\\/#primaryimage\"},\"thumbnailUrl\":\"https:\\\/\\\/canal7slp.tv\\\/2022\\\/wp-content\\\/uploads\\\/2022\\\/05\\\/Claudio01Sindicatos.jpg\",\"datePublished\":\"2022-05-08T04:31:53+00:00\",\"breadcrumb\":{\"@id\":\"https:\\\/\\\/canal7slp.tv\\\/2022\\\/slp-sede-del-foro-nacional-de-sindicatos-con-diversos-temas-en-el-programa\\\/#breadcrumb\"},\"inLanguage\":\"es\",\"potentialAction\":[{\"@type\":\"ReadAction\",\"target\":[\"https:\\\/\\\/canal7slp.tv\\\/2022\\\/slp-sede-del-foro-nacional-de-sindicatos-con-diversos-temas-en-el-programa\\\/\"]}]},{\"@type\":\"ImageObject\",\"inLanguage\":\"es\",\"@id\":\"https:\\\/\\\/canal7slp.tv\\\/2022\\\/slp-sede-del-foro-nacional-de-sindicatos-con-diversos-temas-en-el-programa\\\/#primaryimage\",\"url\":\"https:\\\/\\\/canal7slp.tv\\\/2022\\\/wp-content\\\/uploads\\\/2022\\\/05\\\/Claudio01Sindicatos.jpg\",\"contentUrl\":\"https:\\\/\\\/canal7slp.tv\\\/2022\\\/wp-content\\\/uploads\\\/2022\\\/05\\\/Claudio01Sindicatos.jpg\",\"width\":888,\"height\":500},{\"@type\":\"BreadcrumbList\",\"@id\":\"https:\\\/\\\/canal7slp.tv\\\/2022\\\/slp-sede-del-foro-nacional-de-sindicatos-con-diversos-temas-en-el-programa\\\/#breadcrumb\",\"itemListElement\":[{\"@type\":\"ListItem\",\"position\":1,\"name\":\"Portada\",\"item\":\"https:\\\/\\\/canal7slp.tv\\\/2022\\\/\"},{\"@type\":\"ListItem\",\"position\":2,\"name\":\"SLP sede del Foro Nacional de Sindicatos, con diversos temas en el programa.\"}]},{\"@type\":\"WebSite\",\"@id\":\"https:\\\/\\\/canal7slp.tv\\\/2022\\\/#website\",\"url\":\"https:\\\/\\\/canal7slp.tv\\\/2022\\\/\",\"name\":\"N7 - Noticieros Canal 7\",\"description\":\"Somos Televisi\u00f3n\",\"publisher\":{\"@id\":\"https:\\\/\\\/canal7slp.tv\\\/2022\\\/#organization\"},\"potentialAction\":[{\"@type\":\"SearchAction\",\"target\":{\"@type\":\"EntryPoint\",\"urlTemplate\":\"https:\\\/\\\/canal7slp.tv\\\/2022\\\/?s={search_term_string}\"},\"query-input\":{\"@type\":\"PropertyValueSpecification\",\"valueRequired\":true,\"valueName\":\"search_term_string\"}}],\"inLanguage\":\"es\"},{\"@type\":\"Organization\",\"@id\":\"https:\\\/\\\/canal7slp.tv\\\/2022\\\/#organization\",\"name\":\"Noticieros Canal 7\",\"url\":\"https:\\\/\\\/canal7slp.tv\\\/2022\\\/\",\"logo\":{\"@type\":\"ImageObject\",\"inLanguage\":\"es\",\"@id\":\"https:\\\/\\\/canal7slp.tv\\\/2022\\\/#\\\/schema\\\/logo\\\/image\\\/\",\"url\":\"https:\\\/\\\/canal7slp.tv\\\/2022\\\/wp-content\\\/uploads\\\/2021\\\/01\\\/logo-noticieros@2x.png\",\"contentUrl\":\"https:\\\/\\\/canal7slp.tv\\\/2022\\\/wp-content\\\/uploads\\\/2021\\\/01\\\/logo-noticieros@2x.png\",\"width\":1017,\"height\":268,\"caption\":\"Noticieros Canal 7\"},\"image\":{\"@id\":\"https:\\\/\\\/canal7slp.tv\\\/2022\\\/#\\\/schema\\\/logo\\\/image\\\/\"},\"sameAs\":[\"https:\\\/\\\/www.facebook.com\\\/noticieroscanalsiete\",\"https:\\\/\\\/x.com\\\/NOTICIEROS7\",\"https:\\\/\\\/www.instagram.com\\\/canal7_slp\",\"https:\\\/\\\/www.youtube.com\\\/channel\\\/UCliiYs-gP3JfJeqdPrNdd5A\"]},{\"@type\":\"Person\",\"@id\":\"https:\\\/\\\/canal7slp.tv\\\/2022\\\/#\\\/schema\\\/person\\\/429704152a21f5f856ce29aa69a238da\",\"name\":\"Edici\u00f3n Web\",\"image\":{\"@type\":\"ImageObject\",\"inLanguage\":\"es\",\"@id\":\"https:\\\/\\\/secure.gravatar.com\\\/avatar\\\/eee448fc3f7164808013b816ba91ac7e43bbe82a70bebac296f8bc6f0addaa1a?s=96&d=mm&r=g\",\"url\":\"https:\\\/\\\/secure.gravatar.com\\\/avatar\\\/eee448fc3f7164808013b816ba91ac7e43bbe82a70bebac296f8bc6f0addaa1a?s=96&d=mm&r=g\",\"contentUrl\":\"https:\\\/\\\/secure.gravatar.com\\\/avatar\\\/eee448fc3f7164808013b816ba91ac7e43bbe82a70bebac296f8bc6f0addaa1a?s=96&d=mm&r=g\",\"caption\":\"Edici\u00f3n Web\"},\"url\":\"https:\\\/\\\/canal7slp.tv\\\/2022\\\/author\\\/edicionweb\\\/\"}]}<\/script>\n<!-- \/ Yoast SEO plugin. -->","yoast_head_json":{"title":"SLP sede del Foro Nacional de Sindicatos, con diversos temas en el programa. - Canal 7 SLP - 2022","robots":{"index":"index","follow":"follow","max-snippet":"max-snippet:-1","max-image-preview":"max-image-preview:large","max-video-preview":"max-video-preview:-1"},"canonical":"https:\/\/canal7slp.tv\/2022\/slp-sede-del-foro-nacional-de-sindicatos-con-diversos-temas-en-el-programa\/","og_locale":"es_ES","og_type":"article","og_title":"SLP sede del Foro Nacional de Sindicatos, con diversos temas en el programa. - Canal 7 SLP - 2022","og_description":"SLP.- Integrantes de diversas organizaciones sindicales encabezados por el el Sindicato Independiente de Trabajadoras y Trabajadores de Gobierno del Estado, anunci\u00f3 el Foro Nacional de Sindicatos que se llevar\u00e1 cabo en esta ciudad de San Luis Potos\u00ed. Se abordar\u00e1n diversos tema en materia de reforma laboral con el prop\u00f3sito de lograr acuerdos para lograr la conformaci\u00f3n de un nuevo organismo sindical en el estado, acorde a la nueva Reforma Laboral ya vigente, y aprobada en el 2019. A este foro asistir\u00e1n sindicatos de todo el pa\u00eds y tambi\u00e9n del extranjero en donde se abrir\u00e1 un debate para la formaci\u00f3n de [&hellip;]","og_url":"https:\/\/canal7slp.tv\/2022\/slp-sede-del-foro-nacional-de-sindicatos-con-diversos-temas-en-el-programa\/","og_site_name":"Canal 7 SLP - 2022","article_publisher":"https:\/\/www.facebook.com\/noticieroscanalsiete","article_published_time":"2022-05-08T04:31:53+00:00","og_image":[{"width":888,"height":500,"url":"https:\/\/canal7slp.tv\/2022\/wp-content\/uploads\/2022\/05\/Claudio01Sindicatos.jpg","type":"image\/jpeg"}],"author":"Edici\u00f3n Web","twitter_card":"summary_large_image","twitter_creator":"@NOTICIEROS7","twitter_site":"@NOTICIEROS7","twitter_misc":{"Escrito por":"Edici\u00f3n Web","Tiempo de lectura":"1 minuto"},"schema":{"@context":"https:\/\/schema.org","@graph":[{"@type":"Article","@id":"https:\/\/canal7slp.tv\/2022\/slp-sede-del-foro-nacional-de-sindicatos-con-diversos-temas-en-el-programa\/#article","isPartOf":{"@id":"https:\/\/canal7slp.tv\/2022\/slp-sede-del-foro-nacional-de-sindicatos-con-diversos-temas-en-el-programa\/"},"author":{"name":"Edici\u00f3n Web","@id":"https:\/\/canal7slp.tv\/2022\/#\/schema\/person\/429704152a21f5f856ce29aa69a238da"},"headline":"SLP sede del Foro Nacional de Sindicatos, con diversos temas en el programa.","datePublished":"2022-05-08T04:31:53+00:00","mainEntityOfPage":{"@id":"https:\/\/canal7slp.tv\/2022\/slp-sede-del-foro-nacional-de-sindicatos-con-diversos-temas-en-el-programa\/"},"wordCount":235,"publisher":{"@id":"https:\/\/canal7slp.tv\/2022\/#organization"},"image":{"@id":"https:\/\/canal7slp.tv\/2022\/slp-sede-del-foro-nacional-de-sindicatos-con-diversos-temas-en-el-programa\/#primaryimage"},"thumbnailUrl":"https:\/\/canal7slp.tv\/2022\/wp-content\/uploads\/2022\/05\/Claudio01Sindicatos.jpg","articleSection":["DESTACADAS","LOCALES Y REGIONALES"],"inLanguage":"es"},{"@type":"WebPage","@id":"https:\/\/canal7slp.tv\/2022\/slp-sede-del-foro-nacional-de-sindicatos-con-diversos-temas-en-el-programa\/","url":"https:\/\/canal7slp.tv\/2022\/slp-sede-del-foro-nacional-de-sindicatos-con-diversos-temas-en-el-programa\/","name":"SLP sede del Foro Nacional de Sindicatos, con diversos temas en el programa. - Canal 7 SLP - 2022","isPartOf":{"@id":"https:\/\/canal7slp.tv\/2022\/#website"},"primaryImageOfPage":{"@id":"https:\/\/canal7slp.tv\/2022\/slp-sede-del-foro-nacional-de-sindicatos-con-diversos-temas-en-el-programa\/#primaryimage"},"image":{"@id":"https:\/\/canal7slp.tv\/2022\/slp-sede-del-foro-nacional-de-sindicatos-con-diversos-temas-en-el-programa\/#primaryimage"},"thumbnailUrl":"https:\/\/canal7slp.tv\/2022\/wp-content\/uploads\/2022\/05\/Claudio01Sindicatos.jpg","datePublished":"2022-05-08T04:31:53+00:00","breadcrumb":{"@id":"https:\/\/canal7slp.tv\/2022\/slp-sede-del-foro-nacional-de-sindicatos-con-diversos-temas-en-el-programa\/#breadcrumb"},"inLanguage":"es","potentialAction":[{"@type":"ReadAction","target":["https:\/\/canal7slp.tv\/2022\/slp-sede-del-foro-nacional-de-sindicatos-con-diversos-temas-en-el-programa\/"]}]},{"@type":"ImageObject","inLanguage":"es","@id":"https:\/\/canal7slp.tv\/2022\/slp-sede-del-foro-nacional-de-sindicatos-con-diversos-temas-en-el-programa\/#primaryimage","url":"https:\/\/canal7slp.tv\/2022\/wp-content\/uploads\/2022\/05\/Claudio01Sindicatos.jpg","contentUrl":"https:\/\/canal7slp.tv\/2022\/wp-content\/uploads\/2022\/05\/Claudio01Sindicatos.jpg","width":888,"height":500},{"@type":"BreadcrumbList","@id":"https:\/\/canal7slp.tv\/2022\/slp-sede-del-foro-nacional-de-sindicatos-con-diversos-temas-en-el-programa\/#breadcrumb","itemListElement":[{"@type":"ListItem","position":1,"name":"Portada","item":"https:\/\/canal7slp.tv\/2022\/"},{"@type":"ListItem","position":2,"name":"SLP sede del Foro Nacional de Sindicatos, con diversos temas en el programa."}]},{"@type":"WebSite","@id":"https:\/\/canal7slp.tv\/2022\/#website","url":"https:\/\/canal7slp.tv\/2022\/","name":"N7 - Noticieros Canal 7","description":"Somos Televisi\u00f3n","publisher":{"@id":"https:\/\/canal7slp.tv\/2022\/#organization"},"potentialAction":[{"@type":"SearchAction","target":{"@type":"EntryPoint","urlTemplate":"https:\/\/canal7slp.tv\/2022\/?s={search_term_string}"},"query-input":{"@type":"PropertyValueSpecification","valueRequired":true,"valueName":"search_term_string"}}],"inLanguage":"es"},{"@type":"Organization","@id":"https:\/\/canal7slp.tv\/2022\/#organization","name":"Noticieros Canal 7","url":"https:\/\/canal7slp.tv\/2022\/","logo":{"@type":"ImageObject","inLanguage":"es","@id":"https:\/\/canal7slp.tv\/2022\/#\/schema\/logo\/image\/","url":"https:\/\/canal7slp.tv\/2022\/wp-content\/uploads\/2021\/01\/logo-noticieros@2x.png","contentUrl":"https:\/\/canal7slp.tv\/2022\/wp-content\/uploads\/2021\/01\/logo-noticieros@2x.png","width":1017,"height":268,"caption":"Noticieros Canal 7"},"image":{"@id":"https:\/\/canal7slp.tv\/2022\/#\/schema\/logo\/image\/"},"sameAs":["https:\/\/www.facebook.com\/noticieroscanalsiete","https:\/\/x.com\/NOTICIEROS7","https:\/\/www.instagram.com\/canal7_slp","https:\/\/www.youtube.com\/channel\/UCliiYs-gP3JfJeqdPrNdd5A"]},{"@type":"Person","@id":"https:\/\/canal7slp.tv\/2022\/#\/schema\/person\/429704152a21f5f856ce29aa69a238da","name":"Edici\u00f3n Web","image":{"@type":"ImageObject","inLanguage":"es","@id":"https:\/\/secure.gravatar.com\/avatar\/eee448fc3f7164808013b816ba91ac7e43bbe82a70bebac296f8bc6f0addaa1a?s=96&d=mm&r=g","url":"https:\/\/secure.gravatar.com\/avatar\/eee448fc3f7164808013b816ba91ac7e43bbe82a70bebac296f8bc6f0addaa1a?s=96&d=mm&r=g","contentUrl":"https:\/\/secure.gravatar.com\/avatar\/eee448fc3f7164808013b816ba91ac7e43bbe82a70bebac296f8bc6f0addaa1a?s=96&d=mm&r=g","caption":"Edici\u00f3n Web"},"url":"https:\/\/canal7slp.tv\/2022\/author\/edicionweb\/"}]}},"amp_enabled":true,"_links":{"self":[{"href":"https:\/\/canal7slp.tv\/2022\/wp-json\/wp\/v2\/posts\/59450","targetHints":{"allow":["GET"]}}],"collection":[{"href":"https:\/\/canal7slp.tv\/2022\/wp-json\/wp\/v2\/posts"}],"about":[{"href":"https:\/\/canal7slp.tv\/2022\/wp-json\/wp\/v2\/types\/post"}],"author":[{"embeddable":true,"href":"https:\/\/canal7slp.tv\/2022\/wp-json\/wp\/v2\/users\/2"}],"replies":[{"embeddable":true,"href":"https:\/\/canal7slp.tv\/2022\/wp-json\/wp\/v2\/comments?post=59450"}],"version-history":[{"count":3,"href":"https:\/\/canal7slp.tv\/2022\/wp-json\/wp\/v2\/posts\/59450\/revisions"}],"predecessor-version":[{"id":59553,"href":"https:\/\/canal7slp.tv\/2022\/wp-json\/wp\/v2\/posts\/59450\/revisions\/59553"}],"wp:featuredmedia":[{"embeddable":true,"href":"https:\/\/canal7slp.tv\/2022\/wp-json\/wp\/v2\/media\/59552"}],"wp:attachment":[{"href":"https:\/\/canal7slp.tv\/2022\/wp-json\/wp\/v2\/media?parent=59450"}],"wp:term":[{"taxonomy":"category","embeddable":true,"href":"https:\/\/canal7slp.tv\/2022\/wp-json\/wp\/v2\/categories?post=59450"},{"taxonomy":"post_tag","embeddable":true,"href":"https:\/\/canal7slp.tv\/2022\/wp-json\/wp\/v2\/tags?post=59450"}],"curies":[{"name":"wp","href":"https:\/\/api.w.org\/{rel}","templated":true}]}}