{"id":58960,"date":"2022-05-02T21:01:53","date_gmt":"2022-05-03T03:01:53","guid":{"rendered":"https:\/\/canal7slp.tv\/2022\/?p=58960"},"modified":"2022-05-02T21:01:53","modified_gmt":"2022-05-03T03:01:53","slug":"en-lo-que-va-de-gestion-el-infonavit-ha-otorgado-mas-de-de-dos-millones-de-creditos","status":"publish","type":"post","link":"https:\/\/canal7slp.tv\/2022\/en-lo-que-va-de-gestion-el-infonavit-ha-otorgado-mas-de-de-dos-millones-de-creditos\/","title":{"rendered":"En lo que va de gesti\u00f3n, el Infonavit ha otorgado m\u00e1s de de dos millones de cr\u00e9ditos."},"content":{"rendered":"<p style=\"text-align: justify;\">SLP.- Fue mencionado que frente al rezago habitacional, se han entregado m\u00e1s de dos millones de cr\u00e9ditos directos INFONAVIT a familias durante el actual gobierno presidencial.<\/p>\n<p style=\"text-align: justify;\">Lo anterior, fue expresado por el titular de la Secretar\u00eda de Desarrollo Agrario, Territorial, y Urbano (SEDATU), Rom\u00e1n Meyer Falc\u00f3n, en la 125 asamblea general ordinaria realizada en el marco de celebraci\u00f3n de 50 a\u00f1os del Instituto del Fondo Nacional de la Vivienda para los Trabajadores (INFONAVIT).<\/p>\n<p style=\"text-align: justify;\">Durante el evento, el presidente de la Rep\u00fablica, Andr\u00e9s Manuel L\u00f3pez Obrador, reconoci\u00f3 el trabajo de la instituci\u00f3n en conjunto de trabajadores, empresarios y autoridades para brindar soluciones de vivienda a empleados del pa\u00eds.<\/p>\n<p style=\"text-align: justify;\">El director general de INFONAVIT, Carlos Mart\u00ednez Vel\u00e1zquez, ahond\u00f3 sobre el trabajo durante estos 50 a\u00f1os, en los cuales se han brindado 12 millones de cr\u00e9ditos.<\/p>\n<p style=\"text-align: justify;\">Asimismo, el director sectorial de los trabajadores del instituto, Mario Mac\u00edas Robles, mencion\u00f3 que se buscan acciones que puedan ofrecer a trabajadores que reciben ingresos menores a 12 mil pesos mensuales.<\/p>\n<p style=\"text-align: justify;\">Por: Maximiliano V\u00e1zquez<\/p>\n","protected":false},"excerpt":{"rendered":"<p>SLP.- Fue mencionado que frente al rezago habitacional, se han entregado m\u00e1s de dos millones de cr\u00e9ditos directos INFONAVIT a familias durante el actual gobierno presidencial. Lo anterior, fue expresado por el titular de la Secretar\u00eda de Desarrollo Agrario, Territorial, y Urbano (SEDATU), Rom\u00e1n Meyer Falc\u00f3n, en la 125 asamblea general ordinaria realizada en el marco de celebraci\u00f3n de 50 a\u00f1os del Instituto del Fondo Nacional de la Vivienda para los Trabajadores (INFONAVIT). Durante el evento, el presidente de la Rep\u00fablica, Andr\u00e9s Manuel L\u00f3pez Obrador, reconoci\u00f3 el trabajo de la instituci\u00f3n en conjunto de trabajadores, empresarios y autoridades para brindar [&hellip;]<\/p>\n","protected":false},"author":2,"featured_media":0,"comment_status":"closed","ping_status":"closed","sticky":false,"template":"","format":"standard","meta":{"footnotes":""},"categories":[5,45],"tags":[],"class_list":["post-58960","post","type-post","status-publish","format-standard","hentry","category-destacadas","category-localesyregionales","post--single"],"yoast_head":"<!-- This site is optimized with the Yoast SEO plugin v27.5 - https:\/\/yoast.com\/product\/yoast-seo-wordpress\/ -->\n<title>En lo que va de gesti\u00f3n, el Infonavit ha otorgado m\u00e1s de de dos millones de cr\u00e9ditos. - Canal 7 SLP - 2022<\/title>\n<meta name=\"robots\" content=\"index, follow, max-snippet:-1, max-image-preview:large, max-video-preview:-1\" \/>\n<link rel=\"canonical\" href=\"https:\/\/canal7slp.tv\/2022\/en-lo-que-va-de-gestion-el-infonavit-ha-otorgado-mas-de-de-dos-millones-de-creditos\/\" \/>\n<meta property=\"og:locale\" content=\"es_ES\" \/>\n<meta property=\"og:type\" content=\"article\" \/>\n<meta property=\"og:title\" content=\"En lo que va de gesti\u00f3n, el Infonavit ha otorgado m\u00e1s de de dos millones de cr\u00e9ditos. - Canal 7 SLP - 2022\" \/>\n<meta property=\"og:description\" content=\"SLP.- Fue mencionado que frente al rezago habitacional, se han entregado m\u00e1s de dos millones de cr\u00e9ditos directos INFONAVIT a familias durante el actual gobierno presidencial. Lo anterior, fue expresado por el titular de la Secretar\u00eda de Desarrollo Agrario, Territorial, y Urbano (SEDATU), Rom\u00e1n Meyer Falc\u00f3n, en la 125 asamblea general ordinaria realizada en el marco de celebraci\u00f3n de 50 a\u00f1os del Instituto del Fondo Nacional de la Vivienda para los Trabajadores (INFONAVIT). Durante el evento, el presidente de la Rep\u00fablica, Andr\u00e9s Manuel L\u00f3pez Obrador, reconoci\u00f3 el trabajo de la instituci\u00f3n en conjunto de trabajadores, empresarios y autoridades para brindar [&hellip;]\" \/>\n<meta property=\"og:url\" content=\"https:\/\/canal7slp.tv\/2022\/en-lo-que-va-de-gestion-el-infonavit-ha-otorgado-mas-de-de-dos-millones-de-creditos\/\" \/>\n<meta property=\"og:site_name\" content=\"Canal 7 SLP - 2022\" \/>\n<meta property=\"article:publisher\" content=\"https:\/\/www.facebook.com\/noticieroscanalsiete\" \/>\n<meta property=\"article:published_time\" content=\"2022-05-03T03:01:53+00:00\" \/>\n<meta property=\"og:image\" content=\"https:\/\/canal7slp.tv\/2022\/wp-content\/uploads\/2021\/06\/Pau02INFONAVIT.jpg\" \/>\n\t<meta property=\"og:image:width\" content=\"888\" \/>\n\t<meta property=\"og:image:height\" content=\"500\" \/>\n\t<meta property=\"og:image:type\" content=\"image\/jpeg\" \/>\n<meta name=\"author\" content=\"Edici\u00f3n Web\" \/>\n<meta name=\"twitter:card\" content=\"summary_large_image\" \/>\n<meta name=\"twitter:creator\" content=\"@NOTICIEROS7\" \/>\n<meta name=\"twitter:site\" content=\"@NOTICIEROS7\" \/>\n<meta name=\"twitter:label1\" content=\"Escrito por\" \/>\n\t<meta name=\"twitter:data1\" content=\"Edici\u00f3n Web\" \/>\n\t<meta name=\"twitter:label2\" content=\"Tiempo de lectura\" \/>\n\t<meta name=\"twitter:data2\" content=\"1 minuto\" \/>\n<script type=\"application\/ld+json\" class=\"yoast-schema-graph\">{\"@context\":\"https:\\\/\\\/schema.org\",\"@graph\":[{\"@type\":\"Article\",\"@id\":\"https:\\\/\\\/canal7slp.tv\\\/2022\\\/en-lo-que-va-de-gestion-el-infonavit-ha-otorgado-mas-de-de-dos-millones-de-creditos\\\/#article\",\"isPartOf\":{\"@id\":\"https:\\\/\\\/canal7slp.tv\\\/2022\\\/en-lo-que-va-de-gestion-el-infonavit-ha-otorgado-mas-de-de-dos-millones-de-creditos\\\/\"},\"author\":{\"name\":\"Edici\u00f3n Web\",\"@id\":\"https:\\\/\\\/canal7slp.tv\\\/2022\\\/#\\\/schema\\\/person\\\/429704152a21f5f856ce29aa69a238da\"},\"headline\":\"En lo que va de gesti\u00f3n, el Infonavit ha otorgado m\u00e1s de de dos millones de cr\u00e9ditos.\",\"datePublished\":\"2022-05-03T03:01:53+00:00\",\"mainEntityOfPage\":{\"@id\":\"https:\\\/\\\/canal7slp.tv\\\/2022\\\/en-lo-que-va-de-gestion-el-infonavit-ha-otorgado-mas-de-de-dos-millones-de-creditos\\\/\"},\"wordCount\":201,\"publisher\":{\"@id\":\"https:\\\/\\\/canal7slp.tv\\\/2022\\\/#organization\"},\"articleSection\":[\"DESTACADAS\",\"LOCALES Y REGIONALES\"],\"inLanguage\":\"es\"},{\"@type\":\"WebPage\",\"@id\":\"https:\\\/\\\/canal7slp.tv\\\/2022\\\/en-lo-que-va-de-gestion-el-infonavit-ha-otorgado-mas-de-de-dos-millones-de-creditos\\\/\",\"url\":\"https:\\\/\\\/canal7slp.tv\\\/2022\\\/en-lo-que-va-de-gestion-el-infonavit-ha-otorgado-mas-de-de-dos-millones-de-creditos\\\/\",\"name\":\"En lo que va de gesti\u00f3n, el Infonavit ha otorgado m\u00e1s de de dos millones de cr\u00e9ditos. - Canal 7 SLP - 2022\",\"isPartOf\":{\"@id\":\"https:\\\/\\\/canal7slp.tv\\\/2022\\\/#website\"},\"datePublished\":\"2022-05-03T03:01:53+00:00\",\"breadcrumb\":{\"@id\":\"https:\\\/\\\/canal7slp.tv\\\/2022\\\/en-lo-que-va-de-gestion-el-infonavit-ha-otorgado-mas-de-de-dos-millones-de-creditos\\\/#breadcrumb\"},\"inLanguage\":\"es\",\"potentialAction\":[{\"@type\":\"ReadAction\",\"target\":[\"https:\\\/\\\/canal7slp.tv\\\/2022\\\/en-lo-que-va-de-gestion-el-infonavit-ha-otorgado-mas-de-de-dos-millones-de-creditos\\\/\"]}]},{\"@type\":\"BreadcrumbList\",\"@id\":\"https:\\\/\\\/canal7slp.tv\\\/2022\\\/en-lo-que-va-de-gestion-el-infonavit-ha-otorgado-mas-de-de-dos-millones-de-creditos\\\/#breadcrumb\",\"itemListElement\":[{\"@type\":\"ListItem\",\"position\":1,\"name\":\"Portada\",\"item\":\"https:\\\/\\\/canal7slp.tv\\\/2022\\\/\"},{\"@type\":\"ListItem\",\"position\":2,\"name\":\"En lo que va de gesti\u00f3n, el Infonavit ha otorgado m\u00e1s de de dos millones de cr\u00e9ditos.\"}]},{\"@type\":\"WebSite\",\"@id\":\"https:\\\/\\\/canal7slp.tv\\\/2022\\\/#website\",\"url\":\"https:\\\/\\\/canal7slp.tv\\\/2022\\\/\",\"name\":\"N7 - Noticieros Canal 7\",\"description\":\"Somos Televisi\u00f3n\",\"publisher\":{\"@id\":\"https:\\\/\\\/canal7slp.tv\\\/2022\\\/#organization\"},\"potentialAction\":[{\"@type\":\"SearchAction\",\"target\":{\"@type\":\"EntryPoint\",\"urlTemplate\":\"https:\\\/\\\/canal7slp.tv\\\/2022\\\/?s={search_term_string}\"},\"query-input\":{\"@type\":\"PropertyValueSpecification\",\"valueRequired\":true,\"valueName\":\"search_term_string\"}}],\"inLanguage\":\"es\"},{\"@type\":\"Organization\",\"@id\":\"https:\\\/\\\/canal7slp.tv\\\/2022\\\/#organization\",\"name\":\"Noticieros Canal 7\",\"url\":\"https:\\\/\\\/canal7slp.tv\\\/2022\\\/\",\"logo\":{\"@type\":\"ImageObject\",\"inLanguage\":\"es\",\"@id\":\"https:\\\/\\\/canal7slp.tv\\\/2022\\\/#\\\/schema\\\/logo\\\/image\\\/\",\"url\":\"https:\\\/\\\/canal7slp.tv\\\/2022\\\/wp-content\\\/uploads\\\/2021\\\/01\\\/logo-noticieros@2x.png\",\"contentUrl\":\"https:\\\/\\\/canal7slp.tv\\\/2022\\\/wp-content\\\/uploads\\\/2021\\\/01\\\/logo-noticieros@2x.png\",\"width\":1017,\"height\":268,\"caption\":\"Noticieros Canal 7\"},\"image\":{\"@id\":\"https:\\\/\\\/canal7slp.tv\\\/2022\\\/#\\\/schema\\\/logo\\\/image\\\/\"},\"sameAs\":[\"https:\\\/\\\/www.facebook.com\\\/noticieroscanalsiete\",\"https:\\\/\\\/x.com\\\/NOTICIEROS7\",\"https:\\\/\\\/www.instagram.com\\\/canal7_slp\",\"https:\\\/\\\/www.youtube.com\\\/channel\\\/UCliiYs-gP3JfJeqdPrNdd5A\"]},{\"@type\":\"Person\",\"@id\":\"https:\\\/\\\/canal7slp.tv\\\/2022\\\/#\\\/schema\\\/person\\\/429704152a21f5f856ce29aa69a238da\",\"name\":\"Edici\u00f3n Web\",\"image\":{\"@type\":\"ImageObject\",\"inLanguage\":\"es\",\"@id\":\"https:\\\/\\\/secure.gravatar.com\\\/avatar\\\/eee448fc3f7164808013b816ba91ac7e43bbe82a70bebac296f8bc6f0addaa1a?s=96&d=mm&r=g\",\"url\":\"https:\\\/\\\/secure.gravatar.com\\\/avatar\\\/eee448fc3f7164808013b816ba91ac7e43bbe82a70bebac296f8bc6f0addaa1a?s=96&d=mm&r=g\",\"contentUrl\":\"https:\\\/\\\/secure.gravatar.com\\\/avatar\\\/eee448fc3f7164808013b816ba91ac7e43bbe82a70bebac296f8bc6f0addaa1a?s=96&d=mm&r=g\",\"caption\":\"Edici\u00f3n Web\"},\"url\":\"https:\\\/\\\/canal7slp.tv\\\/2022\\\/author\\\/edicionweb\\\/\"}]}<\/script>\n<!-- \/ Yoast SEO plugin. -->","yoast_head_json":{"title":"En lo que va de gesti\u00f3n, el Infonavit ha otorgado m\u00e1s de de dos millones de cr\u00e9ditos. - Canal 7 SLP - 2022","robots":{"index":"index","follow":"follow","max-snippet":"max-snippet:-1","max-image-preview":"max-image-preview:large","max-video-preview":"max-video-preview:-1"},"canonical":"https:\/\/canal7slp.tv\/2022\/en-lo-que-va-de-gestion-el-infonavit-ha-otorgado-mas-de-de-dos-millones-de-creditos\/","og_locale":"es_ES","og_type":"article","og_title":"En lo que va de gesti\u00f3n, el Infonavit ha otorgado m\u00e1s de de dos millones de cr\u00e9ditos. - Canal 7 SLP - 2022","og_description":"SLP.- Fue mencionado que frente al rezago habitacional, se han entregado m\u00e1s de dos millones de cr\u00e9ditos directos INFONAVIT a familias durante el actual gobierno presidencial. Lo anterior, fue expresado por el titular de la Secretar\u00eda de Desarrollo Agrario, Territorial, y Urbano (SEDATU), Rom\u00e1n Meyer Falc\u00f3n, en la 125 asamblea general ordinaria realizada en el marco de celebraci\u00f3n de 50 a\u00f1os del Instituto del Fondo Nacional de la Vivienda para los Trabajadores (INFONAVIT). Durante el evento, el presidente de la Rep\u00fablica, Andr\u00e9s Manuel L\u00f3pez Obrador, reconoci\u00f3 el trabajo de la instituci\u00f3n en conjunto de trabajadores, empresarios y autoridades para brindar [&hellip;]","og_url":"https:\/\/canal7slp.tv\/2022\/en-lo-que-va-de-gestion-el-infonavit-ha-otorgado-mas-de-de-dos-millones-de-creditos\/","og_site_name":"Canal 7 SLP - 2022","article_publisher":"https:\/\/www.facebook.com\/noticieroscanalsiete","article_published_time":"2022-05-03T03:01:53+00:00","og_image":[{"width":888,"height":500,"url":"https:\/\/canal7slp.tv\/2022\/wp-content\/uploads\/2021\/06\/Pau02INFONAVIT.jpg","type":"image\/jpeg"}],"author":"Edici\u00f3n Web","twitter_card":"summary_large_image","twitter_creator":"@NOTICIEROS7","twitter_site":"@NOTICIEROS7","twitter_misc":{"Escrito por":"Edici\u00f3n Web","Tiempo de lectura":"1 minuto"},"schema":{"@context":"https:\/\/schema.org","@graph":[{"@type":"Article","@id":"https:\/\/canal7slp.tv\/2022\/en-lo-que-va-de-gestion-el-infonavit-ha-otorgado-mas-de-de-dos-millones-de-creditos\/#article","isPartOf":{"@id":"https:\/\/canal7slp.tv\/2022\/en-lo-que-va-de-gestion-el-infonavit-ha-otorgado-mas-de-de-dos-millones-de-creditos\/"},"author":{"name":"Edici\u00f3n Web","@id":"https:\/\/canal7slp.tv\/2022\/#\/schema\/person\/429704152a21f5f856ce29aa69a238da"},"headline":"En lo que va de gesti\u00f3n, el Infonavit ha otorgado m\u00e1s de de dos millones de cr\u00e9ditos.","datePublished":"2022-05-03T03:01:53+00:00","mainEntityOfPage":{"@id":"https:\/\/canal7slp.tv\/2022\/en-lo-que-va-de-gestion-el-infonavit-ha-otorgado-mas-de-de-dos-millones-de-creditos\/"},"wordCount":201,"publisher":{"@id":"https:\/\/canal7slp.tv\/2022\/#organization"},"articleSection":["DESTACADAS","LOCALES Y REGIONALES"],"inLanguage":"es"},{"@type":"WebPage","@id":"https:\/\/canal7slp.tv\/2022\/en-lo-que-va-de-gestion-el-infonavit-ha-otorgado-mas-de-de-dos-millones-de-creditos\/","url":"https:\/\/canal7slp.tv\/2022\/en-lo-que-va-de-gestion-el-infonavit-ha-otorgado-mas-de-de-dos-millones-de-creditos\/","name":"En lo que va de gesti\u00f3n, el Infonavit ha otorgado m\u00e1s de de dos millones de cr\u00e9ditos. - Canal 7 SLP - 2022","isPartOf":{"@id":"https:\/\/canal7slp.tv\/2022\/#website"},"datePublished":"2022-05-03T03:01:53+00:00","breadcrumb":{"@id":"https:\/\/canal7slp.tv\/2022\/en-lo-que-va-de-gestion-el-infonavit-ha-otorgado-mas-de-de-dos-millones-de-creditos\/#breadcrumb"},"inLanguage":"es","potentialAction":[{"@type":"ReadAction","target":["https:\/\/canal7slp.tv\/2022\/en-lo-que-va-de-gestion-el-infonavit-ha-otorgado-mas-de-de-dos-millones-de-creditos\/"]}]},{"@type":"BreadcrumbList","@id":"https:\/\/canal7slp.tv\/2022\/en-lo-que-va-de-gestion-el-infonavit-ha-otorgado-mas-de-de-dos-millones-de-creditos\/#breadcrumb","itemListElement":[{"@type":"ListItem","position":1,"name":"Portada","item":"https:\/\/canal7slp.tv\/2022\/"},{"@type":"ListItem","position":2,"name":"En lo que va de gesti\u00f3n, el Infonavit ha otorgado m\u00e1s de de dos millones de cr\u00e9ditos."}]},{"@type":"WebSite","@id":"https:\/\/canal7slp.tv\/2022\/#website","url":"https:\/\/canal7slp.tv\/2022\/","name":"N7 - Noticieros Canal 7","description":"Somos Televisi\u00f3n","publisher":{"@id":"https:\/\/canal7slp.tv\/2022\/#organization"},"potentialAction":[{"@type":"SearchAction","target":{"@type":"EntryPoint","urlTemplate":"https:\/\/canal7slp.tv\/2022\/?s={search_term_string}"},"query-input":{"@type":"PropertyValueSpecification","valueRequired":true,"valueName":"search_term_string"}}],"inLanguage":"es"},{"@type":"Organization","@id":"https:\/\/canal7slp.tv\/2022\/#organization","name":"Noticieros Canal 7","url":"https:\/\/canal7slp.tv\/2022\/","logo":{"@type":"ImageObject","inLanguage":"es","@id":"https:\/\/canal7slp.tv\/2022\/#\/schema\/logo\/image\/","url":"https:\/\/canal7slp.tv\/2022\/wp-content\/uploads\/2021\/01\/logo-noticieros@2x.png","contentUrl":"https:\/\/canal7slp.tv\/2022\/wp-content\/uploads\/2021\/01\/logo-noticieros@2x.png","width":1017,"height":268,"caption":"Noticieros Canal 7"},"image":{"@id":"https:\/\/canal7slp.tv\/2022\/#\/schema\/logo\/image\/"},"sameAs":["https:\/\/www.facebook.com\/noticieroscanalsiete","https:\/\/x.com\/NOTICIEROS7","https:\/\/www.instagram.com\/canal7_slp","https:\/\/www.youtube.com\/channel\/UCliiYs-gP3JfJeqdPrNdd5A"]},{"@type":"Person","@id":"https:\/\/canal7slp.tv\/2022\/#\/schema\/person\/429704152a21f5f856ce29aa69a238da","name":"Edici\u00f3n Web","image":{"@type":"ImageObject","inLanguage":"es","@id":"https:\/\/secure.gravatar.com\/avatar\/eee448fc3f7164808013b816ba91ac7e43bbe82a70bebac296f8bc6f0addaa1a?s=96&d=mm&r=g","url":"https:\/\/secure.gravatar.com\/avatar\/eee448fc3f7164808013b816ba91ac7e43bbe82a70bebac296f8bc6f0addaa1a?s=96&d=mm&r=g","contentUrl":"https:\/\/secure.gravatar.com\/avatar\/eee448fc3f7164808013b816ba91ac7e43bbe82a70bebac296f8bc6f0addaa1a?s=96&d=mm&r=g","caption":"Edici\u00f3n Web"},"url":"https:\/\/canal7slp.tv\/2022\/author\/edicionweb\/"}]}},"amp_enabled":true,"_links":{"self":[{"href":"https:\/\/canal7slp.tv\/2022\/wp-json\/wp\/v2\/posts\/58960","targetHints":{"allow":["GET"]}}],"collection":[{"href":"https:\/\/canal7slp.tv\/2022\/wp-json\/wp\/v2\/posts"}],"about":[{"href":"https:\/\/canal7slp.tv\/2022\/wp-json\/wp\/v2\/types\/post"}],"author":[{"embeddable":true,"href":"https:\/\/canal7slp.tv\/2022\/wp-json\/wp\/v2\/users\/2"}],"replies":[{"embeddable":true,"href":"https:\/\/canal7slp.tv\/2022\/wp-json\/wp\/v2\/comments?post=58960"}],"version-history":[{"count":2,"href":"https:\/\/canal7slp.tv\/2022\/wp-json\/wp\/v2\/posts\/58960\/revisions"}],"predecessor-version":[{"id":58972,"href":"https:\/\/canal7slp.tv\/2022\/wp-json\/wp\/v2\/posts\/58960\/revisions\/58972"}],"wp:attachment":[{"href":"https:\/\/canal7slp.tv\/2022\/wp-json\/wp\/v2\/media?parent=58960"}],"wp:term":[{"taxonomy":"category","embeddable":true,"href":"https:\/\/canal7slp.tv\/2022\/wp-json\/wp\/v2\/categories?post=58960"},{"taxonomy":"post_tag","embeddable":true,"href":"https:\/\/canal7slp.tv\/2022\/wp-json\/wp\/v2\/tags?post=58960"}],"curies":[{"name":"wp","href":"https:\/\/api.w.org\/{rel}","templated":true}]}}