{"id":58950,"date":"2022-05-02T18:37:51","date_gmt":"2022-05-03T00:37:51","guid":{"rendered":"https:\/\/canal7slp.tv\/2022\/?p=58950"},"modified":"2022-05-02T18:37:51","modified_gmt":"2022-05-03T00:37:51","slug":"regidora-critica-desempeno-del-ayuntamiento-por-falta-de-apoyo-al-deporte-infantil","status":"publish","type":"post","link":"https:\/\/canal7slp.tv\/2022\/regidora-critica-desempeno-del-ayuntamiento-por-falta-de-apoyo-al-deporte-infantil\/","title":{"rendered":"Regidora cr\u00edtica desempe\u00f1o del Ayuntamiento por falta de apoyo al deporte infantil."},"content":{"rendered":"<p style=\"text-align: justify;\">Matehuala.- La regidora panista, Carmen V\u00e1zquez, critic\u00f3 al gobierno municipal y al director de Fomento Deportivo de Matehuala, tras apoyar un evento de basquetbol organizado para mayores de 40 a\u00f1os, dejando de lado al deporte infantil.<\/p>\n<p style=\"text-align: justify;\">\u201cDigo con tristeza porque nuestro compromiso fue ni\u00f1os y j\u00f3venes, hasta ahorita, a seis meses de empezar no veo ning\u00fan programa que est\u00e9 activo en las colonias que hab\u00edamos quedado de rehabilitar, con una opci\u00f3n de deporte, de cultura, no lo he visto\u201d, dijo.<\/p>\n<p style=\"text-align: justify;\">V\u00e1zquez puntualiz\u00f3 que los trabajos que se hab\u00edan prometido para la rehabilitaci\u00f3n de los espacios p\u00fablicos no se ha realizado, \u201cs\u00e9 que ahorita las instalaciones de las colonias de la periferia est\u00e1n en muy malas condiciones, el compromiso fue reactivarlas, acondicionarlas para que hubiera ni\u00f1os y j\u00f3venes haciendo uso de las instalaciones, hasta ahorita no lo veo\u201d.<\/p>\n<p style=\"text-align: justify;\">La regidora critic\u00f3 que el Ayuntamiento no est\u00e9 aportando para que los j\u00f3venes del municipio sobresalgan en otros espacios, \u201cyo durante a\u00f1os estuve trabajando y fomentando el deporte en ni\u00f1os, desafortunadamente los que han sobresalido de nuestro municipio es porque los pap\u00e1s lo apoyan, no porque las autoridades tengan algo que ver con su desempe\u00f1o\u201d.<\/p>\n<p style=\"text-align: justify;\">Por: Jes\u00fas Valencia<\/p>\n","protected":false},"excerpt":{"rendered":"<p>Matehuala.- La regidora panista, Carmen V\u00e1zquez, critic\u00f3 al gobierno municipal y al director de Fomento Deportivo de Matehuala, tras apoyar un evento de basquetbol organizado para mayores de 40 a\u00f1os, dejando de lado al deporte infantil. \u201cDigo con tristeza porque nuestro compromiso fue ni\u00f1os y j\u00f3venes, hasta ahorita, a seis meses de empezar no veo ning\u00fan programa que est\u00e9 activo en las colonias que hab\u00edamos quedado de rehabilitar, con una opci\u00f3n de deporte, de cultura, no lo he visto\u201d, dijo. V\u00e1zquez puntualiz\u00f3 que los trabajos que se hab\u00edan prometido para la rehabilitaci\u00f3n de los espacios p\u00fablicos no se ha realizado, [&hellip;]<\/p>\n","protected":false},"author":2,"featured_media":58955,"comment_status":"closed","ping_status":"closed","sticky":false,"template":"","format":"video","meta":{"footnotes":""},"categories":[5,43],"tags":[],"class_list":["post-58950","post","type-post","status-publish","format-video","has-post-thumbnail","hentry","category-destacadas","category-interior","post_format-post-format-video","post--single"],"yoast_head":"<!-- This site is optimized with the Yoast SEO plugin v27.5 - https:\/\/yoast.com\/product\/yoast-seo-wordpress\/ -->\n<title>Regidora cr\u00edtica desempe\u00f1o del Ayuntamiento por falta de apoyo al deporte infantil. - Canal 7 SLP - 2022<\/title>\n<meta name=\"robots\" content=\"index, follow, max-snippet:-1, max-image-preview:large, max-video-preview:-1\" \/>\n<link rel=\"canonical\" href=\"https:\/\/canal7slp.tv\/2022\/regidora-critica-desempeno-del-ayuntamiento-por-falta-de-apoyo-al-deporte-infantil\/\" \/>\n<meta property=\"og:locale\" content=\"es_ES\" \/>\n<meta property=\"og:type\" content=\"article\" \/>\n<meta property=\"og:title\" content=\"Regidora cr\u00edtica desempe\u00f1o del Ayuntamiento por falta de apoyo al deporte infantil. - Canal 7 SLP - 2022\" \/>\n<meta property=\"og:description\" content=\"Matehuala.- La regidora panista, Carmen V\u00e1zquez, critic\u00f3 al gobierno municipal y al director de Fomento Deportivo de Matehuala, tras apoyar un evento de basquetbol organizado para mayores de 40 a\u00f1os, dejando de lado al deporte infantil. \u201cDigo con tristeza porque nuestro compromiso fue ni\u00f1os y j\u00f3venes, hasta ahorita, a seis meses de empezar no veo ning\u00fan programa que est\u00e9 activo en las colonias que hab\u00edamos quedado de rehabilitar, con una opci\u00f3n de deporte, de cultura, no lo he visto\u201d, dijo. V\u00e1zquez puntualiz\u00f3 que los trabajos que se hab\u00edan prometido para la rehabilitaci\u00f3n de los espacios p\u00fablicos no se ha realizado, [&hellip;]\" \/>\n<meta property=\"og:url\" content=\"https:\/\/canal7slp.tv\/2022\/regidora-critica-desempeno-del-ayuntamiento-por-falta-de-apoyo-al-deporte-infantil\/\" \/>\n<meta property=\"og:site_name\" content=\"Canal 7 SLP - 2022\" \/>\n<meta property=\"article:publisher\" content=\"https:\/\/www.facebook.com\/noticieroscanalsiete\" \/>\n<meta property=\"article:published_time\" content=\"2022-05-03T00:37:51+00:00\" \/>\n<meta property=\"og:image\" content=\"https:\/\/canal7slp.tv\/2022\/wp-content\/uploads\/2022\/05\/Valencia01DeporteInfantil.jpg\" \/>\n\t<meta property=\"og:image:width\" content=\"888\" \/>\n\t<meta property=\"og:image:height\" content=\"500\" \/>\n\t<meta property=\"og:image:type\" content=\"image\/jpeg\" \/>\n<meta name=\"author\" content=\"Edici\u00f3n Web\" \/>\n<meta name=\"twitter:card\" content=\"summary_large_image\" \/>\n<meta name=\"twitter:creator\" content=\"@NOTICIEROS7\" \/>\n<meta name=\"twitter:site\" content=\"@NOTICIEROS7\" \/>\n<meta name=\"twitter:label1\" content=\"Escrito por\" \/>\n\t<meta name=\"twitter:data1\" content=\"Edici\u00f3n Web\" \/>\n\t<meta name=\"twitter:label2\" content=\"Tiempo de lectura\" \/>\n\t<meta name=\"twitter:data2\" content=\"1 minuto\" \/>\n<script type=\"application\/ld+json\" class=\"yoast-schema-graph\">{\"@context\":\"https:\\\/\\\/schema.org\",\"@graph\":[{\"@type\":\"Article\",\"@id\":\"https:\\\/\\\/canal7slp.tv\\\/2022\\\/regidora-critica-desempeno-del-ayuntamiento-por-falta-de-apoyo-al-deporte-infantil\\\/#article\",\"isPartOf\":{\"@id\":\"https:\\\/\\\/canal7slp.tv\\\/2022\\\/regidora-critica-desempeno-del-ayuntamiento-por-falta-de-apoyo-al-deporte-infantil\\\/\"},\"author\":{\"name\":\"Edici\u00f3n Web\",\"@id\":\"https:\\\/\\\/canal7slp.tv\\\/2022\\\/#\\\/schema\\\/person\\\/429704152a21f5f856ce29aa69a238da\"},\"headline\":\"Regidora cr\u00edtica desempe\u00f1o del Ayuntamiento por falta de apoyo al deporte infantil.\",\"datePublished\":\"2022-05-03T00:37:51+00:00\",\"mainEntityOfPage\":{\"@id\":\"https:\\\/\\\/canal7slp.tv\\\/2022\\\/regidora-critica-desempeno-del-ayuntamiento-por-falta-de-apoyo-al-deporte-infantil\\\/\"},\"wordCount\":229,\"publisher\":{\"@id\":\"https:\\\/\\\/canal7slp.tv\\\/2022\\\/#organization\"},\"image\":{\"@id\":\"https:\\\/\\\/canal7slp.tv\\\/2022\\\/regidora-critica-desempeno-del-ayuntamiento-por-falta-de-apoyo-al-deporte-infantil\\\/#primaryimage\"},\"thumbnailUrl\":\"https:\\\/\\\/canal7slp.tv\\\/2022\\\/wp-content\\\/uploads\\\/2022\\\/05\\\/Valencia01DeporteInfantil.jpg\",\"articleSection\":[\"DESTACADAS\",\"INTERIOR DEL ESTADO\"],\"inLanguage\":\"es\"},{\"@type\":\"WebPage\",\"@id\":\"https:\\\/\\\/canal7slp.tv\\\/2022\\\/regidora-critica-desempeno-del-ayuntamiento-por-falta-de-apoyo-al-deporte-infantil\\\/\",\"url\":\"https:\\\/\\\/canal7slp.tv\\\/2022\\\/regidora-critica-desempeno-del-ayuntamiento-por-falta-de-apoyo-al-deporte-infantil\\\/\",\"name\":\"Regidora cr\u00edtica desempe\u00f1o del Ayuntamiento por falta de apoyo al deporte infantil. - Canal 7 SLP - 2022\",\"isPartOf\":{\"@id\":\"https:\\\/\\\/canal7slp.tv\\\/2022\\\/#website\"},\"primaryImageOfPage\":{\"@id\":\"https:\\\/\\\/canal7slp.tv\\\/2022\\\/regidora-critica-desempeno-del-ayuntamiento-por-falta-de-apoyo-al-deporte-infantil\\\/#primaryimage\"},\"image\":{\"@id\":\"https:\\\/\\\/canal7slp.tv\\\/2022\\\/regidora-critica-desempeno-del-ayuntamiento-por-falta-de-apoyo-al-deporte-infantil\\\/#primaryimage\"},\"thumbnailUrl\":\"https:\\\/\\\/canal7slp.tv\\\/2022\\\/wp-content\\\/uploads\\\/2022\\\/05\\\/Valencia01DeporteInfantil.jpg\",\"datePublished\":\"2022-05-03T00:37:51+00:00\",\"breadcrumb\":{\"@id\":\"https:\\\/\\\/canal7slp.tv\\\/2022\\\/regidora-critica-desempeno-del-ayuntamiento-por-falta-de-apoyo-al-deporte-infantil\\\/#breadcrumb\"},\"inLanguage\":\"es\",\"potentialAction\":[{\"@type\":\"ReadAction\",\"target\":[\"https:\\\/\\\/canal7slp.tv\\\/2022\\\/regidora-critica-desempeno-del-ayuntamiento-por-falta-de-apoyo-al-deporte-infantil\\\/\"]}]},{\"@type\":\"ImageObject\",\"inLanguage\":\"es\",\"@id\":\"https:\\\/\\\/canal7slp.tv\\\/2022\\\/regidora-critica-desempeno-del-ayuntamiento-por-falta-de-apoyo-al-deporte-infantil\\\/#primaryimage\",\"url\":\"https:\\\/\\\/canal7slp.tv\\\/2022\\\/wp-content\\\/uploads\\\/2022\\\/05\\\/Valencia01DeporteInfantil.jpg\",\"contentUrl\":\"https:\\\/\\\/canal7slp.tv\\\/2022\\\/wp-content\\\/uploads\\\/2022\\\/05\\\/Valencia01DeporteInfantil.jpg\",\"width\":888,\"height\":500},{\"@type\":\"BreadcrumbList\",\"@id\":\"https:\\\/\\\/canal7slp.tv\\\/2022\\\/regidora-critica-desempeno-del-ayuntamiento-por-falta-de-apoyo-al-deporte-infantil\\\/#breadcrumb\",\"itemListElement\":[{\"@type\":\"ListItem\",\"position\":1,\"name\":\"Portada\",\"item\":\"https:\\\/\\\/canal7slp.tv\\\/2022\\\/\"},{\"@type\":\"ListItem\",\"position\":2,\"name\":\"Regidora cr\u00edtica desempe\u00f1o del Ayuntamiento por falta de apoyo al deporte infantil.\"}]},{\"@type\":\"WebSite\",\"@id\":\"https:\\\/\\\/canal7slp.tv\\\/2022\\\/#website\",\"url\":\"https:\\\/\\\/canal7slp.tv\\\/2022\\\/\",\"name\":\"N7 - Noticieros Canal 7\",\"description\":\"Somos Televisi\u00f3n\",\"publisher\":{\"@id\":\"https:\\\/\\\/canal7slp.tv\\\/2022\\\/#organization\"},\"potentialAction\":[{\"@type\":\"SearchAction\",\"target\":{\"@type\":\"EntryPoint\",\"urlTemplate\":\"https:\\\/\\\/canal7slp.tv\\\/2022\\\/?s={search_term_string}\"},\"query-input\":{\"@type\":\"PropertyValueSpecification\",\"valueRequired\":true,\"valueName\":\"search_term_string\"}}],\"inLanguage\":\"es\"},{\"@type\":\"Organization\",\"@id\":\"https:\\\/\\\/canal7slp.tv\\\/2022\\\/#organization\",\"name\":\"Noticieros Canal 7\",\"url\":\"https:\\\/\\\/canal7slp.tv\\\/2022\\\/\",\"logo\":{\"@type\":\"ImageObject\",\"inLanguage\":\"es\",\"@id\":\"https:\\\/\\\/canal7slp.tv\\\/2022\\\/#\\\/schema\\\/logo\\\/image\\\/\",\"url\":\"https:\\\/\\\/canal7slp.tv\\\/2022\\\/wp-content\\\/uploads\\\/2021\\\/01\\\/logo-noticieros@2x.png\",\"contentUrl\":\"https:\\\/\\\/canal7slp.tv\\\/2022\\\/wp-content\\\/uploads\\\/2021\\\/01\\\/logo-noticieros@2x.png\",\"width\":1017,\"height\":268,\"caption\":\"Noticieros Canal 7\"},\"image\":{\"@id\":\"https:\\\/\\\/canal7slp.tv\\\/2022\\\/#\\\/schema\\\/logo\\\/image\\\/\"},\"sameAs\":[\"https:\\\/\\\/www.facebook.com\\\/noticieroscanalsiete\",\"https:\\\/\\\/x.com\\\/NOTICIEROS7\",\"https:\\\/\\\/www.instagram.com\\\/canal7_slp\",\"https:\\\/\\\/www.youtube.com\\\/channel\\\/UCliiYs-gP3JfJeqdPrNdd5A\"]},{\"@type\":\"Person\",\"@id\":\"https:\\\/\\\/canal7slp.tv\\\/2022\\\/#\\\/schema\\\/person\\\/429704152a21f5f856ce29aa69a238da\",\"name\":\"Edici\u00f3n Web\",\"image\":{\"@type\":\"ImageObject\",\"inLanguage\":\"es\",\"@id\":\"https:\\\/\\\/secure.gravatar.com\\\/avatar\\\/eee448fc3f7164808013b816ba91ac7e43bbe82a70bebac296f8bc6f0addaa1a?s=96&d=mm&r=g\",\"url\":\"https:\\\/\\\/secure.gravatar.com\\\/avatar\\\/eee448fc3f7164808013b816ba91ac7e43bbe82a70bebac296f8bc6f0addaa1a?s=96&d=mm&r=g\",\"contentUrl\":\"https:\\\/\\\/secure.gravatar.com\\\/avatar\\\/eee448fc3f7164808013b816ba91ac7e43bbe82a70bebac296f8bc6f0addaa1a?s=96&d=mm&r=g\",\"caption\":\"Edici\u00f3n Web\"},\"url\":\"https:\\\/\\\/canal7slp.tv\\\/2022\\\/author\\\/edicionweb\\\/\"}]}<\/script>\n<!-- \/ Yoast SEO plugin. -->","yoast_head_json":{"title":"Regidora cr\u00edtica desempe\u00f1o del Ayuntamiento por falta de apoyo al deporte infantil. - Canal 7 SLP - 2022","robots":{"index":"index","follow":"follow","max-snippet":"max-snippet:-1","max-image-preview":"max-image-preview:large","max-video-preview":"max-video-preview:-1"},"canonical":"https:\/\/canal7slp.tv\/2022\/regidora-critica-desempeno-del-ayuntamiento-por-falta-de-apoyo-al-deporte-infantil\/","og_locale":"es_ES","og_type":"article","og_title":"Regidora cr\u00edtica desempe\u00f1o del Ayuntamiento por falta de apoyo al deporte infantil. - Canal 7 SLP - 2022","og_description":"Matehuala.- La regidora panista, Carmen V\u00e1zquez, critic\u00f3 al gobierno municipal y al director de Fomento Deportivo de Matehuala, tras apoyar un evento de basquetbol organizado para mayores de 40 a\u00f1os, dejando de lado al deporte infantil. \u201cDigo con tristeza porque nuestro compromiso fue ni\u00f1os y j\u00f3venes, hasta ahorita, a seis meses de empezar no veo ning\u00fan programa que est\u00e9 activo en las colonias que hab\u00edamos quedado de rehabilitar, con una opci\u00f3n de deporte, de cultura, no lo he visto\u201d, dijo. V\u00e1zquez puntualiz\u00f3 que los trabajos que se hab\u00edan prometido para la rehabilitaci\u00f3n de los espacios p\u00fablicos no se ha realizado, [&hellip;]","og_url":"https:\/\/canal7slp.tv\/2022\/regidora-critica-desempeno-del-ayuntamiento-por-falta-de-apoyo-al-deporte-infantil\/","og_site_name":"Canal 7 SLP - 2022","article_publisher":"https:\/\/www.facebook.com\/noticieroscanalsiete","article_published_time":"2022-05-03T00:37:51+00:00","og_image":[{"width":888,"height":500,"url":"https:\/\/canal7slp.tv\/2022\/wp-content\/uploads\/2022\/05\/Valencia01DeporteInfantil.jpg","type":"image\/jpeg"}],"author":"Edici\u00f3n Web","twitter_card":"summary_large_image","twitter_creator":"@NOTICIEROS7","twitter_site":"@NOTICIEROS7","twitter_misc":{"Escrito por":"Edici\u00f3n Web","Tiempo de lectura":"1 minuto"},"schema":{"@context":"https:\/\/schema.org","@graph":[{"@type":"Article","@id":"https:\/\/canal7slp.tv\/2022\/regidora-critica-desempeno-del-ayuntamiento-por-falta-de-apoyo-al-deporte-infantil\/#article","isPartOf":{"@id":"https:\/\/canal7slp.tv\/2022\/regidora-critica-desempeno-del-ayuntamiento-por-falta-de-apoyo-al-deporte-infantil\/"},"author":{"name":"Edici\u00f3n Web","@id":"https:\/\/canal7slp.tv\/2022\/#\/schema\/person\/429704152a21f5f856ce29aa69a238da"},"headline":"Regidora cr\u00edtica desempe\u00f1o del Ayuntamiento por falta de apoyo al deporte infantil.","datePublished":"2022-05-03T00:37:51+00:00","mainEntityOfPage":{"@id":"https:\/\/canal7slp.tv\/2022\/regidora-critica-desempeno-del-ayuntamiento-por-falta-de-apoyo-al-deporte-infantil\/"},"wordCount":229,"publisher":{"@id":"https:\/\/canal7slp.tv\/2022\/#organization"},"image":{"@id":"https:\/\/canal7slp.tv\/2022\/regidora-critica-desempeno-del-ayuntamiento-por-falta-de-apoyo-al-deporte-infantil\/#primaryimage"},"thumbnailUrl":"https:\/\/canal7slp.tv\/2022\/wp-content\/uploads\/2022\/05\/Valencia01DeporteInfantil.jpg","articleSection":["DESTACADAS","INTERIOR DEL ESTADO"],"inLanguage":"es"},{"@type":"WebPage","@id":"https:\/\/canal7slp.tv\/2022\/regidora-critica-desempeno-del-ayuntamiento-por-falta-de-apoyo-al-deporte-infantil\/","url":"https:\/\/canal7slp.tv\/2022\/regidora-critica-desempeno-del-ayuntamiento-por-falta-de-apoyo-al-deporte-infantil\/","name":"Regidora cr\u00edtica desempe\u00f1o del Ayuntamiento por falta de apoyo al deporte infantil. - Canal 7 SLP - 2022","isPartOf":{"@id":"https:\/\/canal7slp.tv\/2022\/#website"},"primaryImageOfPage":{"@id":"https:\/\/canal7slp.tv\/2022\/regidora-critica-desempeno-del-ayuntamiento-por-falta-de-apoyo-al-deporte-infantil\/#primaryimage"},"image":{"@id":"https:\/\/canal7slp.tv\/2022\/regidora-critica-desempeno-del-ayuntamiento-por-falta-de-apoyo-al-deporte-infantil\/#primaryimage"},"thumbnailUrl":"https:\/\/canal7slp.tv\/2022\/wp-content\/uploads\/2022\/05\/Valencia01DeporteInfantil.jpg","datePublished":"2022-05-03T00:37:51+00:00","breadcrumb":{"@id":"https:\/\/canal7slp.tv\/2022\/regidora-critica-desempeno-del-ayuntamiento-por-falta-de-apoyo-al-deporte-infantil\/#breadcrumb"},"inLanguage":"es","potentialAction":[{"@type":"ReadAction","target":["https:\/\/canal7slp.tv\/2022\/regidora-critica-desempeno-del-ayuntamiento-por-falta-de-apoyo-al-deporte-infantil\/"]}]},{"@type":"ImageObject","inLanguage":"es","@id":"https:\/\/canal7slp.tv\/2022\/regidora-critica-desempeno-del-ayuntamiento-por-falta-de-apoyo-al-deporte-infantil\/#primaryimage","url":"https:\/\/canal7slp.tv\/2022\/wp-content\/uploads\/2022\/05\/Valencia01DeporteInfantil.jpg","contentUrl":"https:\/\/canal7slp.tv\/2022\/wp-content\/uploads\/2022\/05\/Valencia01DeporteInfantil.jpg","width":888,"height":500},{"@type":"BreadcrumbList","@id":"https:\/\/canal7slp.tv\/2022\/regidora-critica-desempeno-del-ayuntamiento-por-falta-de-apoyo-al-deporte-infantil\/#breadcrumb","itemListElement":[{"@type":"ListItem","position":1,"name":"Portada","item":"https:\/\/canal7slp.tv\/2022\/"},{"@type":"ListItem","position":2,"name":"Regidora cr\u00edtica desempe\u00f1o del Ayuntamiento por falta de apoyo al deporte infantil."}]},{"@type":"WebSite","@id":"https:\/\/canal7slp.tv\/2022\/#website","url":"https:\/\/canal7slp.tv\/2022\/","name":"N7 - Noticieros Canal 7","description":"Somos Televisi\u00f3n","publisher":{"@id":"https:\/\/canal7slp.tv\/2022\/#organization"},"potentialAction":[{"@type":"SearchAction","target":{"@type":"EntryPoint","urlTemplate":"https:\/\/canal7slp.tv\/2022\/?s={search_term_string}"},"query-input":{"@type":"PropertyValueSpecification","valueRequired":true,"valueName":"search_term_string"}}],"inLanguage":"es"},{"@type":"Organization","@id":"https:\/\/canal7slp.tv\/2022\/#organization","name":"Noticieros Canal 7","url":"https:\/\/canal7slp.tv\/2022\/","logo":{"@type":"ImageObject","inLanguage":"es","@id":"https:\/\/canal7slp.tv\/2022\/#\/schema\/logo\/image\/","url":"https:\/\/canal7slp.tv\/2022\/wp-content\/uploads\/2021\/01\/logo-noticieros@2x.png","contentUrl":"https:\/\/canal7slp.tv\/2022\/wp-content\/uploads\/2021\/01\/logo-noticieros@2x.png","width":1017,"height":268,"caption":"Noticieros Canal 7"},"image":{"@id":"https:\/\/canal7slp.tv\/2022\/#\/schema\/logo\/image\/"},"sameAs":["https:\/\/www.facebook.com\/noticieroscanalsiete","https:\/\/x.com\/NOTICIEROS7","https:\/\/www.instagram.com\/canal7_slp","https:\/\/www.youtube.com\/channel\/UCliiYs-gP3JfJeqdPrNdd5A"]},{"@type":"Person","@id":"https:\/\/canal7slp.tv\/2022\/#\/schema\/person\/429704152a21f5f856ce29aa69a238da","name":"Edici\u00f3n Web","image":{"@type":"ImageObject","inLanguage":"es","@id":"https:\/\/secure.gravatar.com\/avatar\/eee448fc3f7164808013b816ba91ac7e43bbe82a70bebac296f8bc6f0addaa1a?s=96&d=mm&r=g","url":"https:\/\/secure.gravatar.com\/avatar\/eee448fc3f7164808013b816ba91ac7e43bbe82a70bebac296f8bc6f0addaa1a?s=96&d=mm&r=g","contentUrl":"https:\/\/secure.gravatar.com\/avatar\/eee448fc3f7164808013b816ba91ac7e43bbe82a70bebac296f8bc6f0addaa1a?s=96&d=mm&r=g","caption":"Edici\u00f3n Web"},"url":"https:\/\/canal7slp.tv\/2022\/author\/edicionweb\/"}]}},"amp_enabled":true,"_links":{"self":[{"href":"https:\/\/canal7slp.tv\/2022\/wp-json\/wp\/v2\/posts\/58950","targetHints":{"allow":["GET"]}}],"collection":[{"href":"https:\/\/canal7slp.tv\/2022\/wp-json\/wp\/v2\/posts"}],"about":[{"href":"https:\/\/canal7slp.tv\/2022\/wp-json\/wp\/v2\/types\/post"}],"author":[{"embeddable":true,"href":"https:\/\/canal7slp.tv\/2022\/wp-json\/wp\/v2\/users\/2"}],"replies":[{"embeddable":true,"href":"https:\/\/canal7slp.tv\/2022\/wp-json\/wp\/v2\/comments?post=58950"}],"version-history":[{"count":4,"href":"https:\/\/canal7slp.tv\/2022\/wp-json\/wp\/v2\/posts\/58950\/revisions"}],"predecessor-version":[{"id":58957,"href":"https:\/\/canal7slp.tv\/2022\/wp-json\/wp\/v2\/posts\/58950\/revisions\/58957"}],"wp:featuredmedia":[{"embeddable":true,"href":"https:\/\/canal7slp.tv\/2022\/wp-json\/wp\/v2\/media\/58955"}],"wp:attachment":[{"href":"https:\/\/canal7slp.tv\/2022\/wp-json\/wp\/v2\/media?parent=58950"}],"wp:term":[{"taxonomy":"category","embeddable":true,"href":"https:\/\/canal7slp.tv\/2022\/wp-json\/wp\/v2\/categories?post=58950"},{"taxonomy":"post_tag","embeddable":true,"href":"https:\/\/canal7slp.tv\/2022\/wp-json\/wp\/v2\/tags?post=58950"}],"curies":[{"name":"wp","href":"https:\/\/api.w.org\/{rel}","templated":true}]}}