{"id":58923,"date":"2022-05-02T16:54:59","date_gmt":"2022-05-02T22:54:59","guid":{"rendered":"https:\/\/canal7slp.tv\/2022\/?p=58923"},"modified":"2022-05-02T16:57:12","modified_gmt":"2022-05-02T22:57:12","slug":"hay-muy-poca-investigacion-responde-titular-de-salud-en-slp-a-investigadores-que-critican-aplicacion-de-segundo-refuerzo-contra-la-covid-19-2","status":"publish","type":"post","link":"https:\/\/canal7slp.tv\/2022\/hay-muy-poca-investigacion-responde-titular-de-salud-en-slp-a-investigadores-que-critican-aplicacion-de-segundo-refuerzo-contra-la-covid-19-2\/","title":{"rendered":"\u00abHay muy poca investigaci\u00f3n\u00bb, responde titular de Salud en SLP a investigadores que critican aplicaci\u00f3n de segundo refuerzo contra la COVID-19."},"content":{"rendered":"<ul>\n<li style=\"text-align: justify;\">Investigadores hab\u00edan advertido que se dio una aplicaci\u00f3n indiscriminada con una temporalidad no adecuada solo porque vacunas estaban por caducar.<\/li>\n<\/ul>\n<p style=\"text-align: justify;\">SLP.- El titular de los Servicios de Salud en el estado de San Luis Potos\u00ed, Daniel Acosta D\u00edaz de Le\u00f3n, respondi\u00f3 los se\u00f1alamientos que hacen algunos investigadores, sobre una supuesta aplicaci\u00f3n indiscriminada de vacunas contra la covid-19 debido a su pr\u00f3xima caducidad.<\/p>\n<p style=\"text-align: justify;\">Y es que de acuerdo con los expertos, para la aplicaci\u00f3n del segundo refuerzo contra el coronavirus no se respet\u00f3 la temporalidad entre una vacuna y otra; lo que podr\u00eda afectar el efecto de generar los anticuerpos necesarios para combatir la enfermedad.<\/p>\n<p style=\"text-align: justify;\">\u00abHay muy poca investigaci\u00f3n, realmente hab\u00eda un art\u00edculo de una revista indexada donde dec\u00eda de la utilidad del segundo refuerzo, pero a\u00fan falta mucho por investigar, en ese entonces, cualquier cosa que digamos puede ser despu\u00e9s contradecida\u00bb, se\u00f1al\u00f3.<\/p>\n<p style=\"text-align: justify;\">Record\u00f3 que por instrucciones de la federaci\u00f3n, la Secretar\u00eda de Salud inici\u00f3 la aplicaci\u00f3n de los segundos refuerzos para personas adultas mayores, siempre y cuando las personas cumplieran con un tiempo de cuatro meses desde la \u00faltima vacuna.<\/p>\n<p style=\"text-align: justify;\">\u00abNosotros ten\u00edamos asignadas 60 mil vacunas y se logr\u00f3 el objetivo de 81 mil vacunas por la secretar\u00eda de salud; cada situaci\u00f3n como el ISSSTE, el seguro o los militares tuvieron su propia meta, nosotros la rebasamos afortunadamente\u00bb, agreg\u00f3.<\/p>\n<p style=\"text-align: justify;\">Por otra parte, el funcionario mencion\u00f3 que se ha detectado una resistencia por parte de quienes integran el grupo de edad de 18 a 30 a\u00f1os para vacunarse contra el coronavirus, por lo que hizo un llamado para que acudan por sus dosis y as\u00ed disminuir los riesgos de contagio y de desarrollar un cuadro grave del virus.<\/p>\n<p style=\"text-align: justify;\">Por: Jos\u00e9 Luis V\u00e1zquez<\/p>\n","protected":false},"excerpt":{"rendered":"<p>Investigadores hab\u00edan advertido que se dio una aplicaci\u00f3n indiscriminada con una temporalidad no adecuada solo porque vacunas estaban por caducar. SLP.- El titular de los Servicios de Salud en el estado de San Luis Potos\u00ed, Daniel Acosta D\u00edaz de Le\u00f3n, respondi\u00f3 los se\u00f1alamientos que hacen algunos investigadores, sobre una supuesta aplicaci\u00f3n indiscriminada de vacunas contra la covid-19 debido a su pr\u00f3xima caducidad. Y es que de acuerdo con los expertos, para la aplicaci\u00f3n del segundo refuerzo contra el coronavirus no se respet\u00f3 la temporalidad entre una vacuna y otra; lo que podr\u00eda afectar el efecto de generar los anticuerpos necesarios [&hellip;]<\/p>\n","protected":false},"author":2,"featured_media":58939,"comment_status":"closed","ping_status":"closed","sticky":false,"template":"","format":"video","meta":{"footnotes":""},"categories":[4,5,510,45],"tags":[],"class_list":["post-58923","post","type-post","status-publish","format-video","has-post-thumbnail","hentry","category-covid-19","category-destacadas","category-gobedoslp","category-localesyregionales","post_format-post-format-video","post--single"],"yoast_head":"<!-- This site is optimized with the Yoast SEO plugin v27.5 - https:\/\/yoast.com\/product\/yoast-seo-wordpress\/ -->\n<title>&quot;Hay muy poca investigaci\u00f3n&quot;, responde titular de Salud en SLP a investigadores que critican aplicaci\u00f3n de segundo refuerzo contra la COVID-19. - Canal 7 SLP - 2022<\/title>\n<meta name=\"robots\" content=\"index, follow, max-snippet:-1, max-image-preview:large, max-video-preview:-1\" \/>\n<link rel=\"canonical\" href=\"https:\/\/canal7slp.tv\/2022\/hay-muy-poca-investigacion-responde-titular-de-salud-en-slp-a-investigadores-que-critican-aplicacion-de-segundo-refuerzo-contra-la-covid-19-2\/\" \/>\n<meta property=\"og:locale\" content=\"es_ES\" \/>\n<meta property=\"og:type\" content=\"article\" \/>\n<meta property=\"og:title\" content=\"&quot;Hay muy poca investigaci\u00f3n&quot;, responde titular de Salud en SLP a investigadores que critican aplicaci\u00f3n de segundo refuerzo contra la COVID-19. - Canal 7 SLP - 2022\" \/>\n<meta property=\"og:description\" content=\"Investigadores hab\u00edan advertido que se dio una aplicaci\u00f3n indiscriminada con una temporalidad no adecuada solo porque vacunas estaban por caducar. SLP.- El titular de los Servicios de Salud en el estado de San Luis Potos\u00ed, Daniel Acosta D\u00edaz de Le\u00f3n, respondi\u00f3 los se\u00f1alamientos que hacen algunos investigadores, sobre una supuesta aplicaci\u00f3n indiscriminada de vacunas contra la covid-19 debido a su pr\u00f3xima caducidad. Y es que de acuerdo con los expertos, para la aplicaci\u00f3n del segundo refuerzo contra el coronavirus no se respet\u00f3 la temporalidad entre una vacuna y otra; lo que podr\u00eda afectar el efecto de generar los anticuerpos necesarios [&hellip;]\" \/>\n<meta property=\"og:url\" content=\"https:\/\/canal7slp.tv\/2022\/hay-muy-poca-investigacion-responde-titular-de-salud-en-slp-a-investigadores-que-critican-aplicacion-de-segundo-refuerzo-contra-la-covid-19-2\/\" \/>\n<meta property=\"og:site_name\" content=\"Canal 7 SLP - 2022\" \/>\n<meta property=\"article:publisher\" content=\"https:\/\/www.facebook.com\/noticieroscanalsiete\" \/>\n<meta property=\"article:published_time\" content=\"2022-05-02T22:54:59+00:00\" \/>\n<meta property=\"article:modified_time\" content=\"2022-05-02T22:57:12+00:00\" \/>\n<meta property=\"og:image\" content=\"https:\/\/canal7slp.tv\/2022\/wp-content\/uploads\/2022\/05\/Vazquez03VacunasAplicacion.jpg\" \/>\n\t<meta property=\"og:image:width\" content=\"888\" \/>\n\t<meta property=\"og:image:height\" content=\"500\" \/>\n\t<meta property=\"og:image:type\" content=\"image\/jpeg\" \/>\n<meta name=\"author\" content=\"Edici\u00f3n Web\" \/>\n<meta name=\"twitter:card\" content=\"summary_large_image\" \/>\n<meta name=\"twitter:creator\" content=\"@NOTICIEROS7\" \/>\n<meta name=\"twitter:site\" content=\"@NOTICIEROS7\" \/>\n<meta name=\"twitter:label1\" content=\"Escrito por\" \/>\n\t<meta name=\"twitter:data1\" content=\"Edici\u00f3n Web\" \/>\n\t<meta name=\"twitter:label2\" content=\"Tiempo de lectura\" \/>\n\t<meta name=\"twitter:data2\" content=\"2 minutos\" \/>\n<script type=\"application\/ld+json\" class=\"yoast-schema-graph\">{\"@context\":\"https:\\\/\\\/schema.org\",\"@graph\":[{\"@type\":\"Article\",\"@id\":\"https:\\\/\\\/canal7slp.tv\\\/2022\\\/hay-muy-poca-investigacion-responde-titular-de-salud-en-slp-a-investigadores-que-critican-aplicacion-de-segundo-refuerzo-contra-la-covid-19-2\\\/#article\",\"isPartOf\":{\"@id\":\"https:\\\/\\\/canal7slp.tv\\\/2022\\\/hay-muy-poca-investigacion-responde-titular-de-salud-en-slp-a-investigadores-que-critican-aplicacion-de-segundo-refuerzo-contra-la-covid-19-2\\\/\"},\"author\":{\"name\":\"Edici\u00f3n Web\",\"@id\":\"https:\\\/\\\/canal7slp.tv\\\/2022\\\/#\\\/schema\\\/person\\\/429704152a21f5f856ce29aa69a238da\"},\"headline\":\"\u00abHay muy poca investigaci\u00f3n\u00bb, responde titular de Salud en SLP a investigadores que critican aplicaci\u00f3n de segundo refuerzo contra la COVID-19.\",\"datePublished\":\"2022-05-02T22:54:59+00:00\",\"dateModified\":\"2022-05-02T22:57:12+00:00\",\"mainEntityOfPage\":{\"@id\":\"https:\\\/\\\/canal7slp.tv\\\/2022\\\/hay-muy-poca-investigacion-responde-titular-de-salud-en-slp-a-investigadores-que-critican-aplicacion-de-segundo-refuerzo-contra-la-covid-19-2\\\/\"},\"wordCount\":325,\"publisher\":{\"@id\":\"https:\\\/\\\/canal7slp.tv\\\/2022\\\/#organization\"},\"image\":{\"@id\":\"https:\\\/\\\/canal7slp.tv\\\/2022\\\/hay-muy-poca-investigacion-responde-titular-de-salud-en-slp-a-investigadores-que-critican-aplicacion-de-segundo-refuerzo-contra-la-covid-19-2\\\/#primaryimage\"},\"thumbnailUrl\":\"https:\\\/\\\/canal7slp.tv\\\/2022\\\/wp-content\\\/uploads\\\/2022\\\/05\\\/Vazquez03VacunasAplicacion.jpg\",\"articleSection\":[\"COVID-19\",\"DESTACADAS\",\"GOBEDOSLP\",\"LOCALES Y REGIONALES\"],\"inLanguage\":\"es\"},{\"@type\":\"WebPage\",\"@id\":\"https:\\\/\\\/canal7slp.tv\\\/2022\\\/hay-muy-poca-investigacion-responde-titular-de-salud-en-slp-a-investigadores-que-critican-aplicacion-de-segundo-refuerzo-contra-la-covid-19-2\\\/\",\"url\":\"https:\\\/\\\/canal7slp.tv\\\/2022\\\/hay-muy-poca-investigacion-responde-titular-de-salud-en-slp-a-investigadores-que-critican-aplicacion-de-segundo-refuerzo-contra-la-covid-19-2\\\/\",\"name\":\"\\\"Hay muy poca investigaci\u00f3n\\\", responde titular de Salud en SLP a investigadores que critican aplicaci\u00f3n de segundo refuerzo contra la COVID-19. - Canal 7 SLP - 2022\",\"isPartOf\":{\"@id\":\"https:\\\/\\\/canal7slp.tv\\\/2022\\\/#website\"},\"primaryImageOfPage\":{\"@id\":\"https:\\\/\\\/canal7slp.tv\\\/2022\\\/hay-muy-poca-investigacion-responde-titular-de-salud-en-slp-a-investigadores-que-critican-aplicacion-de-segundo-refuerzo-contra-la-covid-19-2\\\/#primaryimage\"},\"image\":{\"@id\":\"https:\\\/\\\/canal7slp.tv\\\/2022\\\/hay-muy-poca-investigacion-responde-titular-de-salud-en-slp-a-investigadores-que-critican-aplicacion-de-segundo-refuerzo-contra-la-covid-19-2\\\/#primaryimage\"},\"thumbnailUrl\":\"https:\\\/\\\/canal7slp.tv\\\/2022\\\/wp-content\\\/uploads\\\/2022\\\/05\\\/Vazquez03VacunasAplicacion.jpg\",\"datePublished\":\"2022-05-02T22:54:59+00:00\",\"dateModified\":\"2022-05-02T22:57:12+00:00\",\"breadcrumb\":{\"@id\":\"https:\\\/\\\/canal7slp.tv\\\/2022\\\/hay-muy-poca-investigacion-responde-titular-de-salud-en-slp-a-investigadores-que-critican-aplicacion-de-segundo-refuerzo-contra-la-covid-19-2\\\/#breadcrumb\"},\"inLanguage\":\"es\",\"potentialAction\":[{\"@type\":\"ReadAction\",\"target\":[\"https:\\\/\\\/canal7slp.tv\\\/2022\\\/hay-muy-poca-investigacion-responde-titular-de-salud-en-slp-a-investigadores-que-critican-aplicacion-de-segundo-refuerzo-contra-la-covid-19-2\\\/\"]}]},{\"@type\":\"ImageObject\",\"inLanguage\":\"es\",\"@id\":\"https:\\\/\\\/canal7slp.tv\\\/2022\\\/hay-muy-poca-investigacion-responde-titular-de-salud-en-slp-a-investigadores-que-critican-aplicacion-de-segundo-refuerzo-contra-la-covid-19-2\\\/#primaryimage\",\"url\":\"https:\\\/\\\/canal7slp.tv\\\/2022\\\/wp-content\\\/uploads\\\/2022\\\/05\\\/Vazquez03VacunasAplicacion.jpg\",\"contentUrl\":\"https:\\\/\\\/canal7slp.tv\\\/2022\\\/wp-content\\\/uploads\\\/2022\\\/05\\\/Vazquez03VacunasAplicacion.jpg\",\"width\":888,\"height\":500},{\"@type\":\"BreadcrumbList\",\"@id\":\"https:\\\/\\\/canal7slp.tv\\\/2022\\\/hay-muy-poca-investigacion-responde-titular-de-salud-en-slp-a-investigadores-que-critican-aplicacion-de-segundo-refuerzo-contra-la-covid-19-2\\\/#breadcrumb\",\"itemListElement\":[{\"@type\":\"ListItem\",\"position\":1,\"name\":\"Portada\",\"item\":\"https:\\\/\\\/canal7slp.tv\\\/2022\\\/\"},{\"@type\":\"ListItem\",\"position\":2,\"name\":\"&#8220;Hay muy poca investigaci\u00f3n&#8221;, responde titular de Salud en SLP a investigadores que critican aplicaci\u00f3n de segundo refuerzo contra la COVID-19.\"}]},{\"@type\":\"WebSite\",\"@id\":\"https:\\\/\\\/canal7slp.tv\\\/2022\\\/#website\",\"url\":\"https:\\\/\\\/canal7slp.tv\\\/2022\\\/\",\"name\":\"N7 - Noticieros Canal 7\",\"description\":\"Somos Televisi\u00f3n\",\"publisher\":{\"@id\":\"https:\\\/\\\/canal7slp.tv\\\/2022\\\/#organization\"},\"potentialAction\":[{\"@type\":\"SearchAction\",\"target\":{\"@type\":\"EntryPoint\",\"urlTemplate\":\"https:\\\/\\\/canal7slp.tv\\\/2022\\\/?s={search_term_string}\"},\"query-input\":{\"@type\":\"PropertyValueSpecification\",\"valueRequired\":true,\"valueName\":\"search_term_string\"}}],\"inLanguage\":\"es\"},{\"@type\":\"Organization\",\"@id\":\"https:\\\/\\\/canal7slp.tv\\\/2022\\\/#organization\",\"name\":\"Noticieros Canal 7\",\"url\":\"https:\\\/\\\/canal7slp.tv\\\/2022\\\/\",\"logo\":{\"@type\":\"ImageObject\",\"inLanguage\":\"es\",\"@id\":\"https:\\\/\\\/canal7slp.tv\\\/2022\\\/#\\\/schema\\\/logo\\\/image\\\/\",\"url\":\"https:\\\/\\\/canal7slp.tv\\\/2022\\\/wp-content\\\/uploads\\\/2021\\\/01\\\/logo-noticieros@2x.png\",\"contentUrl\":\"https:\\\/\\\/canal7slp.tv\\\/2022\\\/wp-content\\\/uploads\\\/2021\\\/01\\\/logo-noticieros@2x.png\",\"width\":1017,\"height\":268,\"caption\":\"Noticieros Canal 7\"},\"image\":{\"@id\":\"https:\\\/\\\/canal7slp.tv\\\/2022\\\/#\\\/schema\\\/logo\\\/image\\\/\"},\"sameAs\":[\"https:\\\/\\\/www.facebook.com\\\/noticieroscanalsiete\",\"https:\\\/\\\/x.com\\\/NOTICIEROS7\",\"https:\\\/\\\/www.instagram.com\\\/canal7_slp\",\"https:\\\/\\\/www.youtube.com\\\/channel\\\/UCliiYs-gP3JfJeqdPrNdd5A\"]},{\"@type\":\"Person\",\"@id\":\"https:\\\/\\\/canal7slp.tv\\\/2022\\\/#\\\/schema\\\/person\\\/429704152a21f5f856ce29aa69a238da\",\"name\":\"Edici\u00f3n Web\",\"image\":{\"@type\":\"ImageObject\",\"inLanguage\":\"es\",\"@id\":\"https:\\\/\\\/secure.gravatar.com\\\/avatar\\\/eee448fc3f7164808013b816ba91ac7e43bbe82a70bebac296f8bc6f0addaa1a?s=96&d=mm&r=g\",\"url\":\"https:\\\/\\\/secure.gravatar.com\\\/avatar\\\/eee448fc3f7164808013b816ba91ac7e43bbe82a70bebac296f8bc6f0addaa1a?s=96&d=mm&r=g\",\"contentUrl\":\"https:\\\/\\\/secure.gravatar.com\\\/avatar\\\/eee448fc3f7164808013b816ba91ac7e43bbe82a70bebac296f8bc6f0addaa1a?s=96&d=mm&r=g\",\"caption\":\"Edici\u00f3n Web\"},\"url\":\"https:\\\/\\\/canal7slp.tv\\\/2022\\\/author\\\/edicionweb\\\/\"}]}<\/script>\n<!-- \/ Yoast SEO plugin. -->","yoast_head_json":{"title":"\"Hay muy poca investigaci\u00f3n\", responde titular de Salud en SLP a investigadores que critican aplicaci\u00f3n de segundo refuerzo contra la COVID-19. - Canal 7 SLP - 2022","robots":{"index":"index","follow":"follow","max-snippet":"max-snippet:-1","max-image-preview":"max-image-preview:large","max-video-preview":"max-video-preview:-1"},"canonical":"https:\/\/canal7slp.tv\/2022\/hay-muy-poca-investigacion-responde-titular-de-salud-en-slp-a-investigadores-que-critican-aplicacion-de-segundo-refuerzo-contra-la-covid-19-2\/","og_locale":"es_ES","og_type":"article","og_title":"\"Hay muy poca investigaci\u00f3n\", responde titular de Salud en SLP a investigadores que critican aplicaci\u00f3n de segundo refuerzo contra la COVID-19. - Canal 7 SLP - 2022","og_description":"Investigadores hab\u00edan advertido que se dio una aplicaci\u00f3n indiscriminada con una temporalidad no adecuada solo porque vacunas estaban por caducar. SLP.- El titular de los Servicios de Salud en el estado de San Luis Potos\u00ed, Daniel Acosta D\u00edaz de Le\u00f3n, respondi\u00f3 los se\u00f1alamientos que hacen algunos investigadores, sobre una supuesta aplicaci\u00f3n indiscriminada de vacunas contra la covid-19 debido a su pr\u00f3xima caducidad. Y es que de acuerdo con los expertos, para la aplicaci\u00f3n del segundo refuerzo contra el coronavirus no se respet\u00f3 la temporalidad entre una vacuna y otra; lo que podr\u00eda afectar el efecto de generar los anticuerpos necesarios [&hellip;]","og_url":"https:\/\/canal7slp.tv\/2022\/hay-muy-poca-investigacion-responde-titular-de-salud-en-slp-a-investigadores-que-critican-aplicacion-de-segundo-refuerzo-contra-la-covid-19-2\/","og_site_name":"Canal 7 SLP - 2022","article_publisher":"https:\/\/www.facebook.com\/noticieroscanalsiete","article_published_time":"2022-05-02T22:54:59+00:00","article_modified_time":"2022-05-02T22:57:12+00:00","og_image":[{"width":888,"height":500,"url":"https:\/\/canal7slp.tv\/2022\/wp-content\/uploads\/2022\/05\/Vazquez03VacunasAplicacion.jpg","type":"image\/jpeg"}],"author":"Edici\u00f3n Web","twitter_card":"summary_large_image","twitter_creator":"@NOTICIEROS7","twitter_site":"@NOTICIEROS7","twitter_misc":{"Escrito por":"Edici\u00f3n Web","Tiempo de lectura":"2 minutos"},"schema":{"@context":"https:\/\/schema.org","@graph":[{"@type":"Article","@id":"https:\/\/canal7slp.tv\/2022\/hay-muy-poca-investigacion-responde-titular-de-salud-en-slp-a-investigadores-que-critican-aplicacion-de-segundo-refuerzo-contra-la-covid-19-2\/#article","isPartOf":{"@id":"https:\/\/canal7slp.tv\/2022\/hay-muy-poca-investigacion-responde-titular-de-salud-en-slp-a-investigadores-que-critican-aplicacion-de-segundo-refuerzo-contra-la-covid-19-2\/"},"author":{"name":"Edici\u00f3n Web","@id":"https:\/\/canal7slp.tv\/2022\/#\/schema\/person\/429704152a21f5f856ce29aa69a238da"},"headline":"\u00abHay muy poca investigaci\u00f3n\u00bb, responde titular de Salud en SLP a investigadores que critican aplicaci\u00f3n de segundo refuerzo contra la COVID-19.","datePublished":"2022-05-02T22:54:59+00:00","dateModified":"2022-05-02T22:57:12+00:00","mainEntityOfPage":{"@id":"https:\/\/canal7slp.tv\/2022\/hay-muy-poca-investigacion-responde-titular-de-salud-en-slp-a-investigadores-que-critican-aplicacion-de-segundo-refuerzo-contra-la-covid-19-2\/"},"wordCount":325,"publisher":{"@id":"https:\/\/canal7slp.tv\/2022\/#organization"},"image":{"@id":"https:\/\/canal7slp.tv\/2022\/hay-muy-poca-investigacion-responde-titular-de-salud-en-slp-a-investigadores-que-critican-aplicacion-de-segundo-refuerzo-contra-la-covid-19-2\/#primaryimage"},"thumbnailUrl":"https:\/\/canal7slp.tv\/2022\/wp-content\/uploads\/2022\/05\/Vazquez03VacunasAplicacion.jpg","articleSection":["COVID-19","DESTACADAS","GOBEDOSLP","LOCALES Y REGIONALES"],"inLanguage":"es"},{"@type":"WebPage","@id":"https:\/\/canal7slp.tv\/2022\/hay-muy-poca-investigacion-responde-titular-de-salud-en-slp-a-investigadores-que-critican-aplicacion-de-segundo-refuerzo-contra-la-covid-19-2\/","url":"https:\/\/canal7slp.tv\/2022\/hay-muy-poca-investigacion-responde-titular-de-salud-en-slp-a-investigadores-que-critican-aplicacion-de-segundo-refuerzo-contra-la-covid-19-2\/","name":"\"Hay muy poca investigaci\u00f3n\", responde titular de Salud en SLP a investigadores que critican aplicaci\u00f3n de segundo refuerzo contra la COVID-19. - Canal 7 SLP - 2022","isPartOf":{"@id":"https:\/\/canal7slp.tv\/2022\/#website"},"primaryImageOfPage":{"@id":"https:\/\/canal7slp.tv\/2022\/hay-muy-poca-investigacion-responde-titular-de-salud-en-slp-a-investigadores-que-critican-aplicacion-de-segundo-refuerzo-contra-la-covid-19-2\/#primaryimage"},"image":{"@id":"https:\/\/canal7slp.tv\/2022\/hay-muy-poca-investigacion-responde-titular-de-salud-en-slp-a-investigadores-que-critican-aplicacion-de-segundo-refuerzo-contra-la-covid-19-2\/#primaryimage"},"thumbnailUrl":"https:\/\/canal7slp.tv\/2022\/wp-content\/uploads\/2022\/05\/Vazquez03VacunasAplicacion.jpg","datePublished":"2022-05-02T22:54:59+00:00","dateModified":"2022-05-02T22:57:12+00:00","breadcrumb":{"@id":"https:\/\/canal7slp.tv\/2022\/hay-muy-poca-investigacion-responde-titular-de-salud-en-slp-a-investigadores-que-critican-aplicacion-de-segundo-refuerzo-contra-la-covid-19-2\/#breadcrumb"},"inLanguage":"es","potentialAction":[{"@type":"ReadAction","target":["https:\/\/canal7slp.tv\/2022\/hay-muy-poca-investigacion-responde-titular-de-salud-en-slp-a-investigadores-que-critican-aplicacion-de-segundo-refuerzo-contra-la-covid-19-2\/"]}]},{"@type":"ImageObject","inLanguage":"es","@id":"https:\/\/canal7slp.tv\/2022\/hay-muy-poca-investigacion-responde-titular-de-salud-en-slp-a-investigadores-que-critican-aplicacion-de-segundo-refuerzo-contra-la-covid-19-2\/#primaryimage","url":"https:\/\/canal7slp.tv\/2022\/wp-content\/uploads\/2022\/05\/Vazquez03VacunasAplicacion.jpg","contentUrl":"https:\/\/canal7slp.tv\/2022\/wp-content\/uploads\/2022\/05\/Vazquez03VacunasAplicacion.jpg","width":888,"height":500},{"@type":"BreadcrumbList","@id":"https:\/\/canal7slp.tv\/2022\/hay-muy-poca-investigacion-responde-titular-de-salud-en-slp-a-investigadores-que-critican-aplicacion-de-segundo-refuerzo-contra-la-covid-19-2\/#breadcrumb","itemListElement":[{"@type":"ListItem","position":1,"name":"Portada","item":"https:\/\/canal7slp.tv\/2022\/"},{"@type":"ListItem","position":2,"name":"&#8220;Hay muy poca investigaci\u00f3n&#8221;, responde titular de Salud en SLP a investigadores que critican aplicaci\u00f3n de segundo refuerzo contra la COVID-19."}]},{"@type":"WebSite","@id":"https:\/\/canal7slp.tv\/2022\/#website","url":"https:\/\/canal7slp.tv\/2022\/","name":"N7 - Noticieros Canal 7","description":"Somos Televisi\u00f3n","publisher":{"@id":"https:\/\/canal7slp.tv\/2022\/#organization"},"potentialAction":[{"@type":"SearchAction","target":{"@type":"EntryPoint","urlTemplate":"https:\/\/canal7slp.tv\/2022\/?s={search_term_string}"},"query-input":{"@type":"PropertyValueSpecification","valueRequired":true,"valueName":"search_term_string"}}],"inLanguage":"es"},{"@type":"Organization","@id":"https:\/\/canal7slp.tv\/2022\/#organization","name":"Noticieros Canal 7","url":"https:\/\/canal7slp.tv\/2022\/","logo":{"@type":"ImageObject","inLanguage":"es","@id":"https:\/\/canal7slp.tv\/2022\/#\/schema\/logo\/image\/","url":"https:\/\/canal7slp.tv\/2022\/wp-content\/uploads\/2021\/01\/logo-noticieros@2x.png","contentUrl":"https:\/\/canal7slp.tv\/2022\/wp-content\/uploads\/2021\/01\/logo-noticieros@2x.png","width":1017,"height":268,"caption":"Noticieros Canal 7"},"image":{"@id":"https:\/\/canal7slp.tv\/2022\/#\/schema\/logo\/image\/"},"sameAs":["https:\/\/www.facebook.com\/noticieroscanalsiete","https:\/\/x.com\/NOTICIEROS7","https:\/\/www.instagram.com\/canal7_slp","https:\/\/www.youtube.com\/channel\/UCliiYs-gP3JfJeqdPrNdd5A"]},{"@type":"Person","@id":"https:\/\/canal7slp.tv\/2022\/#\/schema\/person\/429704152a21f5f856ce29aa69a238da","name":"Edici\u00f3n Web","image":{"@type":"ImageObject","inLanguage":"es","@id":"https:\/\/secure.gravatar.com\/avatar\/eee448fc3f7164808013b816ba91ac7e43bbe82a70bebac296f8bc6f0addaa1a?s=96&d=mm&r=g","url":"https:\/\/secure.gravatar.com\/avatar\/eee448fc3f7164808013b816ba91ac7e43bbe82a70bebac296f8bc6f0addaa1a?s=96&d=mm&r=g","contentUrl":"https:\/\/secure.gravatar.com\/avatar\/eee448fc3f7164808013b816ba91ac7e43bbe82a70bebac296f8bc6f0addaa1a?s=96&d=mm&r=g","caption":"Edici\u00f3n Web"},"url":"https:\/\/canal7slp.tv\/2022\/author\/edicionweb\/"}]}},"amp_enabled":true,"_links":{"self":[{"href":"https:\/\/canal7slp.tv\/2022\/wp-json\/wp\/v2\/posts\/58923","targetHints":{"allow":["GET"]}}],"collection":[{"href":"https:\/\/canal7slp.tv\/2022\/wp-json\/wp\/v2\/posts"}],"about":[{"href":"https:\/\/canal7slp.tv\/2022\/wp-json\/wp\/v2\/types\/post"}],"author":[{"embeddable":true,"href":"https:\/\/canal7slp.tv\/2022\/wp-json\/wp\/v2\/users\/2"}],"replies":[{"embeddable":true,"href":"https:\/\/canal7slp.tv\/2022\/wp-json\/wp\/v2\/comments?post=58923"}],"version-history":[{"count":3,"href":"https:\/\/canal7slp.tv\/2022\/wp-json\/wp\/v2\/posts\/58923\/revisions"}],"predecessor-version":[{"id":58940,"href":"https:\/\/canal7slp.tv\/2022\/wp-json\/wp\/v2\/posts\/58923\/revisions\/58940"}],"wp:featuredmedia":[{"embeddable":true,"href":"https:\/\/canal7slp.tv\/2022\/wp-json\/wp\/v2\/media\/58939"}],"wp:attachment":[{"href":"https:\/\/canal7slp.tv\/2022\/wp-json\/wp\/v2\/media?parent=58923"}],"wp:term":[{"taxonomy":"category","embeddable":true,"href":"https:\/\/canal7slp.tv\/2022\/wp-json\/wp\/v2\/categories?post=58923"},{"taxonomy":"post_tag","embeddable":true,"href":"https:\/\/canal7slp.tv\/2022\/wp-json\/wp\/v2\/tags?post=58923"}],"curies":[{"name":"wp","href":"https:\/\/api.w.org\/{rel}","templated":true}]}}