{"id":58909,"date":"2022-05-02T20:57:08","date_gmt":"2022-05-03T02:57:08","guid":{"rendered":"https:\/\/canal7slp.tv\/2022\/?p=58909"},"modified":"2022-05-02T20:57:08","modified_gmt":"2022-05-03T02:57:08","slug":"descarta-diputado-que-el-proyecto-monterrey-vi-prospere","status":"publish","type":"post","link":"https:\/\/canal7slp.tv\/2022\/descarta-diputado-que-el-proyecto-monterrey-vi-prospere\/","title":{"rendered":"Descarta diputado que el Proyecto Monterrey VI prospere."},"content":{"rendered":"<p style=\"text-align: justify;\">SLP.- En el tema del proyecto Monterrey VI el cual, pretende llevar agua\u00a0 de los r\u00edos de la Huasteca Potosina al estado de Nuevo Le\u00f3n, el diputado de MORENA Cuauhtli Badillo consider\u00f3 que definitivamente no es viable ni mucho menos conveniente para el estado de San Luis Potos\u00ed.<\/p>\n<p style=\"text-align: justify;\">En este sentido, afirm\u00f3 que en el Congreso del Estado las diversas fracciones parlamentarias analizar\u00e1n a fondo este tema al darse a conocer que existe la intenci\u00f3n de que estados como Coahuila y\u00a0 Tamaulipas, pretenden formar un bloque para que prospere este proyecto.<\/p>\n<p style=\"text-align: justify;\">El diputado coordinador de la bancada de MORENA en el Congreso reiter\u00f3 que de ninguna manera permitir\u00e1n que este proyecto hidr\u00e1ulico avance, y que adem\u00e1s, buscar\u00e1n coordinarse con las dem\u00e1s fracciones parlamentarias del Congreso local para que no se lleven las aguas de los r\u00edos de San Luis al estado de Nuevo Le\u00f3n.<\/p>\n<p style=\"text-align: justify;\">Por: Claudio Ibarra<\/p>\n","protected":false},"excerpt":{"rendered":"<p>SLP.- En el tema del proyecto Monterrey VI el cual, pretende llevar agua\u00a0 de los r\u00edos de la Huasteca Potosina al estado de Nuevo Le\u00f3n, el diputado de MORENA Cuauhtli Badillo consider\u00f3 que definitivamente no es viable ni mucho menos conveniente para el estado de San Luis Potos\u00ed. En este sentido, afirm\u00f3 que en el Congreso del Estado las diversas fracciones parlamentarias analizar\u00e1n a fondo este tema al darse a conocer que existe la intenci\u00f3n de que estados como Coahuila y\u00a0 Tamaulipas, pretenden formar un bloque para que prospere este proyecto. El diputado coordinador de la bancada de MORENA en [&hellip;]<\/p>\n","protected":false},"author":2,"featured_media":58974,"comment_status":"closed","ping_status":"closed","sticky":false,"template":"","format":"video","meta":{"footnotes":""},"categories":[3,5,45],"tags":[],"class_list":["post-58909","post","type-post","status-publish","format-video","has-post-thumbnail","hentry","category-congreso","category-destacadas","category-localesyregionales","post_format-post-format-video","post--single"],"yoast_head":"<!-- This site is optimized with the Yoast SEO plugin v27.5 - https:\/\/yoast.com\/product\/yoast-seo-wordpress\/ -->\n<title>Descarta diputado que el Proyecto Monterrey VI prospere. - Canal 7 SLP - 2022<\/title>\n<meta name=\"robots\" content=\"index, follow, max-snippet:-1, max-image-preview:large, max-video-preview:-1\" \/>\n<link rel=\"canonical\" href=\"https:\/\/canal7slp.tv\/2022\/descarta-diputado-que-el-proyecto-monterrey-vi-prospere\/\" \/>\n<meta property=\"og:locale\" content=\"es_ES\" \/>\n<meta property=\"og:type\" content=\"article\" \/>\n<meta property=\"og:title\" content=\"Descarta diputado que el Proyecto Monterrey VI prospere. - Canal 7 SLP - 2022\" \/>\n<meta property=\"og:description\" content=\"SLP.- En el tema del proyecto Monterrey VI el cual, pretende llevar agua\u00a0 de los r\u00edos de la Huasteca Potosina al estado de Nuevo Le\u00f3n, el diputado de MORENA Cuauhtli Badillo consider\u00f3 que definitivamente no es viable ni mucho menos conveniente para el estado de San Luis Potos\u00ed. En este sentido, afirm\u00f3 que en el Congreso del Estado las diversas fracciones parlamentarias analizar\u00e1n a fondo este tema al darse a conocer que existe la intenci\u00f3n de que estados como Coahuila y\u00a0 Tamaulipas, pretenden formar un bloque para que prospere este proyecto. El diputado coordinador de la bancada de MORENA en [&hellip;]\" \/>\n<meta property=\"og:url\" content=\"https:\/\/canal7slp.tv\/2022\/descarta-diputado-que-el-proyecto-monterrey-vi-prospere\/\" \/>\n<meta property=\"og:site_name\" content=\"Canal 7 SLP - 2022\" \/>\n<meta property=\"article:publisher\" content=\"https:\/\/www.facebook.com\/noticieroscanalsiete\" \/>\n<meta property=\"article:published_time\" content=\"2022-05-03T02:57:08+00:00\" \/>\n<meta property=\"og:image\" content=\"https:\/\/canal7slp.tv\/2022\/wp-content\/uploads\/2022\/05\/Claudio05Inasistencia.jpg\" \/>\n\t<meta property=\"og:image:width\" content=\"888\" \/>\n\t<meta property=\"og:image:height\" content=\"500\" \/>\n\t<meta property=\"og:image:type\" content=\"image\/jpeg\" \/>\n<meta name=\"author\" content=\"Edici\u00f3n Web\" \/>\n<meta name=\"twitter:card\" content=\"summary_large_image\" \/>\n<meta name=\"twitter:creator\" content=\"@NOTICIEROS7\" \/>\n<meta name=\"twitter:site\" content=\"@NOTICIEROS7\" \/>\n<meta name=\"twitter:label1\" content=\"Escrito por\" \/>\n\t<meta name=\"twitter:data1\" content=\"Edici\u00f3n Web\" \/>\n\t<meta name=\"twitter:label2\" content=\"Tiempo de lectura\" \/>\n\t<meta name=\"twitter:data2\" content=\"1 minuto\" \/>\n<script type=\"application\/ld+json\" class=\"yoast-schema-graph\">{\"@context\":\"https:\\\/\\\/schema.org\",\"@graph\":[{\"@type\":\"Article\",\"@id\":\"https:\\\/\\\/canal7slp.tv\\\/2022\\\/descarta-diputado-que-el-proyecto-monterrey-vi-prospere\\\/#article\",\"isPartOf\":{\"@id\":\"https:\\\/\\\/canal7slp.tv\\\/2022\\\/descarta-diputado-que-el-proyecto-monterrey-vi-prospere\\\/\"},\"author\":{\"name\":\"Edici\u00f3n Web\",\"@id\":\"https:\\\/\\\/canal7slp.tv\\\/2022\\\/#\\\/schema\\\/person\\\/429704152a21f5f856ce29aa69a238da\"},\"headline\":\"Descarta diputado que el Proyecto Monterrey VI prospere.\",\"datePublished\":\"2022-05-03T02:57:08+00:00\",\"mainEntityOfPage\":{\"@id\":\"https:\\\/\\\/canal7slp.tv\\\/2022\\\/descarta-diputado-que-el-proyecto-monterrey-vi-prospere\\\/\"},\"wordCount\":167,\"publisher\":{\"@id\":\"https:\\\/\\\/canal7slp.tv\\\/2022\\\/#organization\"},\"image\":{\"@id\":\"https:\\\/\\\/canal7slp.tv\\\/2022\\\/descarta-diputado-que-el-proyecto-monterrey-vi-prospere\\\/#primaryimage\"},\"thumbnailUrl\":\"https:\\\/\\\/canal7slp.tv\\\/2022\\\/wp-content\\\/uploads\\\/2022\\\/05\\\/Claudio05Inasistencia.jpg\",\"articleSection\":[\"CONGRESO\",\"DESTACADAS\",\"LOCALES Y REGIONALES\"],\"inLanguage\":\"es\"},{\"@type\":\"WebPage\",\"@id\":\"https:\\\/\\\/canal7slp.tv\\\/2022\\\/descarta-diputado-que-el-proyecto-monterrey-vi-prospere\\\/\",\"url\":\"https:\\\/\\\/canal7slp.tv\\\/2022\\\/descarta-diputado-que-el-proyecto-monterrey-vi-prospere\\\/\",\"name\":\"Descarta diputado que el Proyecto Monterrey VI prospere. - Canal 7 SLP - 2022\",\"isPartOf\":{\"@id\":\"https:\\\/\\\/canal7slp.tv\\\/2022\\\/#website\"},\"primaryImageOfPage\":{\"@id\":\"https:\\\/\\\/canal7slp.tv\\\/2022\\\/descarta-diputado-que-el-proyecto-monterrey-vi-prospere\\\/#primaryimage\"},\"image\":{\"@id\":\"https:\\\/\\\/canal7slp.tv\\\/2022\\\/descarta-diputado-que-el-proyecto-monterrey-vi-prospere\\\/#primaryimage\"},\"thumbnailUrl\":\"https:\\\/\\\/canal7slp.tv\\\/2022\\\/wp-content\\\/uploads\\\/2022\\\/05\\\/Claudio05Inasistencia.jpg\",\"datePublished\":\"2022-05-03T02:57:08+00:00\",\"breadcrumb\":{\"@id\":\"https:\\\/\\\/canal7slp.tv\\\/2022\\\/descarta-diputado-que-el-proyecto-monterrey-vi-prospere\\\/#breadcrumb\"},\"inLanguage\":\"es\",\"potentialAction\":[{\"@type\":\"ReadAction\",\"target\":[\"https:\\\/\\\/canal7slp.tv\\\/2022\\\/descarta-diputado-que-el-proyecto-monterrey-vi-prospere\\\/\"]}]},{\"@type\":\"ImageObject\",\"inLanguage\":\"es\",\"@id\":\"https:\\\/\\\/canal7slp.tv\\\/2022\\\/descarta-diputado-que-el-proyecto-monterrey-vi-prospere\\\/#primaryimage\",\"url\":\"https:\\\/\\\/canal7slp.tv\\\/2022\\\/wp-content\\\/uploads\\\/2022\\\/05\\\/Claudio05Inasistencia.jpg\",\"contentUrl\":\"https:\\\/\\\/canal7slp.tv\\\/2022\\\/wp-content\\\/uploads\\\/2022\\\/05\\\/Claudio05Inasistencia.jpg\",\"width\":888,\"height\":500},{\"@type\":\"BreadcrumbList\",\"@id\":\"https:\\\/\\\/canal7slp.tv\\\/2022\\\/descarta-diputado-que-el-proyecto-monterrey-vi-prospere\\\/#breadcrumb\",\"itemListElement\":[{\"@type\":\"ListItem\",\"position\":1,\"name\":\"Portada\",\"item\":\"https:\\\/\\\/canal7slp.tv\\\/2022\\\/\"},{\"@type\":\"ListItem\",\"position\":2,\"name\":\"Descarta diputado que el Proyecto Monterrey VI prospere.\"}]},{\"@type\":\"WebSite\",\"@id\":\"https:\\\/\\\/canal7slp.tv\\\/2022\\\/#website\",\"url\":\"https:\\\/\\\/canal7slp.tv\\\/2022\\\/\",\"name\":\"N7 - Noticieros Canal 7\",\"description\":\"Somos Televisi\u00f3n\",\"publisher\":{\"@id\":\"https:\\\/\\\/canal7slp.tv\\\/2022\\\/#organization\"},\"potentialAction\":[{\"@type\":\"SearchAction\",\"target\":{\"@type\":\"EntryPoint\",\"urlTemplate\":\"https:\\\/\\\/canal7slp.tv\\\/2022\\\/?s={search_term_string}\"},\"query-input\":{\"@type\":\"PropertyValueSpecification\",\"valueRequired\":true,\"valueName\":\"search_term_string\"}}],\"inLanguage\":\"es\"},{\"@type\":\"Organization\",\"@id\":\"https:\\\/\\\/canal7slp.tv\\\/2022\\\/#organization\",\"name\":\"Noticieros Canal 7\",\"url\":\"https:\\\/\\\/canal7slp.tv\\\/2022\\\/\",\"logo\":{\"@type\":\"ImageObject\",\"inLanguage\":\"es\",\"@id\":\"https:\\\/\\\/canal7slp.tv\\\/2022\\\/#\\\/schema\\\/logo\\\/image\\\/\",\"url\":\"https:\\\/\\\/canal7slp.tv\\\/2022\\\/wp-content\\\/uploads\\\/2021\\\/01\\\/logo-noticieros@2x.png\",\"contentUrl\":\"https:\\\/\\\/canal7slp.tv\\\/2022\\\/wp-content\\\/uploads\\\/2021\\\/01\\\/logo-noticieros@2x.png\",\"width\":1017,\"height\":268,\"caption\":\"Noticieros Canal 7\"},\"image\":{\"@id\":\"https:\\\/\\\/canal7slp.tv\\\/2022\\\/#\\\/schema\\\/logo\\\/image\\\/\"},\"sameAs\":[\"https:\\\/\\\/www.facebook.com\\\/noticieroscanalsiete\",\"https:\\\/\\\/x.com\\\/NOTICIEROS7\",\"https:\\\/\\\/www.instagram.com\\\/canal7_slp\",\"https:\\\/\\\/www.youtube.com\\\/channel\\\/UCliiYs-gP3JfJeqdPrNdd5A\"]},{\"@type\":\"Person\",\"@id\":\"https:\\\/\\\/canal7slp.tv\\\/2022\\\/#\\\/schema\\\/person\\\/429704152a21f5f856ce29aa69a238da\",\"name\":\"Edici\u00f3n Web\",\"image\":{\"@type\":\"ImageObject\",\"inLanguage\":\"es\",\"@id\":\"https:\\\/\\\/secure.gravatar.com\\\/avatar\\\/eee448fc3f7164808013b816ba91ac7e43bbe82a70bebac296f8bc6f0addaa1a?s=96&d=mm&r=g\",\"url\":\"https:\\\/\\\/secure.gravatar.com\\\/avatar\\\/eee448fc3f7164808013b816ba91ac7e43bbe82a70bebac296f8bc6f0addaa1a?s=96&d=mm&r=g\",\"contentUrl\":\"https:\\\/\\\/secure.gravatar.com\\\/avatar\\\/eee448fc3f7164808013b816ba91ac7e43bbe82a70bebac296f8bc6f0addaa1a?s=96&d=mm&r=g\",\"caption\":\"Edici\u00f3n Web\"},\"url\":\"https:\\\/\\\/canal7slp.tv\\\/2022\\\/author\\\/edicionweb\\\/\"}]}<\/script>\n<!-- \/ Yoast SEO plugin. -->","yoast_head_json":{"title":"Descarta diputado que el Proyecto Monterrey VI prospere. - Canal 7 SLP - 2022","robots":{"index":"index","follow":"follow","max-snippet":"max-snippet:-1","max-image-preview":"max-image-preview:large","max-video-preview":"max-video-preview:-1"},"canonical":"https:\/\/canal7slp.tv\/2022\/descarta-diputado-que-el-proyecto-monterrey-vi-prospere\/","og_locale":"es_ES","og_type":"article","og_title":"Descarta diputado que el Proyecto Monterrey VI prospere. - Canal 7 SLP - 2022","og_description":"SLP.- En el tema del proyecto Monterrey VI el cual, pretende llevar agua\u00a0 de los r\u00edos de la Huasteca Potosina al estado de Nuevo Le\u00f3n, el diputado de MORENA Cuauhtli Badillo consider\u00f3 que definitivamente no es viable ni mucho menos conveniente para el estado de San Luis Potos\u00ed. En este sentido, afirm\u00f3 que en el Congreso del Estado las diversas fracciones parlamentarias analizar\u00e1n a fondo este tema al darse a conocer que existe la intenci\u00f3n de que estados como Coahuila y\u00a0 Tamaulipas, pretenden formar un bloque para que prospere este proyecto. El diputado coordinador de la bancada de MORENA en [&hellip;]","og_url":"https:\/\/canal7slp.tv\/2022\/descarta-diputado-que-el-proyecto-monterrey-vi-prospere\/","og_site_name":"Canal 7 SLP - 2022","article_publisher":"https:\/\/www.facebook.com\/noticieroscanalsiete","article_published_time":"2022-05-03T02:57:08+00:00","og_image":[{"width":888,"height":500,"url":"https:\/\/canal7slp.tv\/2022\/wp-content\/uploads\/2022\/05\/Claudio05Inasistencia.jpg","type":"image\/jpeg"}],"author":"Edici\u00f3n Web","twitter_card":"summary_large_image","twitter_creator":"@NOTICIEROS7","twitter_site":"@NOTICIEROS7","twitter_misc":{"Escrito por":"Edici\u00f3n Web","Tiempo de lectura":"1 minuto"},"schema":{"@context":"https:\/\/schema.org","@graph":[{"@type":"Article","@id":"https:\/\/canal7slp.tv\/2022\/descarta-diputado-que-el-proyecto-monterrey-vi-prospere\/#article","isPartOf":{"@id":"https:\/\/canal7slp.tv\/2022\/descarta-diputado-que-el-proyecto-monterrey-vi-prospere\/"},"author":{"name":"Edici\u00f3n Web","@id":"https:\/\/canal7slp.tv\/2022\/#\/schema\/person\/429704152a21f5f856ce29aa69a238da"},"headline":"Descarta diputado que el Proyecto Monterrey VI prospere.","datePublished":"2022-05-03T02:57:08+00:00","mainEntityOfPage":{"@id":"https:\/\/canal7slp.tv\/2022\/descarta-diputado-que-el-proyecto-monterrey-vi-prospere\/"},"wordCount":167,"publisher":{"@id":"https:\/\/canal7slp.tv\/2022\/#organization"},"image":{"@id":"https:\/\/canal7slp.tv\/2022\/descarta-diputado-que-el-proyecto-monterrey-vi-prospere\/#primaryimage"},"thumbnailUrl":"https:\/\/canal7slp.tv\/2022\/wp-content\/uploads\/2022\/05\/Claudio05Inasistencia.jpg","articleSection":["CONGRESO","DESTACADAS","LOCALES Y REGIONALES"],"inLanguage":"es"},{"@type":"WebPage","@id":"https:\/\/canal7slp.tv\/2022\/descarta-diputado-que-el-proyecto-monterrey-vi-prospere\/","url":"https:\/\/canal7slp.tv\/2022\/descarta-diputado-que-el-proyecto-monterrey-vi-prospere\/","name":"Descarta diputado que el Proyecto Monterrey VI prospere. - Canal 7 SLP - 2022","isPartOf":{"@id":"https:\/\/canal7slp.tv\/2022\/#website"},"primaryImageOfPage":{"@id":"https:\/\/canal7slp.tv\/2022\/descarta-diputado-que-el-proyecto-monterrey-vi-prospere\/#primaryimage"},"image":{"@id":"https:\/\/canal7slp.tv\/2022\/descarta-diputado-que-el-proyecto-monterrey-vi-prospere\/#primaryimage"},"thumbnailUrl":"https:\/\/canal7slp.tv\/2022\/wp-content\/uploads\/2022\/05\/Claudio05Inasistencia.jpg","datePublished":"2022-05-03T02:57:08+00:00","breadcrumb":{"@id":"https:\/\/canal7slp.tv\/2022\/descarta-diputado-que-el-proyecto-monterrey-vi-prospere\/#breadcrumb"},"inLanguage":"es","potentialAction":[{"@type":"ReadAction","target":["https:\/\/canal7slp.tv\/2022\/descarta-diputado-que-el-proyecto-monterrey-vi-prospere\/"]}]},{"@type":"ImageObject","inLanguage":"es","@id":"https:\/\/canal7slp.tv\/2022\/descarta-diputado-que-el-proyecto-monterrey-vi-prospere\/#primaryimage","url":"https:\/\/canal7slp.tv\/2022\/wp-content\/uploads\/2022\/05\/Claudio05Inasistencia.jpg","contentUrl":"https:\/\/canal7slp.tv\/2022\/wp-content\/uploads\/2022\/05\/Claudio05Inasistencia.jpg","width":888,"height":500},{"@type":"BreadcrumbList","@id":"https:\/\/canal7slp.tv\/2022\/descarta-diputado-que-el-proyecto-monterrey-vi-prospere\/#breadcrumb","itemListElement":[{"@type":"ListItem","position":1,"name":"Portada","item":"https:\/\/canal7slp.tv\/2022\/"},{"@type":"ListItem","position":2,"name":"Descarta diputado que el Proyecto Monterrey VI prospere."}]},{"@type":"WebSite","@id":"https:\/\/canal7slp.tv\/2022\/#website","url":"https:\/\/canal7slp.tv\/2022\/","name":"N7 - Noticieros Canal 7","description":"Somos Televisi\u00f3n","publisher":{"@id":"https:\/\/canal7slp.tv\/2022\/#organization"},"potentialAction":[{"@type":"SearchAction","target":{"@type":"EntryPoint","urlTemplate":"https:\/\/canal7slp.tv\/2022\/?s={search_term_string}"},"query-input":{"@type":"PropertyValueSpecification","valueRequired":true,"valueName":"search_term_string"}}],"inLanguage":"es"},{"@type":"Organization","@id":"https:\/\/canal7slp.tv\/2022\/#organization","name":"Noticieros Canal 7","url":"https:\/\/canal7slp.tv\/2022\/","logo":{"@type":"ImageObject","inLanguage":"es","@id":"https:\/\/canal7slp.tv\/2022\/#\/schema\/logo\/image\/","url":"https:\/\/canal7slp.tv\/2022\/wp-content\/uploads\/2021\/01\/logo-noticieros@2x.png","contentUrl":"https:\/\/canal7slp.tv\/2022\/wp-content\/uploads\/2021\/01\/logo-noticieros@2x.png","width":1017,"height":268,"caption":"Noticieros Canal 7"},"image":{"@id":"https:\/\/canal7slp.tv\/2022\/#\/schema\/logo\/image\/"},"sameAs":["https:\/\/www.facebook.com\/noticieroscanalsiete","https:\/\/x.com\/NOTICIEROS7","https:\/\/www.instagram.com\/canal7_slp","https:\/\/www.youtube.com\/channel\/UCliiYs-gP3JfJeqdPrNdd5A"]},{"@type":"Person","@id":"https:\/\/canal7slp.tv\/2022\/#\/schema\/person\/429704152a21f5f856ce29aa69a238da","name":"Edici\u00f3n Web","image":{"@type":"ImageObject","inLanguage":"es","@id":"https:\/\/secure.gravatar.com\/avatar\/eee448fc3f7164808013b816ba91ac7e43bbe82a70bebac296f8bc6f0addaa1a?s=96&d=mm&r=g","url":"https:\/\/secure.gravatar.com\/avatar\/eee448fc3f7164808013b816ba91ac7e43bbe82a70bebac296f8bc6f0addaa1a?s=96&d=mm&r=g","contentUrl":"https:\/\/secure.gravatar.com\/avatar\/eee448fc3f7164808013b816ba91ac7e43bbe82a70bebac296f8bc6f0addaa1a?s=96&d=mm&r=g","caption":"Edici\u00f3n Web"},"url":"https:\/\/canal7slp.tv\/2022\/author\/edicionweb\/"}]}},"amp_enabled":true,"_links":{"self":[{"href":"https:\/\/canal7slp.tv\/2022\/wp-json\/wp\/v2\/posts\/58909","targetHints":{"allow":["GET"]}}],"collection":[{"href":"https:\/\/canal7slp.tv\/2022\/wp-json\/wp\/v2\/posts"}],"about":[{"href":"https:\/\/canal7slp.tv\/2022\/wp-json\/wp\/v2\/types\/post"}],"author":[{"embeddable":true,"href":"https:\/\/canal7slp.tv\/2022\/wp-json\/wp\/v2\/users\/2"}],"replies":[{"embeddable":true,"href":"https:\/\/canal7slp.tv\/2022\/wp-json\/wp\/v2\/comments?post=58909"}],"version-history":[{"count":3,"href":"https:\/\/canal7slp.tv\/2022\/wp-json\/wp\/v2\/posts\/58909\/revisions"}],"predecessor-version":[{"id":58975,"href":"https:\/\/canal7slp.tv\/2022\/wp-json\/wp\/v2\/posts\/58909\/revisions\/58975"}],"wp:featuredmedia":[{"embeddable":true,"href":"https:\/\/canal7slp.tv\/2022\/wp-json\/wp\/v2\/media\/58974"}],"wp:attachment":[{"href":"https:\/\/canal7slp.tv\/2022\/wp-json\/wp\/v2\/media?parent=58909"}],"wp:term":[{"taxonomy":"category","embeddable":true,"href":"https:\/\/canal7slp.tv\/2022\/wp-json\/wp\/v2\/categories?post=58909"},{"taxonomy":"post_tag","embeddable":true,"href":"https:\/\/canal7slp.tv\/2022\/wp-json\/wp\/v2\/tags?post=58909"}],"curies":[{"name":"wp","href":"https:\/\/api.w.org\/{rel}","templated":true}]}}