{"id":58908,"date":"2022-05-02T20:26:09","date_gmt":"2022-05-03T02:26:09","guid":{"rendered":"https:\/\/canal7slp.tv\/2022\/?p=58908"},"modified":"2022-05-02T20:26:09","modified_gmt":"2022-05-03T02:26:09","slug":"congreso-del-estado-es-senalado-de-opacidad","status":"publish","type":"post","link":"https:\/\/canal7slp.tv\/2022\/congreso-del-estado-es-senalado-de-opacidad\/","title":{"rendered":"Congreso del Estado es se\u00f1alado de opacidad."},"content":{"rendered":"<ul>\n<li>Se advierte rezago en la informaci\u00f3n correspondiente a la p\u00e1gina web.<\/li>\n<\/ul>\n<p style=\"text-align: justify;\">SLP.- Aunque en el Poder Legislativo se realizan acciones para atender las observaciones lo cierto es que no se ha abatido el rezago ue presenta en materia de transparencia de su p\u00e1gina web.<\/p>\n<p style=\"text-align: justify;\">As\u00ed lo consider\u00f3 el secretario del Consejo Ciudadano de Transparencia Mart\u00edn Beltr\u00e1n Saucedo.<\/p>\n<p style=\"text-align: justify;\">Afirm\u00f3 que una gran mayor\u00eda de la poblaci\u00f3n desconoce el trabajo al interior del legislativo porque siguen sin publicarse las actas de las reuniones de los diputados, en las diversas comisiones legislativas.<\/p>\n<p style=\"text-align: justify;\">Beltr\u00e1n Saucedo inform\u00f3 que \u00a0la Comisi\u00f3n de Transparencia e Informaci\u00f3n P\u00fablica se comprometi\u00f3 a realizar una reuni\u00f3n con la Junta de Coordinaci\u00f3n Pol\u00edtica, para dar cumplimiento a la obligaci\u00f3n de publicar la informaci\u00f3n oficial.<\/p>\n<p style=\"text-align: justify;\">Aunque reconoci\u00f3 que algunas comisiones si cumplen con esta obligaci\u00f3n\u00a0 reiter\u00f3 que no todas ellas suben al portal de internet la informaci\u00f3n oficial, para que la ciudadan\u00eda est\u00e9 informada del quehacer legislativo.<\/p>\n<p style=\"text-align: justify;\">En este sentido, el secretario del Consejo Ciudadano de Transparencia destac\u00f3 la importancia de que las \u00e1reas de Inform\u00e1tica y la Unidad de Transparencia atiendan el rezago informativo, al decir que finalmente esto es que lo favorece la rendici\u00f3n de cuentas.<\/p>\n<p style=\"text-align: justify;\">Por: Claudio Ibarra<\/p>\n","protected":false},"excerpt":{"rendered":"<p>Se advierte rezago en la informaci\u00f3n correspondiente a la p\u00e1gina web. SLP.- Aunque en el Poder Legislativo se realizan acciones para atender las observaciones lo cierto es que no se ha abatido el rezago ue presenta en materia de transparencia de su p\u00e1gina web. As\u00ed lo consider\u00f3 el secretario del Consejo Ciudadano de Transparencia Mart\u00edn Beltr\u00e1n Saucedo. Afirm\u00f3 que una gran mayor\u00eda de la poblaci\u00f3n desconoce el trabajo al interior del legislativo porque siguen sin publicarse las actas de las reuniones de los diputados, en las diversas comisiones legislativas. Beltr\u00e1n Saucedo inform\u00f3 que \u00a0la Comisi\u00f3n de Transparencia e Informaci\u00f3n P\u00fablica [&hellip;]<\/p>\n","protected":false},"author":2,"featured_media":58969,"comment_status":"closed","ping_status":"closed","sticky":false,"template":"","format":"video","meta":{"footnotes":""},"categories":[3,5,45],"tags":[],"class_list":["post-58908","post","type-post","status-publish","format-video","has-post-thumbnail","hentry","category-congreso","category-destacadas","category-localesyregionales","post_format-post-format-video","post--single"],"yoast_head":"<!-- This site is optimized with the Yoast SEO plugin v27.5 - https:\/\/yoast.com\/product\/yoast-seo-wordpress\/ -->\n<title>Congreso del Estado es se\u00f1alado de opacidad. - Canal 7 SLP - 2022<\/title>\n<meta name=\"robots\" content=\"index, follow, max-snippet:-1, max-image-preview:large, max-video-preview:-1\" \/>\n<link rel=\"canonical\" href=\"https:\/\/canal7slp.tv\/2022\/congreso-del-estado-es-senalado-de-opacidad\/\" \/>\n<meta property=\"og:locale\" content=\"es_ES\" \/>\n<meta property=\"og:type\" content=\"article\" \/>\n<meta property=\"og:title\" content=\"Congreso del Estado es se\u00f1alado de opacidad. - Canal 7 SLP - 2022\" \/>\n<meta property=\"og:description\" content=\"Se advierte rezago en la informaci\u00f3n correspondiente a la p\u00e1gina web. SLP.- Aunque en el Poder Legislativo se realizan acciones para atender las observaciones lo cierto es que no se ha abatido el rezago ue presenta en materia de transparencia de su p\u00e1gina web. As\u00ed lo consider\u00f3 el secretario del Consejo Ciudadano de Transparencia Mart\u00edn Beltr\u00e1n Saucedo. Afirm\u00f3 que una gran mayor\u00eda de la poblaci\u00f3n desconoce el trabajo al interior del legislativo porque siguen sin publicarse las actas de las reuniones de los diputados, en las diversas comisiones legislativas. Beltr\u00e1n Saucedo inform\u00f3 que \u00a0la Comisi\u00f3n de Transparencia e Informaci\u00f3n P\u00fablica [&hellip;]\" \/>\n<meta property=\"og:url\" content=\"https:\/\/canal7slp.tv\/2022\/congreso-del-estado-es-senalado-de-opacidad\/\" \/>\n<meta property=\"og:site_name\" content=\"Canal 7 SLP - 2022\" \/>\n<meta property=\"article:publisher\" content=\"https:\/\/www.facebook.com\/noticieroscanalsiete\" \/>\n<meta property=\"article:published_time\" content=\"2022-05-03T02:26:09+00:00\" \/>\n<meta property=\"og:image\" content=\"https:\/\/canal7slp.tv\/2022\/wp-content\/uploads\/2022\/05\/Claudio04Transparencia.jpg\" \/>\n\t<meta property=\"og:image:width\" content=\"888\" \/>\n\t<meta property=\"og:image:height\" content=\"500\" \/>\n\t<meta property=\"og:image:type\" content=\"image\/jpeg\" \/>\n<meta name=\"author\" content=\"Edici\u00f3n Web\" \/>\n<meta name=\"twitter:card\" content=\"summary_large_image\" \/>\n<meta name=\"twitter:creator\" content=\"@NOTICIEROS7\" \/>\n<meta name=\"twitter:site\" content=\"@NOTICIEROS7\" \/>\n<meta name=\"twitter:label1\" content=\"Escrito por\" \/>\n\t<meta name=\"twitter:data1\" content=\"Edici\u00f3n Web\" \/>\n\t<meta name=\"twitter:label2\" content=\"Tiempo de lectura\" \/>\n\t<meta name=\"twitter:data2\" content=\"1 minuto\" \/>\n<script type=\"application\/ld+json\" class=\"yoast-schema-graph\">{\"@context\":\"https:\\\/\\\/schema.org\",\"@graph\":[{\"@type\":\"Article\",\"@id\":\"https:\\\/\\\/canal7slp.tv\\\/2022\\\/congreso-del-estado-es-senalado-de-opacidad\\\/#article\",\"isPartOf\":{\"@id\":\"https:\\\/\\\/canal7slp.tv\\\/2022\\\/congreso-del-estado-es-senalado-de-opacidad\\\/\"},\"author\":{\"name\":\"Edici\u00f3n Web\",\"@id\":\"https:\\\/\\\/canal7slp.tv\\\/2022\\\/#\\\/schema\\\/person\\\/429704152a21f5f856ce29aa69a238da\"},\"headline\":\"Congreso del Estado es se\u00f1alado de opacidad.\",\"datePublished\":\"2022-05-03T02:26:09+00:00\",\"mainEntityOfPage\":{\"@id\":\"https:\\\/\\\/canal7slp.tv\\\/2022\\\/congreso-del-estado-es-senalado-de-opacidad\\\/\"},\"wordCount\":229,\"publisher\":{\"@id\":\"https:\\\/\\\/canal7slp.tv\\\/2022\\\/#organization\"},\"image\":{\"@id\":\"https:\\\/\\\/canal7slp.tv\\\/2022\\\/congreso-del-estado-es-senalado-de-opacidad\\\/#primaryimage\"},\"thumbnailUrl\":\"https:\\\/\\\/canal7slp.tv\\\/2022\\\/wp-content\\\/uploads\\\/2022\\\/05\\\/Claudio04Transparencia.jpg\",\"articleSection\":[\"CONGRESO\",\"DESTACADAS\",\"LOCALES Y REGIONALES\"],\"inLanguage\":\"es\"},{\"@type\":\"WebPage\",\"@id\":\"https:\\\/\\\/canal7slp.tv\\\/2022\\\/congreso-del-estado-es-senalado-de-opacidad\\\/\",\"url\":\"https:\\\/\\\/canal7slp.tv\\\/2022\\\/congreso-del-estado-es-senalado-de-opacidad\\\/\",\"name\":\"Congreso del Estado es se\u00f1alado de opacidad. - Canal 7 SLP - 2022\",\"isPartOf\":{\"@id\":\"https:\\\/\\\/canal7slp.tv\\\/2022\\\/#website\"},\"primaryImageOfPage\":{\"@id\":\"https:\\\/\\\/canal7slp.tv\\\/2022\\\/congreso-del-estado-es-senalado-de-opacidad\\\/#primaryimage\"},\"image\":{\"@id\":\"https:\\\/\\\/canal7slp.tv\\\/2022\\\/congreso-del-estado-es-senalado-de-opacidad\\\/#primaryimage\"},\"thumbnailUrl\":\"https:\\\/\\\/canal7slp.tv\\\/2022\\\/wp-content\\\/uploads\\\/2022\\\/05\\\/Claudio04Transparencia.jpg\",\"datePublished\":\"2022-05-03T02:26:09+00:00\",\"breadcrumb\":{\"@id\":\"https:\\\/\\\/canal7slp.tv\\\/2022\\\/congreso-del-estado-es-senalado-de-opacidad\\\/#breadcrumb\"},\"inLanguage\":\"es\",\"potentialAction\":[{\"@type\":\"ReadAction\",\"target\":[\"https:\\\/\\\/canal7slp.tv\\\/2022\\\/congreso-del-estado-es-senalado-de-opacidad\\\/\"]}]},{\"@type\":\"ImageObject\",\"inLanguage\":\"es\",\"@id\":\"https:\\\/\\\/canal7slp.tv\\\/2022\\\/congreso-del-estado-es-senalado-de-opacidad\\\/#primaryimage\",\"url\":\"https:\\\/\\\/canal7slp.tv\\\/2022\\\/wp-content\\\/uploads\\\/2022\\\/05\\\/Claudio04Transparencia.jpg\",\"contentUrl\":\"https:\\\/\\\/canal7slp.tv\\\/2022\\\/wp-content\\\/uploads\\\/2022\\\/05\\\/Claudio04Transparencia.jpg\",\"width\":888,\"height\":500},{\"@type\":\"BreadcrumbList\",\"@id\":\"https:\\\/\\\/canal7slp.tv\\\/2022\\\/congreso-del-estado-es-senalado-de-opacidad\\\/#breadcrumb\",\"itemListElement\":[{\"@type\":\"ListItem\",\"position\":1,\"name\":\"Portada\",\"item\":\"https:\\\/\\\/canal7slp.tv\\\/2022\\\/\"},{\"@type\":\"ListItem\",\"position\":2,\"name\":\"Congreso del Estado es se\u00f1alado de opacidad.\"}]},{\"@type\":\"WebSite\",\"@id\":\"https:\\\/\\\/canal7slp.tv\\\/2022\\\/#website\",\"url\":\"https:\\\/\\\/canal7slp.tv\\\/2022\\\/\",\"name\":\"N7 - Noticieros Canal 7\",\"description\":\"Somos Televisi\u00f3n\",\"publisher\":{\"@id\":\"https:\\\/\\\/canal7slp.tv\\\/2022\\\/#organization\"},\"potentialAction\":[{\"@type\":\"SearchAction\",\"target\":{\"@type\":\"EntryPoint\",\"urlTemplate\":\"https:\\\/\\\/canal7slp.tv\\\/2022\\\/?s={search_term_string}\"},\"query-input\":{\"@type\":\"PropertyValueSpecification\",\"valueRequired\":true,\"valueName\":\"search_term_string\"}}],\"inLanguage\":\"es\"},{\"@type\":\"Organization\",\"@id\":\"https:\\\/\\\/canal7slp.tv\\\/2022\\\/#organization\",\"name\":\"Noticieros Canal 7\",\"url\":\"https:\\\/\\\/canal7slp.tv\\\/2022\\\/\",\"logo\":{\"@type\":\"ImageObject\",\"inLanguage\":\"es\",\"@id\":\"https:\\\/\\\/canal7slp.tv\\\/2022\\\/#\\\/schema\\\/logo\\\/image\\\/\",\"url\":\"https:\\\/\\\/canal7slp.tv\\\/2022\\\/wp-content\\\/uploads\\\/2021\\\/01\\\/logo-noticieros@2x.png\",\"contentUrl\":\"https:\\\/\\\/canal7slp.tv\\\/2022\\\/wp-content\\\/uploads\\\/2021\\\/01\\\/logo-noticieros@2x.png\",\"width\":1017,\"height\":268,\"caption\":\"Noticieros Canal 7\"},\"image\":{\"@id\":\"https:\\\/\\\/canal7slp.tv\\\/2022\\\/#\\\/schema\\\/logo\\\/image\\\/\"},\"sameAs\":[\"https:\\\/\\\/www.facebook.com\\\/noticieroscanalsiete\",\"https:\\\/\\\/x.com\\\/NOTICIEROS7\",\"https:\\\/\\\/www.instagram.com\\\/canal7_slp\",\"https:\\\/\\\/www.youtube.com\\\/channel\\\/UCliiYs-gP3JfJeqdPrNdd5A\"]},{\"@type\":\"Person\",\"@id\":\"https:\\\/\\\/canal7slp.tv\\\/2022\\\/#\\\/schema\\\/person\\\/429704152a21f5f856ce29aa69a238da\",\"name\":\"Edici\u00f3n Web\",\"image\":{\"@type\":\"ImageObject\",\"inLanguage\":\"es\",\"@id\":\"https:\\\/\\\/secure.gravatar.com\\\/avatar\\\/eee448fc3f7164808013b816ba91ac7e43bbe82a70bebac296f8bc6f0addaa1a?s=96&d=mm&r=g\",\"url\":\"https:\\\/\\\/secure.gravatar.com\\\/avatar\\\/eee448fc3f7164808013b816ba91ac7e43bbe82a70bebac296f8bc6f0addaa1a?s=96&d=mm&r=g\",\"contentUrl\":\"https:\\\/\\\/secure.gravatar.com\\\/avatar\\\/eee448fc3f7164808013b816ba91ac7e43bbe82a70bebac296f8bc6f0addaa1a?s=96&d=mm&r=g\",\"caption\":\"Edici\u00f3n Web\"},\"url\":\"https:\\\/\\\/canal7slp.tv\\\/2022\\\/author\\\/edicionweb\\\/\"}]}<\/script>\n<!-- \/ Yoast SEO plugin. -->","yoast_head_json":{"title":"Congreso del Estado es se\u00f1alado de opacidad. - Canal 7 SLP - 2022","robots":{"index":"index","follow":"follow","max-snippet":"max-snippet:-1","max-image-preview":"max-image-preview:large","max-video-preview":"max-video-preview:-1"},"canonical":"https:\/\/canal7slp.tv\/2022\/congreso-del-estado-es-senalado-de-opacidad\/","og_locale":"es_ES","og_type":"article","og_title":"Congreso del Estado es se\u00f1alado de opacidad. - Canal 7 SLP - 2022","og_description":"Se advierte rezago en la informaci\u00f3n correspondiente a la p\u00e1gina web. SLP.- Aunque en el Poder Legislativo se realizan acciones para atender las observaciones lo cierto es que no se ha abatido el rezago ue presenta en materia de transparencia de su p\u00e1gina web. As\u00ed lo consider\u00f3 el secretario del Consejo Ciudadano de Transparencia Mart\u00edn Beltr\u00e1n Saucedo. Afirm\u00f3 que una gran mayor\u00eda de la poblaci\u00f3n desconoce el trabajo al interior del legislativo porque siguen sin publicarse las actas de las reuniones de los diputados, en las diversas comisiones legislativas. Beltr\u00e1n Saucedo inform\u00f3 que \u00a0la Comisi\u00f3n de Transparencia e Informaci\u00f3n P\u00fablica [&hellip;]","og_url":"https:\/\/canal7slp.tv\/2022\/congreso-del-estado-es-senalado-de-opacidad\/","og_site_name":"Canal 7 SLP - 2022","article_publisher":"https:\/\/www.facebook.com\/noticieroscanalsiete","article_published_time":"2022-05-03T02:26:09+00:00","og_image":[{"width":888,"height":500,"url":"https:\/\/canal7slp.tv\/2022\/wp-content\/uploads\/2022\/05\/Claudio04Transparencia.jpg","type":"image\/jpeg"}],"author":"Edici\u00f3n Web","twitter_card":"summary_large_image","twitter_creator":"@NOTICIEROS7","twitter_site":"@NOTICIEROS7","twitter_misc":{"Escrito por":"Edici\u00f3n Web","Tiempo de lectura":"1 minuto"},"schema":{"@context":"https:\/\/schema.org","@graph":[{"@type":"Article","@id":"https:\/\/canal7slp.tv\/2022\/congreso-del-estado-es-senalado-de-opacidad\/#article","isPartOf":{"@id":"https:\/\/canal7slp.tv\/2022\/congreso-del-estado-es-senalado-de-opacidad\/"},"author":{"name":"Edici\u00f3n Web","@id":"https:\/\/canal7slp.tv\/2022\/#\/schema\/person\/429704152a21f5f856ce29aa69a238da"},"headline":"Congreso del Estado es se\u00f1alado de opacidad.","datePublished":"2022-05-03T02:26:09+00:00","mainEntityOfPage":{"@id":"https:\/\/canal7slp.tv\/2022\/congreso-del-estado-es-senalado-de-opacidad\/"},"wordCount":229,"publisher":{"@id":"https:\/\/canal7slp.tv\/2022\/#organization"},"image":{"@id":"https:\/\/canal7slp.tv\/2022\/congreso-del-estado-es-senalado-de-opacidad\/#primaryimage"},"thumbnailUrl":"https:\/\/canal7slp.tv\/2022\/wp-content\/uploads\/2022\/05\/Claudio04Transparencia.jpg","articleSection":["CONGRESO","DESTACADAS","LOCALES Y REGIONALES"],"inLanguage":"es"},{"@type":"WebPage","@id":"https:\/\/canal7slp.tv\/2022\/congreso-del-estado-es-senalado-de-opacidad\/","url":"https:\/\/canal7slp.tv\/2022\/congreso-del-estado-es-senalado-de-opacidad\/","name":"Congreso del Estado es se\u00f1alado de opacidad. - Canal 7 SLP - 2022","isPartOf":{"@id":"https:\/\/canal7slp.tv\/2022\/#website"},"primaryImageOfPage":{"@id":"https:\/\/canal7slp.tv\/2022\/congreso-del-estado-es-senalado-de-opacidad\/#primaryimage"},"image":{"@id":"https:\/\/canal7slp.tv\/2022\/congreso-del-estado-es-senalado-de-opacidad\/#primaryimage"},"thumbnailUrl":"https:\/\/canal7slp.tv\/2022\/wp-content\/uploads\/2022\/05\/Claudio04Transparencia.jpg","datePublished":"2022-05-03T02:26:09+00:00","breadcrumb":{"@id":"https:\/\/canal7slp.tv\/2022\/congreso-del-estado-es-senalado-de-opacidad\/#breadcrumb"},"inLanguage":"es","potentialAction":[{"@type":"ReadAction","target":["https:\/\/canal7slp.tv\/2022\/congreso-del-estado-es-senalado-de-opacidad\/"]}]},{"@type":"ImageObject","inLanguage":"es","@id":"https:\/\/canal7slp.tv\/2022\/congreso-del-estado-es-senalado-de-opacidad\/#primaryimage","url":"https:\/\/canal7slp.tv\/2022\/wp-content\/uploads\/2022\/05\/Claudio04Transparencia.jpg","contentUrl":"https:\/\/canal7slp.tv\/2022\/wp-content\/uploads\/2022\/05\/Claudio04Transparencia.jpg","width":888,"height":500},{"@type":"BreadcrumbList","@id":"https:\/\/canal7slp.tv\/2022\/congreso-del-estado-es-senalado-de-opacidad\/#breadcrumb","itemListElement":[{"@type":"ListItem","position":1,"name":"Portada","item":"https:\/\/canal7slp.tv\/2022\/"},{"@type":"ListItem","position":2,"name":"Congreso del Estado es se\u00f1alado de opacidad."}]},{"@type":"WebSite","@id":"https:\/\/canal7slp.tv\/2022\/#website","url":"https:\/\/canal7slp.tv\/2022\/","name":"N7 - Noticieros Canal 7","description":"Somos Televisi\u00f3n","publisher":{"@id":"https:\/\/canal7slp.tv\/2022\/#organization"},"potentialAction":[{"@type":"SearchAction","target":{"@type":"EntryPoint","urlTemplate":"https:\/\/canal7slp.tv\/2022\/?s={search_term_string}"},"query-input":{"@type":"PropertyValueSpecification","valueRequired":true,"valueName":"search_term_string"}}],"inLanguage":"es"},{"@type":"Organization","@id":"https:\/\/canal7slp.tv\/2022\/#organization","name":"Noticieros Canal 7","url":"https:\/\/canal7slp.tv\/2022\/","logo":{"@type":"ImageObject","inLanguage":"es","@id":"https:\/\/canal7slp.tv\/2022\/#\/schema\/logo\/image\/","url":"https:\/\/canal7slp.tv\/2022\/wp-content\/uploads\/2021\/01\/logo-noticieros@2x.png","contentUrl":"https:\/\/canal7slp.tv\/2022\/wp-content\/uploads\/2021\/01\/logo-noticieros@2x.png","width":1017,"height":268,"caption":"Noticieros Canal 7"},"image":{"@id":"https:\/\/canal7slp.tv\/2022\/#\/schema\/logo\/image\/"},"sameAs":["https:\/\/www.facebook.com\/noticieroscanalsiete","https:\/\/x.com\/NOTICIEROS7","https:\/\/www.instagram.com\/canal7_slp","https:\/\/www.youtube.com\/channel\/UCliiYs-gP3JfJeqdPrNdd5A"]},{"@type":"Person","@id":"https:\/\/canal7slp.tv\/2022\/#\/schema\/person\/429704152a21f5f856ce29aa69a238da","name":"Edici\u00f3n Web","image":{"@type":"ImageObject","inLanguage":"es","@id":"https:\/\/secure.gravatar.com\/avatar\/eee448fc3f7164808013b816ba91ac7e43bbe82a70bebac296f8bc6f0addaa1a?s=96&d=mm&r=g","url":"https:\/\/secure.gravatar.com\/avatar\/eee448fc3f7164808013b816ba91ac7e43bbe82a70bebac296f8bc6f0addaa1a?s=96&d=mm&r=g","contentUrl":"https:\/\/secure.gravatar.com\/avatar\/eee448fc3f7164808013b816ba91ac7e43bbe82a70bebac296f8bc6f0addaa1a?s=96&d=mm&r=g","caption":"Edici\u00f3n Web"},"url":"https:\/\/canal7slp.tv\/2022\/author\/edicionweb\/"}]}},"amp_enabled":true,"_links":{"self":[{"href":"https:\/\/canal7slp.tv\/2022\/wp-json\/wp\/v2\/posts\/58908","targetHints":{"allow":["GET"]}}],"collection":[{"href":"https:\/\/canal7slp.tv\/2022\/wp-json\/wp\/v2\/posts"}],"about":[{"href":"https:\/\/canal7slp.tv\/2022\/wp-json\/wp\/v2\/types\/post"}],"author":[{"embeddable":true,"href":"https:\/\/canal7slp.tv\/2022\/wp-json\/wp\/v2\/users\/2"}],"replies":[{"embeddable":true,"href":"https:\/\/canal7slp.tv\/2022\/wp-json\/wp\/v2\/comments?post=58908"}],"version-history":[{"count":3,"href":"https:\/\/canal7slp.tv\/2022\/wp-json\/wp\/v2\/posts\/58908\/revisions"}],"predecessor-version":[{"id":58970,"href":"https:\/\/canal7slp.tv\/2022\/wp-json\/wp\/v2\/posts\/58908\/revisions\/58970"}],"wp:featuredmedia":[{"embeddable":true,"href":"https:\/\/canal7slp.tv\/2022\/wp-json\/wp\/v2\/media\/58969"}],"wp:attachment":[{"href":"https:\/\/canal7slp.tv\/2022\/wp-json\/wp\/v2\/media?parent=58908"}],"wp:term":[{"taxonomy":"category","embeddable":true,"href":"https:\/\/canal7slp.tv\/2022\/wp-json\/wp\/v2\/categories?post=58908"},{"taxonomy":"post_tag","embeddable":true,"href":"https:\/\/canal7slp.tv\/2022\/wp-json\/wp\/v2\/tags?post=58908"}],"curies":[{"name":"wp","href":"https:\/\/api.w.org\/{rel}","templated":true}]}}