{"id":58906,"date":"2022-05-02T19:51:42","date_gmt":"2022-05-03T01:51:42","guid":{"rendered":"https:\/\/canal7slp.tv\/2022\/?p=58906"},"modified":"2022-05-02T19:51:42","modified_gmt":"2022-05-03T01:51:42","slug":"morenistas-se-deslindan-de-la-excandidata-monica","status":"publish","type":"post","link":"https:\/\/canal7slp.tv\/2022\/morenistas-se-deslindan-de-la-excandidata-monica\/","title":{"rendered":"Morenistas se deslindan de la excandidata M\u00f3nica."},"content":{"rendered":"<ul>\n<li>Argumentan que su proceso tiene que ver con su papel en el sector salud, no en la contienda.<\/li>\n<\/ul>\n<p style=\"text-align: justify;\">SLP.- A la extitular de los Servicios de Salud en el Estado M\u00f3nica Rangel Mart\u00ednez se le est\u00e1 siguiendo un proceso penal \u00a0como exfuncionaria p\u00fablica, y no como excandidata de MORENA a la gubernatura del estado.<\/p>\n<p style=\"text-align: justify;\">As\u00ed lo afirm\u00f3 la delegada pol\u00edtica de este partido Rita Rodr\u00edguez Vel\u00e1zquez, \u00a0al\u00a0 afirmar que su detenci\u00f3n el pasado 12 de Abril no afecta a su partido y a quien le dese\u00f3 \u201cque le vaya bien en su salud\u201d.<\/p>\n<p style=\"text-align: justify;\">En el mismo tenor el coordinador\u00a0 de estructura operativa de MORENA Guillermo Morales L\u00f3pez dijo\u00a0que cuando M\u00f3nica Rangel fue electa candidata en la convocatoria emitida por la Comisi\u00f3n Nacional de Elecciones, \u00a0no se encontraba bajo investigaci\u00f3n por la Fiscal\u00eda General del Estado.<\/p>\n<p style=\"text-align: justify;\">Afirm\u00f3 que en su momento se le dio acompa\u00f1amiento como abanderada pero que ahora, la excandidata de MORENA a la gubernatura ya cuenta con su equipo de defensores.<\/p>\n<p style=\"text-align: justify;\">Por: Claudio Ibarra<\/p>\n","protected":false},"excerpt":{"rendered":"<p>Argumentan que su proceso tiene que ver con su papel en el sector salud, no en la contienda. SLP.- A la extitular de los Servicios de Salud en el Estado M\u00f3nica Rangel Mart\u00ednez se le est\u00e1 siguiendo un proceso penal \u00a0como exfuncionaria p\u00fablica, y no como excandidata de MORENA a la gubernatura del estado. As\u00ed lo afirm\u00f3 la delegada pol\u00edtica de este partido Rita Rodr\u00edguez Vel\u00e1zquez, \u00a0al\u00a0 afirmar que su detenci\u00f3n el pasado 12 de Abril no afecta a su partido y a quien le dese\u00f3 \u201cque le vaya bien en su salud\u201d. En el mismo tenor el coordinador\u00a0 de [&hellip;]<\/p>\n","protected":false},"author":2,"featured_media":58965,"comment_status":"closed","ping_status":"closed","sticky":false,"template":"","format":"video","meta":{"footnotes":""},"categories":[5,45],"tags":[],"class_list":["post-58906","post","type-post","status-publish","format-video","has-post-thumbnail","hentry","category-destacadas","category-localesyregionales","post_format-post-format-video","post--single"],"yoast_head":"<!-- This site is optimized with the Yoast SEO plugin v27.5 - https:\/\/yoast.com\/product\/yoast-seo-wordpress\/ -->\n<title>Morenistas se deslindan de la excandidata M\u00f3nica. - Canal 7 SLP - 2022<\/title>\n<meta name=\"robots\" content=\"index, follow, max-snippet:-1, max-image-preview:large, max-video-preview:-1\" \/>\n<link rel=\"canonical\" href=\"https:\/\/canal7slp.tv\/2022\/morenistas-se-deslindan-de-la-excandidata-monica\/\" \/>\n<meta property=\"og:locale\" content=\"es_ES\" \/>\n<meta property=\"og:type\" content=\"article\" \/>\n<meta property=\"og:title\" content=\"Morenistas se deslindan de la excandidata M\u00f3nica. - Canal 7 SLP - 2022\" \/>\n<meta property=\"og:description\" content=\"Argumentan que su proceso tiene que ver con su papel en el sector salud, no en la contienda. SLP.- A la extitular de los Servicios de Salud en el Estado M\u00f3nica Rangel Mart\u00ednez se le est\u00e1 siguiendo un proceso penal \u00a0como exfuncionaria p\u00fablica, y no como excandidata de MORENA a la gubernatura del estado. As\u00ed lo afirm\u00f3 la delegada pol\u00edtica de este partido Rita Rodr\u00edguez Vel\u00e1zquez, \u00a0al\u00a0 afirmar que su detenci\u00f3n el pasado 12 de Abril no afecta a su partido y a quien le dese\u00f3 \u201cque le vaya bien en su salud\u201d. En el mismo tenor el coordinador\u00a0 de [&hellip;]\" \/>\n<meta property=\"og:url\" content=\"https:\/\/canal7slp.tv\/2022\/morenistas-se-deslindan-de-la-excandidata-monica\/\" \/>\n<meta property=\"og:site_name\" content=\"Canal 7 SLP - 2022\" \/>\n<meta property=\"article:publisher\" content=\"https:\/\/www.facebook.com\/noticieroscanalsiete\" \/>\n<meta property=\"article:published_time\" content=\"2022-05-03T01:51:42+00:00\" \/>\n<meta property=\"og:image\" content=\"https:\/\/canal7slp.tv\/2022\/wp-content\/uploads\/2022\/05\/Claudio02Amiguis.jpg\" \/>\n\t<meta property=\"og:image:width\" content=\"888\" \/>\n\t<meta property=\"og:image:height\" content=\"500\" \/>\n\t<meta property=\"og:image:type\" content=\"image\/jpeg\" \/>\n<meta name=\"author\" content=\"Edici\u00f3n Web\" \/>\n<meta name=\"twitter:card\" content=\"summary_large_image\" \/>\n<meta name=\"twitter:creator\" content=\"@NOTICIEROS7\" \/>\n<meta name=\"twitter:site\" content=\"@NOTICIEROS7\" \/>\n<meta name=\"twitter:label1\" content=\"Escrito por\" \/>\n\t<meta name=\"twitter:data1\" content=\"Edici\u00f3n Web\" \/>\n\t<meta name=\"twitter:label2\" content=\"Tiempo de lectura\" \/>\n\t<meta name=\"twitter:data2\" content=\"1 minuto\" \/>\n<script type=\"application\/ld+json\" class=\"yoast-schema-graph\">{\"@context\":\"https:\\\/\\\/schema.org\",\"@graph\":[{\"@type\":\"Article\",\"@id\":\"https:\\\/\\\/canal7slp.tv\\\/2022\\\/morenistas-se-deslindan-de-la-excandidata-monica\\\/#article\",\"isPartOf\":{\"@id\":\"https:\\\/\\\/canal7slp.tv\\\/2022\\\/morenistas-se-deslindan-de-la-excandidata-monica\\\/\"},\"author\":{\"name\":\"Edici\u00f3n Web\",\"@id\":\"https:\\\/\\\/canal7slp.tv\\\/2022\\\/#\\\/schema\\\/person\\\/429704152a21f5f856ce29aa69a238da\"},\"headline\":\"Morenistas se deslindan de la excandidata M\u00f3nica.\",\"datePublished\":\"2022-05-03T01:51:42+00:00\",\"mainEntityOfPage\":{\"@id\":\"https:\\\/\\\/canal7slp.tv\\\/2022\\\/morenistas-se-deslindan-de-la-excandidata-monica\\\/\"},\"wordCount\":188,\"publisher\":{\"@id\":\"https:\\\/\\\/canal7slp.tv\\\/2022\\\/#organization\"},\"image\":{\"@id\":\"https:\\\/\\\/canal7slp.tv\\\/2022\\\/morenistas-se-deslindan-de-la-excandidata-monica\\\/#primaryimage\"},\"thumbnailUrl\":\"https:\\\/\\\/canal7slp.tv\\\/2022\\\/wp-content\\\/uploads\\\/2022\\\/05\\\/Claudio02Amiguis.jpg\",\"articleSection\":[\"DESTACADAS\",\"LOCALES Y REGIONALES\"],\"inLanguage\":\"es\"},{\"@type\":\"WebPage\",\"@id\":\"https:\\\/\\\/canal7slp.tv\\\/2022\\\/morenistas-se-deslindan-de-la-excandidata-monica\\\/\",\"url\":\"https:\\\/\\\/canal7slp.tv\\\/2022\\\/morenistas-se-deslindan-de-la-excandidata-monica\\\/\",\"name\":\"Morenistas se deslindan de la excandidata M\u00f3nica. - Canal 7 SLP - 2022\",\"isPartOf\":{\"@id\":\"https:\\\/\\\/canal7slp.tv\\\/2022\\\/#website\"},\"primaryImageOfPage\":{\"@id\":\"https:\\\/\\\/canal7slp.tv\\\/2022\\\/morenistas-se-deslindan-de-la-excandidata-monica\\\/#primaryimage\"},\"image\":{\"@id\":\"https:\\\/\\\/canal7slp.tv\\\/2022\\\/morenistas-se-deslindan-de-la-excandidata-monica\\\/#primaryimage\"},\"thumbnailUrl\":\"https:\\\/\\\/canal7slp.tv\\\/2022\\\/wp-content\\\/uploads\\\/2022\\\/05\\\/Claudio02Amiguis.jpg\",\"datePublished\":\"2022-05-03T01:51:42+00:00\",\"breadcrumb\":{\"@id\":\"https:\\\/\\\/canal7slp.tv\\\/2022\\\/morenistas-se-deslindan-de-la-excandidata-monica\\\/#breadcrumb\"},\"inLanguage\":\"es\",\"potentialAction\":[{\"@type\":\"ReadAction\",\"target\":[\"https:\\\/\\\/canal7slp.tv\\\/2022\\\/morenistas-se-deslindan-de-la-excandidata-monica\\\/\"]}]},{\"@type\":\"ImageObject\",\"inLanguage\":\"es\",\"@id\":\"https:\\\/\\\/canal7slp.tv\\\/2022\\\/morenistas-se-deslindan-de-la-excandidata-monica\\\/#primaryimage\",\"url\":\"https:\\\/\\\/canal7slp.tv\\\/2022\\\/wp-content\\\/uploads\\\/2022\\\/05\\\/Claudio02Amiguis.jpg\",\"contentUrl\":\"https:\\\/\\\/canal7slp.tv\\\/2022\\\/wp-content\\\/uploads\\\/2022\\\/05\\\/Claudio02Amiguis.jpg\",\"width\":888,\"height\":500},{\"@type\":\"BreadcrumbList\",\"@id\":\"https:\\\/\\\/canal7slp.tv\\\/2022\\\/morenistas-se-deslindan-de-la-excandidata-monica\\\/#breadcrumb\",\"itemListElement\":[{\"@type\":\"ListItem\",\"position\":1,\"name\":\"Portada\",\"item\":\"https:\\\/\\\/canal7slp.tv\\\/2022\\\/\"},{\"@type\":\"ListItem\",\"position\":2,\"name\":\"Morenistas se deslindan de la excandidata M\u00f3nica.\"}]},{\"@type\":\"WebSite\",\"@id\":\"https:\\\/\\\/canal7slp.tv\\\/2022\\\/#website\",\"url\":\"https:\\\/\\\/canal7slp.tv\\\/2022\\\/\",\"name\":\"N7 - Noticieros Canal 7\",\"description\":\"Somos Televisi\u00f3n\",\"publisher\":{\"@id\":\"https:\\\/\\\/canal7slp.tv\\\/2022\\\/#organization\"},\"potentialAction\":[{\"@type\":\"SearchAction\",\"target\":{\"@type\":\"EntryPoint\",\"urlTemplate\":\"https:\\\/\\\/canal7slp.tv\\\/2022\\\/?s={search_term_string}\"},\"query-input\":{\"@type\":\"PropertyValueSpecification\",\"valueRequired\":true,\"valueName\":\"search_term_string\"}}],\"inLanguage\":\"es\"},{\"@type\":\"Organization\",\"@id\":\"https:\\\/\\\/canal7slp.tv\\\/2022\\\/#organization\",\"name\":\"Noticieros Canal 7\",\"url\":\"https:\\\/\\\/canal7slp.tv\\\/2022\\\/\",\"logo\":{\"@type\":\"ImageObject\",\"inLanguage\":\"es\",\"@id\":\"https:\\\/\\\/canal7slp.tv\\\/2022\\\/#\\\/schema\\\/logo\\\/image\\\/\",\"url\":\"https:\\\/\\\/canal7slp.tv\\\/2022\\\/wp-content\\\/uploads\\\/2021\\\/01\\\/logo-noticieros@2x.png\",\"contentUrl\":\"https:\\\/\\\/canal7slp.tv\\\/2022\\\/wp-content\\\/uploads\\\/2021\\\/01\\\/logo-noticieros@2x.png\",\"width\":1017,\"height\":268,\"caption\":\"Noticieros Canal 7\"},\"image\":{\"@id\":\"https:\\\/\\\/canal7slp.tv\\\/2022\\\/#\\\/schema\\\/logo\\\/image\\\/\"},\"sameAs\":[\"https:\\\/\\\/www.facebook.com\\\/noticieroscanalsiete\",\"https:\\\/\\\/x.com\\\/NOTICIEROS7\",\"https:\\\/\\\/www.instagram.com\\\/canal7_slp\",\"https:\\\/\\\/www.youtube.com\\\/channel\\\/UCliiYs-gP3JfJeqdPrNdd5A\"]},{\"@type\":\"Person\",\"@id\":\"https:\\\/\\\/canal7slp.tv\\\/2022\\\/#\\\/schema\\\/person\\\/429704152a21f5f856ce29aa69a238da\",\"name\":\"Edici\u00f3n Web\",\"image\":{\"@type\":\"ImageObject\",\"inLanguage\":\"es\",\"@id\":\"https:\\\/\\\/secure.gravatar.com\\\/avatar\\\/eee448fc3f7164808013b816ba91ac7e43bbe82a70bebac296f8bc6f0addaa1a?s=96&d=mm&r=g\",\"url\":\"https:\\\/\\\/secure.gravatar.com\\\/avatar\\\/eee448fc3f7164808013b816ba91ac7e43bbe82a70bebac296f8bc6f0addaa1a?s=96&d=mm&r=g\",\"contentUrl\":\"https:\\\/\\\/secure.gravatar.com\\\/avatar\\\/eee448fc3f7164808013b816ba91ac7e43bbe82a70bebac296f8bc6f0addaa1a?s=96&d=mm&r=g\",\"caption\":\"Edici\u00f3n Web\"},\"url\":\"https:\\\/\\\/canal7slp.tv\\\/2022\\\/author\\\/edicionweb\\\/\"}]}<\/script>\n<!-- \/ Yoast SEO plugin. -->","yoast_head_json":{"title":"Morenistas se deslindan de la excandidata M\u00f3nica. - Canal 7 SLP - 2022","robots":{"index":"index","follow":"follow","max-snippet":"max-snippet:-1","max-image-preview":"max-image-preview:large","max-video-preview":"max-video-preview:-1"},"canonical":"https:\/\/canal7slp.tv\/2022\/morenistas-se-deslindan-de-la-excandidata-monica\/","og_locale":"es_ES","og_type":"article","og_title":"Morenistas se deslindan de la excandidata M\u00f3nica. - Canal 7 SLP - 2022","og_description":"Argumentan que su proceso tiene que ver con su papel en el sector salud, no en la contienda. SLP.- A la extitular de los Servicios de Salud en el Estado M\u00f3nica Rangel Mart\u00ednez se le est\u00e1 siguiendo un proceso penal \u00a0como exfuncionaria p\u00fablica, y no como excandidata de MORENA a la gubernatura del estado. As\u00ed lo afirm\u00f3 la delegada pol\u00edtica de este partido Rita Rodr\u00edguez Vel\u00e1zquez, \u00a0al\u00a0 afirmar que su detenci\u00f3n el pasado 12 de Abril no afecta a su partido y a quien le dese\u00f3 \u201cque le vaya bien en su salud\u201d. En el mismo tenor el coordinador\u00a0 de [&hellip;]","og_url":"https:\/\/canal7slp.tv\/2022\/morenistas-se-deslindan-de-la-excandidata-monica\/","og_site_name":"Canal 7 SLP - 2022","article_publisher":"https:\/\/www.facebook.com\/noticieroscanalsiete","article_published_time":"2022-05-03T01:51:42+00:00","og_image":[{"width":888,"height":500,"url":"https:\/\/canal7slp.tv\/2022\/wp-content\/uploads\/2022\/05\/Claudio02Amiguis.jpg","type":"image\/jpeg"}],"author":"Edici\u00f3n Web","twitter_card":"summary_large_image","twitter_creator":"@NOTICIEROS7","twitter_site":"@NOTICIEROS7","twitter_misc":{"Escrito por":"Edici\u00f3n Web","Tiempo de lectura":"1 minuto"},"schema":{"@context":"https:\/\/schema.org","@graph":[{"@type":"Article","@id":"https:\/\/canal7slp.tv\/2022\/morenistas-se-deslindan-de-la-excandidata-monica\/#article","isPartOf":{"@id":"https:\/\/canal7slp.tv\/2022\/morenistas-se-deslindan-de-la-excandidata-monica\/"},"author":{"name":"Edici\u00f3n Web","@id":"https:\/\/canal7slp.tv\/2022\/#\/schema\/person\/429704152a21f5f856ce29aa69a238da"},"headline":"Morenistas se deslindan de la excandidata M\u00f3nica.","datePublished":"2022-05-03T01:51:42+00:00","mainEntityOfPage":{"@id":"https:\/\/canal7slp.tv\/2022\/morenistas-se-deslindan-de-la-excandidata-monica\/"},"wordCount":188,"publisher":{"@id":"https:\/\/canal7slp.tv\/2022\/#organization"},"image":{"@id":"https:\/\/canal7slp.tv\/2022\/morenistas-se-deslindan-de-la-excandidata-monica\/#primaryimage"},"thumbnailUrl":"https:\/\/canal7slp.tv\/2022\/wp-content\/uploads\/2022\/05\/Claudio02Amiguis.jpg","articleSection":["DESTACADAS","LOCALES Y REGIONALES"],"inLanguage":"es"},{"@type":"WebPage","@id":"https:\/\/canal7slp.tv\/2022\/morenistas-se-deslindan-de-la-excandidata-monica\/","url":"https:\/\/canal7slp.tv\/2022\/morenistas-se-deslindan-de-la-excandidata-monica\/","name":"Morenistas se deslindan de la excandidata M\u00f3nica. - Canal 7 SLP - 2022","isPartOf":{"@id":"https:\/\/canal7slp.tv\/2022\/#website"},"primaryImageOfPage":{"@id":"https:\/\/canal7slp.tv\/2022\/morenistas-se-deslindan-de-la-excandidata-monica\/#primaryimage"},"image":{"@id":"https:\/\/canal7slp.tv\/2022\/morenistas-se-deslindan-de-la-excandidata-monica\/#primaryimage"},"thumbnailUrl":"https:\/\/canal7slp.tv\/2022\/wp-content\/uploads\/2022\/05\/Claudio02Amiguis.jpg","datePublished":"2022-05-03T01:51:42+00:00","breadcrumb":{"@id":"https:\/\/canal7slp.tv\/2022\/morenistas-se-deslindan-de-la-excandidata-monica\/#breadcrumb"},"inLanguage":"es","potentialAction":[{"@type":"ReadAction","target":["https:\/\/canal7slp.tv\/2022\/morenistas-se-deslindan-de-la-excandidata-monica\/"]}]},{"@type":"ImageObject","inLanguage":"es","@id":"https:\/\/canal7slp.tv\/2022\/morenistas-se-deslindan-de-la-excandidata-monica\/#primaryimage","url":"https:\/\/canal7slp.tv\/2022\/wp-content\/uploads\/2022\/05\/Claudio02Amiguis.jpg","contentUrl":"https:\/\/canal7slp.tv\/2022\/wp-content\/uploads\/2022\/05\/Claudio02Amiguis.jpg","width":888,"height":500},{"@type":"BreadcrumbList","@id":"https:\/\/canal7slp.tv\/2022\/morenistas-se-deslindan-de-la-excandidata-monica\/#breadcrumb","itemListElement":[{"@type":"ListItem","position":1,"name":"Portada","item":"https:\/\/canal7slp.tv\/2022\/"},{"@type":"ListItem","position":2,"name":"Morenistas se deslindan de la excandidata M\u00f3nica."}]},{"@type":"WebSite","@id":"https:\/\/canal7slp.tv\/2022\/#website","url":"https:\/\/canal7slp.tv\/2022\/","name":"N7 - Noticieros Canal 7","description":"Somos Televisi\u00f3n","publisher":{"@id":"https:\/\/canal7slp.tv\/2022\/#organization"},"potentialAction":[{"@type":"SearchAction","target":{"@type":"EntryPoint","urlTemplate":"https:\/\/canal7slp.tv\/2022\/?s={search_term_string}"},"query-input":{"@type":"PropertyValueSpecification","valueRequired":true,"valueName":"search_term_string"}}],"inLanguage":"es"},{"@type":"Organization","@id":"https:\/\/canal7slp.tv\/2022\/#organization","name":"Noticieros Canal 7","url":"https:\/\/canal7slp.tv\/2022\/","logo":{"@type":"ImageObject","inLanguage":"es","@id":"https:\/\/canal7slp.tv\/2022\/#\/schema\/logo\/image\/","url":"https:\/\/canal7slp.tv\/2022\/wp-content\/uploads\/2021\/01\/logo-noticieros@2x.png","contentUrl":"https:\/\/canal7slp.tv\/2022\/wp-content\/uploads\/2021\/01\/logo-noticieros@2x.png","width":1017,"height":268,"caption":"Noticieros Canal 7"},"image":{"@id":"https:\/\/canal7slp.tv\/2022\/#\/schema\/logo\/image\/"},"sameAs":["https:\/\/www.facebook.com\/noticieroscanalsiete","https:\/\/x.com\/NOTICIEROS7","https:\/\/www.instagram.com\/canal7_slp","https:\/\/www.youtube.com\/channel\/UCliiYs-gP3JfJeqdPrNdd5A"]},{"@type":"Person","@id":"https:\/\/canal7slp.tv\/2022\/#\/schema\/person\/429704152a21f5f856ce29aa69a238da","name":"Edici\u00f3n Web","image":{"@type":"ImageObject","inLanguage":"es","@id":"https:\/\/secure.gravatar.com\/avatar\/eee448fc3f7164808013b816ba91ac7e43bbe82a70bebac296f8bc6f0addaa1a?s=96&d=mm&r=g","url":"https:\/\/secure.gravatar.com\/avatar\/eee448fc3f7164808013b816ba91ac7e43bbe82a70bebac296f8bc6f0addaa1a?s=96&d=mm&r=g","contentUrl":"https:\/\/secure.gravatar.com\/avatar\/eee448fc3f7164808013b816ba91ac7e43bbe82a70bebac296f8bc6f0addaa1a?s=96&d=mm&r=g","caption":"Edici\u00f3n Web"},"url":"https:\/\/canal7slp.tv\/2022\/author\/edicionweb\/"}]}},"amp_enabled":true,"_links":{"self":[{"href":"https:\/\/canal7slp.tv\/2022\/wp-json\/wp\/v2\/posts\/58906","targetHints":{"allow":["GET"]}}],"collection":[{"href":"https:\/\/canal7slp.tv\/2022\/wp-json\/wp\/v2\/posts"}],"about":[{"href":"https:\/\/canal7slp.tv\/2022\/wp-json\/wp\/v2\/types\/post"}],"author":[{"embeddable":true,"href":"https:\/\/canal7slp.tv\/2022\/wp-json\/wp\/v2\/users\/2"}],"replies":[{"embeddable":true,"href":"https:\/\/canal7slp.tv\/2022\/wp-json\/wp\/v2\/comments?post=58906"}],"version-history":[{"count":3,"href":"https:\/\/canal7slp.tv\/2022\/wp-json\/wp\/v2\/posts\/58906\/revisions"}],"predecessor-version":[{"id":58966,"href":"https:\/\/canal7slp.tv\/2022\/wp-json\/wp\/v2\/posts\/58906\/revisions\/58966"}],"wp:featuredmedia":[{"embeddable":true,"href":"https:\/\/canal7slp.tv\/2022\/wp-json\/wp\/v2\/media\/58965"}],"wp:attachment":[{"href":"https:\/\/canal7slp.tv\/2022\/wp-json\/wp\/v2\/media?parent=58906"}],"wp:term":[{"taxonomy":"category","embeddable":true,"href":"https:\/\/canal7slp.tv\/2022\/wp-json\/wp\/v2\/categories?post=58906"},{"taxonomy":"post_tag","embeddable":true,"href":"https:\/\/canal7slp.tv\/2022\/wp-json\/wp\/v2\/tags?post=58906"}],"curies":[{"name":"wp","href":"https:\/\/api.w.org\/{rel}","templated":true}]}}