{"id":58905,"date":"2022-05-02T19:44:58","date_gmt":"2022-05-03T01:44:58","guid":{"rendered":"https:\/\/canal7slp.tv\/2022\/?p=58905"},"modified":"2022-05-02T19:44:58","modified_gmt":"2022-05-03T01:44:58","slug":"morena-realizara-gira-para-promover-reforma-electoral-impulsada-por-amlo","status":"publish","type":"post","link":"https:\/\/canal7slp.tv\/2022\/morena-realizara-gira-para-promover-reforma-electoral-impulsada-por-amlo\/","title":{"rendered":"MORENA realizar\u00e1 gira para promover Reforma Electoral impulsada por AMLO."},"content":{"rendered":"<p style=\"text-align: justify;\">SLP.- La delegada nacional del Partido del Movimiento de Regeneraci\u00f3n Nacional Rita Rodr\u00edguez Vel\u00e1zquez y el diputado Cuauhtli Fernado Badillo Moreno, anunciaron una gira por los 58 municipios de San Luis Potos\u00ed con el prop\u00f3sito de que la gente conozca a fondo la iniciativa de reforma electoral propuesta por el presidente Andr\u00e9s Manuel L\u00f3pez Obrador.<\/p>\n<p style=\"text-align: justify;\">Afirmaron que la iniciativa del presidente de la Rep\u00fablica es relevante porque busca disminuir el financiamiento p\u00fablico a los partidos pol\u00edticos, el n\u00famero de integrantes en la C\u00e1mara de Diputados y en la C\u00e1mara de Senadores y que las elecciones dejen de ser una carga costosa para el erario.<\/p>\n<p style=\"text-align: justify;\">A pregunta expresa los militantes de MORENA afirmaron que se cubrir\u00e1 con recursos propios los gastos que genere esta gira por los municipios del estado, tanto en gasolina como en cada una de las asambleas que realicen a los lugares que lleguen.<\/p>\n<p style=\"text-align: justify;\">La delegada nacional de MORENA dijo por \u00faltimo que al ser una reforma constitucional esta iniciativa se requerir\u00e1 de una mayor\u00eda calificada para su aprobaci\u00f3n, por lo que dijo, se har\u00e1 una intensa campa\u00f1a de informaci\u00f3n entre la ciudadan\u00eda.<\/p>\n<p style=\"text-align: justify;\">Por: Claudio Ibarra<\/p>\n","protected":false},"excerpt":{"rendered":"<p>SLP.- La delegada nacional del Partido del Movimiento de Regeneraci\u00f3n Nacional Rita Rodr\u00edguez Vel\u00e1zquez y el diputado Cuauhtli Fernado Badillo Moreno, anunciaron una gira por los 58 municipios de San Luis Potos\u00ed con el prop\u00f3sito de que la gente conozca a fondo la iniciativa de reforma electoral propuesta por el presidente Andr\u00e9s Manuel L\u00f3pez Obrador. Afirmaron que la iniciativa del presidente de la Rep\u00fablica es relevante porque busca disminuir el financiamiento p\u00fablico a los partidos pol\u00edticos, el n\u00famero de integrantes en la C\u00e1mara de Diputados y en la C\u00e1mara de Senadores y que las elecciones dejen de ser una carga [&hellip;]<\/p>\n","protected":false},"author":2,"featured_media":58962,"comment_status":"closed","ping_status":"closed","sticky":false,"template":"","format":"video","meta":{"footnotes":""},"categories":[5,45],"tags":[],"class_list":["post-58905","post","type-post","status-publish","format-video","has-post-thumbnail","hentry","category-destacadas","category-localesyregionales","post_format-post-format-video","post--single"],"yoast_head":"<!-- This site is optimized with the Yoast SEO plugin v27.5 - https:\/\/yoast.com\/product\/yoast-seo-wordpress\/ -->\n<title>MORENA realizar\u00e1 gira para promover Reforma Electoral impulsada por AMLO. - Canal 7 SLP - 2022<\/title>\n<meta name=\"robots\" content=\"index, follow, max-snippet:-1, max-image-preview:large, max-video-preview:-1\" \/>\n<link rel=\"canonical\" href=\"https:\/\/canal7slp.tv\/2022\/morena-realizara-gira-para-promover-reforma-electoral-impulsada-por-amlo\/\" \/>\n<meta property=\"og:locale\" content=\"es_ES\" \/>\n<meta property=\"og:type\" content=\"article\" \/>\n<meta property=\"og:title\" content=\"MORENA realizar\u00e1 gira para promover Reforma Electoral impulsada por AMLO. - Canal 7 SLP - 2022\" \/>\n<meta property=\"og:description\" content=\"SLP.- La delegada nacional del Partido del Movimiento de Regeneraci\u00f3n Nacional Rita Rodr\u00edguez Vel\u00e1zquez y el diputado Cuauhtli Fernado Badillo Moreno, anunciaron una gira por los 58 municipios de San Luis Potos\u00ed con el prop\u00f3sito de que la gente conozca a fondo la iniciativa de reforma electoral propuesta por el presidente Andr\u00e9s Manuel L\u00f3pez Obrador. Afirmaron que la iniciativa del presidente de la Rep\u00fablica es relevante porque busca disminuir el financiamiento p\u00fablico a los partidos pol\u00edticos, el n\u00famero de integrantes en la C\u00e1mara de Diputados y en la C\u00e1mara de Senadores y que las elecciones dejen de ser una carga [&hellip;]\" \/>\n<meta property=\"og:url\" content=\"https:\/\/canal7slp.tv\/2022\/morena-realizara-gira-para-promover-reforma-electoral-impulsada-por-amlo\/\" \/>\n<meta property=\"og:site_name\" content=\"Canal 7 SLP - 2022\" \/>\n<meta property=\"article:publisher\" content=\"https:\/\/www.facebook.com\/noticieroscanalsiete\" \/>\n<meta property=\"article:published_time\" content=\"2022-05-03T01:44:58+00:00\" \/>\n<meta property=\"og:image\" content=\"https:\/\/canal7slp.tv\/2022\/wp-content\/uploads\/2022\/05\/Claudio01Gira.jpg\" \/>\n\t<meta property=\"og:image:width\" content=\"888\" \/>\n\t<meta property=\"og:image:height\" content=\"500\" \/>\n\t<meta property=\"og:image:type\" content=\"image\/jpeg\" \/>\n<meta name=\"author\" content=\"Edici\u00f3n Web\" \/>\n<meta name=\"twitter:card\" content=\"summary_large_image\" \/>\n<meta name=\"twitter:creator\" content=\"@NOTICIEROS7\" \/>\n<meta name=\"twitter:site\" content=\"@NOTICIEROS7\" \/>\n<meta name=\"twitter:label1\" content=\"Escrito por\" \/>\n\t<meta name=\"twitter:data1\" content=\"Edici\u00f3n Web\" \/>\n\t<meta name=\"twitter:label2\" content=\"Tiempo de lectura\" \/>\n\t<meta name=\"twitter:data2\" content=\"1 minuto\" \/>\n<script type=\"application\/ld+json\" class=\"yoast-schema-graph\">{\"@context\":\"https:\\\/\\\/schema.org\",\"@graph\":[{\"@type\":\"Article\",\"@id\":\"https:\\\/\\\/canal7slp.tv\\\/2022\\\/morena-realizara-gira-para-promover-reforma-electoral-impulsada-por-amlo\\\/#article\",\"isPartOf\":{\"@id\":\"https:\\\/\\\/canal7slp.tv\\\/2022\\\/morena-realizara-gira-para-promover-reforma-electoral-impulsada-por-amlo\\\/\"},\"author\":{\"name\":\"Edici\u00f3n Web\",\"@id\":\"https:\\\/\\\/canal7slp.tv\\\/2022\\\/#\\\/schema\\\/person\\\/429704152a21f5f856ce29aa69a238da\"},\"headline\":\"MORENA realizar\u00e1 gira para promover Reforma Electoral impulsada por AMLO.\",\"datePublished\":\"2022-05-03T01:44:58+00:00\",\"mainEntityOfPage\":{\"@id\":\"https:\\\/\\\/canal7slp.tv\\\/2022\\\/morena-realizara-gira-para-promover-reforma-electoral-impulsada-por-amlo\\\/\"},\"wordCount\":215,\"publisher\":{\"@id\":\"https:\\\/\\\/canal7slp.tv\\\/2022\\\/#organization\"},\"image\":{\"@id\":\"https:\\\/\\\/canal7slp.tv\\\/2022\\\/morena-realizara-gira-para-promover-reforma-electoral-impulsada-por-amlo\\\/#primaryimage\"},\"thumbnailUrl\":\"https:\\\/\\\/canal7slp.tv\\\/2022\\\/wp-content\\\/uploads\\\/2022\\\/05\\\/Claudio01Gira.jpg\",\"articleSection\":[\"DESTACADAS\",\"LOCALES Y REGIONALES\"],\"inLanguage\":\"es\"},{\"@type\":\"WebPage\",\"@id\":\"https:\\\/\\\/canal7slp.tv\\\/2022\\\/morena-realizara-gira-para-promover-reforma-electoral-impulsada-por-amlo\\\/\",\"url\":\"https:\\\/\\\/canal7slp.tv\\\/2022\\\/morena-realizara-gira-para-promover-reforma-electoral-impulsada-por-amlo\\\/\",\"name\":\"MORENA realizar\u00e1 gira para promover Reforma Electoral impulsada por AMLO. - Canal 7 SLP - 2022\",\"isPartOf\":{\"@id\":\"https:\\\/\\\/canal7slp.tv\\\/2022\\\/#website\"},\"primaryImageOfPage\":{\"@id\":\"https:\\\/\\\/canal7slp.tv\\\/2022\\\/morena-realizara-gira-para-promover-reforma-electoral-impulsada-por-amlo\\\/#primaryimage\"},\"image\":{\"@id\":\"https:\\\/\\\/canal7slp.tv\\\/2022\\\/morena-realizara-gira-para-promover-reforma-electoral-impulsada-por-amlo\\\/#primaryimage\"},\"thumbnailUrl\":\"https:\\\/\\\/canal7slp.tv\\\/2022\\\/wp-content\\\/uploads\\\/2022\\\/05\\\/Claudio01Gira.jpg\",\"datePublished\":\"2022-05-03T01:44:58+00:00\",\"breadcrumb\":{\"@id\":\"https:\\\/\\\/canal7slp.tv\\\/2022\\\/morena-realizara-gira-para-promover-reforma-electoral-impulsada-por-amlo\\\/#breadcrumb\"},\"inLanguage\":\"es\",\"potentialAction\":[{\"@type\":\"ReadAction\",\"target\":[\"https:\\\/\\\/canal7slp.tv\\\/2022\\\/morena-realizara-gira-para-promover-reforma-electoral-impulsada-por-amlo\\\/\"]}]},{\"@type\":\"ImageObject\",\"inLanguage\":\"es\",\"@id\":\"https:\\\/\\\/canal7slp.tv\\\/2022\\\/morena-realizara-gira-para-promover-reforma-electoral-impulsada-por-amlo\\\/#primaryimage\",\"url\":\"https:\\\/\\\/canal7slp.tv\\\/2022\\\/wp-content\\\/uploads\\\/2022\\\/05\\\/Claudio01Gira.jpg\",\"contentUrl\":\"https:\\\/\\\/canal7slp.tv\\\/2022\\\/wp-content\\\/uploads\\\/2022\\\/05\\\/Claudio01Gira.jpg\",\"width\":888,\"height\":500},{\"@type\":\"BreadcrumbList\",\"@id\":\"https:\\\/\\\/canal7slp.tv\\\/2022\\\/morena-realizara-gira-para-promover-reforma-electoral-impulsada-por-amlo\\\/#breadcrumb\",\"itemListElement\":[{\"@type\":\"ListItem\",\"position\":1,\"name\":\"Portada\",\"item\":\"https:\\\/\\\/canal7slp.tv\\\/2022\\\/\"},{\"@type\":\"ListItem\",\"position\":2,\"name\":\"MORENA realizar\u00e1 gira para promover Reforma Electoral impulsada por AMLO.\"}]},{\"@type\":\"WebSite\",\"@id\":\"https:\\\/\\\/canal7slp.tv\\\/2022\\\/#website\",\"url\":\"https:\\\/\\\/canal7slp.tv\\\/2022\\\/\",\"name\":\"N7 - Noticieros Canal 7\",\"description\":\"Somos Televisi\u00f3n\",\"publisher\":{\"@id\":\"https:\\\/\\\/canal7slp.tv\\\/2022\\\/#organization\"},\"potentialAction\":[{\"@type\":\"SearchAction\",\"target\":{\"@type\":\"EntryPoint\",\"urlTemplate\":\"https:\\\/\\\/canal7slp.tv\\\/2022\\\/?s={search_term_string}\"},\"query-input\":{\"@type\":\"PropertyValueSpecification\",\"valueRequired\":true,\"valueName\":\"search_term_string\"}}],\"inLanguage\":\"es\"},{\"@type\":\"Organization\",\"@id\":\"https:\\\/\\\/canal7slp.tv\\\/2022\\\/#organization\",\"name\":\"Noticieros Canal 7\",\"url\":\"https:\\\/\\\/canal7slp.tv\\\/2022\\\/\",\"logo\":{\"@type\":\"ImageObject\",\"inLanguage\":\"es\",\"@id\":\"https:\\\/\\\/canal7slp.tv\\\/2022\\\/#\\\/schema\\\/logo\\\/image\\\/\",\"url\":\"https:\\\/\\\/canal7slp.tv\\\/2022\\\/wp-content\\\/uploads\\\/2021\\\/01\\\/logo-noticieros@2x.png\",\"contentUrl\":\"https:\\\/\\\/canal7slp.tv\\\/2022\\\/wp-content\\\/uploads\\\/2021\\\/01\\\/logo-noticieros@2x.png\",\"width\":1017,\"height\":268,\"caption\":\"Noticieros Canal 7\"},\"image\":{\"@id\":\"https:\\\/\\\/canal7slp.tv\\\/2022\\\/#\\\/schema\\\/logo\\\/image\\\/\"},\"sameAs\":[\"https:\\\/\\\/www.facebook.com\\\/noticieroscanalsiete\",\"https:\\\/\\\/x.com\\\/NOTICIEROS7\",\"https:\\\/\\\/www.instagram.com\\\/canal7_slp\",\"https:\\\/\\\/www.youtube.com\\\/channel\\\/UCliiYs-gP3JfJeqdPrNdd5A\"]},{\"@type\":\"Person\",\"@id\":\"https:\\\/\\\/canal7slp.tv\\\/2022\\\/#\\\/schema\\\/person\\\/429704152a21f5f856ce29aa69a238da\",\"name\":\"Edici\u00f3n Web\",\"image\":{\"@type\":\"ImageObject\",\"inLanguage\":\"es\",\"@id\":\"https:\\\/\\\/secure.gravatar.com\\\/avatar\\\/eee448fc3f7164808013b816ba91ac7e43bbe82a70bebac296f8bc6f0addaa1a?s=96&d=mm&r=g\",\"url\":\"https:\\\/\\\/secure.gravatar.com\\\/avatar\\\/eee448fc3f7164808013b816ba91ac7e43bbe82a70bebac296f8bc6f0addaa1a?s=96&d=mm&r=g\",\"contentUrl\":\"https:\\\/\\\/secure.gravatar.com\\\/avatar\\\/eee448fc3f7164808013b816ba91ac7e43bbe82a70bebac296f8bc6f0addaa1a?s=96&d=mm&r=g\",\"caption\":\"Edici\u00f3n Web\"},\"url\":\"https:\\\/\\\/canal7slp.tv\\\/2022\\\/author\\\/edicionweb\\\/\"}]}<\/script>\n<!-- \/ Yoast SEO plugin. -->","yoast_head_json":{"title":"MORENA realizar\u00e1 gira para promover Reforma Electoral impulsada por AMLO. - Canal 7 SLP - 2022","robots":{"index":"index","follow":"follow","max-snippet":"max-snippet:-1","max-image-preview":"max-image-preview:large","max-video-preview":"max-video-preview:-1"},"canonical":"https:\/\/canal7slp.tv\/2022\/morena-realizara-gira-para-promover-reforma-electoral-impulsada-por-amlo\/","og_locale":"es_ES","og_type":"article","og_title":"MORENA realizar\u00e1 gira para promover Reforma Electoral impulsada por AMLO. - Canal 7 SLP - 2022","og_description":"SLP.- La delegada nacional del Partido del Movimiento de Regeneraci\u00f3n Nacional Rita Rodr\u00edguez Vel\u00e1zquez y el diputado Cuauhtli Fernado Badillo Moreno, anunciaron una gira por los 58 municipios de San Luis Potos\u00ed con el prop\u00f3sito de que la gente conozca a fondo la iniciativa de reforma electoral propuesta por el presidente Andr\u00e9s Manuel L\u00f3pez Obrador. Afirmaron que la iniciativa del presidente de la Rep\u00fablica es relevante porque busca disminuir el financiamiento p\u00fablico a los partidos pol\u00edticos, el n\u00famero de integrantes en la C\u00e1mara de Diputados y en la C\u00e1mara de Senadores y que las elecciones dejen de ser una carga [&hellip;]","og_url":"https:\/\/canal7slp.tv\/2022\/morena-realizara-gira-para-promover-reforma-electoral-impulsada-por-amlo\/","og_site_name":"Canal 7 SLP - 2022","article_publisher":"https:\/\/www.facebook.com\/noticieroscanalsiete","article_published_time":"2022-05-03T01:44:58+00:00","og_image":[{"width":888,"height":500,"url":"https:\/\/canal7slp.tv\/2022\/wp-content\/uploads\/2022\/05\/Claudio01Gira.jpg","type":"image\/jpeg"}],"author":"Edici\u00f3n Web","twitter_card":"summary_large_image","twitter_creator":"@NOTICIEROS7","twitter_site":"@NOTICIEROS7","twitter_misc":{"Escrito por":"Edici\u00f3n Web","Tiempo de lectura":"1 minuto"},"schema":{"@context":"https:\/\/schema.org","@graph":[{"@type":"Article","@id":"https:\/\/canal7slp.tv\/2022\/morena-realizara-gira-para-promover-reforma-electoral-impulsada-por-amlo\/#article","isPartOf":{"@id":"https:\/\/canal7slp.tv\/2022\/morena-realizara-gira-para-promover-reforma-electoral-impulsada-por-amlo\/"},"author":{"name":"Edici\u00f3n Web","@id":"https:\/\/canal7slp.tv\/2022\/#\/schema\/person\/429704152a21f5f856ce29aa69a238da"},"headline":"MORENA realizar\u00e1 gira para promover Reforma Electoral impulsada por AMLO.","datePublished":"2022-05-03T01:44:58+00:00","mainEntityOfPage":{"@id":"https:\/\/canal7slp.tv\/2022\/morena-realizara-gira-para-promover-reforma-electoral-impulsada-por-amlo\/"},"wordCount":215,"publisher":{"@id":"https:\/\/canal7slp.tv\/2022\/#organization"},"image":{"@id":"https:\/\/canal7slp.tv\/2022\/morena-realizara-gira-para-promover-reforma-electoral-impulsada-por-amlo\/#primaryimage"},"thumbnailUrl":"https:\/\/canal7slp.tv\/2022\/wp-content\/uploads\/2022\/05\/Claudio01Gira.jpg","articleSection":["DESTACADAS","LOCALES Y REGIONALES"],"inLanguage":"es"},{"@type":"WebPage","@id":"https:\/\/canal7slp.tv\/2022\/morena-realizara-gira-para-promover-reforma-electoral-impulsada-por-amlo\/","url":"https:\/\/canal7slp.tv\/2022\/morena-realizara-gira-para-promover-reforma-electoral-impulsada-por-amlo\/","name":"MORENA realizar\u00e1 gira para promover Reforma Electoral impulsada por AMLO. - Canal 7 SLP - 2022","isPartOf":{"@id":"https:\/\/canal7slp.tv\/2022\/#website"},"primaryImageOfPage":{"@id":"https:\/\/canal7slp.tv\/2022\/morena-realizara-gira-para-promover-reforma-electoral-impulsada-por-amlo\/#primaryimage"},"image":{"@id":"https:\/\/canal7slp.tv\/2022\/morena-realizara-gira-para-promover-reforma-electoral-impulsada-por-amlo\/#primaryimage"},"thumbnailUrl":"https:\/\/canal7slp.tv\/2022\/wp-content\/uploads\/2022\/05\/Claudio01Gira.jpg","datePublished":"2022-05-03T01:44:58+00:00","breadcrumb":{"@id":"https:\/\/canal7slp.tv\/2022\/morena-realizara-gira-para-promover-reforma-electoral-impulsada-por-amlo\/#breadcrumb"},"inLanguage":"es","potentialAction":[{"@type":"ReadAction","target":["https:\/\/canal7slp.tv\/2022\/morena-realizara-gira-para-promover-reforma-electoral-impulsada-por-amlo\/"]}]},{"@type":"ImageObject","inLanguage":"es","@id":"https:\/\/canal7slp.tv\/2022\/morena-realizara-gira-para-promover-reforma-electoral-impulsada-por-amlo\/#primaryimage","url":"https:\/\/canal7slp.tv\/2022\/wp-content\/uploads\/2022\/05\/Claudio01Gira.jpg","contentUrl":"https:\/\/canal7slp.tv\/2022\/wp-content\/uploads\/2022\/05\/Claudio01Gira.jpg","width":888,"height":500},{"@type":"BreadcrumbList","@id":"https:\/\/canal7slp.tv\/2022\/morena-realizara-gira-para-promover-reforma-electoral-impulsada-por-amlo\/#breadcrumb","itemListElement":[{"@type":"ListItem","position":1,"name":"Portada","item":"https:\/\/canal7slp.tv\/2022\/"},{"@type":"ListItem","position":2,"name":"MORENA realizar\u00e1 gira para promover Reforma Electoral impulsada por AMLO."}]},{"@type":"WebSite","@id":"https:\/\/canal7slp.tv\/2022\/#website","url":"https:\/\/canal7slp.tv\/2022\/","name":"N7 - Noticieros Canal 7","description":"Somos Televisi\u00f3n","publisher":{"@id":"https:\/\/canal7slp.tv\/2022\/#organization"},"potentialAction":[{"@type":"SearchAction","target":{"@type":"EntryPoint","urlTemplate":"https:\/\/canal7slp.tv\/2022\/?s={search_term_string}"},"query-input":{"@type":"PropertyValueSpecification","valueRequired":true,"valueName":"search_term_string"}}],"inLanguage":"es"},{"@type":"Organization","@id":"https:\/\/canal7slp.tv\/2022\/#organization","name":"Noticieros Canal 7","url":"https:\/\/canal7slp.tv\/2022\/","logo":{"@type":"ImageObject","inLanguage":"es","@id":"https:\/\/canal7slp.tv\/2022\/#\/schema\/logo\/image\/","url":"https:\/\/canal7slp.tv\/2022\/wp-content\/uploads\/2021\/01\/logo-noticieros@2x.png","contentUrl":"https:\/\/canal7slp.tv\/2022\/wp-content\/uploads\/2021\/01\/logo-noticieros@2x.png","width":1017,"height":268,"caption":"Noticieros Canal 7"},"image":{"@id":"https:\/\/canal7slp.tv\/2022\/#\/schema\/logo\/image\/"},"sameAs":["https:\/\/www.facebook.com\/noticieroscanalsiete","https:\/\/x.com\/NOTICIEROS7","https:\/\/www.instagram.com\/canal7_slp","https:\/\/www.youtube.com\/channel\/UCliiYs-gP3JfJeqdPrNdd5A"]},{"@type":"Person","@id":"https:\/\/canal7slp.tv\/2022\/#\/schema\/person\/429704152a21f5f856ce29aa69a238da","name":"Edici\u00f3n Web","image":{"@type":"ImageObject","inLanguage":"es","@id":"https:\/\/secure.gravatar.com\/avatar\/eee448fc3f7164808013b816ba91ac7e43bbe82a70bebac296f8bc6f0addaa1a?s=96&d=mm&r=g","url":"https:\/\/secure.gravatar.com\/avatar\/eee448fc3f7164808013b816ba91ac7e43bbe82a70bebac296f8bc6f0addaa1a?s=96&d=mm&r=g","contentUrl":"https:\/\/secure.gravatar.com\/avatar\/eee448fc3f7164808013b816ba91ac7e43bbe82a70bebac296f8bc6f0addaa1a?s=96&d=mm&r=g","caption":"Edici\u00f3n Web"},"url":"https:\/\/canal7slp.tv\/2022\/author\/edicionweb\/"}]}},"amp_enabled":true,"_links":{"self":[{"href":"https:\/\/canal7slp.tv\/2022\/wp-json\/wp\/v2\/posts\/58905","targetHints":{"allow":["GET"]}}],"collection":[{"href":"https:\/\/canal7slp.tv\/2022\/wp-json\/wp\/v2\/posts"}],"about":[{"href":"https:\/\/canal7slp.tv\/2022\/wp-json\/wp\/v2\/types\/post"}],"author":[{"embeddable":true,"href":"https:\/\/canal7slp.tv\/2022\/wp-json\/wp\/v2\/users\/2"}],"replies":[{"embeddable":true,"href":"https:\/\/canal7slp.tv\/2022\/wp-json\/wp\/v2\/comments?post=58905"}],"version-history":[{"count":3,"href":"https:\/\/canal7slp.tv\/2022\/wp-json\/wp\/v2\/posts\/58905\/revisions"}],"predecessor-version":[{"id":58963,"href":"https:\/\/canal7slp.tv\/2022\/wp-json\/wp\/v2\/posts\/58905\/revisions\/58963"}],"wp:featuredmedia":[{"embeddable":true,"href":"https:\/\/canal7slp.tv\/2022\/wp-json\/wp\/v2\/media\/58962"}],"wp:attachment":[{"href":"https:\/\/canal7slp.tv\/2022\/wp-json\/wp\/v2\/media?parent=58905"}],"wp:term":[{"taxonomy":"category","embeddable":true,"href":"https:\/\/canal7slp.tv\/2022\/wp-json\/wp\/v2\/categories?post=58905"},{"taxonomy":"post_tag","embeddable":true,"href":"https:\/\/canal7slp.tv\/2022\/wp-json\/wp\/v2\/tags?post=58905"}],"curies":[{"name":"wp","href":"https:\/\/api.w.org\/{rel}","templated":true}]}}