{"id":58892,"date":"2022-05-02T14:06:21","date_gmt":"2022-05-02T20:06:21","guid":{"rendered":"https:\/\/canal7slp.tv\/2022\/?p=58892"},"modified":"2022-05-02T14:06:21","modified_gmt":"2022-05-02T20:06:21","slug":"toma-protesta-la-asociacion-de-san-luis-potosi-de-deportistas-con-paralisis-cerebral-a-c","status":"publish","type":"post","link":"https:\/\/canal7slp.tv\/2022\/toma-protesta-la-asociacion-de-san-luis-potosi-de-deportistas-con-paralisis-cerebral-a-c\/","title":{"rendered":"Toma protesta la Asociaci\u00f3n de San Luis Potos\u00ed de Deportistas con Par\u00e1lisis Cerebral A.C."},"content":{"rendered":"<p style=\"text-align: justify;\">SLP.- De manera oficial se constituy\u00f3 la Asociaci\u00f3n de San Luis Potos\u00ed de Deportistas con Par\u00e1lisis Cerebral A.C.<\/p>\n<p style=\"text-align: justify;\">Se tom\u00f3 protesta a la mesa directiva y que por el momento cuenta con treinta y tres deportistas afiliados quienes ser\u00e1n impulsados para continuar teniendo un desarrollo deportivo dentro del deporte potosino.<\/p>\n<p style=\"text-align: justify;\">En el acto protocolario estuvo presente Od\u00edn Pati\u00f1o Berm\u00fadez Director de Desarrollo del Deporte en San Luis Potos\u00ed, Maricela Maldonado Morales presidenta de la Asociaci\u00f3n de San Luis Potos\u00ed de Deportistas con Par\u00e1lisis Cerebral A.C., Profesor Ricardo Tovar Arellano en representaci\u00f3n de la maestra Liliana Su\u00e1rez Carre\u00f3n, presidenta de la Federaci\u00f3n Mexicana de Deportes para personas con par\u00e1lisis cerebral y el profesor Marco Antonio Fiscal Gonz\u00e1lez jefe del Departamento de Deporte Adaptado del INPODE.<\/p>\n<p style=\"text-align: justify;\">La asociaci\u00f3n que se integr\u00f3 pretende trabajar en beneficio del desarrollo del Deporte para personas con par\u00e1lisis cerebral en San Luis Potos\u00ed junto con promotores y entrenadores deportivos, para la gente con par\u00e1lisis cerebral el deporte, con las adaptaciones adecuadas, tiene el potencial de cambiar radicalmente sus vidas. Ofrece la posibilidad de mejorar a nivel motor mediante el ejercicio f\u00edsico y de confrontar los posibles problemas emocionales o sociales que pueda haber a trav\u00e9s de las relaciones que se establecen entre los compa\u00f1eros con los que se ejercitan.<\/p>\n","protected":false},"excerpt":{"rendered":"<p>SLP.- De manera oficial se constituy\u00f3 la Asociaci\u00f3n de San Luis Potos\u00ed de Deportistas con Par\u00e1lisis Cerebral A.C. Se tom\u00f3 protesta a la mesa directiva y que por el momento cuenta con treinta y tres deportistas afiliados quienes ser\u00e1n impulsados para continuar teniendo un desarrollo deportivo dentro del deporte potosino. En el acto protocolario estuvo presente Od\u00edn Pati\u00f1o Berm\u00fadez Director de Desarrollo del Deporte en San Luis Potos\u00ed, Maricela Maldonado Morales presidenta de la Asociaci\u00f3n de San Luis Potos\u00ed de Deportistas con Par\u00e1lisis Cerebral A.C., Profesor Ricardo Tovar Arellano en representaci\u00f3n de la maestra Liliana Su\u00e1rez Carre\u00f3n, presidenta de la [&hellip;]<\/p>\n","protected":false},"author":2,"featured_media":58903,"comment_status":"closed","ping_status":"closed","sticky":false,"template":"","format":"video","meta":{"footnotes":""},"categories":[7,5],"tags":[],"class_list":["post-58892","post","type-post","status-publish","format-video","has-post-thumbnail","hentry","category-deportes","category-destacadas","post_format-post-format-video","post--single"],"yoast_head":"<!-- This site is optimized with the Yoast SEO plugin v27.5 - https:\/\/yoast.com\/product\/yoast-seo-wordpress\/ -->\n<title>Toma protesta la Asociaci\u00f3n de San Luis Potos\u00ed de Deportistas con Par\u00e1lisis Cerebral A.C. - Canal 7 SLP - 2022<\/title>\n<meta name=\"robots\" content=\"index, follow, max-snippet:-1, max-image-preview:large, max-video-preview:-1\" \/>\n<link rel=\"canonical\" href=\"https:\/\/canal7slp.tv\/2022\/toma-protesta-la-asociacion-de-san-luis-potosi-de-deportistas-con-paralisis-cerebral-a-c\/\" \/>\n<meta property=\"og:locale\" content=\"es_ES\" \/>\n<meta property=\"og:type\" content=\"article\" \/>\n<meta property=\"og:title\" content=\"Toma protesta la Asociaci\u00f3n de San Luis Potos\u00ed de Deportistas con Par\u00e1lisis Cerebral A.C. - Canal 7 SLP - 2022\" \/>\n<meta property=\"og:description\" content=\"SLP.- De manera oficial se constituy\u00f3 la Asociaci\u00f3n de San Luis Potos\u00ed de Deportistas con Par\u00e1lisis Cerebral A.C. Se tom\u00f3 protesta a la mesa directiva y que por el momento cuenta con treinta y tres deportistas afiliados quienes ser\u00e1n impulsados para continuar teniendo un desarrollo deportivo dentro del deporte potosino. En el acto protocolario estuvo presente Od\u00edn Pati\u00f1o Berm\u00fadez Director de Desarrollo del Deporte en San Luis Potos\u00ed, Maricela Maldonado Morales presidenta de la Asociaci\u00f3n de San Luis Potos\u00ed de Deportistas con Par\u00e1lisis Cerebral A.C., Profesor Ricardo Tovar Arellano en representaci\u00f3n de la maestra Liliana Su\u00e1rez Carre\u00f3n, presidenta de la [&hellip;]\" \/>\n<meta property=\"og:url\" content=\"https:\/\/canal7slp.tv\/2022\/toma-protesta-la-asociacion-de-san-luis-potosi-de-deportistas-con-paralisis-cerebral-a-c\/\" \/>\n<meta property=\"og:site_name\" content=\"Canal 7 SLP - 2022\" \/>\n<meta property=\"article:publisher\" content=\"https:\/\/www.facebook.com\/noticieroscanalsiete\" \/>\n<meta property=\"article:published_time\" content=\"2022-05-02T20:06:21+00:00\" \/>\n<meta property=\"og:image\" content=\"https:\/\/canal7slp.tv\/2022\/wp-content\/uploads\/2022\/05\/Froi03Asociacion.jpg\" \/>\n\t<meta property=\"og:image:width\" content=\"888\" \/>\n\t<meta property=\"og:image:height\" content=\"500\" \/>\n\t<meta property=\"og:image:type\" content=\"image\/jpeg\" \/>\n<meta name=\"author\" content=\"Edici\u00f3n Web\" \/>\n<meta name=\"twitter:card\" content=\"summary_large_image\" \/>\n<meta name=\"twitter:creator\" content=\"@NOTICIEROS7\" \/>\n<meta name=\"twitter:site\" content=\"@NOTICIEROS7\" \/>\n<meta name=\"twitter:label1\" content=\"Escrito por\" \/>\n\t<meta name=\"twitter:data1\" content=\"Edici\u00f3n Web\" \/>\n\t<meta name=\"twitter:label2\" content=\"Tiempo de lectura\" \/>\n\t<meta name=\"twitter:data2\" content=\"1 minuto\" \/>\n<script type=\"application\/ld+json\" class=\"yoast-schema-graph\">{\"@context\":\"https:\\\/\\\/schema.org\",\"@graph\":[{\"@type\":\"Article\",\"@id\":\"https:\\\/\\\/canal7slp.tv\\\/2022\\\/toma-protesta-la-asociacion-de-san-luis-potosi-de-deportistas-con-paralisis-cerebral-a-c\\\/#article\",\"isPartOf\":{\"@id\":\"https:\\\/\\\/canal7slp.tv\\\/2022\\\/toma-protesta-la-asociacion-de-san-luis-potosi-de-deportistas-con-paralisis-cerebral-a-c\\\/\"},\"author\":{\"name\":\"Edici\u00f3n Web\",\"@id\":\"https:\\\/\\\/canal7slp.tv\\\/2022\\\/#\\\/schema\\\/person\\\/429704152a21f5f856ce29aa69a238da\"},\"headline\":\"Toma protesta la Asociaci\u00f3n de San Luis Potos\u00ed de Deportistas con Par\u00e1lisis Cerebral A.C.\",\"datePublished\":\"2022-05-02T20:06:21+00:00\",\"mainEntityOfPage\":{\"@id\":\"https:\\\/\\\/canal7slp.tv\\\/2022\\\/toma-protesta-la-asociacion-de-san-luis-potosi-de-deportistas-con-paralisis-cerebral-a-c\\\/\"},\"wordCount\":252,\"publisher\":{\"@id\":\"https:\\\/\\\/canal7slp.tv\\\/2022\\\/#organization\"},\"image\":{\"@id\":\"https:\\\/\\\/canal7slp.tv\\\/2022\\\/toma-protesta-la-asociacion-de-san-luis-potosi-de-deportistas-con-paralisis-cerebral-a-c\\\/#primaryimage\"},\"thumbnailUrl\":\"https:\\\/\\\/canal7slp.tv\\\/2022\\\/wp-content\\\/uploads\\\/2022\\\/05\\\/Froi03Asociacion.jpg\",\"articleSection\":[\"DEPORTES\",\"DESTACADAS\"],\"inLanguage\":\"es\"},{\"@type\":\"WebPage\",\"@id\":\"https:\\\/\\\/canal7slp.tv\\\/2022\\\/toma-protesta-la-asociacion-de-san-luis-potosi-de-deportistas-con-paralisis-cerebral-a-c\\\/\",\"url\":\"https:\\\/\\\/canal7slp.tv\\\/2022\\\/toma-protesta-la-asociacion-de-san-luis-potosi-de-deportistas-con-paralisis-cerebral-a-c\\\/\",\"name\":\"Toma protesta la Asociaci\u00f3n de San Luis Potos\u00ed de Deportistas con Par\u00e1lisis Cerebral A.C. - Canal 7 SLP - 2022\",\"isPartOf\":{\"@id\":\"https:\\\/\\\/canal7slp.tv\\\/2022\\\/#website\"},\"primaryImageOfPage\":{\"@id\":\"https:\\\/\\\/canal7slp.tv\\\/2022\\\/toma-protesta-la-asociacion-de-san-luis-potosi-de-deportistas-con-paralisis-cerebral-a-c\\\/#primaryimage\"},\"image\":{\"@id\":\"https:\\\/\\\/canal7slp.tv\\\/2022\\\/toma-protesta-la-asociacion-de-san-luis-potosi-de-deportistas-con-paralisis-cerebral-a-c\\\/#primaryimage\"},\"thumbnailUrl\":\"https:\\\/\\\/canal7slp.tv\\\/2022\\\/wp-content\\\/uploads\\\/2022\\\/05\\\/Froi03Asociacion.jpg\",\"datePublished\":\"2022-05-02T20:06:21+00:00\",\"breadcrumb\":{\"@id\":\"https:\\\/\\\/canal7slp.tv\\\/2022\\\/toma-protesta-la-asociacion-de-san-luis-potosi-de-deportistas-con-paralisis-cerebral-a-c\\\/#breadcrumb\"},\"inLanguage\":\"es\",\"potentialAction\":[{\"@type\":\"ReadAction\",\"target\":[\"https:\\\/\\\/canal7slp.tv\\\/2022\\\/toma-protesta-la-asociacion-de-san-luis-potosi-de-deportistas-con-paralisis-cerebral-a-c\\\/\"]}]},{\"@type\":\"ImageObject\",\"inLanguage\":\"es\",\"@id\":\"https:\\\/\\\/canal7slp.tv\\\/2022\\\/toma-protesta-la-asociacion-de-san-luis-potosi-de-deportistas-con-paralisis-cerebral-a-c\\\/#primaryimage\",\"url\":\"https:\\\/\\\/canal7slp.tv\\\/2022\\\/wp-content\\\/uploads\\\/2022\\\/05\\\/Froi03Asociacion.jpg\",\"contentUrl\":\"https:\\\/\\\/canal7slp.tv\\\/2022\\\/wp-content\\\/uploads\\\/2022\\\/05\\\/Froi03Asociacion.jpg\",\"width\":888,\"height\":500},{\"@type\":\"BreadcrumbList\",\"@id\":\"https:\\\/\\\/canal7slp.tv\\\/2022\\\/toma-protesta-la-asociacion-de-san-luis-potosi-de-deportistas-con-paralisis-cerebral-a-c\\\/#breadcrumb\",\"itemListElement\":[{\"@type\":\"ListItem\",\"position\":1,\"name\":\"Portada\",\"item\":\"https:\\\/\\\/canal7slp.tv\\\/2022\\\/\"},{\"@type\":\"ListItem\",\"position\":2,\"name\":\"Toma protesta la Asociaci\u00f3n de San Luis Potos\u00ed de Deportistas con Par\u00e1lisis Cerebral A.C.\"}]},{\"@type\":\"WebSite\",\"@id\":\"https:\\\/\\\/canal7slp.tv\\\/2022\\\/#website\",\"url\":\"https:\\\/\\\/canal7slp.tv\\\/2022\\\/\",\"name\":\"N7 - Noticieros Canal 7\",\"description\":\"Somos Televisi\u00f3n\",\"publisher\":{\"@id\":\"https:\\\/\\\/canal7slp.tv\\\/2022\\\/#organization\"},\"potentialAction\":[{\"@type\":\"SearchAction\",\"target\":{\"@type\":\"EntryPoint\",\"urlTemplate\":\"https:\\\/\\\/canal7slp.tv\\\/2022\\\/?s={search_term_string}\"},\"query-input\":{\"@type\":\"PropertyValueSpecification\",\"valueRequired\":true,\"valueName\":\"search_term_string\"}}],\"inLanguage\":\"es\"},{\"@type\":\"Organization\",\"@id\":\"https:\\\/\\\/canal7slp.tv\\\/2022\\\/#organization\",\"name\":\"Noticieros Canal 7\",\"url\":\"https:\\\/\\\/canal7slp.tv\\\/2022\\\/\",\"logo\":{\"@type\":\"ImageObject\",\"inLanguage\":\"es\",\"@id\":\"https:\\\/\\\/canal7slp.tv\\\/2022\\\/#\\\/schema\\\/logo\\\/image\\\/\",\"url\":\"https:\\\/\\\/canal7slp.tv\\\/2022\\\/wp-content\\\/uploads\\\/2021\\\/01\\\/logo-noticieros@2x.png\",\"contentUrl\":\"https:\\\/\\\/canal7slp.tv\\\/2022\\\/wp-content\\\/uploads\\\/2021\\\/01\\\/logo-noticieros@2x.png\",\"width\":1017,\"height\":268,\"caption\":\"Noticieros Canal 7\"},\"image\":{\"@id\":\"https:\\\/\\\/canal7slp.tv\\\/2022\\\/#\\\/schema\\\/logo\\\/image\\\/\"},\"sameAs\":[\"https:\\\/\\\/www.facebook.com\\\/noticieroscanalsiete\",\"https:\\\/\\\/x.com\\\/NOTICIEROS7\",\"https:\\\/\\\/www.instagram.com\\\/canal7_slp\",\"https:\\\/\\\/www.youtube.com\\\/channel\\\/UCliiYs-gP3JfJeqdPrNdd5A\"]},{\"@type\":\"Person\",\"@id\":\"https:\\\/\\\/canal7slp.tv\\\/2022\\\/#\\\/schema\\\/person\\\/429704152a21f5f856ce29aa69a238da\",\"name\":\"Edici\u00f3n Web\",\"image\":{\"@type\":\"ImageObject\",\"inLanguage\":\"es\",\"@id\":\"https:\\\/\\\/secure.gravatar.com\\\/avatar\\\/eee448fc3f7164808013b816ba91ac7e43bbe82a70bebac296f8bc6f0addaa1a?s=96&d=mm&r=g\",\"url\":\"https:\\\/\\\/secure.gravatar.com\\\/avatar\\\/eee448fc3f7164808013b816ba91ac7e43bbe82a70bebac296f8bc6f0addaa1a?s=96&d=mm&r=g\",\"contentUrl\":\"https:\\\/\\\/secure.gravatar.com\\\/avatar\\\/eee448fc3f7164808013b816ba91ac7e43bbe82a70bebac296f8bc6f0addaa1a?s=96&d=mm&r=g\",\"caption\":\"Edici\u00f3n Web\"},\"url\":\"https:\\\/\\\/canal7slp.tv\\\/2022\\\/author\\\/edicionweb\\\/\"}]}<\/script>\n<!-- \/ Yoast SEO plugin. -->","yoast_head_json":{"title":"Toma protesta la Asociaci\u00f3n de San Luis Potos\u00ed de Deportistas con Par\u00e1lisis Cerebral A.C. - Canal 7 SLP - 2022","robots":{"index":"index","follow":"follow","max-snippet":"max-snippet:-1","max-image-preview":"max-image-preview:large","max-video-preview":"max-video-preview:-1"},"canonical":"https:\/\/canal7slp.tv\/2022\/toma-protesta-la-asociacion-de-san-luis-potosi-de-deportistas-con-paralisis-cerebral-a-c\/","og_locale":"es_ES","og_type":"article","og_title":"Toma protesta la Asociaci\u00f3n de San Luis Potos\u00ed de Deportistas con Par\u00e1lisis Cerebral A.C. - Canal 7 SLP - 2022","og_description":"SLP.- De manera oficial se constituy\u00f3 la Asociaci\u00f3n de San Luis Potos\u00ed de Deportistas con Par\u00e1lisis Cerebral A.C. Se tom\u00f3 protesta a la mesa directiva y que por el momento cuenta con treinta y tres deportistas afiliados quienes ser\u00e1n impulsados para continuar teniendo un desarrollo deportivo dentro del deporte potosino. En el acto protocolario estuvo presente Od\u00edn Pati\u00f1o Berm\u00fadez Director de Desarrollo del Deporte en San Luis Potos\u00ed, Maricela Maldonado Morales presidenta de la Asociaci\u00f3n de San Luis Potos\u00ed de Deportistas con Par\u00e1lisis Cerebral A.C., Profesor Ricardo Tovar Arellano en representaci\u00f3n de la maestra Liliana Su\u00e1rez Carre\u00f3n, presidenta de la [&hellip;]","og_url":"https:\/\/canal7slp.tv\/2022\/toma-protesta-la-asociacion-de-san-luis-potosi-de-deportistas-con-paralisis-cerebral-a-c\/","og_site_name":"Canal 7 SLP - 2022","article_publisher":"https:\/\/www.facebook.com\/noticieroscanalsiete","article_published_time":"2022-05-02T20:06:21+00:00","og_image":[{"width":888,"height":500,"url":"https:\/\/canal7slp.tv\/2022\/wp-content\/uploads\/2022\/05\/Froi03Asociacion.jpg","type":"image\/jpeg"}],"author":"Edici\u00f3n Web","twitter_card":"summary_large_image","twitter_creator":"@NOTICIEROS7","twitter_site":"@NOTICIEROS7","twitter_misc":{"Escrito por":"Edici\u00f3n Web","Tiempo de lectura":"1 minuto"},"schema":{"@context":"https:\/\/schema.org","@graph":[{"@type":"Article","@id":"https:\/\/canal7slp.tv\/2022\/toma-protesta-la-asociacion-de-san-luis-potosi-de-deportistas-con-paralisis-cerebral-a-c\/#article","isPartOf":{"@id":"https:\/\/canal7slp.tv\/2022\/toma-protesta-la-asociacion-de-san-luis-potosi-de-deportistas-con-paralisis-cerebral-a-c\/"},"author":{"name":"Edici\u00f3n Web","@id":"https:\/\/canal7slp.tv\/2022\/#\/schema\/person\/429704152a21f5f856ce29aa69a238da"},"headline":"Toma protesta la Asociaci\u00f3n de San Luis Potos\u00ed de Deportistas con Par\u00e1lisis Cerebral A.C.","datePublished":"2022-05-02T20:06:21+00:00","mainEntityOfPage":{"@id":"https:\/\/canal7slp.tv\/2022\/toma-protesta-la-asociacion-de-san-luis-potosi-de-deportistas-con-paralisis-cerebral-a-c\/"},"wordCount":252,"publisher":{"@id":"https:\/\/canal7slp.tv\/2022\/#organization"},"image":{"@id":"https:\/\/canal7slp.tv\/2022\/toma-protesta-la-asociacion-de-san-luis-potosi-de-deportistas-con-paralisis-cerebral-a-c\/#primaryimage"},"thumbnailUrl":"https:\/\/canal7slp.tv\/2022\/wp-content\/uploads\/2022\/05\/Froi03Asociacion.jpg","articleSection":["DEPORTES","DESTACADAS"],"inLanguage":"es"},{"@type":"WebPage","@id":"https:\/\/canal7slp.tv\/2022\/toma-protesta-la-asociacion-de-san-luis-potosi-de-deportistas-con-paralisis-cerebral-a-c\/","url":"https:\/\/canal7slp.tv\/2022\/toma-protesta-la-asociacion-de-san-luis-potosi-de-deportistas-con-paralisis-cerebral-a-c\/","name":"Toma protesta la Asociaci\u00f3n de San Luis Potos\u00ed de Deportistas con Par\u00e1lisis Cerebral A.C. - Canal 7 SLP - 2022","isPartOf":{"@id":"https:\/\/canal7slp.tv\/2022\/#website"},"primaryImageOfPage":{"@id":"https:\/\/canal7slp.tv\/2022\/toma-protesta-la-asociacion-de-san-luis-potosi-de-deportistas-con-paralisis-cerebral-a-c\/#primaryimage"},"image":{"@id":"https:\/\/canal7slp.tv\/2022\/toma-protesta-la-asociacion-de-san-luis-potosi-de-deportistas-con-paralisis-cerebral-a-c\/#primaryimage"},"thumbnailUrl":"https:\/\/canal7slp.tv\/2022\/wp-content\/uploads\/2022\/05\/Froi03Asociacion.jpg","datePublished":"2022-05-02T20:06:21+00:00","breadcrumb":{"@id":"https:\/\/canal7slp.tv\/2022\/toma-protesta-la-asociacion-de-san-luis-potosi-de-deportistas-con-paralisis-cerebral-a-c\/#breadcrumb"},"inLanguage":"es","potentialAction":[{"@type":"ReadAction","target":["https:\/\/canal7slp.tv\/2022\/toma-protesta-la-asociacion-de-san-luis-potosi-de-deportistas-con-paralisis-cerebral-a-c\/"]}]},{"@type":"ImageObject","inLanguage":"es","@id":"https:\/\/canal7slp.tv\/2022\/toma-protesta-la-asociacion-de-san-luis-potosi-de-deportistas-con-paralisis-cerebral-a-c\/#primaryimage","url":"https:\/\/canal7slp.tv\/2022\/wp-content\/uploads\/2022\/05\/Froi03Asociacion.jpg","contentUrl":"https:\/\/canal7slp.tv\/2022\/wp-content\/uploads\/2022\/05\/Froi03Asociacion.jpg","width":888,"height":500},{"@type":"BreadcrumbList","@id":"https:\/\/canal7slp.tv\/2022\/toma-protesta-la-asociacion-de-san-luis-potosi-de-deportistas-con-paralisis-cerebral-a-c\/#breadcrumb","itemListElement":[{"@type":"ListItem","position":1,"name":"Portada","item":"https:\/\/canal7slp.tv\/2022\/"},{"@type":"ListItem","position":2,"name":"Toma protesta la Asociaci\u00f3n de San Luis Potos\u00ed de Deportistas con Par\u00e1lisis Cerebral A.C."}]},{"@type":"WebSite","@id":"https:\/\/canal7slp.tv\/2022\/#website","url":"https:\/\/canal7slp.tv\/2022\/","name":"N7 - Noticieros Canal 7","description":"Somos Televisi\u00f3n","publisher":{"@id":"https:\/\/canal7slp.tv\/2022\/#organization"},"potentialAction":[{"@type":"SearchAction","target":{"@type":"EntryPoint","urlTemplate":"https:\/\/canal7slp.tv\/2022\/?s={search_term_string}"},"query-input":{"@type":"PropertyValueSpecification","valueRequired":true,"valueName":"search_term_string"}}],"inLanguage":"es"},{"@type":"Organization","@id":"https:\/\/canal7slp.tv\/2022\/#organization","name":"Noticieros Canal 7","url":"https:\/\/canal7slp.tv\/2022\/","logo":{"@type":"ImageObject","inLanguage":"es","@id":"https:\/\/canal7slp.tv\/2022\/#\/schema\/logo\/image\/","url":"https:\/\/canal7slp.tv\/2022\/wp-content\/uploads\/2021\/01\/logo-noticieros@2x.png","contentUrl":"https:\/\/canal7slp.tv\/2022\/wp-content\/uploads\/2021\/01\/logo-noticieros@2x.png","width":1017,"height":268,"caption":"Noticieros Canal 7"},"image":{"@id":"https:\/\/canal7slp.tv\/2022\/#\/schema\/logo\/image\/"},"sameAs":["https:\/\/www.facebook.com\/noticieroscanalsiete","https:\/\/x.com\/NOTICIEROS7","https:\/\/www.instagram.com\/canal7_slp","https:\/\/www.youtube.com\/channel\/UCliiYs-gP3JfJeqdPrNdd5A"]},{"@type":"Person","@id":"https:\/\/canal7slp.tv\/2022\/#\/schema\/person\/429704152a21f5f856ce29aa69a238da","name":"Edici\u00f3n Web","image":{"@type":"ImageObject","inLanguage":"es","@id":"https:\/\/secure.gravatar.com\/avatar\/eee448fc3f7164808013b816ba91ac7e43bbe82a70bebac296f8bc6f0addaa1a?s=96&d=mm&r=g","url":"https:\/\/secure.gravatar.com\/avatar\/eee448fc3f7164808013b816ba91ac7e43bbe82a70bebac296f8bc6f0addaa1a?s=96&d=mm&r=g","contentUrl":"https:\/\/secure.gravatar.com\/avatar\/eee448fc3f7164808013b816ba91ac7e43bbe82a70bebac296f8bc6f0addaa1a?s=96&d=mm&r=g","caption":"Edici\u00f3n Web"},"url":"https:\/\/canal7slp.tv\/2022\/author\/edicionweb\/"}]}},"amp_enabled":true,"_links":{"self":[{"href":"https:\/\/canal7slp.tv\/2022\/wp-json\/wp\/v2\/posts\/58892","targetHints":{"allow":["GET"]}}],"collection":[{"href":"https:\/\/canal7slp.tv\/2022\/wp-json\/wp\/v2\/posts"}],"about":[{"href":"https:\/\/canal7slp.tv\/2022\/wp-json\/wp\/v2\/types\/post"}],"author":[{"embeddable":true,"href":"https:\/\/canal7slp.tv\/2022\/wp-json\/wp\/v2\/users\/2"}],"replies":[{"embeddable":true,"href":"https:\/\/canal7slp.tv\/2022\/wp-json\/wp\/v2\/comments?post=58892"}],"version-history":[{"count":2,"href":"https:\/\/canal7slp.tv\/2022\/wp-json\/wp\/v2\/posts\/58892\/revisions"}],"predecessor-version":[{"id":58904,"href":"https:\/\/canal7slp.tv\/2022\/wp-json\/wp\/v2\/posts\/58892\/revisions\/58904"}],"wp:featuredmedia":[{"embeddable":true,"href":"https:\/\/canal7slp.tv\/2022\/wp-json\/wp\/v2\/media\/58903"}],"wp:attachment":[{"href":"https:\/\/canal7slp.tv\/2022\/wp-json\/wp\/v2\/media?parent=58892"}],"wp:term":[{"taxonomy":"category","embeddable":true,"href":"https:\/\/canal7slp.tv\/2022\/wp-json\/wp\/v2\/categories?post=58892"},{"taxonomy":"post_tag","embeddable":true,"href":"https:\/\/canal7slp.tv\/2022\/wp-json\/wp\/v2\/tags?post=58892"}],"curies":[{"name":"wp","href":"https:\/\/api.w.org\/{rel}","templated":true}]}}