{"id":58623,"date":"2022-04-29T10:59:15","date_gmt":"2022-04-29T16:59:15","guid":{"rendered":"https:\/\/canal7slp.tv\/2022\/?p=58623"},"modified":"2022-04-29T10:59:15","modified_gmt":"2022-04-29T16:59:15","slug":"capturan-a-presuntos-responsables-de-haber-privado-de-la-libertad-a-un-hombre-en-la-capital-potosina","status":"publish","type":"post","link":"https:\/\/canal7slp.tv\/2022\/capturan-a-presuntos-responsables-de-haber-privado-de-la-libertad-a-un-hombre-en-la-capital-potosina\/","title":{"rendered":"Capturan a presuntos responsables de haber privado de la libertad a un hombre en la capital potosina"},"content":{"rendered":"<p style=\"text-align: justify;\">SLP.-\u00a0Como parte de la estrategia de prevenci\u00f3n, monitoreo y seguimiento en el sistema de videovigilancia del C5i2 en San Luis Potos\u00ed, se inform\u00f3 el rescate de una persona que se encontraba privada de su libertad.<\/p>\n<p style=\"text-align: justify;\">Hay dos detenidos.<\/p>\n<p style=\"text-align: justify;\">Personal de la Polic\u00eda Especializada dio seguimiento a un reporte en el sistema de emergencia 911, relacionado a que sobre la calle Granate en el fraccionamiento Holanda, dos masculinos golpearon a otro y se lo llevaron inconsciente a bordo de un veh\u00edculo gris.<\/p>\n<p style=\"text-align: justify;\">Los agentes especializados iniciaron la b\u00fasqueda de los presuntos secuestradores.<\/p>\n<p style=\"text-align: justify;\">Tuvieron contacto visual en calle L\u00edbano y Carretera San Luis Potos\u00ed &#8211; Quer\u00e9taro Fraccionamiento Mayamil, con un veh\u00edculo con caracter\u00edsticas similares al reportado, comunicando v\u00eda frecuencia a Polic\u00eda Estatal.<\/p>\n<p style=\"text-align: justify;\">Los oficiales acudieron y efectuaron la detenci\u00f3n de dos masculinos como presuntos responsables.<\/p>\n<p style=\"text-align: justify;\">Se confirm\u00f3 que el veh\u00edculo Vw Virtus color plata, coincid\u00eda con la informaci\u00f3n proporcionada al 911.<\/p>\n<p style=\"text-align: justify;\">Lo anterior se realiz\u00f3 en coordinaci\u00f3n con personal de Polic\u00eda de Investigaci\u00f3n y Anti- secuestros de la FGE.<\/p>\n<p style=\"text-align: justify;\">Acudieron al lugar con personal de Guardia Nacional.<\/p>\n<p style=\"text-align: justify;\">Personas y veh\u00edculos fueron puestos a disposici\u00f3n de la autoridad.<\/p>\n<p style=\"text-align: justify;\">Detenidos:<\/p>\n<p style=\"text-align: justify;\">1\u00ba Eduardo A. de 32 a\u00f1os de edad, vecino de la colonia Benito Ju\u00e1rez en S.G.S.<\/p>\n<p style=\"text-align: justify;\">2\u00ba Israel M. de 40 A\u00f1os, vecino de la colonia El Morro en S.G.S.<\/p>\n<p><img loading=\"lazy\" decoding=\"async\" class=\"alignnone size-medium wp-image-58625\" src=\"https:\/\/canal7slp.tv\/2022\/wp-content\/uploads\/2022\/04\/zz1a-1-300x300.jpg\" alt=\"\" width=\"300\" height=\"300\" srcset=\"https:\/\/canal7slp.tv\/2022\/wp-content\/uploads\/2022\/04\/zz1a-1-300x300.jpg 300w, https:\/\/canal7slp.tv\/2022\/wp-content\/uploads\/2022\/04\/zz1a-1-1020x1024.jpg 1020w, https:\/\/canal7slp.tv\/2022\/wp-content\/uploads\/2022\/04\/zz1a-1-150x150.jpg 150w, https:\/\/canal7slp.tv\/2022\/wp-content\/uploads\/2022\/04\/zz1a-1-768x771.jpg 768w, https:\/\/canal7slp.tv\/2022\/wp-content\/uploads\/2022\/04\/zz1a-1-70x70.jpg 70w, https:\/\/canal7slp.tv\/2022\/wp-content\/uploads\/2022\/04\/zz1a-1-180x180.jpg 180w, https:\/\/canal7slp.tv\/2022\/wp-content\/uploads\/2022\/04\/zz1a-1-400x400.jpg 400w, https:\/\/canal7slp.tv\/2022\/wp-content\/uploads\/2022\/04\/zz1a-1-600x600.jpg 600w, https:\/\/canal7slp.tv\/2022\/wp-content\/uploads\/2022\/04\/zz1a-1-800x803.jpg 800w, https:\/\/canal7slp.tv\/2022\/wp-content\/uploads\/2022\/04\/zz1a-1.jpg 1242w\" sizes=\"auto, (max-width: 300px) 100vw, 300px\" \/> <img loading=\"lazy\" decoding=\"async\" class=\"alignnone size-medium wp-image-58626\" src=\"https:\/\/canal7slp.tv\/2022\/wp-content\/uploads\/2022\/04\/zz1b-1-259x300.jpg\" alt=\"\" width=\"259\" height=\"300\" srcset=\"https:\/\/canal7slp.tv\/2022\/wp-content\/uploads\/2022\/04\/zz1b-1-259x300.jpg 259w, https:\/\/canal7slp.tv\/2022\/wp-content\/uploads\/2022\/04\/zz1b-1-885x1024.jpg 885w, https:\/\/canal7slp.tv\/2022\/wp-content\/uploads\/2022\/04\/zz1b-1-768x889.jpg 768w, https:\/\/canal7slp.tv\/2022\/wp-content\/uploads\/2022\/04\/zz1b-1-800x926.jpg 800w, https:\/\/canal7slp.tv\/2022\/wp-content\/uploads\/2022\/04\/zz1b-1.jpg 947w\" sizes=\"auto, (max-width: 259px) 100vw, 259px\" \/> <img loading=\"lazy\" decoding=\"async\" class=\"alignnone size-medium wp-image-58627\" src=\"https:\/\/canal7slp.tv\/2022\/wp-content\/uploads\/2022\/04\/zz1c-1-300x150.jpg\" alt=\"\" width=\"300\" height=\"150\" srcset=\"https:\/\/canal7slp.tv\/2022\/wp-content\/uploads\/2022\/04\/zz1c-1-300x150.jpg 300w, https:\/\/canal7slp.tv\/2022\/wp-content\/uploads\/2022\/04\/zz1c-1-1024x512.jpg 1024w, https:\/\/canal7slp.tv\/2022\/wp-content\/uploads\/2022\/04\/zz1c-1-768x384.jpg 768w, https:\/\/canal7slp.tv\/2022\/wp-content\/uploads\/2022\/04\/zz1c-1-400x200.jpg 400w, https:\/\/canal7slp.tv\/2022\/wp-content\/uploads\/2022\/04\/zz1c-1-600x300.jpg 600w, https:\/\/canal7slp.tv\/2022\/wp-content\/uploads\/2022\/04\/zz1c-1-800x400.jpg 800w, https:\/\/canal7slp.tv\/2022\/wp-content\/uploads\/2022\/04\/zz1c-1.jpg 1080w\" sizes=\"auto, (max-width: 300px) 100vw, 300px\" \/> <img loading=\"lazy\" decoding=\"async\" class=\"alignnone size-medium wp-image-58628\" src=\"https:\/\/canal7slp.tv\/2022\/wp-content\/uploads\/2022\/04\/zz1d-1-300x169.jpg\" alt=\"\" width=\"300\" height=\"169\" srcset=\"https:\/\/canal7slp.tv\/2022\/wp-content\/uploads\/2022\/04\/zz1d-1-300x169.jpg 300w, https:\/\/canal7slp.tv\/2022\/wp-content\/uploads\/2022\/04\/zz1d-1-1024x577.jpg 1024w, https:\/\/canal7slp.tv\/2022\/wp-content\/uploads\/2022\/04\/zz1d-1-768x432.jpg 768w, https:\/\/canal7slp.tv\/2022\/wp-content\/uploads\/2022\/04\/zz1d-1-400x225.jpg 400w, https:\/\/canal7slp.tv\/2022\/wp-content\/uploads\/2022\/04\/zz1d-1-600x338.jpg 600w, https:\/\/canal7slp.tv\/2022\/wp-content\/uploads\/2022\/04\/zz1d-1-800x450.jpg 800w, https:\/\/canal7slp.tv\/2022\/wp-content\/uploads\/2022\/04\/zz1d-1.jpg 1087w\" sizes=\"auto, (max-width: 300px) 100vw, 300px\" \/><\/p>\n","protected":false},"excerpt":{"rendered":"<p>SLP.-\u00a0Como parte de la estrategia de prevenci\u00f3n, monitoreo y seguimiento en el sistema de videovigilancia del C5i2 en San Luis Potos\u00ed, se inform\u00f3 el rescate de una persona que se encontraba privada de su libertad. Hay dos detenidos. Personal de la Polic\u00eda Especializada dio seguimiento a un reporte en el sistema de emergencia 911, relacionado a que sobre la calle Granate en el fraccionamiento Holanda, dos masculinos golpearon a otro y se lo llevaron inconsciente a bordo de un veh\u00edculo gris. Los agentes especializados iniciaron la b\u00fasqueda de los presuntos secuestradores. Tuvieron contacto visual en calle L\u00edbano y Carretera San [&hellip;]<\/p>\n","protected":false},"author":2,"featured_media":58631,"comment_status":"closed","ping_status":"closed","sticky":false,"template":"","format":"gallery","meta":{"footnotes":""},"categories":[48],"tags":[],"class_list":["post-58623","post","type-post","status-publish","format-gallery","has-post-thumbnail","hentry","category-reporte7","post_format-post-format-gallery","post--single"],"yoast_head":"<!-- This site is optimized with the Yoast SEO plugin v27.4 - https:\/\/yoast.com\/product\/yoast-seo-wordpress\/ -->\n<title>Capturan a presuntos responsables de haber privado de la libertad a un hombre en la capital potosina - Canal 7 SLP - 2022<\/title>\n<meta name=\"robots\" content=\"index, follow, max-snippet:-1, max-image-preview:large, max-video-preview:-1\" \/>\n<link rel=\"canonical\" href=\"https:\/\/canal7slp.tv\/2022\/capturan-a-presuntos-responsables-de-haber-privado-de-la-libertad-a-un-hombre-en-la-capital-potosina\/\" \/>\n<meta property=\"og:locale\" content=\"es_ES\" \/>\n<meta property=\"og:type\" content=\"article\" \/>\n<meta property=\"og:title\" content=\"Capturan a presuntos responsables de haber privado de la libertad a un hombre en la capital potosina - Canal 7 SLP - 2022\" \/>\n<meta property=\"og:description\" content=\"SLP.-\u00a0Como parte de la estrategia de prevenci\u00f3n, monitoreo y seguimiento en el sistema de videovigilancia del C5i2 en San Luis Potos\u00ed, se inform\u00f3 el rescate de una persona que se encontraba privada de su libertad. Hay dos detenidos. Personal de la Polic\u00eda Especializada dio seguimiento a un reporte en el sistema de emergencia 911, relacionado a que sobre la calle Granate en el fraccionamiento Holanda, dos masculinos golpearon a otro y se lo llevaron inconsciente a bordo de un veh\u00edculo gris. Los agentes especializados iniciaron la b\u00fasqueda de los presuntos secuestradores. Tuvieron contacto visual en calle L\u00edbano y Carretera San [&hellip;]\" \/>\n<meta property=\"og:url\" content=\"https:\/\/canal7slp.tv\/2022\/capturan-a-presuntos-responsables-de-haber-privado-de-la-libertad-a-un-hombre-en-la-capital-potosina\/\" \/>\n<meta property=\"og:site_name\" content=\"Canal 7 SLP - 2022\" \/>\n<meta property=\"article:publisher\" content=\"https:\/\/www.facebook.com\/noticieroscanalsiete\" \/>\n<meta property=\"article:published_time\" content=\"2022-04-29T16:59:15+00:00\" \/>\n<meta property=\"og:image\" content=\"https:\/\/canal7slp.tv\/2022\/wp-content\/uploads\/2022\/04\/zz1-1.png\" \/>\n\t<meta property=\"og:image:width\" content=\"900\" \/>\n\t<meta property=\"og:image:height\" content=\"451\" \/>\n\t<meta property=\"og:image:type\" content=\"image\/png\" \/>\n<meta name=\"author\" content=\"Edici\u00f3n Web\" \/>\n<meta name=\"twitter:card\" content=\"summary_large_image\" \/>\n<meta name=\"twitter:creator\" content=\"@NOTICIEROS7\" \/>\n<meta name=\"twitter:site\" content=\"@NOTICIEROS7\" \/>\n<meta name=\"twitter:label1\" content=\"Escrito por\" \/>\n\t<meta name=\"twitter:data1\" content=\"Edici\u00f3n Web\" \/>\n\t<meta name=\"twitter:label2\" content=\"Tiempo de lectura\" \/>\n\t<meta name=\"twitter:data2\" content=\"2 minutos\" \/>\n<script type=\"application\/ld+json\" class=\"yoast-schema-graph\">{\"@context\":\"https:\\\/\\\/schema.org\",\"@graph\":[{\"@type\":\"Article\",\"@id\":\"https:\\\/\\\/canal7slp.tv\\\/2022\\\/capturan-a-presuntos-responsables-de-haber-privado-de-la-libertad-a-un-hombre-en-la-capital-potosina\\\/#article\",\"isPartOf\":{\"@id\":\"https:\\\/\\\/canal7slp.tv\\\/2022\\\/capturan-a-presuntos-responsables-de-haber-privado-de-la-libertad-a-un-hombre-en-la-capital-potosina\\\/\"},\"author\":{\"name\":\"Edici\u00f3n Web\",\"@id\":\"https:\\\/\\\/canal7slp.tv\\\/2022\\\/#\\\/schema\\\/person\\\/429704152a21f5f856ce29aa69a238da\"},\"headline\":\"Capturan a presuntos responsables de haber privado de la libertad a un hombre en la capital potosina\",\"datePublished\":\"2022-04-29T16:59:15+00:00\",\"mainEntityOfPage\":{\"@id\":\"https:\\\/\\\/canal7slp.tv\\\/2022\\\/capturan-a-presuntos-responsables-de-haber-privado-de-la-libertad-a-un-hombre-en-la-capital-potosina\\\/\"},\"wordCount\":256,\"publisher\":{\"@id\":\"https:\\\/\\\/canal7slp.tv\\\/2022\\\/#organization\"},\"image\":{\"@id\":\"https:\\\/\\\/canal7slp.tv\\\/2022\\\/capturan-a-presuntos-responsables-de-haber-privado-de-la-libertad-a-un-hombre-en-la-capital-potosina\\\/#primaryimage\"},\"thumbnailUrl\":\"https:\\\/\\\/canal7slp.tv\\\/2022\\\/wp-content\\\/uploads\\\/2022\\\/04\\\/zz1-1.png\",\"articleSection\":[\"REPORTE 7\"],\"inLanguage\":\"es\"},{\"@type\":\"WebPage\",\"@id\":\"https:\\\/\\\/canal7slp.tv\\\/2022\\\/capturan-a-presuntos-responsables-de-haber-privado-de-la-libertad-a-un-hombre-en-la-capital-potosina\\\/\",\"url\":\"https:\\\/\\\/canal7slp.tv\\\/2022\\\/capturan-a-presuntos-responsables-de-haber-privado-de-la-libertad-a-un-hombre-en-la-capital-potosina\\\/\",\"name\":\"Capturan a presuntos responsables de haber privado de la libertad a un hombre en la capital potosina - Canal 7 SLP - 2022\",\"isPartOf\":{\"@id\":\"https:\\\/\\\/canal7slp.tv\\\/2022\\\/#website\"},\"primaryImageOfPage\":{\"@id\":\"https:\\\/\\\/canal7slp.tv\\\/2022\\\/capturan-a-presuntos-responsables-de-haber-privado-de-la-libertad-a-un-hombre-en-la-capital-potosina\\\/#primaryimage\"},\"image\":{\"@id\":\"https:\\\/\\\/canal7slp.tv\\\/2022\\\/capturan-a-presuntos-responsables-de-haber-privado-de-la-libertad-a-un-hombre-en-la-capital-potosina\\\/#primaryimage\"},\"thumbnailUrl\":\"https:\\\/\\\/canal7slp.tv\\\/2022\\\/wp-content\\\/uploads\\\/2022\\\/04\\\/zz1-1.png\",\"datePublished\":\"2022-04-29T16:59:15+00:00\",\"breadcrumb\":{\"@id\":\"https:\\\/\\\/canal7slp.tv\\\/2022\\\/capturan-a-presuntos-responsables-de-haber-privado-de-la-libertad-a-un-hombre-en-la-capital-potosina\\\/#breadcrumb\"},\"inLanguage\":\"es\",\"potentialAction\":[{\"@type\":\"ReadAction\",\"target\":[\"https:\\\/\\\/canal7slp.tv\\\/2022\\\/capturan-a-presuntos-responsables-de-haber-privado-de-la-libertad-a-un-hombre-en-la-capital-potosina\\\/\"]}]},{\"@type\":\"ImageObject\",\"inLanguage\":\"es\",\"@id\":\"https:\\\/\\\/canal7slp.tv\\\/2022\\\/capturan-a-presuntos-responsables-de-haber-privado-de-la-libertad-a-un-hombre-en-la-capital-potosina\\\/#primaryimage\",\"url\":\"https:\\\/\\\/canal7slp.tv\\\/2022\\\/wp-content\\\/uploads\\\/2022\\\/04\\\/zz1-1.png\",\"contentUrl\":\"https:\\\/\\\/canal7slp.tv\\\/2022\\\/wp-content\\\/uploads\\\/2022\\\/04\\\/zz1-1.png\",\"width\":900,\"height\":451},{\"@type\":\"BreadcrumbList\",\"@id\":\"https:\\\/\\\/canal7slp.tv\\\/2022\\\/capturan-a-presuntos-responsables-de-haber-privado-de-la-libertad-a-un-hombre-en-la-capital-potosina\\\/#breadcrumb\",\"itemListElement\":[{\"@type\":\"ListItem\",\"position\":1,\"name\":\"Portada\",\"item\":\"https:\\\/\\\/canal7slp.tv\\\/2022\\\/\"},{\"@type\":\"ListItem\",\"position\":2,\"name\":\"Capturan a presuntos responsables de haber privado de la libertad a un hombre en la capital potosina\"}]},{\"@type\":\"WebSite\",\"@id\":\"https:\\\/\\\/canal7slp.tv\\\/2022\\\/#website\",\"url\":\"https:\\\/\\\/canal7slp.tv\\\/2022\\\/\",\"name\":\"N7 - Noticieros Canal 7\",\"description\":\"Somos Televisi\u00f3n\",\"publisher\":{\"@id\":\"https:\\\/\\\/canal7slp.tv\\\/2022\\\/#organization\"},\"potentialAction\":[{\"@type\":\"SearchAction\",\"target\":{\"@type\":\"EntryPoint\",\"urlTemplate\":\"https:\\\/\\\/canal7slp.tv\\\/2022\\\/?s={search_term_string}\"},\"query-input\":{\"@type\":\"PropertyValueSpecification\",\"valueRequired\":true,\"valueName\":\"search_term_string\"}}],\"inLanguage\":\"es\"},{\"@type\":\"Organization\",\"@id\":\"https:\\\/\\\/canal7slp.tv\\\/2022\\\/#organization\",\"name\":\"Noticieros Canal 7\",\"url\":\"https:\\\/\\\/canal7slp.tv\\\/2022\\\/\",\"logo\":{\"@type\":\"ImageObject\",\"inLanguage\":\"es\",\"@id\":\"https:\\\/\\\/canal7slp.tv\\\/2022\\\/#\\\/schema\\\/logo\\\/image\\\/\",\"url\":\"https:\\\/\\\/canal7slp.tv\\\/2022\\\/wp-content\\\/uploads\\\/2021\\\/01\\\/logo-noticieros@2x.png\",\"contentUrl\":\"https:\\\/\\\/canal7slp.tv\\\/2022\\\/wp-content\\\/uploads\\\/2021\\\/01\\\/logo-noticieros@2x.png\",\"width\":1017,\"height\":268,\"caption\":\"Noticieros Canal 7\"},\"image\":{\"@id\":\"https:\\\/\\\/canal7slp.tv\\\/2022\\\/#\\\/schema\\\/logo\\\/image\\\/\"},\"sameAs\":[\"https:\\\/\\\/www.facebook.com\\\/noticieroscanalsiete\",\"https:\\\/\\\/x.com\\\/NOTICIEROS7\",\"https:\\\/\\\/www.instagram.com\\\/canal7_slp\",\"https:\\\/\\\/www.youtube.com\\\/channel\\\/UCliiYs-gP3JfJeqdPrNdd5A\"]},{\"@type\":\"Person\",\"@id\":\"https:\\\/\\\/canal7slp.tv\\\/2022\\\/#\\\/schema\\\/person\\\/429704152a21f5f856ce29aa69a238da\",\"name\":\"Edici\u00f3n Web\",\"image\":{\"@type\":\"ImageObject\",\"inLanguage\":\"es\",\"@id\":\"https:\\\/\\\/secure.gravatar.com\\\/avatar\\\/eee448fc3f7164808013b816ba91ac7e43bbe82a70bebac296f8bc6f0addaa1a?s=96&d=mm&r=g\",\"url\":\"https:\\\/\\\/secure.gravatar.com\\\/avatar\\\/eee448fc3f7164808013b816ba91ac7e43bbe82a70bebac296f8bc6f0addaa1a?s=96&d=mm&r=g\",\"contentUrl\":\"https:\\\/\\\/secure.gravatar.com\\\/avatar\\\/eee448fc3f7164808013b816ba91ac7e43bbe82a70bebac296f8bc6f0addaa1a?s=96&d=mm&r=g\",\"caption\":\"Edici\u00f3n Web\"},\"url\":\"https:\\\/\\\/canal7slp.tv\\\/2022\\\/author\\\/edicionweb\\\/\"}]}<\/script>\n<!-- \/ Yoast SEO plugin. -->","yoast_head_json":{"title":"Capturan a presuntos responsables de haber privado de la libertad a un hombre en la capital potosina - Canal 7 SLP - 2022","robots":{"index":"index","follow":"follow","max-snippet":"max-snippet:-1","max-image-preview":"max-image-preview:large","max-video-preview":"max-video-preview:-1"},"canonical":"https:\/\/canal7slp.tv\/2022\/capturan-a-presuntos-responsables-de-haber-privado-de-la-libertad-a-un-hombre-en-la-capital-potosina\/","og_locale":"es_ES","og_type":"article","og_title":"Capturan a presuntos responsables de haber privado de la libertad a un hombre en la capital potosina - Canal 7 SLP - 2022","og_description":"SLP.-\u00a0Como parte de la estrategia de prevenci\u00f3n, monitoreo y seguimiento en el sistema de videovigilancia del C5i2 en San Luis Potos\u00ed, se inform\u00f3 el rescate de una persona que se encontraba privada de su libertad. Hay dos detenidos. Personal de la Polic\u00eda Especializada dio seguimiento a un reporte en el sistema de emergencia 911, relacionado a que sobre la calle Granate en el fraccionamiento Holanda, dos masculinos golpearon a otro y se lo llevaron inconsciente a bordo de un veh\u00edculo gris. Los agentes especializados iniciaron la b\u00fasqueda de los presuntos secuestradores. Tuvieron contacto visual en calle L\u00edbano y Carretera San [&hellip;]","og_url":"https:\/\/canal7slp.tv\/2022\/capturan-a-presuntos-responsables-de-haber-privado-de-la-libertad-a-un-hombre-en-la-capital-potosina\/","og_site_name":"Canal 7 SLP - 2022","article_publisher":"https:\/\/www.facebook.com\/noticieroscanalsiete","article_published_time":"2022-04-29T16:59:15+00:00","og_image":[{"width":900,"height":451,"url":"https:\/\/canal7slp.tv\/2022\/wp-content\/uploads\/2022\/04\/zz1-1.png","type":"image\/png"}],"author":"Edici\u00f3n Web","twitter_card":"summary_large_image","twitter_creator":"@NOTICIEROS7","twitter_site":"@NOTICIEROS7","twitter_misc":{"Escrito por":"Edici\u00f3n Web","Tiempo de lectura":"2 minutos"},"schema":{"@context":"https:\/\/schema.org","@graph":[{"@type":"Article","@id":"https:\/\/canal7slp.tv\/2022\/capturan-a-presuntos-responsables-de-haber-privado-de-la-libertad-a-un-hombre-en-la-capital-potosina\/#article","isPartOf":{"@id":"https:\/\/canal7slp.tv\/2022\/capturan-a-presuntos-responsables-de-haber-privado-de-la-libertad-a-un-hombre-en-la-capital-potosina\/"},"author":{"name":"Edici\u00f3n Web","@id":"https:\/\/canal7slp.tv\/2022\/#\/schema\/person\/429704152a21f5f856ce29aa69a238da"},"headline":"Capturan a presuntos responsables de haber privado de la libertad a un hombre en la capital potosina","datePublished":"2022-04-29T16:59:15+00:00","mainEntityOfPage":{"@id":"https:\/\/canal7slp.tv\/2022\/capturan-a-presuntos-responsables-de-haber-privado-de-la-libertad-a-un-hombre-en-la-capital-potosina\/"},"wordCount":256,"publisher":{"@id":"https:\/\/canal7slp.tv\/2022\/#organization"},"image":{"@id":"https:\/\/canal7slp.tv\/2022\/capturan-a-presuntos-responsables-de-haber-privado-de-la-libertad-a-un-hombre-en-la-capital-potosina\/#primaryimage"},"thumbnailUrl":"https:\/\/canal7slp.tv\/2022\/wp-content\/uploads\/2022\/04\/zz1-1.png","articleSection":["REPORTE 7"],"inLanguage":"es"},{"@type":"WebPage","@id":"https:\/\/canal7slp.tv\/2022\/capturan-a-presuntos-responsables-de-haber-privado-de-la-libertad-a-un-hombre-en-la-capital-potosina\/","url":"https:\/\/canal7slp.tv\/2022\/capturan-a-presuntos-responsables-de-haber-privado-de-la-libertad-a-un-hombre-en-la-capital-potosina\/","name":"Capturan a presuntos responsables de haber privado de la libertad a un hombre en la capital potosina - Canal 7 SLP - 2022","isPartOf":{"@id":"https:\/\/canal7slp.tv\/2022\/#website"},"primaryImageOfPage":{"@id":"https:\/\/canal7slp.tv\/2022\/capturan-a-presuntos-responsables-de-haber-privado-de-la-libertad-a-un-hombre-en-la-capital-potosina\/#primaryimage"},"image":{"@id":"https:\/\/canal7slp.tv\/2022\/capturan-a-presuntos-responsables-de-haber-privado-de-la-libertad-a-un-hombre-en-la-capital-potosina\/#primaryimage"},"thumbnailUrl":"https:\/\/canal7slp.tv\/2022\/wp-content\/uploads\/2022\/04\/zz1-1.png","datePublished":"2022-04-29T16:59:15+00:00","breadcrumb":{"@id":"https:\/\/canal7slp.tv\/2022\/capturan-a-presuntos-responsables-de-haber-privado-de-la-libertad-a-un-hombre-en-la-capital-potosina\/#breadcrumb"},"inLanguage":"es","potentialAction":[{"@type":"ReadAction","target":["https:\/\/canal7slp.tv\/2022\/capturan-a-presuntos-responsables-de-haber-privado-de-la-libertad-a-un-hombre-en-la-capital-potosina\/"]}]},{"@type":"ImageObject","inLanguage":"es","@id":"https:\/\/canal7slp.tv\/2022\/capturan-a-presuntos-responsables-de-haber-privado-de-la-libertad-a-un-hombre-en-la-capital-potosina\/#primaryimage","url":"https:\/\/canal7slp.tv\/2022\/wp-content\/uploads\/2022\/04\/zz1-1.png","contentUrl":"https:\/\/canal7slp.tv\/2022\/wp-content\/uploads\/2022\/04\/zz1-1.png","width":900,"height":451},{"@type":"BreadcrumbList","@id":"https:\/\/canal7slp.tv\/2022\/capturan-a-presuntos-responsables-de-haber-privado-de-la-libertad-a-un-hombre-en-la-capital-potosina\/#breadcrumb","itemListElement":[{"@type":"ListItem","position":1,"name":"Portada","item":"https:\/\/canal7slp.tv\/2022\/"},{"@type":"ListItem","position":2,"name":"Capturan a presuntos responsables de haber privado de la libertad a un hombre en la capital potosina"}]},{"@type":"WebSite","@id":"https:\/\/canal7slp.tv\/2022\/#website","url":"https:\/\/canal7slp.tv\/2022\/","name":"N7 - Noticieros Canal 7","description":"Somos Televisi\u00f3n","publisher":{"@id":"https:\/\/canal7slp.tv\/2022\/#organization"},"potentialAction":[{"@type":"SearchAction","target":{"@type":"EntryPoint","urlTemplate":"https:\/\/canal7slp.tv\/2022\/?s={search_term_string}"},"query-input":{"@type":"PropertyValueSpecification","valueRequired":true,"valueName":"search_term_string"}}],"inLanguage":"es"},{"@type":"Organization","@id":"https:\/\/canal7slp.tv\/2022\/#organization","name":"Noticieros Canal 7","url":"https:\/\/canal7slp.tv\/2022\/","logo":{"@type":"ImageObject","inLanguage":"es","@id":"https:\/\/canal7slp.tv\/2022\/#\/schema\/logo\/image\/","url":"https:\/\/canal7slp.tv\/2022\/wp-content\/uploads\/2021\/01\/logo-noticieros@2x.png","contentUrl":"https:\/\/canal7slp.tv\/2022\/wp-content\/uploads\/2021\/01\/logo-noticieros@2x.png","width":1017,"height":268,"caption":"Noticieros Canal 7"},"image":{"@id":"https:\/\/canal7slp.tv\/2022\/#\/schema\/logo\/image\/"},"sameAs":["https:\/\/www.facebook.com\/noticieroscanalsiete","https:\/\/x.com\/NOTICIEROS7","https:\/\/www.instagram.com\/canal7_slp","https:\/\/www.youtube.com\/channel\/UCliiYs-gP3JfJeqdPrNdd5A"]},{"@type":"Person","@id":"https:\/\/canal7slp.tv\/2022\/#\/schema\/person\/429704152a21f5f856ce29aa69a238da","name":"Edici\u00f3n Web","image":{"@type":"ImageObject","inLanguage":"es","@id":"https:\/\/secure.gravatar.com\/avatar\/eee448fc3f7164808013b816ba91ac7e43bbe82a70bebac296f8bc6f0addaa1a?s=96&d=mm&r=g","url":"https:\/\/secure.gravatar.com\/avatar\/eee448fc3f7164808013b816ba91ac7e43bbe82a70bebac296f8bc6f0addaa1a?s=96&d=mm&r=g","contentUrl":"https:\/\/secure.gravatar.com\/avatar\/eee448fc3f7164808013b816ba91ac7e43bbe82a70bebac296f8bc6f0addaa1a?s=96&d=mm&r=g","caption":"Edici\u00f3n Web"},"url":"https:\/\/canal7slp.tv\/2022\/author\/edicionweb\/"}]}},"amp_enabled":true,"_links":{"self":[{"href":"https:\/\/canal7slp.tv\/2022\/wp-json\/wp\/v2\/posts\/58623","targetHints":{"allow":["GET"]}}],"collection":[{"href":"https:\/\/canal7slp.tv\/2022\/wp-json\/wp\/v2\/posts"}],"about":[{"href":"https:\/\/canal7slp.tv\/2022\/wp-json\/wp\/v2\/types\/post"}],"author":[{"embeddable":true,"href":"https:\/\/canal7slp.tv\/2022\/wp-json\/wp\/v2\/users\/2"}],"replies":[{"embeddable":true,"href":"https:\/\/canal7slp.tv\/2022\/wp-json\/wp\/v2\/comments?post=58623"}],"version-history":[{"count":1,"href":"https:\/\/canal7slp.tv\/2022\/wp-json\/wp\/v2\/posts\/58623\/revisions"}],"predecessor-version":[{"id":58630,"href":"https:\/\/canal7slp.tv\/2022\/wp-json\/wp\/v2\/posts\/58623\/revisions\/58630"}],"wp:featuredmedia":[{"embeddable":true,"href":"https:\/\/canal7slp.tv\/2022\/wp-json\/wp\/v2\/media\/58631"}],"wp:attachment":[{"href":"https:\/\/canal7slp.tv\/2022\/wp-json\/wp\/v2\/media?parent=58623"}],"wp:term":[{"taxonomy":"category","embeddable":true,"href":"https:\/\/canal7slp.tv\/2022\/wp-json\/wp\/v2\/categories?post=58623"},{"taxonomy":"post_tag","embeddable":true,"href":"https:\/\/canal7slp.tv\/2022\/wp-json\/wp\/v2\/tags?post=58623"}],"curies":[{"name":"wp","href":"https:\/\/api.w.org\/{rel}","templated":true}]}}