{"id":58593,"date":"2022-04-29T11:14:27","date_gmt":"2022-04-29T17:14:27","guid":{"rendered":"https:\/\/canal7slp.tv\/2022\/?p=58593"},"modified":"2022-04-29T11:14:27","modified_gmt":"2022-04-29T17:14:27","slug":"emite-poder-legislativo-declaratoria-de-validez-de-la-creacion-de-guardia-civil-estatal-y-sspc","status":"publish","type":"post","link":"https:\/\/canal7slp.tv\/2022\/emite-poder-legislativo-declaratoria-de-validez-de-la-creacion-de-guardia-civil-estatal-y-sspc\/","title":{"rendered":"Emite Poder Legislativo declaratoria de validez de la creaci\u00f3n de Guardia Civil Estatal y SSPC."},"content":{"rendered":"<p style=\"text-align: justify;\">SLP.- En sesi\u00f3n ordinaria del Pleno del Congreso de este jueves se emiti\u00f3 la declaratoria de validez de la Reforma Constitucional que crea la Secretar\u00eda de Seguridad y Protecci\u00f3n Ciudadana y la Guardia Civil Estatal, luego de que los 58 Cabildos del Estado que integran el Constituyente Permanente, dieran su aprobaci\u00f3n de manera un\u00e1nime.<\/p>\n<p style=\"text-align: justify;\">En este sentido, la presidenta de la Directiva diputada Yolanda Josefina Cepeda Echavarr\u00eda, inform\u00f3 que se recibi\u00f3 la notificaci\u00f3n de todos los Cabildos al cumplirse con los requisitos legales, para la reforma y adici\u00f3n del articulo 88 en sus p\u00e1rrafos segundo, tercero y cuarto de la Constituci\u00f3n Pol\u00edtica del Estado.<\/p>\n<p style=\"text-align: justify;\">En entrevista, el diputado presidente de la comisi\u00f3n de Seguridad P\u00fablica Rub\u00e9n Guajardo Barrera, se\u00f1al\u00f3 que toca ahora al ejecutivo estatal, presentar un proyecto de los recursos que se requerir\u00e1n para la operaci\u00f3n de este cuerpo de seguridad.<\/p>\n<p style=\"text-align: justify;\">Por su parte el presidente de la Junta de Coordinaci\u00f3n Pol\u00edtica Jos\u00e9 Luis Fern\u00e1ndez Mart\u00ednez, hizo un reconocimiento a los 58 ayuntamientos del estado, que se pronunciaron a favor de esta reforma al decir que con esto se da un paso importante para que inicie la pacificaci\u00f3n del estado.<\/p>\n<p style=\"text-align: justify;\">Se\u00f1al\u00f3 que la transici\u00f3n de Polic\u00eda del Estado a Guardia Civil tiene un presupuesto de 350 millones de pesos adicionales al presupuesto anual de la Secretar\u00eda de Seguridad P\u00fablica al decir tambi\u00e9n que la gran responsabilidad, est\u00e1 en que los titulares de los cuerpos de seguridad den resultados pronto\u201d.<\/p>\n<p style=\"text-align: justify;\">Esta reforma constitucional y sus ordenamientos legales fueron enviados al Poder Ejecutivo para su publicaci\u00f3n en el Peri\u00f3dico Oficial del Estado, a fin de que entre en vigor.<\/p>\n<p style=\"text-align: justify;\">Por: Claudio Ibarra<\/p>\n","protected":false},"excerpt":{"rendered":"<p>SLP.- En sesi\u00f3n ordinaria del Pleno del Congreso de este jueves se emiti\u00f3 la declaratoria de validez de la Reforma Constitucional que crea la Secretar\u00eda de Seguridad y Protecci\u00f3n Ciudadana y la Guardia Civil Estatal, luego de que los 58 Cabildos del Estado que integran el Constituyente Permanente, dieran su aprobaci\u00f3n de manera un\u00e1nime. En este sentido, la presidenta de la Directiva diputada Yolanda Josefina Cepeda Echavarr\u00eda, inform\u00f3 que se recibi\u00f3 la notificaci\u00f3n de todos los Cabildos al cumplirse con los requisitos legales, para la reforma y adici\u00f3n del articulo 88 en sus p\u00e1rrafos segundo, tercero y cuarto de la [&hellip;]<\/p>\n","protected":false},"author":2,"featured_media":58642,"comment_status":"closed","ping_status":"closed","sticky":false,"template":"","format":"video","meta":{"footnotes":""},"categories":[3,5,45],"tags":[],"class_list":["post-58593","post","type-post","status-publish","format-video","has-post-thumbnail","hentry","category-congreso","category-destacadas","category-localesyregionales","post_format-post-format-video","post--single"],"yoast_head":"<!-- This site is optimized with the Yoast SEO plugin v27.5 - https:\/\/yoast.com\/product\/yoast-seo-wordpress\/ -->\n<title>Emite Poder Legislativo declaratoria de validez de la creaci\u00f3n de Guardia Civil Estatal y SSPC. - Canal 7 SLP - 2022<\/title>\n<meta name=\"robots\" content=\"index, follow, max-snippet:-1, max-image-preview:large, max-video-preview:-1\" \/>\n<link rel=\"canonical\" href=\"https:\/\/canal7slp.tv\/2022\/emite-poder-legislativo-declaratoria-de-validez-de-la-creacion-de-guardia-civil-estatal-y-sspc\/\" \/>\n<meta property=\"og:locale\" content=\"es_ES\" \/>\n<meta property=\"og:type\" content=\"article\" \/>\n<meta property=\"og:title\" content=\"Emite Poder Legislativo declaratoria de validez de la creaci\u00f3n de Guardia Civil Estatal y SSPC. - Canal 7 SLP - 2022\" \/>\n<meta property=\"og:description\" content=\"SLP.- En sesi\u00f3n ordinaria del Pleno del Congreso de este jueves se emiti\u00f3 la declaratoria de validez de la Reforma Constitucional que crea la Secretar\u00eda de Seguridad y Protecci\u00f3n Ciudadana y la Guardia Civil Estatal, luego de que los 58 Cabildos del Estado que integran el Constituyente Permanente, dieran su aprobaci\u00f3n de manera un\u00e1nime. En este sentido, la presidenta de la Directiva diputada Yolanda Josefina Cepeda Echavarr\u00eda, inform\u00f3 que se recibi\u00f3 la notificaci\u00f3n de todos los Cabildos al cumplirse con los requisitos legales, para la reforma y adici\u00f3n del articulo 88 en sus p\u00e1rrafos segundo, tercero y cuarto de la [&hellip;]\" \/>\n<meta property=\"og:url\" content=\"https:\/\/canal7slp.tv\/2022\/emite-poder-legislativo-declaratoria-de-validez-de-la-creacion-de-guardia-civil-estatal-y-sspc\/\" \/>\n<meta property=\"og:site_name\" content=\"Canal 7 SLP - 2022\" \/>\n<meta property=\"article:publisher\" content=\"https:\/\/www.facebook.com\/noticieroscanalsiete\" \/>\n<meta property=\"article:published_time\" content=\"2022-04-29T17:14:27+00:00\" \/>\n<meta property=\"og:image\" content=\"https:\/\/canal7slp.tv\/2022\/wp-content\/uploads\/2022\/04\/Claudio02Aprobada.jpg\" \/>\n\t<meta property=\"og:image:width\" content=\"888\" \/>\n\t<meta property=\"og:image:height\" content=\"500\" \/>\n\t<meta property=\"og:image:type\" content=\"image\/jpeg\" \/>\n<meta name=\"author\" content=\"Edici\u00f3n Web\" \/>\n<meta name=\"twitter:card\" content=\"summary_large_image\" \/>\n<meta name=\"twitter:creator\" content=\"@NOTICIEROS7\" \/>\n<meta name=\"twitter:site\" content=\"@NOTICIEROS7\" \/>\n<meta name=\"twitter:label1\" content=\"Escrito por\" \/>\n\t<meta name=\"twitter:data1\" content=\"Edici\u00f3n Web\" \/>\n\t<meta name=\"twitter:label2\" content=\"Tiempo de lectura\" \/>\n\t<meta name=\"twitter:data2\" content=\"2 minutos\" \/>\n<script type=\"application\/ld+json\" class=\"yoast-schema-graph\">{\"@context\":\"https:\\\/\\\/schema.org\",\"@graph\":[{\"@type\":\"Article\",\"@id\":\"https:\\\/\\\/canal7slp.tv\\\/2022\\\/emite-poder-legislativo-declaratoria-de-validez-de-la-creacion-de-guardia-civil-estatal-y-sspc\\\/#article\",\"isPartOf\":{\"@id\":\"https:\\\/\\\/canal7slp.tv\\\/2022\\\/emite-poder-legislativo-declaratoria-de-validez-de-la-creacion-de-guardia-civil-estatal-y-sspc\\\/\"},\"author\":{\"name\":\"Edici\u00f3n Web\",\"@id\":\"https:\\\/\\\/canal7slp.tv\\\/2022\\\/#\\\/schema\\\/person\\\/429704152a21f5f856ce29aa69a238da\"},\"headline\":\"Emite Poder Legislativo declaratoria de validez de la creaci\u00f3n de Guardia Civil Estatal y SSPC.\",\"datePublished\":\"2022-04-29T17:14:27+00:00\",\"mainEntityOfPage\":{\"@id\":\"https:\\\/\\\/canal7slp.tv\\\/2022\\\/emite-poder-legislativo-declaratoria-de-validez-de-la-creacion-de-guardia-civil-estatal-y-sspc\\\/\"},\"wordCount\":314,\"publisher\":{\"@id\":\"https:\\\/\\\/canal7slp.tv\\\/2022\\\/#organization\"},\"image\":{\"@id\":\"https:\\\/\\\/canal7slp.tv\\\/2022\\\/emite-poder-legislativo-declaratoria-de-validez-de-la-creacion-de-guardia-civil-estatal-y-sspc\\\/#primaryimage\"},\"thumbnailUrl\":\"https:\\\/\\\/canal7slp.tv\\\/2022\\\/wp-content\\\/uploads\\\/2022\\\/04\\\/Claudio02Aprobada.jpg\",\"articleSection\":[\"CONGRESO\",\"DESTACADAS\",\"LOCALES Y REGIONALES\"],\"inLanguage\":\"es\"},{\"@type\":\"WebPage\",\"@id\":\"https:\\\/\\\/canal7slp.tv\\\/2022\\\/emite-poder-legislativo-declaratoria-de-validez-de-la-creacion-de-guardia-civil-estatal-y-sspc\\\/\",\"url\":\"https:\\\/\\\/canal7slp.tv\\\/2022\\\/emite-poder-legislativo-declaratoria-de-validez-de-la-creacion-de-guardia-civil-estatal-y-sspc\\\/\",\"name\":\"Emite Poder Legislativo declaratoria de validez de la creaci\u00f3n de Guardia Civil Estatal y SSPC. - Canal 7 SLP - 2022\",\"isPartOf\":{\"@id\":\"https:\\\/\\\/canal7slp.tv\\\/2022\\\/#website\"},\"primaryImageOfPage\":{\"@id\":\"https:\\\/\\\/canal7slp.tv\\\/2022\\\/emite-poder-legislativo-declaratoria-de-validez-de-la-creacion-de-guardia-civil-estatal-y-sspc\\\/#primaryimage\"},\"image\":{\"@id\":\"https:\\\/\\\/canal7slp.tv\\\/2022\\\/emite-poder-legislativo-declaratoria-de-validez-de-la-creacion-de-guardia-civil-estatal-y-sspc\\\/#primaryimage\"},\"thumbnailUrl\":\"https:\\\/\\\/canal7slp.tv\\\/2022\\\/wp-content\\\/uploads\\\/2022\\\/04\\\/Claudio02Aprobada.jpg\",\"datePublished\":\"2022-04-29T17:14:27+00:00\",\"breadcrumb\":{\"@id\":\"https:\\\/\\\/canal7slp.tv\\\/2022\\\/emite-poder-legislativo-declaratoria-de-validez-de-la-creacion-de-guardia-civil-estatal-y-sspc\\\/#breadcrumb\"},\"inLanguage\":\"es\",\"potentialAction\":[{\"@type\":\"ReadAction\",\"target\":[\"https:\\\/\\\/canal7slp.tv\\\/2022\\\/emite-poder-legislativo-declaratoria-de-validez-de-la-creacion-de-guardia-civil-estatal-y-sspc\\\/\"]}]},{\"@type\":\"ImageObject\",\"inLanguage\":\"es\",\"@id\":\"https:\\\/\\\/canal7slp.tv\\\/2022\\\/emite-poder-legislativo-declaratoria-de-validez-de-la-creacion-de-guardia-civil-estatal-y-sspc\\\/#primaryimage\",\"url\":\"https:\\\/\\\/canal7slp.tv\\\/2022\\\/wp-content\\\/uploads\\\/2022\\\/04\\\/Claudio02Aprobada.jpg\",\"contentUrl\":\"https:\\\/\\\/canal7slp.tv\\\/2022\\\/wp-content\\\/uploads\\\/2022\\\/04\\\/Claudio02Aprobada.jpg\",\"width\":888,\"height\":500},{\"@type\":\"BreadcrumbList\",\"@id\":\"https:\\\/\\\/canal7slp.tv\\\/2022\\\/emite-poder-legislativo-declaratoria-de-validez-de-la-creacion-de-guardia-civil-estatal-y-sspc\\\/#breadcrumb\",\"itemListElement\":[{\"@type\":\"ListItem\",\"position\":1,\"name\":\"Portada\",\"item\":\"https:\\\/\\\/canal7slp.tv\\\/2022\\\/\"},{\"@type\":\"ListItem\",\"position\":2,\"name\":\"Emite Poder Legislativo declaratoria de validez de la creaci\u00f3n de Guardia Civil Estatal y SSPC.\"}]},{\"@type\":\"WebSite\",\"@id\":\"https:\\\/\\\/canal7slp.tv\\\/2022\\\/#website\",\"url\":\"https:\\\/\\\/canal7slp.tv\\\/2022\\\/\",\"name\":\"N7 - Noticieros Canal 7\",\"description\":\"Somos Televisi\u00f3n\",\"publisher\":{\"@id\":\"https:\\\/\\\/canal7slp.tv\\\/2022\\\/#organization\"},\"potentialAction\":[{\"@type\":\"SearchAction\",\"target\":{\"@type\":\"EntryPoint\",\"urlTemplate\":\"https:\\\/\\\/canal7slp.tv\\\/2022\\\/?s={search_term_string}\"},\"query-input\":{\"@type\":\"PropertyValueSpecification\",\"valueRequired\":true,\"valueName\":\"search_term_string\"}}],\"inLanguage\":\"es\"},{\"@type\":\"Organization\",\"@id\":\"https:\\\/\\\/canal7slp.tv\\\/2022\\\/#organization\",\"name\":\"Noticieros Canal 7\",\"url\":\"https:\\\/\\\/canal7slp.tv\\\/2022\\\/\",\"logo\":{\"@type\":\"ImageObject\",\"inLanguage\":\"es\",\"@id\":\"https:\\\/\\\/canal7slp.tv\\\/2022\\\/#\\\/schema\\\/logo\\\/image\\\/\",\"url\":\"https:\\\/\\\/canal7slp.tv\\\/2022\\\/wp-content\\\/uploads\\\/2021\\\/01\\\/logo-noticieros@2x.png\",\"contentUrl\":\"https:\\\/\\\/canal7slp.tv\\\/2022\\\/wp-content\\\/uploads\\\/2021\\\/01\\\/logo-noticieros@2x.png\",\"width\":1017,\"height\":268,\"caption\":\"Noticieros Canal 7\"},\"image\":{\"@id\":\"https:\\\/\\\/canal7slp.tv\\\/2022\\\/#\\\/schema\\\/logo\\\/image\\\/\"},\"sameAs\":[\"https:\\\/\\\/www.facebook.com\\\/noticieroscanalsiete\",\"https:\\\/\\\/x.com\\\/NOTICIEROS7\",\"https:\\\/\\\/www.instagram.com\\\/canal7_slp\",\"https:\\\/\\\/www.youtube.com\\\/channel\\\/UCliiYs-gP3JfJeqdPrNdd5A\"]},{\"@type\":\"Person\",\"@id\":\"https:\\\/\\\/canal7slp.tv\\\/2022\\\/#\\\/schema\\\/person\\\/429704152a21f5f856ce29aa69a238da\",\"name\":\"Edici\u00f3n Web\",\"image\":{\"@type\":\"ImageObject\",\"inLanguage\":\"es\",\"@id\":\"https:\\\/\\\/secure.gravatar.com\\\/avatar\\\/eee448fc3f7164808013b816ba91ac7e43bbe82a70bebac296f8bc6f0addaa1a?s=96&d=mm&r=g\",\"url\":\"https:\\\/\\\/secure.gravatar.com\\\/avatar\\\/eee448fc3f7164808013b816ba91ac7e43bbe82a70bebac296f8bc6f0addaa1a?s=96&d=mm&r=g\",\"contentUrl\":\"https:\\\/\\\/secure.gravatar.com\\\/avatar\\\/eee448fc3f7164808013b816ba91ac7e43bbe82a70bebac296f8bc6f0addaa1a?s=96&d=mm&r=g\",\"caption\":\"Edici\u00f3n Web\"},\"url\":\"https:\\\/\\\/canal7slp.tv\\\/2022\\\/author\\\/edicionweb\\\/\"}]}<\/script>\n<!-- \/ Yoast SEO plugin. -->","yoast_head_json":{"title":"Emite Poder Legislativo declaratoria de validez de la creaci\u00f3n de Guardia Civil Estatal y SSPC. - Canal 7 SLP - 2022","robots":{"index":"index","follow":"follow","max-snippet":"max-snippet:-1","max-image-preview":"max-image-preview:large","max-video-preview":"max-video-preview:-1"},"canonical":"https:\/\/canal7slp.tv\/2022\/emite-poder-legislativo-declaratoria-de-validez-de-la-creacion-de-guardia-civil-estatal-y-sspc\/","og_locale":"es_ES","og_type":"article","og_title":"Emite Poder Legislativo declaratoria de validez de la creaci\u00f3n de Guardia Civil Estatal y SSPC. - Canal 7 SLP - 2022","og_description":"SLP.- En sesi\u00f3n ordinaria del Pleno del Congreso de este jueves se emiti\u00f3 la declaratoria de validez de la Reforma Constitucional que crea la Secretar\u00eda de Seguridad y Protecci\u00f3n Ciudadana y la Guardia Civil Estatal, luego de que los 58 Cabildos del Estado que integran el Constituyente Permanente, dieran su aprobaci\u00f3n de manera un\u00e1nime. En este sentido, la presidenta de la Directiva diputada Yolanda Josefina Cepeda Echavarr\u00eda, inform\u00f3 que se recibi\u00f3 la notificaci\u00f3n de todos los Cabildos al cumplirse con los requisitos legales, para la reforma y adici\u00f3n del articulo 88 en sus p\u00e1rrafos segundo, tercero y cuarto de la [&hellip;]","og_url":"https:\/\/canal7slp.tv\/2022\/emite-poder-legislativo-declaratoria-de-validez-de-la-creacion-de-guardia-civil-estatal-y-sspc\/","og_site_name":"Canal 7 SLP - 2022","article_publisher":"https:\/\/www.facebook.com\/noticieroscanalsiete","article_published_time":"2022-04-29T17:14:27+00:00","og_image":[{"width":888,"height":500,"url":"https:\/\/canal7slp.tv\/2022\/wp-content\/uploads\/2022\/04\/Claudio02Aprobada.jpg","type":"image\/jpeg"}],"author":"Edici\u00f3n Web","twitter_card":"summary_large_image","twitter_creator":"@NOTICIEROS7","twitter_site":"@NOTICIEROS7","twitter_misc":{"Escrito por":"Edici\u00f3n Web","Tiempo de lectura":"2 minutos"},"schema":{"@context":"https:\/\/schema.org","@graph":[{"@type":"Article","@id":"https:\/\/canal7slp.tv\/2022\/emite-poder-legislativo-declaratoria-de-validez-de-la-creacion-de-guardia-civil-estatal-y-sspc\/#article","isPartOf":{"@id":"https:\/\/canal7slp.tv\/2022\/emite-poder-legislativo-declaratoria-de-validez-de-la-creacion-de-guardia-civil-estatal-y-sspc\/"},"author":{"name":"Edici\u00f3n Web","@id":"https:\/\/canal7slp.tv\/2022\/#\/schema\/person\/429704152a21f5f856ce29aa69a238da"},"headline":"Emite Poder Legislativo declaratoria de validez de la creaci\u00f3n de Guardia Civil Estatal y SSPC.","datePublished":"2022-04-29T17:14:27+00:00","mainEntityOfPage":{"@id":"https:\/\/canal7slp.tv\/2022\/emite-poder-legislativo-declaratoria-de-validez-de-la-creacion-de-guardia-civil-estatal-y-sspc\/"},"wordCount":314,"publisher":{"@id":"https:\/\/canal7slp.tv\/2022\/#organization"},"image":{"@id":"https:\/\/canal7slp.tv\/2022\/emite-poder-legislativo-declaratoria-de-validez-de-la-creacion-de-guardia-civil-estatal-y-sspc\/#primaryimage"},"thumbnailUrl":"https:\/\/canal7slp.tv\/2022\/wp-content\/uploads\/2022\/04\/Claudio02Aprobada.jpg","articleSection":["CONGRESO","DESTACADAS","LOCALES Y REGIONALES"],"inLanguage":"es"},{"@type":"WebPage","@id":"https:\/\/canal7slp.tv\/2022\/emite-poder-legislativo-declaratoria-de-validez-de-la-creacion-de-guardia-civil-estatal-y-sspc\/","url":"https:\/\/canal7slp.tv\/2022\/emite-poder-legislativo-declaratoria-de-validez-de-la-creacion-de-guardia-civil-estatal-y-sspc\/","name":"Emite Poder Legislativo declaratoria de validez de la creaci\u00f3n de Guardia Civil Estatal y SSPC. - Canal 7 SLP - 2022","isPartOf":{"@id":"https:\/\/canal7slp.tv\/2022\/#website"},"primaryImageOfPage":{"@id":"https:\/\/canal7slp.tv\/2022\/emite-poder-legislativo-declaratoria-de-validez-de-la-creacion-de-guardia-civil-estatal-y-sspc\/#primaryimage"},"image":{"@id":"https:\/\/canal7slp.tv\/2022\/emite-poder-legislativo-declaratoria-de-validez-de-la-creacion-de-guardia-civil-estatal-y-sspc\/#primaryimage"},"thumbnailUrl":"https:\/\/canal7slp.tv\/2022\/wp-content\/uploads\/2022\/04\/Claudio02Aprobada.jpg","datePublished":"2022-04-29T17:14:27+00:00","breadcrumb":{"@id":"https:\/\/canal7slp.tv\/2022\/emite-poder-legislativo-declaratoria-de-validez-de-la-creacion-de-guardia-civil-estatal-y-sspc\/#breadcrumb"},"inLanguage":"es","potentialAction":[{"@type":"ReadAction","target":["https:\/\/canal7slp.tv\/2022\/emite-poder-legislativo-declaratoria-de-validez-de-la-creacion-de-guardia-civil-estatal-y-sspc\/"]}]},{"@type":"ImageObject","inLanguage":"es","@id":"https:\/\/canal7slp.tv\/2022\/emite-poder-legislativo-declaratoria-de-validez-de-la-creacion-de-guardia-civil-estatal-y-sspc\/#primaryimage","url":"https:\/\/canal7slp.tv\/2022\/wp-content\/uploads\/2022\/04\/Claudio02Aprobada.jpg","contentUrl":"https:\/\/canal7slp.tv\/2022\/wp-content\/uploads\/2022\/04\/Claudio02Aprobada.jpg","width":888,"height":500},{"@type":"BreadcrumbList","@id":"https:\/\/canal7slp.tv\/2022\/emite-poder-legislativo-declaratoria-de-validez-de-la-creacion-de-guardia-civil-estatal-y-sspc\/#breadcrumb","itemListElement":[{"@type":"ListItem","position":1,"name":"Portada","item":"https:\/\/canal7slp.tv\/2022\/"},{"@type":"ListItem","position":2,"name":"Emite Poder Legislativo declaratoria de validez de la creaci\u00f3n de Guardia Civil Estatal y SSPC."}]},{"@type":"WebSite","@id":"https:\/\/canal7slp.tv\/2022\/#website","url":"https:\/\/canal7slp.tv\/2022\/","name":"N7 - Noticieros Canal 7","description":"Somos Televisi\u00f3n","publisher":{"@id":"https:\/\/canal7slp.tv\/2022\/#organization"},"potentialAction":[{"@type":"SearchAction","target":{"@type":"EntryPoint","urlTemplate":"https:\/\/canal7slp.tv\/2022\/?s={search_term_string}"},"query-input":{"@type":"PropertyValueSpecification","valueRequired":true,"valueName":"search_term_string"}}],"inLanguage":"es"},{"@type":"Organization","@id":"https:\/\/canal7slp.tv\/2022\/#organization","name":"Noticieros Canal 7","url":"https:\/\/canal7slp.tv\/2022\/","logo":{"@type":"ImageObject","inLanguage":"es","@id":"https:\/\/canal7slp.tv\/2022\/#\/schema\/logo\/image\/","url":"https:\/\/canal7slp.tv\/2022\/wp-content\/uploads\/2021\/01\/logo-noticieros@2x.png","contentUrl":"https:\/\/canal7slp.tv\/2022\/wp-content\/uploads\/2021\/01\/logo-noticieros@2x.png","width":1017,"height":268,"caption":"Noticieros Canal 7"},"image":{"@id":"https:\/\/canal7slp.tv\/2022\/#\/schema\/logo\/image\/"},"sameAs":["https:\/\/www.facebook.com\/noticieroscanalsiete","https:\/\/x.com\/NOTICIEROS7","https:\/\/www.instagram.com\/canal7_slp","https:\/\/www.youtube.com\/channel\/UCliiYs-gP3JfJeqdPrNdd5A"]},{"@type":"Person","@id":"https:\/\/canal7slp.tv\/2022\/#\/schema\/person\/429704152a21f5f856ce29aa69a238da","name":"Edici\u00f3n Web","image":{"@type":"ImageObject","inLanguage":"es","@id":"https:\/\/secure.gravatar.com\/avatar\/eee448fc3f7164808013b816ba91ac7e43bbe82a70bebac296f8bc6f0addaa1a?s=96&d=mm&r=g","url":"https:\/\/secure.gravatar.com\/avatar\/eee448fc3f7164808013b816ba91ac7e43bbe82a70bebac296f8bc6f0addaa1a?s=96&d=mm&r=g","contentUrl":"https:\/\/secure.gravatar.com\/avatar\/eee448fc3f7164808013b816ba91ac7e43bbe82a70bebac296f8bc6f0addaa1a?s=96&d=mm&r=g","caption":"Edici\u00f3n Web"},"url":"https:\/\/canal7slp.tv\/2022\/author\/edicionweb\/"}]}},"amp_enabled":true,"_links":{"self":[{"href":"https:\/\/canal7slp.tv\/2022\/wp-json\/wp\/v2\/posts\/58593","targetHints":{"allow":["GET"]}}],"collection":[{"href":"https:\/\/canal7slp.tv\/2022\/wp-json\/wp\/v2\/posts"}],"about":[{"href":"https:\/\/canal7slp.tv\/2022\/wp-json\/wp\/v2\/types\/post"}],"author":[{"embeddable":true,"href":"https:\/\/canal7slp.tv\/2022\/wp-json\/wp\/v2\/users\/2"}],"replies":[{"embeddable":true,"href":"https:\/\/canal7slp.tv\/2022\/wp-json\/wp\/v2\/comments?post=58593"}],"version-history":[{"count":3,"href":"https:\/\/canal7slp.tv\/2022\/wp-json\/wp\/v2\/posts\/58593\/revisions"}],"predecessor-version":[{"id":58643,"href":"https:\/\/canal7slp.tv\/2022\/wp-json\/wp\/v2\/posts\/58593\/revisions\/58643"}],"wp:featuredmedia":[{"embeddable":true,"href":"https:\/\/canal7slp.tv\/2022\/wp-json\/wp\/v2\/media\/58642"}],"wp:attachment":[{"href":"https:\/\/canal7slp.tv\/2022\/wp-json\/wp\/v2\/media?parent=58593"}],"wp:term":[{"taxonomy":"category","embeddable":true,"href":"https:\/\/canal7slp.tv\/2022\/wp-json\/wp\/v2\/categories?post=58593"},{"taxonomy":"post_tag","embeddable":true,"href":"https:\/\/canal7slp.tv\/2022\/wp-json\/wp\/v2\/tags?post=58593"}],"curies":[{"name":"wp","href":"https:\/\/api.w.org\/{rel}","templated":true}]}}