{"id":58592,"date":"2022-04-29T11:10:33","date_gmt":"2022-04-29T17:10:33","guid":{"rendered":"https:\/\/canal7slp.tv\/2022\/?p=58592"},"modified":"2022-04-29T11:10:33","modified_gmt":"2022-04-29T17:10:33","slug":"reforma-electoral-de-amlo-divide-opiniones-de-diputados-locales","status":"publish","type":"post","link":"https:\/\/canal7slp.tv\/2022\/reforma-electoral-de-amlo-divide-opiniones-de-diputados-locales\/","title":{"rendered":"Reforma electoral de AMLO divide opiniones de diputados locales."},"content":{"rendered":"<ul>\n<li>Oposici\u00f3n hizo \u00e9nfasis en los diputados morenistas que llegaron a ese puesto por la v\u00eda plurinominal.<\/li>\n<\/ul>\n<p style=\"text-align: justify;\">SLP.- Este jueves en la sesi\u00f3n plenaria los coordinadores e integrantes de los diferentes grupos parlamentarios del Congreso del Estado debatieron en torno a la iniciativa sobre la Reforma Pol\u00edtica-Electoral del presidente de la Rep\u00fablica Andr\u00e9s Manuel L\u00f3pez Obrador, particularmente en el tema de las diputaciones plurinominales.<\/p>\n<p style=\"text-align: justify;\">Al subir a tribuna el diputado expri\u00edsta y ahora independiente Mauricio Ram\u00edrz Konishi afirm\u00f3 que con esta iniciativa el presidente de la Rep\u00fablica pretende una vez m\u00e1s polarizar el pa\u00eds, con miras a las elecciones del 2024.<\/p>\n<p style=\"text-align: justify;\">El diputado del PAN y coordinador parlamentario de este partido Rub\u00e9n Guajardo Barrera fij\u00f3 su postura respecto a las diputaciones por la v\u00eda plurinominal.<\/p>\n<p>Por su parte, el coordinador del Grupo Parlamentario del Partido Verde Ecologista de M\u00e9xico Jos\u00e9 Luis Fern\u00e1ndez Mart\u00ednez, afirm\u00f3 que el Congreso local est\u00e1 inmerso en un proceso de reforma electoral por una sentencia de la Suprema Corte.<\/p>\n<p style=\"text-align: justify;\">Sin embargo, dej\u00f3 en claro que lo que se discute es la disminuci\u00f3n de diputaciones plurinominales, acortar tiempos de campa\u00f1as y reducir los recursos a los partidos pol\u00edticos.<\/p>\n<p style=\"text-align: justify;\">Sin embargo, el diputado Guajardo Barrera insisti\u00f3 en que la iniciativa presidencial no prosperar\u00e1.<\/p>\n<p style=\"text-align: justify;\">Quien tambi\u00e9n hizo uso de la tribuna fue el diputado del Partido del Trabajo Ren\u00e9 Oyarvide quien pidi\u00f3 hacer una valoraci\u00f3n y calificaci\u00f3n del desempe\u00f1o de los diputados plurinominales, en un an\u00e1lisis de fondo de esta iniciativa del presidente.<\/p>\n<p style=\"text-align: justify;\">En entrevista, el diputado Rub\u00e9n Guajardo insisti\u00f3 en que la iniciativa del ejecutivo federal no pasar\u00e1 ni en el congreso local porque no tendr\u00e1 la mayor\u00eda que se requiere para aprobarla.<\/p>\n<p style=\"text-align: justify;\">Antes, el diputado panista hab\u00eda recordado al diputado de MORENA Antonio Lorca Valle de que \u00e9l y los diputados de este partido, Cuauhtli Badillo y Nayelli Vargas Hern\u00e1ndez llegaron a su curul por la v\u00eda plurinominal.<\/p>\n<p style=\"text-align: justify;\">En entrevista, Lorca Valle defendi\u00f3 la iniciativa del presidente de la Rep\u00fablica en torno a la Reforma Pol\u00edtica-Electoral al afirmar que desaparecer los organismos locales electorales y los diputados y senadores plurinominales, generar\u00eda al pa\u00eds un ahorro de 20 mil millones de pesos que dijo, los ciudadanos ya no quieren pagar de sus contribuciones.<\/p>\n<p style=\"text-align: justify;\">Por: Claudio Ibarra<\/p>\n","protected":false},"excerpt":{"rendered":"<p>Oposici\u00f3n hizo \u00e9nfasis en los diputados morenistas que llegaron a ese puesto por la v\u00eda plurinominal. SLP.- Este jueves en la sesi\u00f3n plenaria los coordinadores e integrantes de los diferentes grupos parlamentarios del Congreso del Estado debatieron en torno a la iniciativa sobre la Reforma Pol\u00edtica-Electoral del presidente de la Rep\u00fablica Andr\u00e9s Manuel L\u00f3pez Obrador, particularmente en el tema de las diputaciones plurinominales. Al subir a tribuna el diputado expri\u00edsta y ahora independiente Mauricio Ram\u00edrz Konishi afirm\u00f3 que con esta iniciativa el presidente de la Rep\u00fablica pretende una vez m\u00e1s polarizar el pa\u00eds, con miras a las elecciones del 2024. [&hellip;]<\/p>\n","protected":false},"author":2,"featured_media":58640,"comment_status":"closed","ping_status":"closed","sticky":false,"template":"","format":"video","meta":{"footnotes":""},"categories":[3,5,45],"tags":[],"class_list":["post-58592","post","type-post","status-publish","format-video","has-post-thumbnail","hentry","category-congreso","category-destacadas","category-localesyregionales","post_format-post-format-video","post--single"],"yoast_head":"<!-- This site is optimized with the Yoast SEO plugin v27.5 - https:\/\/yoast.com\/product\/yoast-seo-wordpress\/ -->\n<title>Reforma electoral de AMLO divide opiniones de diputados locales. - Canal 7 SLP - 2022<\/title>\n<meta name=\"robots\" content=\"index, follow, max-snippet:-1, max-image-preview:large, max-video-preview:-1\" \/>\n<link rel=\"canonical\" href=\"https:\/\/canal7slp.tv\/2022\/reforma-electoral-de-amlo-divide-opiniones-de-diputados-locales\/\" \/>\n<meta property=\"og:locale\" content=\"es_ES\" \/>\n<meta property=\"og:type\" content=\"article\" \/>\n<meta property=\"og:title\" content=\"Reforma electoral de AMLO divide opiniones de diputados locales. - Canal 7 SLP - 2022\" \/>\n<meta property=\"og:description\" content=\"Oposici\u00f3n hizo \u00e9nfasis en los diputados morenistas que llegaron a ese puesto por la v\u00eda plurinominal. SLP.- Este jueves en la sesi\u00f3n plenaria los coordinadores e integrantes de los diferentes grupos parlamentarios del Congreso del Estado debatieron en torno a la iniciativa sobre la Reforma Pol\u00edtica-Electoral del presidente de la Rep\u00fablica Andr\u00e9s Manuel L\u00f3pez Obrador, particularmente en el tema de las diputaciones plurinominales. Al subir a tribuna el diputado expri\u00edsta y ahora independiente Mauricio Ram\u00edrz Konishi afirm\u00f3 que con esta iniciativa el presidente de la Rep\u00fablica pretende una vez m\u00e1s polarizar el pa\u00eds, con miras a las elecciones del 2024. [&hellip;]\" \/>\n<meta property=\"og:url\" content=\"https:\/\/canal7slp.tv\/2022\/reforma-electoral-de-amlo-divide-opiniones-de-diputados-locales\/\" \/>\n<meta property=\"og:site_name\" content=\"Canal 7 SLP - 2022\" \/>\n<meta property=\"article:publisher\" content=\"https:\/\/www.facebook.com\/noticieroscanalsiete\" \/>\n<meta property=\"article:published_time\" content=\"2022-04-29T17:10:33+00:00\" \/>\n<meta property=\"og:image\" content=\"https:\/\/canal7slp.tv\/2022\/wp-content\/uploads\/2022\/04\/Claudio01Debate.jpg\" \/>\n\t<meta property=\"og:image:width\" content=\"888\" \/>\n\t<meta property=\"og:image:height\" content=\"500\" \/>\n\t<meta property=\"og:image:type\" content=\"image\/jpeg\" \/>\n<meta name=\"author\" content=\"Edici\u00f3n Web\" \/>\n<meta name=\"twitter:card\" content=\"summary_large_image\" \/>\n<meta name=\"twitter:creator\" content=\"@NOTICIEROS7\" \/>\n<meta name=\"twitter:site\" content=\"@NOTICIEROS7\" \/>\n<meta name=\"twitter:label1\" content=\"Escrito por\" \/>\n\t<meta name=\"twitter:data1\" content=\"Edici\u00f3n Web\" \/>\n\t<meta name=\"twitter:label2\" content=\"Tiempo de lectura\" \/>\n\t<meta name=\"twitter:data2\" content=\"2 minutos\" \/>\n<script type=\"application\/ld+json\" class=\"yoast-schema-graph\">{\"@context\":\"https:\\\/\\\/schema.org\",\"@graph\":[{\"@type\":\"Article\",\"@id\":\"https:\\\/\\\/canal7slp.tv\\\/2022\\\/reforma-electoral-de-amlo-divide-opiniones-de-diputados-locales\\\/#article\",\"isPartOf\":{\"@id\":\"https:\\\/\\\/canal7slp.tv\\\/2022\\\/reforma-electoral-de-amlo-divide-opiniones-de-diputados-locales\\\/\"},\"author\":{\"name\":\"Edici\u00f3n Web\",\"@id\":\"https:\\\/\\\/canal7slp.tv\\\/2022\\\/#\\\/schema\\\/person\\\/429704152a21f5f856ce29aa69a238da\"},\"headline\":\"Reforma electoral de AMLO divide opiniones de diputados locales.\",\"datePublished\":\"2022-04-29T17:10:33+00:00\",\"mainEntityOfPage\":{\"@id\":\"https:\\\/\\\/canal7slp.tv\\\/2022\\\/reforma-electoral-de-amlo-divide-opiniones-de-diputados-locales\\\/\"},\"wordCount\":409,\"publisher\":{\"@id\":\"https:\\\/\\\/canal7slp.tv\\\/2022\\\/#organization\"},\"image\":{\"@id\":\"https:\\\/\\\/canal7slp.tv\\\/2022\\\/reforma-electoral-de-amlo-divide-opiniones-de-diputados-locales\\\/#primaryimage\"},\"thumbnailUrl\":\"https:\\\/\\\/canal7slp.tv\\\/2022\\\/wp-content\\\/uploads\\\/2022\\\/04\\\/Claudio01Debate.jpg\",\"articleSection\":[\"CONGRESO\",\"DESTACADAS\",\"LOCALES Y REGIONALES\"],\"inLanguage\":\"es\"},{\"@type\":\"WebPage\",\"@id\":\"https:\\\/\\\/canal7slp.tv\\\/2022\\\/reforma-electoral-de-amlo-divide-opiniones-de-diputados-locales\\\/\",\"url\":\"https:\\\/\\\/canal7slp.tv\\\/2022\\\/reforma-electoral-de-amlo-divide-opiniones-de-diputados-locales\\\/\",\"name\":\"Reforma electoral de AMLO divide opiniones de diputados locales. - Canal 7 SLP - 2022\",\"isPartOf\":{\"@id\":\"https:\\\/\\\/canal7slp.tv\\\/2022\\\/#website\"},\"primaryImageOfPage\":{\"@id\":\"https:\\\/\\\/canal7slp.tv\\\/2022\\\/reforma-electoral-de-amlo-divide-opiniones-de-diputados-locales\\\/#primaryimage\"},\"image\":{\"@id\":\"https:\\\/\\\/canal7slp.tv\\\/2022\\\/reforma-electoral-de-amlo-divide-opiniones-de-diputados-locales\\\/#primaryimage\"},\"thumbnailUrl\":\"https:\\\/\\\/canal7slp.tv\\\/2022\\\/wp-content\\\/uploads\\\/2022\\\/04\\\/Claudio01Debate.jpg\",\"datePublished\":\"2022-04-29T17:10:33+00:00\",\"breadcrumb\":{\"@id\":\"https:\\\/\\\/canal7slp.tv\\\/2022\\\/reforma-electoral-de-amlo-divide-opiniones-de-diputados-locales\\\/#breadcrumb\"},\"inLanguage\":\"es\",\"potentialAction\":[{\"@type\":\"ReadAction\",\"target\":[\"https:\\\/\\\/canal7slp.tv\\\/2022\\\/reforma-electoral-de-amlo-divide-opiniones-de-diputados-locales\\\/\"]}]},{\"@type\":\"ImageObject\",\"inLanguage\":\"es\",\"@id\":\"https:\\\/\\\/canal7slp.tv\\\/2022\\\/reforma-electoral-de-amlo-divide-opiniones-de-diputados-locales\\\/#primaryimage\",\"url\":\"https:\\\/\\\/canal7slp.tv\\\/2022\\\/wp-content\\\/uploads\\\/2022\\\/04\\\/Claudio01Debate.jpg\",\"contentUrl\":\"https:\\\/\\\/canal7slp.tv\\\/2022\\\/wp-content\\\/uploads\\\/2022\\\/04\\\/Claudio01Debate.jpg\",\"width\":888,\"height\":500},{\"@type\":\"BreadcrumbList\",\"@id\":\"https:\\\/\\\/canal7slp.tv\\\/2022\\\/reforma-electoral-de-amlo-divide-opiniones-de-diputados-locales\\\/#breadcrumb\",\"itemListElement\":[{\"@type\":\"ListItem\",\"position\":1,\"name\":\"Portada\",\"item\":\"https:\\\/\\\/canal7slp.tv\\\/2022\\\/\"},{\"@type\":\"ListItem\",\"position\":2,\"name\":\"Reforma electoral de AMLO divide opiniones de diputados locales.\"}]},{\"@type\":\"WebSite\",\"@id\":\"https:\\\/\\\/canal7slp.tv\\\/2022\\\/#website\",\"url\":\"https:\\\/\\\/canal7slp.tv\\\/2022\\\/\",\"name\":\"N7 - Noticieros Canal 7\",\"description\":\"Somos Televisi\u00f3n\",\"publisher\":{\"@id\":\"https:\\\/\\\/canal7slp.tv\\\/2022\\\/#organization\"},\"potentialAction\":[{\"@type\":\"SearchAction\",\"target\":{\"@type\":\"EntryPoint\",\"urlTemplate\":\"https:\\\/\\\/canal7slp.tv\\\/2022\\\/?s={search_term_string}\"},\"query-input\":{\"@type\":\"PropertyValueSpecification\",\"valueRequired\":true,\"valueName\":\"search_term_string\"}}],\"inLanguage\":\"es\"},{\"@type\":\"Organization\",\"@id\":\"https:\\\/\\\/canal7slp.tv\\\/2022\\\/#organization\",\"name\":\"Noticieros Canal 7\",\"url\":\"https:\\\/\\\/canal7slp.tv\\\/2022\\\/\",\"logo\":{\"@type\":\"ImageObject\",\"inLanguage\":\"es\",\"@id\":\"https:\\\/\\\/canal7slp.tv\\\/2022\\\/#\\\/schema\\\/logo\\\/image\\\/\",\"url\":\"https:\\\/\\\/canal7slp.tv\\\/2022\\\/wp-content\\\/uploads\\\/2021\\\/01\\\/logo-noticieros@2x.png\",\"contentUrl\":\"https:\\\/\\\/canal7slp.tv\\\/2022\\\/wp-content\\\/uploads\\\/2021\\\/01\\\/logo-noticieros@2x.png\",\"width\":1017,\"height\":268,\"caption\":\"Noticieros Canal 7\"},\"image\":{\"@id\":\"https:\\\/\\\/canal7slp.tv\\\/2022\\\/#\\\/schema\\\/logo\\\/image\\\/\"},\"sameAs\":[\"https:\\\/\\\/www.facebook.com\\\/noticieroscanalsiete\",\"https:\\\/\\\/x.com\\\/NOTICIEROS7\",\"https:\\\/\\\/www.instagram.com\\\/canal7_slp\",\"https:\\\/\\\/www.youtube.com\\\/channel\\\/UCliiYs-gP3JfJeqdPrNdd5A\"]},{\"@type\":\"Person\",\"@id\":\"https:\\\/\\\/canal7slp.tv\\\/2022\\\/#\\\/schema\\\/person\\\/429704152a21f5f856ce29aa69a238da\",\"name\":\"Edici\u00f3n Web\",\"image\":{\"@type\":\"ImageObject\",\"inLanguage\":\"es\",\"@id\":\"https:\\\/\\\/secure.gravatar.com\\\/avatar\\\/eee448fc3f7164808013b816ba91ac7e43bbe82a70bebac296f8bc6f0addaa1a?s=96&d=mm&r=g\",\"url\":\"https:\\\/\\\/secure.gravatar.com\\\/avatar\\\/eee448fc3f7164808013b816ba91ac7e43bbe82a70bebac296f8bc6f0addaa1a?s=96&d=mm&r=g\",\"contentUrl\":\"https:\\\/\\\/secure.gravatar.com\\\/avatar\\\/eee448fc3f7164808013b816ba91ac7e43bbe82a70bebac296f8bc6f0addaa1a?s=96&d=mm&r=g\",\"caption\":\"Edici\u00f3n Web\"},\"url\":\"https:\\\/\\\/canal7slp.tv\\\/2022\\\/author\\\/edicionweb\\\/\"}]}<\/script>\n<!-- \/ Yoast SEO plugin. -->","yoast_head_json":{"title":"Reforma electoral de AMLO divide opiniones de diputados locales. - Canal 7 SLP - 2022","robots":{"index":"index","follow":"follow","max-snippet":"max-snippet:-1","max-image-preview":"max-image-preview:large","max-video-preview":"max-video-preview:-1"},"canonical":"https:\/\/canal7slp.tv\/2022\/reforma-electoral-de-amlo-divide-opiniones-de-diputados-locales\/","og_locale":"es_ES","og_type":"article","og_title":"Reforma electoral de AMLO divide opiniones de diputados locales. - Canal 7 SLP - 2022","og_description":"Oposici\u00f3n hizo \u00e9nfasis en los diputados morenistas que llegaron a ese puesto por la v\u00eda plurinominal. SLP.- Este jueves en la sesi\u00f3n plenaria los coordinadores e integrantes de los diferentes grupos parlamentarios del Congreso del Estado debatieron en torno a la iniciativa sobre la Reforma Pol\u00edtica-Electoral del presidente de la Rep\u00fablica Andr\u00e9s Manuel L\u00f3pez Obrador, particularmente en el tema de las diputaciones plurinominales. Al subir a tribuna el diputado expri\u00edsta y ahora independiente Mauricio Ram\u00edrz Konishi afirm\u00f3 que con esta iniciativa el presidente de la Rep\u00fablica pretende una vez m\u00e1s polarizar el pa\u00eds, con miras a las elecciones del 2024. [&hellip;]","og_url":"https:\/\/canal7slp.tv\/2022\/reforma-electoral-de-amlo-divide-opiniones-de-diputados-locales\/","og_site_name":"Canal 7 SLP - 2022","article_publisher":"https:\/\/www.facebook.com\/noticieroscanalsiete","article_published_time":"2022-04-29T17:10:33+00:00","og_image":[{"width":888,"height":500,"url":"https:\/\/canal7slp.tv\/2022\/wp-content\/uploads\/2022\/04\/Claudio01Debate.jpg","type":"image\/jpeg"}],"author":"Edici\u00f3n Web","twitter_card":"summary_large_image","twitter_creator":"@NOTICIEROS7","twitter_site":"@NOTICIEROS7","twitter_misc":{"Escrito por":"Edici\u00f3n Web","Tiempo de lectura":"2 minutos"},"schema":{"@context":"https:\/\/schema.org","@graph":[{"@type":"Article","@id":"https:\/\/canal7slp.tv\/2022\/reforma-electoral-de-amlo-divide-opiniones-de-diputados-locales\/#article","isPartOf":{"@id":"https:\/\/canal7slp.tv\/2022\/reforma-electoral-de-amlo-divide-opiniones-de-diputados-locales\/"},"author":{"name":"Edici\u00f3n Web","@id":"https:\/\/canal7slp.tv\/2022\/#\/schema\/person\/429704152a21f5f856ce29aa69a238da"},"headline":"Reforma electoral de AMLO divide opiniones de diputados locales.","datePublished":"2022-04-29T17:10:33+00:00","mainEntityOfPage":{"@id":"https:\/\/canal7slp.tv\/2022\/reforma-electoral-de-amlo-divide-opiniones-de-diputados-locales\/"},"wordCount":409,"publisher":{"@id":"https:\/\/canal7slp.tv\/2022\/#organization"},"image":{"@id":"https:\/\/canal7slp.tv\/2022\/reforma-electoral-de-amlo-divide-opiniones-de-diputados-locales\/#primaryimage"},"thumbnailUrl":"https:\/\/canal7slp.tv\/2022\/wp-content\/uploads\/2022\/04\/Claudio01Debate.jpg","articleSection":["CONGRESO","DESTACADAS","LOCALES Y REGIONALES"],"inLanguage":"es"},{"@type":"WebPage","@id":"https:\/\/canal7slp.tv\/2022\/reforma-electoral-de-amlo-divide-opiniones-de-diputados-locales\/","url":"https:\/\/canal7slp.tv\/2022\/reforma-electoral-de-amlo-divide-opiniones-de-diputados-locales\/","name":"Reforma electoral de AMLO divide opiniones de diputados locales. - Canal 7 SLP - 2022","isPartOf":{"@id":"https:\/\/canal7slp.tv\/2022\/#website"},"primaryImageOfPage":{"@id":"https:\/\/canal7slp.tv\/2022\/reforma-electoral-de-amlo-divide-opiniones-de-diputados-locales\/#primaryimage"},"image":{"@id":"https:\/\/canal7slp.tv\/2022\/reforma-electoral-de-amlo-divide-opiniones-de-diputados-locales\/#primaryimage"},"thumbnailUrl":"https:\/\/canal7slp.tv\/2022\/wp-content\/uploads\/2022\/04\/Claudio01Debate.jpg","datePublished":"2022-04-29T17:10:33+00:00","breadcrumb":{"@id":"https:\/\/canal7slp.tv\/2022\/reforma-electoral-de-amlo-divide-opiniones-de-diputados-locales\/#breadcrumb"},"inLanguage":"es","potentialAction":[{"@type":"ReadAction","target":["https:\/\/canal7slp.tv\/2022\/reforma-electoral-de-amlo-divide-opiniones-de-diputados-locales\/"]}]},{"@type":"ImageObject","inLanguage":"es","@id":"https:\/\/canal7slp.tv\/2022\/reforma-electoral-de-amlo-divide-opiniones-de-diputados-locales\/#primaryimage","url":"https:\/\/canal7slp.tv\/2022\/wp-content\/uploads\/2022\/04\/Claudio01Debate.jpg","contentUrl":"https:\/\/canal7slp.tv\/2022\/wp-content\/uploads\/2022\/04\/Claudio01Debate.jpg","width":888,"height":500},{"@type":"BreadcrumbList","@id":"https:\/\/canal7slp.tv\/2022\/reforma-electoral-de-amlo-divide-opiniones-de-diputados-locales\/#breadcrumb","itemListElement":[{"@type":"ListItem","position":1,"name":"Portada","item":"https:\/\/canal7slp.tv\/2022\/"},{"@type":"ListItem","position":2,"name":"Reforma electoral de AMLO divide opiniones de diputados locales."}]},{"@type":"WebSite","@id":"https:\/\/canal7slp.tv\/2022\/#website","url":"https:\/\/canal7slp.tv\/2022\/","name":"N7 - Noticieros Canal 7","description":"Somos Televisi\u00f3n","publisher":{"@id":"https:\/\/canal7slp.tv\/2022\/#organization"},"potentialAction":[{"@type":"SearchAction","target":{"@type":"EntryPoint","urlTemplate":"https:\/\/canal7slp.tv\/2022\/?s={search_term_string}"},"query-input":{"@type":"PropertyValueSpecification","valueRequired":true,"valueName":"search_term_string"}}],"inLanguage":"es"},{"@type":"Organization","@id":"https:\/\/canal7slp.tv\/2022\/#organization","name":"Noticieros Canal 7","url":"https:\/\/canal7slp.tv\/2022\/","logo":{"@type":"ImageObject","inLanguage":"es","@id":"https:\/\/canal7slp.tv\/2022\/#\/schema\/logo\/image\/","url":"https:\/\/canal7slp.tv\/2022\/wp-content\/uploads\/2021\/01\/logo-noticieros@2x.png","contentUrl":"https:\/\/canal7slp.tv\/2022\/wp-content\/uploads\/2021\/01\/logo-noticieros@2x.png","width":1017,"height":268,"caption":"Noticieros Canal 7"},"image":{"@id":"https:\/\/canal7slp.tv\/2022\/#\/schema\/logo\/image\/"},"sameAs":["https:\/\/www.facebook.com\/noticieroscanalsiete","https:\/\/x.com\/NOTICIEROS7","https:\/\/www.instagram.com\/canal7_slp","https:\/\/www.youtube.com\/channel\/UCliiYs-gP3JfJeqdPrNdd5A"]},{"@type":"Person","@id":"https:\/\/canal7slp.tv\/2022\/#\/schema\/person\/429704152a21f5f856ce29aa69a238da","name":"Edici\u00f3n Web","image":{"@type":"ImageObject","inLanguage":"es","@id":"https:\/\/secure.gravatar.com\/avatar\/eee448fc3f7164808013b816ba91ac7e43bbe82a70bebac296f8bc6f0addaa1a?s=96&d=mm&r=g","url":"https:\/\/secure.gravatar.com\/avatar\/eee448fc3f7164808013b816ba91ac7e43bbe82a70bebac296f8bc6f0addaa1a?s=96&d=mm&r=g","contentUrl":"https:\/\/secure.gravatar.com\/avatar\/eee448fc3f7164808013b816ba91ac7e43bbe82a70bebac296f8bc6f0addaa1a?s=96&d=mm&r=g","caption":"Edici\u00f3n Web"},"url":"https:\/\/canal7slp.tv\/2022\/author\/edicionweb\/"}]}},"amp_enabled":true,"_links":{"self":[{"href":"https:\/\/canal7slp.tv\/2022\/wp-json\/wp\/v2\/posts\/58592","targetHints":{"allow":["GET"]}}],"collection":[{"href":"https:\/\/canal7slp.tv\/2022\/wp-json\/wp\/v2\/posts"}],"about":[{"href":"https:\/\/canal7slp.tv\/2022\/wp-json\/wp\/v2\/types\/post"}],"author":[{"embeddable":true,"href":"https:\/\/canal7slp.tv\/2022\/wp-json\/wp\/v2\/users\/2"}],"replies":[{"embeddable":true,"href":"https:\/\/canal7slp.tv\/2022\/wp-json\/wp\/v2\/comments?post=58592"}],"version-history":[{"count":4,"href":"https:\/\/canal7slp.tv\/2022\/wp-json\/wp\/v2\/posts\/58592\/revisions"}],"predecessor-version":[{"id":58641,"href":"https:\/\/canal7slp.tv\/2022\/wp-json\/wp\/v2\/posts\/58592\/revisions\/58641"}],"wp:featuredmedia":[{"embeddable":true,"href":"https:\/\/canal7slp.tv\/2022\/wp-json\/wp\/v2\/media\/58640"}],"wp:attachment":[{"href":"https:\/\/canal7slp.tv\/2022\/wp-json\/wp\/v2\/media?parent=58592"}],"wp:term":[{"taxonomy":"category","embeddable":true,"href":"https:\/\/canal7slp.tv\/2022\/wp-json\/wp\/v2\/categories?post=58592"},{"taxonomy":"post_tag","embeddable":true,"href":"https:\/\/canal7slp.tv\/2022\/wp-json\/wp\/v2\/tags?post=58592"}],"curies":[{"name":"wp","href":"https:\/\/api.w.org\/{rel}","templated":true}]}}