{"id":58562,"date":"2022-04-28T16:11:33","date_gmt":"2022-04-28T22:11:33","guid":{"rendered":"https:\/\/canal7slp.tv\/2022\/?p=58562"},"modified":"2022-04-28T16:11:33","modified_gmt":"2022-04-28T22:11:33","slug":"ordenan-descongelar-cuentas-bancarias-del-gobernador-cabeza-de-vaca","status":"publish","type":"post","link":"https:\/\/canal7slp.tv\/2022\/ordenan-descongelar-cuentas-bancarias-del-gobernador-cabeza-de-vaca\/","title":{"rendered":"Ordenan descongelar cuentas bancarias del gobernador Cabeza de Vaca"},"content":{"rendered":"<p style=\"text-align: justify;\">M\u00e9xico.- Un tribunal federal concedi\u00f3 la suspensi\u00f3n definitiva a Francisco Javier Garc\u00eda Cabeza de Vaca, gobernador de Tamaulipas, y orden\u00f3 desbloquear sus cuentas bancarias.<\/p>\n<p style=\"text-align: justify;\">El Segundo Tribunal Colegiado determin\u00f3 que hasta este momento la Unidad de Inteligencia Financiera (UIF) no ha aportado documentaci\u00f3n \u201cque soporte la existencia de una petici\u00f3n expresa de realizar el bloqueo de cuentas, emitida por autoridades extranjeras u organismos internacionales\u201d.<\/p>\n<p style=\"text-align: justify;\">Cabe se\u00f1alar que la UIF argument\u00f3 que el 4 de mayo de 2021 recibi\u00f3 un comunicado firmado por el agregado jur\u00eddico del Departamento de Justicia en la Embajada de Estados Unidos en M\u00e9xico, Joseph Gonz\u00e1lez, solicitando dicho bloqueo.<\/p>\n<p style=\"text-align: justify;\">Sin embargo, el Tribunal se\u00f1al\u00f3 que en el comunicado suscrito por el agregado jur\u00eddico no se advierte que se pida el bloqueo de cuentas bancarias, sino deja a discreci\u00f3n de la autoridad fiscal nacional haga la inmovilizaci\u00f3n aludida.<\/p>\n<p style=\"text-align: justify;\">\n","protected":false},"excerpt":{"rendered":"<p>M\u00e9xico.- Un tribunal federal concedi\u00f3 la suspensi\u00f3n definitiva a Francisco Javier Garc\u00eda Cabeza de Vaca, gobernador de Tamaulipas, y orden\u00f3 desbloquear sus cuentas bancarias. El Segundo Tribunal Colegiado determin\u00f3 que hasta este momento la Unidad de Inteligencia Financiera (UIF) no ha aportado documentaci\u00f3n \u201cque soporte la existencia de una petici\u00f3n expresa de realizar el bloqueo de cuentas, emitida por autoridades extranjeras u organismos internacionales\u201d. Cabe se\u00f1alar que la UIF argument\u00f3 que el 4 de mayo de 2021 recibi\u00f3 un comunicado firmado por el agregado jur\u00eddico del Departamento de Justicia en la Embajada de Estados Unidos en M\u00e9xico, Joseph Gonz\u00e1lez, solicitando [&hellip;]<\/p>\n","protected":false},"author":2,"featured_media":58574,"comment_status":"closed","ping_status":"closed","sticky":false,"template":"","format":"standard","meta":{"footnotes":""},"categories":[46],"tags":[],"class_list":["post-58562","post","type-post","status-publish","format-standard","has-post-thumbnail","hentry","category-nacional","post--single"],"yoast_head":"<!-- This site is optimized with the Yoast SEO plugin v27.4 - https:\/\/yoast.com\/product\/yoast-seo-wordpress\/ -->\n<title>Ordenan descongelar cuentas bancarias del gobernador Cabeza de Vaca - Canal 7 SLP - 2022<\/title>\n<meta name=\"robots\" content=\"index, follow, max-snippet:-1, max-image-preview:large, max-video-preview:-1\" \/>\n<link rel=\"canonical\" href=\"https:\/\/canal7slp.tv\/2022\/ordenan-descongelar-cuentas-bancarias-del-gobernador-cabeza-de-vaca\/\" \/>\n<meta property=\"og:locale\" content=\"es_ES\" \/>\n<meta property=\"og:type\" content=\"article\" \/>\n<meta property=\"og:title\" content=\"Ordenan descongelar cuentas bancarias del gobernador Cabeza de Vaca - Canal 7 SLP - 2022\" \/>\n<meta property=\"og:description\" content=\"M\u00e9xico.- Un tribunal federal concedi\u00f3 la suspensi\u00f3n definitiva a Francisco Javier Garc\u00eda Cabeza de Vaca, gobernador de Tamaulipas, y orden\u00f3 desbloquear sus cuentas bancarias. El Segundo Tribunal Colegiado determin\u00f3 que hasta este momento la Unidad de Inteligencia Financiera (UIF) no ha aportado documentaci\u00f3n \u201cque soporte la existencia de una petici\u00f3n expresa de realizar el bloqueo de cuentas, emitida por autoridades extranjeras u organismos internacionales\u201d. Cabe se\u00f1alar que la UIF argument\u00f3 que el 4 de mayo de 2021 recibi\u00f3 un comunicado firmado por el agregado jur\u00eddico del Departamento de Justicia en la Embajada de Estados Unidos en M\u00e9xico, Joseph Gonz\u00e1lez, solicitando [&hellip;]\" \/>\n<meta property=\"og:url\" content=\"https:\/\/canal7slp.tv\/2022\/ordenan-descongelar-cuentas-bancarias-del-gobernador-cabeza-de-vaca\/\" \/>\n<meta property=\"og:site_name\" content=\"Canal 7 SLP - 2022\" \/>\n<meta property=\"article:publisher\" content=\"https:\/\/www.facebook.com\/noticieroscanalsiete\" \/>\n<meta property=\"article:published_time\" content=\"2022-04-28T22:11:33+00:00\" \/>\n<meta property=\"og:image\" content=\"https:\/\/canal7slp.tv\/2022\/wp-content\/uploads\/2022\/04\/06-16.jpg\" \/>\n\t<meta property=\"og:image:width\" content=\"600\" \/>\n\t<meta property=\"og:image:height\" content=\"400\" \/>\n\t<meta property=\"og:image:type\" content=\"image\/jpeg\" \/>\n<meta name=\"author\" content=\"Edici\u00f3n Web\" \/>\n<meta name=\"twitter:card\" content=\"summary_large_image\" \/>\n<meta name=\"twitter:creator\" content=\"@NOTICIEROS7\" \/>\n<meta name=\"twitter:site\" content=\"@NOTICIEROS7\" \/>\n<meta name=\"twitter:label1\" content=\"Escrito por\" \/>\n\t<meta name=\"twitter:data1\" content=\"Edici\u00f3n Web\" \/>\n\t<meta name=\"twitter:label2\" content=\"Tiempo de lectura\" \/>\n\t<meta name=\"twitter:data2\" content=\"1 minuto\" \/>\n<script type=\"application\/ld+json\" class=\"yoast-schema-graph\">{\"@context\":\"https:\\\/\\\/schema.org\",\"@graph\":[{\"@type\":\"Article\",\"@id\":\"https:\\\/\\\/canal7slp.tv\\\/2022\\\/ordenan-descongelar-cuentas-bancarias-del-gobernador-cabeza-de-vaca\\\/#article\",\"isPartOf\":{\"@id\":\"https:\\\/\\\/canal7slp.tv\\\/2022\\\/ordenan-descongelar-cuentas-bancarias-del-gobernador-cabeza-de-vaca\\\/\"},\"author\":{\"name\":\"Edici\u00f3n Web\",\"@id\":\"https:\\\/\\\/canal7slp.tv\\\/2022\\\/#\\\/schema\\\/person\\\/429704152a21f5f856ce29aa69a238da\"},\"headline\":\"Ordenan descongelar cuentas bancarias del gobernador Cabeza de Vaca\",\"datePublished\":\"2022-04-28T22:11:33+00:00\",\"mainEntityOfPage\":{\"@id\":\"https:\\\/\\\/canal7slp.tv\\\/2022\\\/ordenan-descongelar-cuentas-bancarias-del-gobernador-cabeza-de-vaca\\\/\"},\"wordCount\":161,\"publisher\":{\"@id\":\"https:\\\/\\\/canal7slp.tv\\\/2022\\\/#organization\"},\"image\":{\"@id\":\"https:\\\/\\\/canal7slp.tv\\\/2022\\\/ordenan-descongelar-cuentas-bancarias-del-gobernador-cabeza-de-vaca\\\/#primaryimage\"},\"thumbnailUrl\":\"https:\\\/\\\/canal7slp.tv\\\/2022\\\/wp-content\\\/uploads\\\/2022\\\/04\\\/06-16.jpg\",\"articleSection\":[\"NACIONALES\"],\"inLanguage\":\"es\"},{\"@type\":\"WebPage\",\"@id\":\"https:\\\/\\\/canal7slp.tv\\\/2022\\\/ordenan-descongelar-cuentas-bancarias-del-gobernador-cabeza-de-vaca\\\/\",\"url\":\"https:\\\/\\\/canal7slp.tv\\\/2022\\\/ordenan-descongelar-cuentas-bancarias-del-gobernador-cabeza-de-vaca\\\/\",\"name\":\"Ordenan descongelar cuentas bancarias del gobernador Cabeza de Vaca - Canal 7 SLP - 2022\",\"isPartOf\":{\"@id\":\"https:\\\/\\\/canal7slp.tv\\\/2022\\\/#website\"},\"primaryImageOfPage\":{\"@id\":\"https:\\\/\\\/canal7slp.tv\\\/2022\\\/ordenan-descongelar-cuentas-bancarias-del-gobernador-cabeza-de-vaca\\\/#primaryimage\"},\"image\":{\"@id\":\"https:\\\/\\\/canal7slp.tv\\\/2022\\\/ordenan-descongelar-cuentas-bancarias-del-gobernador-cabeza-de-vaca\\\/#primaryimage\"},\"thumbnailUrl\":\"https:\\\/\\\/canal7slp.tv\\\/2022\\\/wp-content\\\/uploads\\\/2022\\\/04\\\/06-16.jpg\",\"datePublished\":\"2022-04-28T22:11:33+00:00\",\"breadcrumb\":{\"@id\":\"https:\\\/\\\/canal7slp.tv\\\/2022\\\/ordenan-descongelar-cuentas-bancarias-del-gobernador-cabeza-de-vaca\\\/#breadcrumb\"},\"inLanguage\":\"es\",\"potentialAction\":[{\"@type\":\"ReadAction\",\"target\":[\"https:\\\/\\\/canal7slp.tv\\\/2022\\\/ordenan-descongelar-cuentas-bancarias-del-gobernador-cabeza-de-vaca\\\/\"]}]},{\"@type\":\"ImageObject\",\"inLanguage\":\"es\",\"@id\":\"https:\\\/\\\/canal7slp.tv\\\/2022\\\/ordenan-descongelar-cuentas-bancarias-del-gobernador-cabeza-de-vaca\\\/#primaryimage\",\"url\":\"https:\\\/\\\/canal7slp.tv\\\/2022\\\/wp-content\\\/uploads\\\/2022\\\/04\\\/06-16.jpg\",\"contentUrl\":\"https:\\\/\\\/canal7slp.tv\\\/2022\\\/wp-content\\\/uploads\\\/2022\\\/04\\\/06-16.jpg\",\"width\":600,\"height\":400},{\"@type\":\"BreadcrumbList\",\"@id\":\"https:\\\/\\\/canal7slp.tv\\\/2022\\\/ordenan-descongelar-cuentas-bancarias-del-gobernador-cabeza-de-vaca\\\/#breadcrumb\",\"itemListElement\":[{\"@type\":\"ListItem\",\"position\":1,\"name\":\"Portada\",\"item\":\"https:\\\/\\\/canal7slp.tv\\\/2022\\\/\"},{\"@type\":\"ListItem\",\"position\":2,\"name\":\"Ordenan descongelar cuentas bancarias del gobernador Cabeza de Vaca\"}]},{\"@type\":\"WebSite\",\"@id\":\"https:\\\/\\\/canal7slp.tv\\\/2022\\\/#website\",\"url\":\"https:\\\/\\\/canal7slp.tv\\\/2022\\\/\",\"name\":\"N7 - Noticieros Canal 7\",\"description\":\"Somos Televisi\u00f3n\",\"publisher\":{\"@id\":\"https:\\\/\\\/canal7slp.tv\\\/2022\\\/#organization\"},\"potentialAction\":[{\"@type\":\"SearchAction\",\"target\":{\"@type\":\"EntryPoint\",\"urlTemplate\":\"https:\\\/\\\/canal7slp.tv\\\/2022\\\/?s={search_term_string}\"},\"query-input\":{\"@type\":\"PropertyValueSpecification\",\"valueRequired\":true,\"valueName\":\"search_term_string\"}}],\"inLanguage\":\"es\"},{\"@type\":\"Organization\",\"@id\":\"https:\\\/\\\/canal7slp.tv\\\/2022\\\/#organization\",\"name\":\"Noticieros Canal 7\",\"url\":\"https:\\\/\\\/canal7slp.tv\\\/2022\\\/\",\"logo\":{\"@type\":\"ImageObject\",\"inLanguage\":\"es\",\"@id\":\"https:\\\/\\\/canal7slp.tv\\\/2022\\\/#\\\/schema\\\/logo\\\/image\\\/\",\"url\":\"https:\\\/\\\/canal7slp.tv\\\/2022\\\/wp-content\\\/uploads\\\/2021\\\/01\\\/logo-noticieros@2x.png\",\"contentUrl\":\"https:\\\/\\\/canal7slp.tv\\\/2022\\\/wp-content\\\/uploads\\\/2021\\\/01\\\/logo-noticieros@2x.png\",\"width\":1017,\"height\":268,\"caption\":\"Noticieros Canal 7\"},\"image\":{\"@id\":\"https:\\\/\\\/canal7slp.tv\\\/2022\\\/#\\\/schema\\\/logo\\\/image\\\/\"},\"sameAs\":[\"https:\\\/\\\/www.facebook.com\\\/noticieroscanalsiete\",\"https:\\\/\\\/x.com\\\/NOTICIEROS7\",\"https:\\\/\\\/www.instagram.com\\\/canal7_slp\",\"https:\\\/\\\/www.youtube.com\\\/channel\\\/UCliiYs-gP3JfJeqdPrNdd5A\"]},{\"@type\":\"Person\",\"@id\":\"https:\\\/\\\/canal7slp.tv\\\/2022\\\/#\\\/schema\\\/person\\\/429704152a21f5f856ce29aa69a238da\",\"name\":\"Edici\u00f3n Web\",\"image\":{\"@type\":\"ImageObject\",\"inLanguage\":\"es\",\"@id\":\"https:\\\/\\\/secure.gravatar.com\\\/avatar\\\/eee448fc3f7164808013b816ba91ac7e43bbe82a70bebac296f8bc6f0addaa1a?s=96&d=mm&r=g\",\"url\":\"https:\\\/\\\/secure.gravatar.com\\\/avatar\\\/eee448fc3f7164808013b816ba91ac7e43bbe82a70bebac296f8bc6f0addaa1a?s=96&d=mm&r=g\",\"contentUrl\":\"https:\\\/\\\/secure.gravatar.com\\\/avatar\\\/eee448fc3f7164808013b816ba91ac7e43bbe82a70bebac296f8bc6f0addaa1a?s=96&d=mm&r=g\",\"caption\":\"Edici\u00f3n Web\"},\"url\":\"https:\\\/\\\/canal7slp.tv\\\/2022\\\/author\\\/edicionweb\\\/\"}]}<\/script>\n<!-- \/ Yoast SEO plugin. -->","yoast_head_json":{"title":"Ordenan descongelar cuentas bancarias del gobernador Cabeza de Vaca - Canal 7 SLP - 2022","robots":{"index":"index","follow":"follow","max-snippet":"max-snippet:-1","max-image-preview":"max-image-preview:large","max-video-preview":"max-video-preview:-1"},"canonical":"https:\/\/canal7slp.tv\/2022\/ordenan-descongelar-cuentas-bancarias-del-gobernador-cabeza-de-vaca\/","og_locale":"es_ES","og_type":"article","og_title":"Ordenan descongelar cuentas bancarias del gobernador Cabeza de Vaca - Canal 7 SLP - 2022","og_description":"M\u00e9xico.- Un tribunal federal concedi\u00f3 la suspensi\u00f3n definitiva a Francisco Javier Garc\u00eda Cabeza de Vaca, gobernador de Tamaulipas, y orden\u00f3 desbloquear sus cuentas bancarias. El Segundo Tribunal Colegiado determin\u00f3 que hasta este momento la Unidad de Inteligencia Financiera (UIF) no ha aportado documentaci\u00f3n \u201cque soporte la existencia de una petici\u00f3n expresa de realizar el bloqueo de cuentas, emitida por autoridades extranjeras u organismos internacionales\u201d. Cabe se\u00f1alar que la UIF argument\u00f3 que el 4 de mayo de 2021 recibi\u00f3 un comunicado firmado por el agregado jur\u00eddico del Departamento de Justicia en la Embajada de Estados Unidos en M\u00e9xico, Joseph Gonz\u00e1lez, solicitando [&hellip;]","og_url":"https:\/\/canal7slp.tv\/2022\/ordenan-descongelar-cuentas-bancarias-del-gobernador-cabeza-de-vaca\/","og_site_name":"Canal 7 SLP - 2022","article_publisher":"https:\/\/www.facebook.com\/noticieroscanalsiete","article_published_time":"2022-04-28T22:11:33+00:00","og_image":[{"width":600,"height":400,"url":"https:\/\/canal7slp.tv\/2022\/wp-content\/uploads\/2022\/04\/06-16.jpg","type":"image\/jpeg"}],"author":"Edici\u00f3n Web","twitter_card":"summary_large_image","twitter_creator":"@NOTICIEROS7","twitter_site":"@NOTICIEROS7","twitter_misc":{"Escrito por":"Edici\u00f3n Web","Tiempo de lectura":"1 minuto"},"schema":{"@context":"https:\/\/schema.org","@graph":[{"@type":"Article","@id":"https:\/\/canal7slp.tv\/2022\/ordenan-descongelar-cuentas-bancarias-del-gobernador-cabeza-de-vaca\/#article","isPartOf":{"@id":"https:\/\/canal7slp.tv\/2022\/ordenan-descongelar-cuentas-bancarias-del-gobernador-cabeza-de-vaca\/"},"author":{"name":"Edici\u00f3n Web","@id":"https:\/\/canal7slp.tv\/2022\/#\/schema\/person\/429704152a21f5f856ce29aa69a238da"},"headline":"Ordenan descongelar cuentas bancarias del gobernador Cabeza de Vaca","datePublished":"2022-04-28T22:11:33+00:00","mainEntityOfPage":{"@id":"https:\/\/canal7slp.tv\/2022\/ordenan-descongelar-cuentas-bancarias-del-gobernador-cabeza-de-vaca\/"},"wordCount":161,"publisher":{"@id":"https:\/\/canal7slp.tv\/2022\/#organization"},"image":{"@id":"https:\/\/canal7slp.tv\/2022\/ordenan-descongelar-cuentas-bancarias-del-gobernador-cabeza-de-vaca\/#primaryimage"},"thumbnailUrl":"https:\/\/canal7slp.tv\/2022\/wp-content\/uploads\/2022\/04\/06-16.jpg","articleSection":["NACIONALES"],"inLanguage":"es"},{"@type":"WebPage","@id":"https:\/\/canal7slp.tv\/2022\/ordenan-descongelar-cuentas-bancarias-del-gobernador-cabeza-de-vaca\/","url":"https:\/\/canal7slp.tv\/2022\/ordenan-descongelar-cuentas-bancarias-del-gobernador-cabeza-de-vaca\/","name":"Ordenan descongelar cuentas bancarias del gobernador Cabeza de Vaca - Canal 7 SLP - 2022","isPartOf":{"@id":"https:\/\/canal7slp.tv\/2022\/#website"},"primaryImageOfPage":{"@id":"https:\/\/canal7slp.tv\/2022\/ordenan-descongelar-cuentas-bancarias-del-gobernador-cabeza-de-vaca\/#primaryimage"},"image":{"@id":"https:\/\/canal7slp.tv\/2022\/ordenan-descongelar-cuentas-bancarias-del-gobernador-cabeza-de-vaca\/#primaryimage"},"thumbnailUrl":"https:\/\/canal7slp.tv\/2022\/wp-content\/uploads\/2022\/04\/06-16.jpg","datePublished":"2022-04-28T22:11:33+00:00","breadcrumb":{"@id":"https:\/\/canal7slp.tv\/2022\/ordenan-descongelar-cuentas-bancarias-del-gobernador-cabeza-de-vaca\/#breadcrumb"},"inLanguage":"es","potentialAction":[{"@type":"ReadAction","target":["https:\/\/canal7slp.tv\/2022\/ordenan-descongelar-cuentas-bancarias-del-gobernador-cabeza-de-vaca\/"]}]},{"@type":"ImageObject","inLanguage":"es","@id":"https:\/\/canal7slp.tv\/2022\/ordenan-descongelar-cuentas-bancarias-del-gobernador-cabeza-de-vaca\/#primaryimage","url":"https:\/\/canal7slp.tv\/2022\/wp-content\/uploads\/2022\/04\/06-16.jpg","contentUrl":"https:\/\/canal7slp.tv\/2022\/wp-content\/uploads\/2022\/04\/06-16.jpg","width":600,"height":400},{"@type":"BreadcrumbList","@id":"https:\/\/canal7slp.tv\/2022\/ordenan-descongelar-cuentas-bancarias-del-gobernador-cabeza-de-vaca\/#breadcrumb","itemListElement":[{"@type":"ListItem","position":1,"name":"Portada","item":"https:\/\/canal7slp.tv\/2022\/"},{"@type":"ListItem","position":2,"name":"Ordenan descongelar cuentas bancarias del gobernador Cabeza de Vaca"}]},{"@type":"WebSite","@id":"https:\/\/canal7slp.tv\/2022\/#website","url":"https:\/\/canal7slp.tv\/2022\/","name":"N7 - Noticieros Canal 7","description":"Somos Televisi\u00f3n","publisher":{"@id":"https:\/\/canal7slp.tv\/2022\/#organization"},"potentialAction":[{"@type":"SearchAction","target":{"@type":"EntryPoint","urlTemplate":"https:\/\/canal7slp.tv\/2022\/?s={search_term_string}"},"query-input":{"@type":"PropertyValueSpecification","valueRequired":true,"valueName":"search_term_string"}}],"inLanguage":"es"},{"@type":"Organization","@id":"https:\/\/canal7slp.tv\/2022\/#organization","name":"Noticieros Canal 7","url":"https:\/\/canal7slp.tv\/2022\/","logo":{"@type":"ImageObject","inLanguage":"es","@id":"https:\/\/canal7slp.tv\/2022\/#\/schema\/logo\/image\/","url":"https:\/\/canal7slp.tv\/2022\/wp-content\/uploads\/2021\/01\/logo-noticieros@2x.png","contentUrl":"https:\/\/canal7slp.tv\/2022\/wp-content\/uploads\/2021\/01\/logo-noticieros@2x.png","width":1017,"height":268,"caption":"Noticieros Canal 7"},"image":{"@id":"https:\/\/canal7slp.tv\/2022\/#\/schema\/logo\/image\/"},"sameAs":["https:\/\/www.facebook.com\/noticieroscanalsiete","https:\/\/x.com\/NOTICIEROS7","https:\/\/www.instagram.com\/canal7_slp","https:\/\/www.youtube.com\/channel\/UCliiYs-gP3JfJeqdPrNdd5A"]},{"@type":"Person","@id":"https:\/\/canal7slp.tv\/2022\/#\/schema\/person\/429704152a21f5f856ce29aa69a238da","name":"Edici\u00f3n Web","image":{"@type":"ImageObject","inLanguage":"es","@id":"https:\/\/secure.gravatar.com\/avatar\/eee448fc3f7164808013b816ba91ac7e43bbe82a70bebac296f8bc6f0addaa1a?s=96&d=mm&r=g","url":"https:\/\/secure.gravatar.com\/avatar\/eee448fc3f7164808013b816ba91ac7e43bbe82a70bebac296f8bc6f0addaa1a?s=96&d=mm&r=g","contentUrl":"https:\/\/secure.gravatar.com\/avatar\/eee448fc3f7164808013b816ba91ac7e43bbe82a70bebac296f8bc6f0addaa1a?s=96&d=mm&r=g","caption":"Edici\u00f3n Web"},"url":"https:\/\/canal7slp.tv\/2022\/author\/edicionweb\/"}]}},"amp_enabled":true,"_links":{"self":[{"href":"https:\/\/canal7slp.tv\/2022\/wp-json\/wp\/v2\/posts\/58562","targetHints":{"allow":["GET"]}}],"collection":[{"href":"https:\/\/canal7slp.tv\/2022\/wp-json\/wp\/v2\/posts"}],"about":[{"href":"https:\/\/canal7slp.tv\/2022\/wp-json\/wp\/v2\/types\/post"}],"author":[{"embeddable":true,"href":"https:\/\/canal7slp.tv\/2022\/wp-json\/wp\/v2\/users\/2"}],"replies":[{"embeddable":true,"href":"https:\/\/canal7slp.tv\/2022\/wp-json\/wp\/v2\/comments?post=58562"}],"version-history":[{"count":2,"href":"https:\/\/canal7slp.tv\/2022\/wp-json\/wp\/v2\/posts\/58562\/revisions"}],"predecessor-version":[{"id":58576,"href":"https:\/\/canal7slp.tv\/2022\/wp-json\/wp\/v2\/posts\/58562\/revisions\/58576"}],"wp:featuredmedia":[{"embeddable":true,"href":"https:\/\/canal7slp.tv\/2022\/wp-json\/wp\/v2\/media\/58574"}],"wp:attachment":[{"href":"https:\/\/canal7slp.tv\/2022\/wp-json\/wp\/v2\/media?parent=58562"}],"wp:term":[{"taxonomy":"category","embeddable":true,"href":"https:\/\/canal7slp.tv\/2022\/wp-json\/wp\/v2\/categories?post=58562"},{"taxonomy":"post_tag","embeddable":true,"href":"https:\/\/canal7slp.tv\/2022\/wp-json\/wp\/v2\/tags?post=58562"}],"curies":[{"name":"wp","href":"https:\/\/api.w.org\/{rel}","templated":true}]}}