{"id":58559,"date":"2022-04-28T16:11:38","date_gmt":"2022-04-28T22:11:38","guid":{"rendered":"https:\/\/canal7slp.tv\/2022\/?p=58559"},"modified":"2022-04-28T16:11:38","modified_gmt":"2022-04-28T22:11:38","slug":"cesar-duarte-presenta-apelacion-contra-su-extradicion","status":"publish","type":"post","link":"https:\/\/canal7slp.tv\/2022\/cesar-duarte-presenta-apelacion-contra-su-extradicion\/","title":{"rendered":"C\u00e9sar Duarte presenta apelaci\u00f3n contra su extradici\u00f3n"},"content":{"rendered":"<p style=\"text-align: justify;\">EUA.- La defensa C\u00e9sar Horacio Duarte J\u00e1quez, exgobernador de Chihuahua, present\u00f3 recurso de amparo ante la Corte de Apelaciones del Und\u00e9cimo Circuito, con sede en Atlanta (Georgia), contra el gobierno de Estados Unidos en el proceso que se le sigue para su extradici\u00f3n por las acusaciones de \u201cconspiraci\u00f3n y malversaci\u00f3n de fondos p\u00fablicos\u201d.<\/p>\n<p style=\"text-align: justify;\">Cabe se\u00f1alar que el exmandatario estatal fue detenido en julio de 2020 en Miami.<\/p>\n<p style=\"text-align: justify;\">Asimismo, en noviembre de 2021 se determin\u00f3 tratado de extradici\u00f3n est\u00e1 vigente entre ambas naciones, por lo que el tr\u00e1mite es cursar una \u00abcertificaci\u00f3n\u00bb al Departamento de Estado estadounidense, que ser\u00e1 el encargado de la repatriaci\u00f3n por los \u00abdelitos penales de conspiraci\u00f3n y malversaci\u00f3n de fondos gubernamentales\u00bb.<\/p>\n","protected":false},"excerpt":{"rendered":"<p>EUA.- La defensa C\u00e9sar Horacio Duarte J\u00e1quez, exgobernador de Chihuahua, present\u00f3 recurso de amparo ante la Corte de Apelaciones del Und\u00e9cimo Circuito, con sede en Atlanta (Georgia), contra el gobierno de Estados Unidos en el proceso que se le sigue para su extradici\u00f3n por las acusaciones de \u201cconspiraci\u00f3n y malversaci\u00f3n de fondos p\u00fablicos\u201d. Cabe se\u00f1alar que el exmandatario estatal fue detenido en julio de 2020 en Miami. Asimismo, en noviembre de 2021 se determin\u00f3 tratado de extradici\u00f3n est\u00e1 vigente entre ambas naciones, por lo que el tr\u00e1mite es cursar una \u00abcertificaci\u00f3n\u00bb al Departamento de Estado estadounidense, que ser\u00e1 el encargado [&hellip;]<\/p>\n","protected":false},"author":2,"featured_media":58571,"comment_status":"closed","ping_status":"closed","sticky":false,"template":"","format":"standard","meta":{"footnotes":""},"categories":[46],"tags":[],"class_list":["post-58559","post","type-post","status-publish","format-standard","has-post-thumbnail","hentry","category-nacional","post--single"],"yoast_head":"<!-- This site is optimized with the Yoast SEO plugin v27.4 - https:\/\/yoast.com\/product\/yoast-seo-wordpress\/ -->\n<title>C\u00e9sar Duarte presenta apelaci\u00f3n contra su extradici\u00f3n - Canal 7 SLP - 2022<\/title>\n<meta name=\"robots\" content=\"index, follow, max-snippet:-1, max-image-preview:large, max-video-preview:-1\" \/>\n<link rel=\"canonical\" href=\"https:\/\/canal7slp.tv\/2022\/cesar-duarte-presenta-apelacion-contra-su-extradicion\/\" \/>\n<meta property=\"og:locale\" content=\"es_ES\" \/>\n<meta property=\"og:type\" content=\"article\" \/>\n<meta property=\"og:title\" content=\"C\u00e9sar Duarte presenta apelaci\u00f3n contra su extradici\u00f3n - Canal 7 SLP - 2022\" \/>\n<meta property=\"og:description\" content=\"EUA.- La defensa C\u00e9sar Horacio Duarte J\u00e1quez, exgobernador de Chihuahua, present\u00f3 recurso de amparo ante la Corte de Apelaciones del Und\u00e9cimo Circuito, con sede en Atlanta (Georgia), contra el gobierno de Estados Unidos en el proceso que se le sigue para su extradici\u00f3n por las acusaciones de \u201cconspiraci\u00f3n y malversaci\u00f3n de fondos p\u00fablicos\u201d. Cabe se\u00f1alar que el exmandatario estatal fue detenido en julio de 2020 en Miami. Asimismo, en noviembre de 2021 se determin\u00f3 tratado de extradici\u00f3n est\u00e1 vigente entre ambas naciones, por lo que el tr\u00e1mite es cursar una \u00abcertificaci\u00f3n\u00bb al Departamento de Estado estadounidense, que ser\u00e1 el encargado [&hellip;]\" \/>\n<meta property=\"og:url\" content=\"https:\/\/canal7slp.tv\/2022\/cesar-duarte-presenta-apelacion-contra-su-extradicion\/\" \/>\n<meta property=\"og:site_name\" content=\"Canal 7 SLP - 2022\" \/>\n<meta property=\"article:publisher\" content=\"https:\/\/www.facebook.com\/noticieroscanalsiete\" \/>\n<meta property=\"article:published_time\" content=\"2022-04-28T22:11:38+00:00\" \/>\n<meta property=\"og:image\" content=\"https:\/\/canal7slp.tv\/2022\/wp-content\/uploads\/2022\/04\/03-25.jpg\" \/>\n\t<meta property=\"og:image:width\" content=\"720\" \/>\n\t<meta property=\"og:image:height\" content=\"404\" \/>\n\t<meta property=\"og:image:type\" content=\"image\/jpeg\" \/>\n<meta name=\"author\" content=\"Edici\u00f3n Web\" \/>\n<meta name=\"twitter:card\" content=\"summary_large_image\" \/>\n<meta name=\"twitter:creator\" content=\"@NOTICIEROS7\" \/>\n<meta name=\"twitter:site\" content=\"@NOTICIEROS7\" \/>\n<meta name=\"twitter:label1\" content=\"Escrito por\" \/>\n\t<meta name=\"twitter:data1\" content=\"Edici\u00f3n Web\" \/>\n\t<meta name=\"twitter:label2\" content=\"Tiempo de lectura\" \/>\n\t<meta name=\"twitter:data2\" content=\"1 minuto\" \/>\n<script type=\"application\/ld+json\" class=\"yoast-schema-graph\">{\"@context\":\"https:\\\/\\\/schema.org\",\"@graph\":[{\"@type\":\"Article\",\"@id\":\"https:\\\/\\\/canal7slp.tv\\\/2022\\\/cesar-duarte-presenta-apelacion-contra-su-extradicion\\\/#article\",\"isPartOf\":{\"@id\":\"https:\\\/\\\/canal7slp.tv\\\/2022\\\/cesar-duarte-presenta-apelacion-contra-su-extradicion\\\/\"},\"author\":{\"name\":\"Edici\u00f3n Web\",\"@id\":\"https:\\\/\\\/canal7slp.tv\\\/2022\\\/#\\\/schema\\\/person\\\/429704152a21f5f856ce29aa69a238da\"},\"headline\":\"C\u00e9sar Duarte presenta apelaci\u00f3n contra su extradici\u00f3n\",\"datePublished\":\"2022-04-28T22:11:38+00:00\",\"mainEntityOfPage\":{\"@id\":\"https:\\\/\\\/canal7slp.tv\\\/2022\\\/cesar-duarte-presenta-apelacion-contra-su-extradicion\\\/\"},\"wordCount\":137,\"publisher\":{\"@id\":\"https:\\\/\\\/canal7slp.tv\\\/2022\\\/#organization\"},\"image\":{\"@id\":\"https:\\\/\\\/canal7slp.tv\\\/2022\\\/cesar-duarte-presenta-apelacion-contra-su-extradicion\\\/#primaryimage\"},\"thumbnailUrl\":\"https:\\\/\\\/canal7slp.tv\\\/2022\\\/wp-content\\\/uploads\\\/2022\\\/04\\\/03-25.jpg\",\"articleSection\":[\"NACIONALES\"],\"inLanguage\":\"es\"},{\"@type\":\"WebPage\",\"@id\":\"https:\\\/\\\/canal7slp.tv\\\/2022\\\/cesar-duarte-presenta-apelacion-contra-su-extradicion\\\/\",\"url\":\"https:\\\/\\\/canal7slp.tv\\\/2022\\\/cesar-duarte-presenta-apelacion-contra-su-extradicion\\\/\",\"name\":\"C\u00e9sar Duarte presenta apelaci\u00f3n contra su extradici\u00f3n - Canal 7 SLP - 2022\",\"isPartOf\":{\"@id\":\"https:\\\/\\\/canal7slp.tv\\\/2022\\\/#website\"},\"primaryImageOfPage\":{\"@id\":\"https:\\\/\\\/canal7slp.tv\\\/2022\\\/cesar-duarte-presenta-apelacion-contra-su-extradicion\\\/#primaryimage\"},\"image\":{\"@id\":\"https:\\\/\\\/canal7slp.tv\\\/2022\\\/cesar-duarte-presenta-apelacion-contra-su-extradicion\\\/#primaryimage\"},\"thumbnailUrl\":\"https:\\\/\\\/canal7slp.tv\\\/2022\\\/wp-content\\\/uploads\\\/2022\\\/04\\\/03-25.jpg\",\"datePublished\":\"2022-04-28T22:11:38+00:00\",\"breadcrumb\":{\"@id\":\"https:\\\/\\\/canal7slp.tv\\\/2022\\\/cesar-duarte-presenta-apelacion-contra-su-extradicion\\\/#breadcrumb\"},\"inLanguage\":\"es\",\"potentialAction\":[{\"@type\":\"ReadAction\",\"target\":[\"https:\\\/\\\/canal7slp.tv\\\/2022\\\/cesar-duarte-presenta-apelacion-contra-su-extradicion\\\/\"]}]},{\"@type\":\"ImageObject\",\"inLanguage\":\"es\",\"@id\":\"https:\\\/\\\/canal7slp.tv\\\/2022\\\/cesar-duarte-presenta-apelacion-contra-su-extradicion\\\/#primaryimage\",\"url\":\"https:\\\/\\\/canal7slp.tv\\\/2022\\\/wp-content\\\/uploads\\\/2022\\\/04\\\/03-25.jpg\",\"contentUrl\":\"https:\\\/\\\/canal7slp.tv\\\/2022\\\/wp-content\\\/uploads\\\/2022\\\/04\\\/03-25.jpg\",\"width\":720,\"height\":404},{\"@type\":\"BreadcrumbList\",\"@id\":\"https:\\\/\\\/canal7slp.tv\\\/2022\\\/cesar-duarte-presenta-apelacion-contra-su-extradicion\\\/#breadcrumb\",\"itemListElement\":[{\"@type\":\"ListItem\",\"position\":1,\"name\":\"Portada\",\"item\":\"https:\\\/\\\/canal7slp.tv\\\/2022\\\/\"},{\"@type\":\"ListItem\",\"position\":2,\"name\":\"C\u00e9sar Duarte presenta apelaci\u00f3n contra su extradici\u00f3n\"}]},{\"@type\":\"WebSite\",\"@id\":\"https:\\\/\\\/canal7slp.tv\\\/2022\\\/#website\",\"url\":\"https:\\\/\\\/canal7slp.tv\\\/2022\\\/\",\"name\":\"N7 - Noticieros Canal 7\",\"description\":\"Somos Televisi\u00f3n\",\"publisher\":{\"@id\":\"https:\\\/\\\/canal7slp.tv\\\/2022\\\/#organization\"},\"potentialAction\":[{\"@type\":\"SearchAction\",\"target\":{\"@type\":\"EntryPoint\",\"urlTemplate\":\"https:\\\/\\\/canal7slp.tv\\\/2022\\\/?s={search_term_string}\"},\"query-input\":{\"@type\":\"PropertyValueSpecification\",\"valueRequired\":true,\"valueName\":\"search_term_string\"}}],\"inLanguage\":\"es\"},{\"@type\":\"Organization\",\"@id\":\"https:\\\/\\\/canal7slp.tv\\\/2022\\\/#organization\",\"name\":\"Noticieros Canal 7\",\"url\":\"https:\\\/\\\/canal7slp.tv\\\/2022\\\/\",\"logo\":{\"@type\":\"ImageObject\",\"inLanguage\":\"es\",\"@id\":\"https:\\\/\\\/canal7slp.tv\\\/2022\\\/#\\\/schema\\\/logo\\\/image\\\/\",\"url\":\"https:\\\/\\\/canal7slp.tv\\\/2022\\\/wp-content\\\/uploads\\\/2021\\\/01\\\/logo-noticieros@2x.png\",\"contentUrl\":\"https:\\\/\\\/canal7slp.tv\\\/2022\\\/wp-content\\\/uploads\\\/2021\\\/01\\\/logo-noticieros@2x.png\",\"width\":1017,\"height\":268,\"caption\":\"Noticieros Canal 7\"},\"image\":{\"@id\":\"https:\\\/\\\/canal7slp.tv\\\/2022\\\/#\\\/schema\\\/logo\\\/image\\\/\"},\"sameAs\":[\"https:\\\/\\\/www.facebook.com\\\/noticieroscanalsiete\",\"https:\\\/\\\/x.com\\\/NOTICIEROS7\",\"https:\\\/\\\/www.instagram.com\\\/canal7_slp\",\"https:\\\/\\\/www.youtube.com\\\/channel\\\/UCliiYs-gP3JfJeqdPrNdd5A\"]},{\"@type\":\"Person\",\"@id\":\"https:\\\/\\\/canal7slp.tv\\\/2022\\\/#\\\/schema\\\/person\\\/429704152a21f5f856ce29aa69a238da\",\"name\":\"Edici\u00f3n Web\",\"image\":{\"@type\":\"ImageObject\",\"inLanguage\":\"es\",\"@id\":\"https:\\\/\\\/secure.gravatar.com\\\/avatar\\\/eee448fc3f7164808013b816ba91ac7e43bbe82a70bebac296f8bc6f0addaa1a?s=96&d=mm&r=g\",\"url\":\"https:\\\/\\\/secure.gravatar.com\\\/avatar\\\/eee448fc3f7164808013b816ba91ac7e43bbe82a70bebac296f8bc6f0addaa1a?s=96&d=mm&r=g\",\"contentUrl\":\"https:\\\/\\\/secure.gravatar.com\\\/avatar\\\/eee448fc3f7164808013b816ba91ac7e43bbe82a70bebac296f8bc6f0addaa1a?s=96&d=mm&r=g\",\"caption\":\"Edici\u00f3n Web\"},\"url\":\"https:\\\/\\\/canal7slp.tv\\\/2022\\\/author\\\/edicionweb\\\/\"}]}<\/script>\n<!-- \/ Yoast SEO plugin. -->","yoast_head_json":{"title":"C\u00e9sar Duarte presenta apelaci\u00f3n contra su extradici\u00f3n - Canal 7 SLP - 2022","robots":{"index":"index","follow":"follow","max-snippet":"max-snippet:-1","max-image-preview":"max-image-preview:large","max-video-preview":"max-video-preview:-1"},"canonical":"https:\/\/canal7slp.tv\/2022\/cesar-duarte-presenta-apelacion-contra-su-extradicion\/","og_locale":"es_ES","og_type":"article","og_title":"C\u00e9sar Duarte presenta apelaci\u00f3n contra su extradici\u00f3n - Canal 7 SLP - 2022","og_description":"EUA.- La defensa C\u00e9sar Horacio Duarte J\u00e1quez, exgobernador de Chihuahua, present\u00f3 recurso de amparo ante la Corte de Apelaciones del Und\u00e9cimo Circuito, con sede en Atlanta (Georgia), contra el gobierno de Estados Unidos en el proceso que se le sigue para su extradici\u00f3n por las acusaciones de \u201cconspiraci\u00f3n y malversaci\u00f3n de fondos p\u00fablicos\u201d. Cabe se\u00f1alar que el exmandatario estatal fue detenido en julio de 2020 en Miami. Asimismo, en noviembre de 2021 se determin\u00f3 tratado de extradici\u00f3n est\u00e1 vigente entre ambas naciones, por lo que el tr\u00e1mite es cursar una \u00abcertificaci\u00f3n\u00bb al Departamento de Estado estadounidense, que ser\u00e1 el encargado [&hellip;]","og_url":"https:\/\/canal7slp.tv\/2022\/cesar-duarte-presenta-apelacion-contra-su-extradicion\/","og_site_name":"Canal 7 SLP - 2022","article_publisher":"https:\/\/www.facebook.com\/noticieroscanalsiete","article_published_time":"2022-04-28T22:11:38+00:00","og_image":[{"width":720,"height":404,"url":"https:\/\/canal7slp.tv\/2022\/wp-content\/uploads\/2022\/04\/03-25.jpg","type":"image\/jpeg"}],"author":"Edici\u00f3n Web","twitter_card":"summary_large_image","twitter_creator":"@NOTICIEROS7","twitter_site":"@NOTICIEROS7","twitter_misc":{"Escrito por":"Edici\u00f3n Web","Tiempo de lectura":"1 minuto"},"schema":{"@context":"https:\/\/schema.org","@graph":[{"@type":"Article","@id":"https:\/\/canal7slp.tv\/2022\/cesar-duarte-presenta-apelacion-contra-su-extradicion\/#article","isPartOf":{"@id":"https:\/\/canal7slp.tv\/2022\/cesar-duarte-presenta-apelacion-contra-su-extradicion\/"},"author":{"name":"Edici\u00f3n Web","@id":"https:\/\/canal7slp.tv\/2022\/#\/schema\/person\/429704152a21f5f856ce29aa69a238da"},"headline":"C\u00e9sar Duarte presenta apelaci\u00f3n contra su extradici\u00f3n","datePublished":"2022-04-28T22:11:38+00:00","mainEntityOfPage":{"@id":"https:\/\/canal7slp.tv\/2022\/cesar-duarte-presenta-apelacion-contra-su-extradicion\/"},"wordCount":137,"publisher":{"@id":"https:\/\/canal7slp.tv\/2022\/#organization"},"image":{"@id":"https:\/\/canal7slp.tv\/2022\/cesar-duarte-presenta-apelacion-contra-su-extradicion\/#primaryimage"},"thumbnailUrl":"https:\/\/canal7slp.tv\/2022\/wp-content\/uploads\/2022\/04\/03-25.jpg","articleSection":["NACIONALES"],"inLanguage":"es"},{"@type":"WebPage","@id":"https:\/\/canal7slp.tv\/2022\/cesar-duarte-presenta-apelacion-contra-su-extradicion\/","url":"https:\/\/canal7slp.tv\/2022\/cesar-duarte-presenta-apelacion-contra-su-extradicion\/","name":"C\u00e9sar Duarte presenta apelaci\u00f3n contra su extradici\u00f3n - Canal 7 SLP - 2022","isPartOf":{"@id":"https:\/\/canal7slp.tv\/2022\/#website"},"primaryImageOfPage":{"@id":"https:\/\/canal7slp.tv\/2022\/cesar-duarte-presenta-apelacion-contra-su-extradicion\/#primaryimage"},"image":{"@id":"https:\/\/canal7slp.tv\/2022\/cesar-duarte-presenta-apelacion-contra-su-extradicion\/#primaryimage"},"thumbnailUrl":"https:\/\/canal7slp.tv\/2022\/wp-content\/uploads\/2022\/04\/03-25.jpg","datePublished":"2022-04-28T22:11:38+00:00","breadcrumb":{"@id":"https:\/\/canal7slp.tv\/2022\/cesar-duarte-presenta-apelacion-contra-su-extradicion\/#breadcrumb"},"inLanguage":"es","potentialAction":[{"@type":"ReadAction","target":["https:\/\/canal7slp.tv\/2022\/cesar-duarte-presenta-apelacion-contra-su-extradicion\/"]}]},{"@type":"ImageObject","inLanguage":"es","@id":"https:\/\/canal7slp.tv\/2022\/cesar-duarte-presenta-apelacion-contra-su-extradicion\/#primaryimage","url":"https:\/\/canal7slp.tv\/2022\/wp-content\/uploads\/2022\/04\/03-25.jpg","contentUrl":"https:\/\/canal7slp.tv\/2022\/wp-content\/uploads\/2022\/04\/03-25.jpg","width":720,"height":404},{"@type":"BreadcrumbList","@id":"https:\/\/canal7slp.tv\/2022\/cesar-duarte-presenta-apelacion-contra-su-extradicion\/#breadcrumb","itemListElement":[{"@type":"ListItem","position":1,"name":"Portada","item":"https:\/\/canal7slp.tv\/2022\/"},{"@type":"ListItem","position":2,"name":"C\u00e9sar Duarte presenta apelaci\u00f3n contra su extradici\u00f3n"}]},{"@type":"WebSite","@id":"https:\/\/canal7slp.tv\/2022\/#website","url":"https:\/\/canal7slp.tv\/2022\/","name":"N7 - Noticieros Canal 7","description":"Somos Televisi\u00f3n","publisher":{"@id":"https:\/\/canal7slp.tv\/2022\/#organization"},"potentialAction":[{"@type":"SearchAction","target":{"@type":"EntryPoint","urlTemplate":"https:\/\/canal7slp.tv\/2022\/?s={search_term_string}"},"query-input":{"@type":"PropertyValueSpecification","valueRequired":true,"valueName":"search_term_string"}}],"inLanguage":"es"},{"@type":"Organization","@id":"https:\/\/canal7slp.tv\/2022\/#organization","name":"Noticieros Canal 7","url":"https:\/\/canal7slp.tv\/2022\/","logo":{"@type":"ImageObject","inLanguage":"es","@id":"https:\/\/canal7slp.tv\/2022\/#\/schema\/logo\/image\/","url":"https:\/\/canal7slp.tv\/2022\/wp-content\/uploads\/2021\/01\/logo-noticieros@2x.png","contentUrl":"https:\/\/canal7slp.tv\/2022\/wp-content\/uploads\/2021\/01\/logo-noticieros@2x.png","width":1017,"height":268,"caption":"Noticieros Canal 7"},"image":{"@id":"https:\/\/canal7slp.tv\/2022\/#\/schema\/logo\/image\/"},"sameAs":["https:\/\/www.facebook.com\/noticieroscanalsiete","https:\/\/x.com\/NOTICIEROS7","https:\/\/www.instagram.com\/canal7_slp","https:\/\/www.youtube.com\/channel\/UCliiYs-gP3JfJeqdPrNdd5A"]},{"@type":"Person","@id":"https:\/\/canal7slp.tv\/2022\/#\/schema\/person\/429704152a21f5f856ce29aa69a238da","name":"Edici\u00f3n Web","image":{"@type":"ImageObject","inLanguage":"es","@id":"https:\/\/secure.gravatar.com\/avatar\/eee448fc3f7164808013b816ba91ac7e43bbe82a70bebac296f8bc6f0addaa1a?s=96&d=mm&r=g","url":"https:\/\/secure.gravatar.com\/avatar\/eee448fc3f7164808013b816ba91ac7e43bbe82a70bebac296f8bc6f0addaa1a?s=96&d=mm&r=g","contentUrl":"https:\/\/secure.gravatar.com\/avatar\/eee448fc3f7164808013b816ba91ac7e43bbe82a70bebac296f8bc6f0addaa1a?s=96&d=mm&r=g","caption":"Edici\u00f3n Web"},"url":"https:\/\/canal7slp.tv\/2022\/author\/edicionweb\/"}]}},"amp_enabled":true,"_links":{"self":[{"href":"https:\/\/canal7slp.tv\/2022\/wp-json\/wp\/v2\/posts\/58559","targetHints":{"allow":["GET"]}}],"collection":[{"href":"https:\/\/canal7slp.tv\/2022\/wp-json\/wp\/v2\/posts"}],"about":[{"href":"https:\/\/canal7slp.tv\/2022\/wp-json\/wp\/v2\/types\/post"}],"author":[{"embeddable":true,"href":"https:\/\/canal7slp.tv\/2022\/wp-json\/wp\/v2\/users\/2"}],"replies":[{"embeddable":true,"href":"https:\/\/canal7slp.tv\/2022\/wp-json\/wp\/v2\/comments?post=58559"}],"version-history":[{"count":2,"href":"https:\/\/canal7slp.tv\/2022\/wp-json\/wp\/v2\/posts\/58559\/revisions"}],"predecessor-version":[{"id":58578,"href":"https:\/\/canal7slp.tv\/2022\/wp-json\/wp\/v2\/posts\/58559\/revisions\/58578"}],"wp:featuredmedia":[{"embeddable":true,"href":"https:\/\/canal7slp.tv\/2022\/wp-json\/wp\/v2\/media\/58571"}],"wp:attachment":[{"href":"https:\/\/canal7slp.tv\/2022\/wp-json\/wp\/v2\/media?parent=58559"}],"wp:term":[{"taxonomy":"category","embeddable":true,"href":"https:\/\/canal7slp.tv\/2022\/wp-json\/wp\/v2\/categories?post=58559"},{"taxonomy":"post_tag","embeddable":true,"href":"https:\/\/canal7slp.tv\/2022\/wp-json\/wp\/v2\/tags?post=58559"}],"curies":[{"name":"wp","href":"https:\/\/api.w.org\/{rel}","templated":true}]}}