{"id":58558,"date":"2022-04-28T16:11:42","date_gmt":"2022-04-28T22:11:42","guid":{"rendered":"https:\/\/canal7slp.tv\/2022\/?p=58558"},"modified":"2022-04-28T16:11:42","modified_gmt":"2022-04-28T22:11:42","slug":"suman-10-los-detenidos-por-trifulca-en-cementera-cruz-azul","status":"publish","type":"post","link":"https:\/\/canal7slp.tv\/2022\/suman-10-los-detenidos-por-trifulca-en-cementera-cruz-azul\/","title":{"rendered":"Suman 10 los detenidos por trifulca en cementera Cruz Azul"},"content":{"rendered":"<p style=\"text-align: justify;\">M\u00e9xico.- Ricardo Mej\u00eda Berdeja, subsecretario de Seguridad P\u00fablica, inform\u00f3 que suman 10 los detenidos por el enfrentamiento registrado en la planta cementera Cruz -ubicada en Tula, Hidalgo-, en el cual 8 personas perdieron la vida.<\/p>\n<p style=\"text-align: justify;\">El funcionario detall\u00f3 que los trabajadores integrantes de la Cooperativa La Cruz Azul, fueron trasladados en 15 autobuses a las instalaciones de la cementera, donde intentaron tomar las instalaciones, hecho que deriv\u00f3 en enfrentamientos.<\/p>\n<p style=\"text-align: justify;\">Mediante cohetones y el silbato de la f\u00e1brica, fueron convocados trabajadores en activo para defender las instalaciones del intento de toma por parte de obreros de un grupo disidente, en un pleito que lleva m\u00e1s de dos a\u00f1os.<\/p>\n<p style=\"text-align: justify;\">De acuerdo con testigos, tanto disidentes como trabajadores activos portaban tubos, varillas, palos y armas de fuego.<\/p>\n","protected":false},"excerpt":{"rendered":"<p>M\u00e9xico.- Ricardo Mej\u00eda Berdeja, subsecretario de Seguridad P\u00fablica, inform\u00f3 que suman 10 los detenidos por el enfrentamiento registrado en la planta cementera Cruz -ubicada en Tula, Hidalgo-, en el cual 8 personas perdieron la vida. El funcionario detall\u00f3 que los trabajadores integrantes de la Cooperativa La Cruz Azul, fueron trasladados en 15 autobuses a las instalaciones de la cementera, donde intentaron tomar las instalaciones, hecho que deriv\u00f3 en enfrentamientos. Mediante cohetones y el silbato de la f\u00e1brica, fueron convocados trabajadores en activo para defender las instalaciones del intento de toma por parte de obreros de un grupo disidente, en un [&hellip;]<\/p>\n","protected":false},"author":2,"featured_media":58570,"comment_status":"closed","ping_status":"closed","sticky":false,"template":"","format":"standard","meta":{"footnotes":""},"categories":[46],"tags":[],"class_list":["post-58558","post","type-post","status-publish","format-standard","has-post-thumbnail","hentry","category-nacional","post--single"],"yoast_head":"<!-- This site is optimized with the Yoast SEO plugin v27.4 - https:\/\/yoast.com\/product\/yoast-seo-wordpress\/ -->\n<title>Suman 10 los detenidos por trifulca en cementera Cruz Azul - Canal 7 SLP - 2022<\/title>\n<meta name=\"robots\" content=\"index, follow, max-snippet:-1, max-image-preview:large, max-video-preview:-1\" \/>\n<link rel=\"canonical\" href=\"https:\/\/canal7slp.tv\/2022\/suman-10-los-detenidos-por-trifulca-en-cementera-cruz-azul\/\" \/>\n<meta property=\"og:locale\" content=\"es_ES\" \/>\n<meta property=\"og:type\" content=\"article\" \/>\n<meta property=\"og:title\" content=\"Suman 10 los detenidos por trifulca en cementera Cruz Azul - Canal 7 SLP - 2022\" \/>\n<meta property=\"og:description\" content=\"M\u00e9xico.- Ricardo Mej\u00eda Berdeja, subsecretario de Seguridad P\u00fablica, inform\u00f3 que suman 10 los detenidos por el enfrentamiento registrado en la planta cementera Cruz -ubicada en Tula, Hidalgo-, en el cual 8 personas perdieron la vida. El funcionario detall\u00f3 que los trabajadores integrantes de la Cooperativa La Cruz Azul, fueron trasladados en 15 autobuses a las instalaciones de la cementera, donde intentaron tomar las instalaciones, hecho que deriv\u00f3 en enfrentamientos. Mediante cohetones y el silbato de la f\u00e1brica, fueron convocados trabajadores en activo para defender las instalaciones del intento de toma por parte de obreros de un grupo disidente, en un [&hellip;]\" \/>\n<meta property=\"og:url\" content=\"https:\/\/canal7slp.tv\/2022\/suman-10-los-detenidos-por-trifulca-en-cementera-cruz-azul\/\" \/>\n<meta property=\"og:site_name\" content=\"Canal 7 SLP - 2022\" \/>\n<meta property=\"article:publisher\" content=\"https:\/\/www.facebook.com\/noticieroscanalsiete\" \/>\n<meta property=\"article:published_time\" content=\"2022-04-28T22:11:42+00:00\" \/>\n<meta property=\"og:image\" content=\"https:\/\/canal7slp.tv\/2022\/wp-content\/uploads\/2022\/04\/02-21.jpg\" \/>\n\t<meta property=\"og:image:width\" content=\"780\" \/>\n\t<meta property=\"og:image:height\" content=\"415\" \/>\n\t<meta property=\"og:image:type\" content=\"image\/jpeg\" \/>\n<meta name=\"author\" content=\"Edici\u00f3n Web\" \/>\n<meta name=\"twitter:card\" content=\"summary_large_image\" \/>\n<meta name=\"twitter:creator\" content=\"@NOTICIEROS7\" \/>\n<meta name=\"twitter:site\" content=\"@NOTICIEROS7\" \/>\n<meta name=\"twitter:label1\" content=\"Escrito por\" \/>\n\t<meta name=\"twitter:data1\" content=\"Edici\u00f3n Web\" \/>\n\t<meta name=\"twitter:label2\" content=\"Tiempo de lectura\" \/>\n\t<meta name=\"twitter:data2\" content=\"1 minuto\" \/>\n<script type=\"application\/ld+json\" class=\"yoast-schema-graph\">{\"@context\":\"https:\\\/\\\/schema.org\",\"@graph\":[{\"@type\":\"Article\",\"@id\":\"https:\\\/\\\/canal7slp.tv\\\/2022\\\/suman-10-los-detenidos-por-trifulca-en-cementera-cruz-azul\\\/#article\",\"isPartOf\":{\"@id\":\"https:\\\/\\\/canal7slp.tv\\\/2022\\\/suman-10-los-detenidos-por-trifulca-en-cementera-cruz-azul\\\/\"},\"author\":{\"name\":\"Edici\u00f3n Web\",\"@id\":\"https:\\\/\\\/canal7slp.tv\\\/2022\\\/#\\\/schema\\\/person\\\/429704152a21f5f856ce29aa69a238da\"},\"headline\":\"Suman 10 los detenidos por trifulca en cementera Cruz Azul\",\"datePublished\":\"2022-04-28T22:11:42+00:00\",\"mainEntityOfPage\":{\"@id\":\"https:\\\/\\\/canal7slp.tv\\\/2022\\\/suman-10-los-detenidos-por-trifulca-en-cementera-cruz-azul\\\/\"},\"wordCount\":137,\"publisher\":{\"@id\":\"https:\\\/\\\/canal7slp.tv\\\/2022\\\/#organization\"},\"image\":{\"@id\":\"https:\\\/\\\/canal7slp.tv\\\/2022\\\/suman-10-los-detenidos-por-trifulca-en-cementera-cruz-azul\\\/#primaryimage\"},\"thumbnailUrl\":\"https:\\\/\\\/canal7slp.tv\\\/2022\\\/wp-content\\\/uploads\\\/2022\\\/04\\\/02-21.jpg\",\"articleSection\":[\"NACIONALES\"],\"inLanguage\":\"es\"},{\"@type\":\"WebPage\",\"@id\":\"https:\\\/\\\/canal7slp.tv\\\/2022\\\/suman-10-los-detenidos-por-trifulca-en-cementera-cruz-azul\\\/\",\"url\":\"https:\\\/\\\/canal7slp.tv\\\/2022\\\/suman-10-los-detenidos-por-trifulca-en-cementera-cruz-azul\\\/\",\"name\":\"Suman 10 los detenidos por trifulca en cementera Cruz Azul - Canal 7 SLP - 2022\",\"isPartOf\":{\"@id\":\"https:\\\/\\\/canal7slp.tv\\\/2022\\\/#website\"},\"primaryImageOfPage\":{\"@id\":\"https:\\\/\\\/canal7slp.tv\\\/2022\\\/suman-10-los-detenidos-por-trifulca-en-cementera-cruz-azul\\\/#primaryimage\"},\"image\":{\"@id\":\"https:\\\/\\\/canal7slp.tv\\\/2022\\\/suman-10-los-detenidos-por-trifulca-en-cementera-cruz-azul\\\/#primaryimage\"},\"thumbnailUrl\":\"https:\\\/\\\/canal7slp.tv\\\/2022\\\/wp-content\\\/uploads\\\/2022\\\/04\\\/02-21.jpg\",\"datePublished\":\"2022-04-28T22:11:42+00:00\",\"breadcrumb\":{\"@id\":\"https:\\\/\\\/canal7slp.tv\\\/2022\\\/suman-10-los-detenidos-por-trifulca-en-cementera-cruz-azul\\\/#breadcrumb\"},\"inLanguage\":\"es\",\"potentialAction\":[{\"@type\":\"ReadAction\",\"target\":[\"https:\\\/\\\/canal7slp.tv\\\/2022\\\/suman-10-los-detenidos-por-trifulca-en-cementera-cruz-azul\\\/\"]}]},{\"@type\":\"ImageObject\",\"inLanguage\":\"es\",\"@id\":\"https:\\\/\\\/canal7slp.tv\\\/2022\\\/suman-10-los-detenidos-por-trifulca-en-cementera-cruz-azul\\\/#primaryimage\",\"url\":\"https:\\\/\\\/canal7slp.tv\\\/2022\\\/wp-content\\\/uploads\\\/2022\\\/04\\\/02-21.jpg\",\"contentUrl\":\"https:\\\/\\\/canal7slp.tv\\\/2022\\\/wp-content\\\/uploads\\\/2022\\\/04\\\/02-21.jpg\",\"width\":780,\"height\":415},{\"@type\":\"BreadcrumbList\",\"@id\":\"https:\\\/\\\/canal7slp.tv\\\/2022\\\/suman-10-los-detenidos-por-trifulca-en-cementera-cruz-azul\\\/#breadcrumb\",\"itemListElement\":[{\"@type\":\"ListItem\",\"position\":1,\"name\":\"Portada\",\"item\":\"https:\\\/\\\/canal7slp.tv\\\/2022\\\/\"},{\"@type\":\"ListItem\",\"position\":2,\"name\":\"Suman 10 los detenidos por trifulca en cementera Cruz Azul\"}]},{\"@type\":\"WebSite\",\"@id\":\"https:\\\/\\\/canal7slp.tv\\\/2022\\\/#website\",\"url\":\"https:\\\/\\\/canal7slp.tv\\\/2022\\\/\",\"name\":\"N7 - Noticieros Canal 7\",\"description\":\"Somos Televisi\u00f3n\",\"publisher\":{\"@id\":\"https:\\\/\\\/canal7slp.tv\\\/2022\\\/#organization\"},\"potentialAction\":[{\"@type\":\"SearchAction\",\"target\":{\"@type\":\"EntryPoint\",\"urlTemplate\":\"https:\\\/\\\/canal7slp.tv\\\/2022\\\/?s={search_term_string}\"},\"query-input\":{\"@type\":\"PropertyValueSpecification\",\"valueRequired\":true,\"valueName\":\"search_term_string\"}}],\"inLanguage\":\"es\"},{\"@type\":\"Organization\",\"@id\":\"https:\\\/\\\/canal7slp.tv\\\/2022\\\/#organization\",\"name\":\"Noticieros Canal 7\",\"url\":\"https:\\\/\\\/canal7slp.tv\\\/2022\\\/\",\"logo\":{\"@type\":\"ImageObject\",\"inLanguage\":\"es\",\"@id\":\"https:\\\/\\\/canal7slp.tv\\\/2022\\\/#\\\/schema\\\/logo\\\/image\\\/\",\"url\":\"https:\\\/\\\/canal7slp.tv\\\/2022\\\/wp-content\\\/uploads\\\/2021\\\/01\\\/logo-noticieros@2x.png\",\"contentUrl\":\"https:\\\/\\\/canal7slp.tv\\\/2022\\\/wp-content\\\/uploads\\\/2021\\\/01\\\/logo-noticieros@2x.png\",\"width\":1017,\"height\":268,\"caption\":\"Noticieros Canal 7\"},\"image\":{\"@id\":\"https:\\\/\\\/canal7slp.tv\\\/2022\\\/#\\\/schema\\\/logo\\\/image\\\/\"},\"sameAs\":[\"https:\\\/\\\/www.facebook.com\\\/noticieroscanalsiete\",\"https:\\\/\\\/x.com\\\/NOTICIEROS7\",\"https:\\\/\\\/www.instagram.com\\\/canal7_slp\",\"https:\\\/\\\/www.youtube.com\\\/channel\\\/UCliiYs-gP3JfJeqdPrNdd5A\"]},{\"@type\":\"Person\",\"@id\":\"https:\\\/\\\/canal7slp.tv\\\/2022\\\/#\\\/schema\\\/person\\\/429704152a21f5f856ce29aa69a238da\",\"name\":\"Edici\u00f3n Web\",\"image\":{\"@type\":\"ImageObject\",\"inLanguage\":\"es\",\"@id\":\"https:\\\/\\\/secure.gravatar.com\\\/avatar\\\/eee448fc3f7164808013b816ba91ac7e43bbe82a70bebac296f8bc6f0addaa1a?s=96&d=mm&r=g\",\"url\":\"https:\\\/\\\/secure.gravatar.com\\\/avatar\\\/eee448fc3f7164808013b816ba91ac7e43bbe82a70bebac296f8bc6f0addaa1a?s=96&d=mm&r=g\",\"contentUrl\":\"https:\\\/\\\/secure.gravatar.com\\\/avatar\\\/eee448fc3f7164808013b816ba91ac7e43bbe82a70bebac296f8bc6f0addaa1a?s=96&d=mm&r=g\",\"caption\":\"Edici\u00f3n Web\"},\"url\":\"https:\\\/\\\/canal7slp.tv\\\/2022\\\/author\\\/edicionweb\\\/\"}]}<\/script>\n<!-- \/ Yoast SEO plugin. -->","yoast_head_json":{"title":"Suman 10 los detenidos por trifulca en cementera Cruz Azul - Canal 7 SLP - 2022","robots":{"index":"index","follow":"follow","max-snippet":"max-snippet:-1","max-image-preview":"max-image-preview:large","max-video-preview":"max-video-preview:-1"},"canonical":"https:\/\/canal7slp.tv\/2022\/suman-10-los-detenidos-por-trifulca-en-cementera-cruz-azul\/","og_locale":"es_ES","og_type":"article","og_title":"Suman 10 los detenidos por trifulca en cementera Cruz Azul - Canal 7 SLP - 2022","og_description":"M\u00e9xico.- Ricardo Mej\u00eda Berdeja, subsecretario de Seguridad P\u00fablica, inform\u00f3 que suman 10 los detenidos por el enfrentamiento registrado en la planta cementera Cruz -ubicada en Tula, Hidalgo-, en el cual 8 personas perdieron la vida. El funcionario detall\u00f3 que los trabajadores integrantes de la Cooperativa La Cruz Azul, fueron trasladados en 15 autobuses a las instalaciones de la cementera, donde intentaron tomar las instalaciones, hecho que deriv\u00f3 en enfrentamientos. Mediante cohetones y el silbato de la f\u00e1brica, fueron convocados trabajadores en activo para defender las instalaciones del intento de toma por parte de obreros de un grupo disidente, en un [&hellip;]","og_url":"https:\/\/canal7slp.tv\/2022\/suman-10-los-detenidos-por-trifulca-en-cementera-cruz-azul\/","og_site_name":"Canal 7 SLP - 2022","article_publisher":"https:\/\/www.facebook.com\/noticieroscanalsiete","article_published_time":"2022-04-28T22:11:42+00:00","og_image":[{"width":780,"height":415,"url":"https:\/\/canal7slp.tv\/2022\/wp-content\/uploads\/2022\/04\/02-21.jpg","type":"image\/jpeg"}],"author":"Edici\u00f3n Web","twitter_card":"summary_large_image","twitter_creator":"@NOTICIEROS7","twitter_site":"@NOTICIEROS7","twitter_misc":{"Escrito por":"Edici\u00f3n Web","Tiempo de lectura":"1 minuto"},"schema":{"@context":"https:\/\/schema.org","@graph":[{"@type":"Article","@id":"https:\/\/canal7slp.tv\/2022\/suman-10-los-detenidos-por-trifulca-en-cementera-cruz-azul\/#article","isPartOf":{"@id":"https:\/\/canal7slp.tv\/2022\/suman-10-los-detenidos-por-trifulca-en-cementera-cruz-azul\/"},"author":{"name":"Edici\u00f3n Web","@id":"https:\/\/canal7slp.tv\/2022\/#\/schema\/person\/429704152a21f5f856ce29aa69a238da"},"headline":"Suman 10 los detenidos por trifulca en cementera Cruz Azul","datePublished":"2022-04-28T22:11:42+00:00","mainEntityOfPage":{"@id":"https:\/\/canal7slp.tv\/2022\/suman-10-los-detenidos-por-trifulca-en-cementera-cruz-azul\/"},"wordCount":137,"publisher":{"@id":"https:\/\/canal7slp.tv\/2022\/#organization"},"image":{"@id":"https:\/\/canal7slp.tv\/2022\/suman-10-los-detenidos-por-trifulca-en-cementera-cruz-azul\/#primaryimage"},"thumbnailUrl":"https:\/\/canal7slp.tv\/2022\/wp-content\/uploads\/2022\/04\/02-21.jpg","articleSection":["NACIONALES"],"inLanguage":"es"},{"@type":"WebPage","@id":"https:\/\/canal7slp.tv\/2022\/suman-10-los-detenidos-por-trifulca-en-cementera-cruz-azul\/","url":"https:\/\/canal7slp.tv\/2022\/suman-10-los-detenidos-por-trifulca-en-cementera-cruz-azul\/","name":"Suman 10 los detenidos por trifulca en cementera Cruz Azul - Canal 7 SLP - 2022","isPartOf":{"@id":"https:\/\/canal7slp.tv\/2022\/#website"},"primaryImageOfPage":{"@id":"https:\/\/canal7slp.tv\/2022\/suman-10-los-detenidos-por-trifulca-en-cementera-cruz-azul\/#primaryimage"},"image":{"@id":"https:\/\/canal7slp.tv\/2022\/suman-10-los-detenidos-por-trifulca-en-cementera-cruz-azul\/#primaryimage"},"thumbnailUrl":"https:\/\/canal7slp.tv\/2022\/wp-content\/uploads\/2022\/04\/02-21.jpg","datePublished":"2022-04-28T22:11:42+00:00","breadcrumb":{"@id":"https:\/\/canal7slp.tv\/2022\/suman-10-los-detenidos-por-trifulca-en-cementera-cruz-azul\/#breadcrumb"},"inLanguage":"es","potentialAction":[{"@type":"ReadAction","target":["https:\/\/canal7slp.tv\/2022\/suman-10-los-detenidos-por-trifulca-en-cementera-cruz-azul\/"]}]},{"@type":"ImageObject","inLanguage":"es","@id":"https:\/\/canal7slp.tv\/2022\/suman-10-los-detenidos-por-trifulca-en-cementera-cruz-azul\/#primaryimage","url":"https:\/\/canal7slp.tv\/2022\/wp-content\/uploads\/2022\/04\/02-21.jpg","contentUrl":"https:\/\/canal7slp.tv\/2022\/wp-content\/uploads\/2022\/04\/02-21.jpg","width":780,"height":415},{"@type":"BreadcrumbList","@id":"https:\/\/canal7slp.tv\/2022\/suman-10-los-detenidos-por-trifulca-en-cementera-cruz-azul\/#breadcrumb","itemListElement":[{"@type":"ListItem","position":1,"name":"Portada","item":"https:\/\/canal7slp.tv\/2022\/"},{"@type":"ListItem","position":2,"name":"Suman 10 los detenidos por trifulca en cementera Cruz Azul"}]},{"@type":"WebSite","@id":"https:\/\/canal7slp.tv\/2022\/#website","url":"https:\/\/canal7slp.tv\/2022\/","name":"N7 - Noticieros Canal 7","description":"Somos Televisi\u00f3n","publisher":{"@id":"https:\/\/canal7slp.tv\/2022\/#organization"},"potentialAction":[{"@type":"SearchAction","target":{"@type":"EntryPoint","urlTemplate":"https:\/\/canal7slp.tv\/2022\/?s={search_term_string}"},"query-input":{"@type":"PropertyValueSpecification","valueRequired":true,"valueName":"search_term_string"}}],"inLanguage":"es"},{"@type":"Organization","@id":"https:\/\/canal7slp.tv\/2022\/#organization","name":"Noticieros Canal 7","url":"https:\/\/canal7slp.tv\/2022\/","logo":{"@type":"ImageObject","inLanguage":"es","@id":"https:\/\/canal7slp.tv\/2022\/#\/schema\/logo\/image\/","url":"https:\/\/canal7slp.tv\/2022\/wp-content\/uploads\/2021\/01\/logo-noticieros@2x.png","contentUrl":"https:\/\/canal7slp.tv\/2022\/wp-content\/uploads\/2021\/01\/logo-noticieros@2x.png","width":1017,"height":268,"caption":"Noticieros Canal 7"},"image":{"@id":"https:\/\/canal7slp.tv\/2022\/#\/schema\/logo\/image\/"},"sameAs":["https:\/\/www.facebook.com\/noticieroscanalsiete","https:\/\/x.com\/NOTICIEROS7","https:\/\/www.instagram.com\/canal7_slp","https:\/\/www.youtube.com\/channel\/UCliiYs-gP3JfJeqdPrNdd5A"]},{"@type":"Person","@id":"https:\/\/canal7slp.tv\/2022\/#\/schema\/person\/429704152a21f5f856ce29aa69a238da","name":"Edici\u00f3n Web","image":{"@type":"ImageObject","inLanguage":"es","@id":"https:\/\/secure.gravatar.com\/avatar\/eee448fc3f7164808013b816ba91ac7e43bbe82a70bebac296f8bc6f0addaa1a?s=96&d=mm&r=g","url":"https:\/\/secure.gravatar.com\/avatar\/eee448fc3f7164808013b816ba91ac7e43bbe82a70bebac296f8bc6f0addaa1a?s=96&d=mm&r=g","contentUrl":"https:\/\/secure.gravatar.com\/avatar\/eee448fc3f7164808013b816ba91ac7e43bbe82a70bebac296f8bc6f0addaa1a?s=96&d=mm&r=g","caption":"Edici\u00f3n Web"},"url":"https:\/\/canal7slp.tv\/2022\/author\/edicionweb\/"}]}},"amp_enabled":true,"_links":{"self":[{"href":"https:\/\/canal7slp.tv\/2022\/wp-json\/wp\/v2\/posts\/58558","targetHints":{"allow":["GET"]}}],"collection":[{"href":"https:\/\/canal7slp.tv\/2022\/wp-json\/wp\/v2\/posts"}],"about":[{"href":"https:\/\/canal7slp.tv\/2022\/wp-json\/wp\/v2\/types\/post"}],"author":[{"embeddable":true,"href":"https:\/\/canal7slp.tv\/2022\/wp-json\/wp\/v2\/users\/2"}],"replies":[{"embeddable":true,"href":"https:\/\/canal7slp.tv\/2022\/wp-json\/wp\/v2\/comments?post=58558"}],"version-history":[{"count":2,"href":"https:\/\/canal7slp.tv\/2022\/wp-json\/wp\/v2\/posts\/58558\/revisions"}],"predecessor-version":[{"id":58580,"href":"https:\/\/canal7slp.tv\/2022\/wp-json\/wp\/v2\/posts\/58558\/revisions\/58580"}],"wp:featuredmedia":[{"embeddable":true,"href":"https:\/\/canal7slp.tv\/2022\/wp-json\/wp\/v2\/media\/58570"}],"wp:attachment":[{"href":"https:\/\/canal7slp.tv\/2022\/wp-json\/wp\/v2\/media?parent=58558"}],"wp:term":[{"taxonomy":"category","embeddable":true,"href":"https:\/\/canal7slp.tv\/2022\/wp-json\/wp\/v2\/categories?post=58558"},{"taxonomy":"post_tag","embeddable":true,"href":"https:\/\/canal7slp.tv\/2022\/wp-json\/wp\/v2\/tags?post=58558"}],"curies":[{"name":"wp","href":"https:\/\/api.w.org\/{rel}","templated":true}]}}