{"id":58557,"date":"2022-04-28T16:11:40","date_gmt":"2022-04-28T22:11:40","guid":{"rendered":"https:\/\/canal7slp.tv\/2022\/?p=58557"},"modified":"2022-04-28T16:11:40","modified_gmt":"2022-04-28T22:11:40","slug":"reportan-secuestro-de-dos-mujeres-militares-a-manos-de-presuntos-integrantes-del-cjng","status":"publish","type":"post","link":"https:\/\/canal7slp.tv\/2022\/reportan-secuestro-de-dos-mujeres-militares-a-manos-de-presuntos-integrantes-del-cjng\/","title":{"rendered":"Reportan secuestro de dos mujeres militares a manos de presuntos integrantes del CJNG"},"content":{"rendered":"<p style=\"text-align: justify;\">M\u00e9xico.- Vicente P\u00e9rez L\u00f3pez, general de brigada, confirm\u00f3 que dos mujeres militares pertenecientes a la Secretar\u00eda de la Defensa Nacional (SEDENA) fueron secuestradas mientras vacacionaban en el municipio de Puerto Vallarta.<\/p>\n<p style=\"text-align: justify;\">Las militares, una proct\u00f3loga y una oficinista, fueron privadas de la libertad por presuntos elementos del crimen organizado durante la madrugada de este 28 de abril en el fraccionamiento Marina Vallarta.<\/p>\n<p style=\"text-align: justify;\">\u201cFueron secuestradas por el simple hecho de formar parte del Ej\u00e9rcito mexicano, por el simple hecho de portar uniforme y eso consideramos es un acto de cobard\u00eda\u201d, detall\u00f3 P\u00e9rez L\u00f3pez.<\/p>\n<p style=\"text-align: justify;\">Agreg\u00f3 que se solicit\u00f3 apoyo de otros miembros de la Fuerzas Armadas como es de la Fuerza A\u00e9rea, la Secretar\u00eda de Marina, la Guardia Nacional y otras dependencias para logra encontrar con vida a las mujeres.<\/p>\n<p style=\"text-align: justify;\">El operativo de b\u00fasqueda se lleva a cabo en todo el estado de Jalisco y parte de Nayarit.<\/p>\n<p style=\"text-align: justify;\">Hasta el momento, se tienen detectados algunos lugares donde operan grupos delincuenciales y ah\u00ed est\u00e1n concentrando la b\u00fasqueda.<\/p>\n","protected":false},"excerpt":{"rendered":"<p>M\u00e9xico.- Vicente P\u00e9rez L\u00f3pez, general de brigada, confirm\u00f3 que dos mujeres militares pertenecientes a la Secretar\u00eda de la Defensa Nacional (SEDENA) fueron secuestradas mientras vacacionaban en el municipio de Puerto Vallarta. Las militares, una proct\u00f3loga y una oficinista, fueron privadas de la libertad por presuntos elementos del crimen organizado durante la madrugada de este 28 de abril en el fraccionamiento Marina Vallarta. \u201cFueron secuestradas por el simple hecho de formar parte del Ej\u00e9rcito mexicano, por el simple hecho de portar uniforme y eso consideramos es un acto de cobard\u00eda\u201d, detall\u00f3 P\u00e9rez L\u00f3pez. Agreg\u00f3 que se solicit\u00f3 apoyo de otros miembros [&hellip;]<\/p>\n","protected":false},"author":2,"featured_media":58569,"comment_status":"closed","ping_status":"closed","sticky":false,"template":"","format":"standard","meta":{"footnotes":""},"categories":[46],"tags":[],"class_list":["post-58557","post","type-post","status-publish","format-standard","has-post-thumbnail","hentry","category-nacional","post--single"],"yoast_head":"<!-- This site is optimized with the Yoast SEO plugin v27.4 - https:\/\/yoast.com\/product\/yoast-seo-wordpress\/ -->\n<title>Reportan secuestro de dos mujeres militares a manos de presuntos integrantes del CJNG - Canal 7 SLP - 2022<\/title>\n<meta name=\"robots\" content=\"index, follow, max-snippet:-1, max-image-preview:large, max-video-preview:-1\" \/>\n<link rel=\"canonical\" href=\"https:\/\/canal7slp.tv\/2022\/reportan-secuestro-de-dos-mujeres-militares-a-manos-de-presuntos-integrantes-del-cjng\/\" \/>\n<meta property=\"og:locale\" content=\"es_ES\" \/>\n<meta property=\"og:type\" content=\"article\" \/>\n<meta property=\"og:title\" content=\"Reportan secuestro de dos mujeres militares a manos de presuntos integrantes del CJNG - Canal 7 SLP - 2022\" \/>\n<meta property=\"og:description\" content=\"M\u00e9xico.- Vicente P\u00e9rez L\u00f3pez, general de brigada, confirm\u00f3 que dos mujeres militares pertenecientes a la Secretar\u00eda de la Defensa Nacional (SEDENA) fueron secuestradas mientras vacacionaban en el municipio de Puerto Vallarta. Las militares, una proct\u00f3loga y una oficinista, fueron privadas de la libertad por presuntos elementos del crimen organizado durante la madrugada de este 28 de abril en el fraccionamiento Marina Vallarta. \u201cFueron secuestradas por el simple hecho de formar parte del Ej\u00e9rcito mexicano, por el simple hecho de portar uniforme y eso consideramos es un acto de cobard\u00eda\u201d, detall\u00f3 P\u00e9rez L\u00f3pez. Agreg\u00f3 que se solicit\u00f3 apoyo de otros miembros [&hellip;]\" \/>\n<meta property=\"og:url\" content=\"https:\/\/canal7slp.tv\/2022\/reportan-secuestro-de-dos-mujeres-militares-a-manos-de-presuntos-integrantes-del-cjng\/\" \/>\n<meta property=\"og:site_name\" content=\"Canal 7 SLP - 2022\" \/>\n<meta property=\"article:publisher\" content=\"https:\/\/www.facebook.com\/noticieroscanalsiete\" \/>\n<meta property=\"article:published_time\" content=\"2022-04-28T22:11:40+00:00\" \/>\n<meta property=\"og:image\" content=\"https:\/\/canal7slp.tv\/2022\/wp-content\/uploads\/2022\/04\/01-7.jpeg\" \/>\n\t<meta property=\"og:image:width\" content=\"1920\" \/>\n\t<meta property=\"og:image:height\" content=\"1280\" \/>\n\t<meta property=\"og:image:type\" content=\"image\/jpeg\" \/>\n<meta name=\"author\" content=\"Edici\u00f3n Web\" \/>\n<meta name=\"twitter:card\" content=\"summary_large_image\" \/>\n<meta name=\"twitter:creator\" content=\"@NOTICIEROS7\" \/>\n<meta name=\"twitter:site\" content=\"@NOTICIEROS7\" \/>\n<meta name=\"twitter:label1\" content=\"Escrito por\" \/>\n\t<meta name=\"twitter:data1\" content=\"Edici\u00f3n Web\" \/>\n\t<meta name=\"twitter:label2\" content=\"Tiempo de lectura\" \/>\n\t<meta name=\"twitter:data2\" content=\"1 minuto\" \/>\n<script type=\"application\/ld+json\" class=\"yoast-schema-graph\">{\"@context\":\"https:\\\/\\\/schema.org\",\"@graph\":[{\"@type\":\"Article\",\"@id\":\"https:\\\/\\\/canal7slp.tv\\\/2022\\\/reportan-secuestro-de-dos-mujeres-militares-a-manos-de-presuntos-integrantes-del-cjng\\\/#article\",\"isPartOf\":{\"@id\":\"https:\\\/\\\/canal7slp.tv\\\/2022\\\/reportan-secuestro-de-dos-mujeres-militares-a-manos-de-presuntos-integrantes-del-cjng\\\/\"},\"author\":{\"name\":\"Edici\u00f3n Web\",\"@id\":\"https:\\\/\\\/canal7slp.tv\\\/2022\\\/#\\\/schema\\\/person\\\/429704152a21f5f856ce29aa69a238da\"},\"headline\":\"Reportan secuestro de dos mujeres militares a manos de presuntos integrantes del CJNG\",\"datePublished\":\"2022-04-28T22:11:40+00:00\",\"mainEntityOfPage\":{\"@id\":\"https:\\\/\\\/canal7slp.tv\\\/2022\\\/reportan-secuestro-de-dos-mujeres-militares-a-manos-de-presuntos-integrantes-del-cjng\\\/\"},\"wordCount\":191,\"publisher\":{\"@id\":\"https:\\\/\\\/canal7slp.tv\\\/2022\\\/#organization\"},\"image\":{\"@id\":\"https:\\\/\\\/canal7slp.tv\\\/2022\\\/reportan-secuestro-de-dos-mujeres-militares-a-manos-de-presuntos-integrantes-del-cjng\\\/#primaryimage\"},\"thumbnailUrl\":\"https:\\\/\\\/canal7slp.tv\\\/2022\\\/wp-content\\\/uploads\\\/2022\\\/04\\\/01-7.jpeg\",\"articleSection\":[\"NACIONALES\"],\"inLanguage\":\"es\"},{\"@type\":\"WebPage\",\"@id\":\"https:\\\/\\\/canal7slp.tv\\\/2022\\\/reportan-secuestro-de-dos-mujeres-militares-a-manos-de-presuntos-integrantes-del-cjng\\\/\",\"url\":\"https:\\\/\\\/canal7slp.tv\\\/2022\\\/reportan-secuestro-de-dos-mujeres-militares-a-manos-de-presuntos-integrantes-del-cjng\\\/\",\"name\":\"Reportan secuestro de dos mujeres militares a manos de presuntos integrantes del CJNG - Canal 7 SLP - 2022\",\"isPartOf\":{\"@id\":\"https:\\\/\\\/canal7slp.tv\\\/2022\\\/#website\"},\"primaryImageOfPage\":{\"@id\":\"https:\\\/\\\/canal7slp.tv\\\/2022\\\/reportan-secuestro-de-dos-mujeres-militares-a-manos-de-presuntos-integrantes-del-cjng\\\/#primaryimage\"},\"image\":{\"@id\":\"https:\\\/\\\/canal7slp.tv\\\/2022\\\/reportan-secuestro-de-dos-mujeres-militares-a-manos-de-presuntos-integrantes-del-cjng\\\/#primaryimage\"},\"thumbnailUrl\":\"https:\\\/\\\/canal7slp.tv\\\/2022\\\/wp-content\\\/uploads\\\/2022\\\/04\\\/01-7.jpeg\",\"datePublished\":\"2022-04-28T22:11:40+00:00\",\"breadcrumb\":{\"@id\":\"https:\\\/\\\/canal7slp.tv\\\/2022\\\/reportan-secuestro-de-dos-mujeres-militares-a-manos-de-presuntos-integrantes-del-cjng\\\/#breadcrumb\"},\"inLanguage\":\"es\",\"potentialAction\":[{\"@type\":\"ReadAction\",\"target\":[\"https:\\\/\\\/canal7slp.tv\\\/2022\\\/reportan-secuestro-de-dos-mujeres-militares-a-manos-de-presuntos-integrantes-del-cjng\\\/\"]}]},{\"@type\":\"ImageObject\",\"inLanguage\":\"es\",\"@id\":\"https:\\\/\\\/canal7slp.tv\\\/2022\\\/reportan-secuestro-de-dos-mujeres-militares-a-manos-de-presuntos-integrantes-del-cjng\\\/#primaryimage\",\"url\":\"https:\\\/\\\/canal7slp.tv\\\/2022\\\/wp-content\\\/uploads\\\/2022\\\/04\\\/01-7.jpeg\",\"contentUrl\":\"https:\\\/\\\/canal7slp.tv\\\/2022\\\/wp-content\\\/uploads\\\/2022\\\/04\\\/01-7.jpeg\",\"width\":1920,\"height\":1280,\"caption\":\"GUADALAJARA, JALISCO, 02DICIEMBRE2021.- Un operativo de la Marina Armada de M\u00e9xico se llev\u00f3 a cabo en la colonia Jardines Alcalde, en Guadalajara.\u00a0En la zona se contabilizaron alrededor de 20 a 30 veh\u00edculos de la SEMAR y un helic\u00f3ptero sobre la zona. Aunque no se ha dado a conocer informaci\u00f3n sobre el movimiento, en la zona hay elementos a pie, apoyados por un helic\u00f3ptero de la misma secretar\u00eda que sobrevol\u00f3 la zona a muy baja altura. Aparentemente este operativo es parte de las acciones se est\u00e1n realizando es debido a los hechos que se registraron en semanas anteriores, como la detenci\u00f3n de la esposa de Nemesio Oseguera Cervantes \u201cEl Mencho\u201d y por la privaci\u00f3n de la libertad de dos elementos de la Marina. FOTO: FERNANDO CARRANZA GARCIA \\\/ CUARTOSCURO.COM\"},{\"@type\":\"BreadcrumbList\",\"@id\":\"https:\\\/\\\/canal7slp.tv\\\/2022\\\/reportan-secuestro-de-dos-mujeres-militares-a-manos-de-presuntos-integrantes-del-cjng\\\/#breadcrumb\",\"itemListElement\":[{\"@type\":\"ListItem\",\"position\":1,\"name\":\"Portada\",\"item\":\"https:\\\/\\\/canal7slp.tv\\\/2022\\\/\"},{\"@type\":\"ListItem\",\"position\":2,\"name\":\"Reportan secuestro de dos mujeres militares a manos de presuntos integrantes del CJNG\"}]},{\"@type\":\"WebSite\",\"@id\":\"https:\\\/\\\/canal7slp.tv\\\/2022\\\/#website\",\"url\":\"https:\\\/\\\/canal7slp.tv\\\/2022\\\/\",\"name\":\"N7 - Noticieros Canal 7\",\"description\":\"Somos Televisi\u00f3n\",\"publisher\":{\"@id\":\"https:\\\/\\\/canal7slp.tv\\\/2022\\\/#organization\"},\"potentialAction\":[{\"@type\":\"SearchAction\",\"target\":{\"@type\":\"EntryPoint\",\"urlTemplate\":\"https:\\\/\\\/canal7slp.tv\\\/2022\\\/?s={search_term_string}\"},\"query-input\":{\"@type\":\"PropertyValueSpecification\",\"valueRequired\":true,\"valueName\":\"search_term_string\"}}],\"inLanguage\":\"es\"},{\"@type\":\"Organization\",\"@id\":\"https:\\\/\\\/canal7slp.tv\\\/2022\\\/#organization\",\"name\":\"Noticieros Canal 7\",\"url\":\"https:\\\/\\\/canal7slp.tv\\\/2022\\\/\",\"logo\":{\"@type\":\"ImageObject\",\"inLanguage\":\"es\",\"@id\":\"https:\\\/\\\/canal7slp.tv\\\/2022\\\/#\\\/schema\\\/logo\\\/image\\\/\",\"url\":\"https:\\\/\\\/canal7slp.tv\\\/2022\\\/wp-content\\\/uploads\\\/2021\\\/01\\\/logo-noticieros@2x.png\",\"contentUrl\":\"https:\\\/\\\/canal7slp.tv\\\/2022\\\/wp-content\\\/uploads\\\/2021\\\/01\\\/logo-noticieros@2x.png\",\"width\":1017,\"height\":268,\"caption\":\"Noticieros Canal 7\"},\"image\":{\"@id\":\"https:\\\/\\\/canal7slp.tv\\\/2022\\\/#\\\/schema\\\/logo\\\/image\\\/\"},\"sameAs\":[\"https:\\\/\\\/www.facebook.com\\\/noticieroscanalsiete\",\"https:\\\/\\\/x.com\\\/NOTICIEROS7\",\"https:\\\/\\\/www.instagram.com\\\/canal7_slp\",\"https:\\\/\\\/www.youtube.com\\\/channel\\\/UCliiYs-gP3JfJeqdPrNdd5A\"]},{\"@type\":\"Person\",\"@id\":\"https:\\\/\\\/canal7slp.tv\\\/2022\\\/#\\\/schema\\\/person\\\/429704152a21f5f856ce29aa69a238da\",\"name\":\"Edici\u00f3n Web\",\"image\":{\"@type\":\"ImageObject\",\"inLanguage\":\"es\",\"@id\":\"https:\\\/\\\/secure.gravatar.com\\\/avatar\\\/eee448fc3f7164808013b816ba91ac7e43bbe82a70bebac296f8bc6f0addaa1a?s=96&d=mm&r=g\",\"url\":\"https:\\\/\\\/secure.gravatar.com\\\/avatar\\\/eee448fc3f7164808013b816ba91ac7e43bbe82a70bebac296f8bc6f0addaa1a?s=96&d=mm&r=g\",\"contentUrl\":\"https:\\\/\\\/secure.gravatar.com\\\/avatar\\\/eee448fc3f7164808013b816ba91ac7e43bbe82a70bebac296f8bc6f0addaa1a?s=96&d=mm&r=g\",\"caption\":\"Edici\u00f3n Web\"},\"url\":\"https:\\\/\\\/canal7slp.tv\\\/2022\\\/author\\\/edicionweb\\\/\"}]}<\/script>\n<!-- \/ Yoast SEO plugin. -->","yoast_head_json":{"title":"Reportan secuestro de dos mujeres militares a manos de presuntos integrantes del CJNG - Canal 7 SLP - 2022","robots":{"index":"index","follow":"follow","max-snippet":"max-snippet:-1","max-image-preview":"max-image-preview:large","max-video-preview":"max-video-preview:-1"},"canonical":"https:\/\/canal7slp.tv\/2022\/reportan-secuestro-de-dos-mujeres-militares-a-manos-de-presuntos-integrantes-del-cjng\/","og_locale":"es_ES","og_type":"article","og_title":"Reportan secuestro de dos mujeres militares a manos de presuntos integrantes del CJNG - Canal 7 SLP - 2022","og_description":"M\u00e9xico.- Vicente P\u00e9rez L\u00f3pez, general de brigada, confirm\u00f3 que dos mujeres militares pertenecientes a la Secretar\u00eda de la Defensa Nacional (SEDENA) fueron secuestradas mientras vacacionaban en el municipio de Puerto Vallarta. Las militares, una proct\u00f3loga y una oficinista, fueron privadas de la libertad por presuntos elementos del crimen organizado durante la madrugada de este 28 de abril en el fraccionamiento Marina Vallarta. \u201cFueron secuestradas por el simple hecho de formar parte del Ej\u00e9rcito mexicano, por el simple hecho de portar uniforme y eso consideramos es un acto de cobard\u00eda\u201d, detall\u00f3 P\u00e9rez L\u00f3pez. Agreg\u00f3 que se solicit\u00f3 apoyo de otros miembros [&hellip;]","og_url":"https:\/\/canal7slp.tv\/2022\/reportan-secuestro-de-dos-mujeres-militares-a-manos-de-presuntos-integrantes-del-cjng\/","og_site_name":"Canal 7 SLP - 2022","article_publisher":"https:\/\/www.facebook.com\/noticieroscanalsiete","article_published_time":"2022-04-28T22:11:40+00:00","og_image":[{"width":1920,"height":1280,"url":"https:\/\/canal7slp.tv\/2022\/wp-content\/uploads\/2022\/04\/01-7.jpeg","type":"image\/jpeg"}],"author":"Edici\u00f3n Web","twitter_card":"summary_large_image","twitter_creator":"@NOTICIEROS7","twitter_site":"@NOTICIEROS7","twitter_misc":{"Escrito por":"Edici\u00f3n Web","Tiempo de lectura":"1 minuto"},"schema":{"@context":"https:\/\/schema.org","@graph":[{"@type":"Article","@id":"https:\/\/canal7slp.tv\/2022\/reportan-secuestro-de-dos-mujeres-militares-a-manos-de-presuntos-integrantes-del-cjng\/#article","isPartOf":{"@id":"https:\/\/canal7slp.tv\/2022\/reportan-secuestro-de-dos-mujeres-militares-a-manos-de-presuntos-integrantes-del-cjng\/"},"author":{"name":"Edici\u00f3n Web","@id":"https:\/\/canal7slp.tv\/2022\/#\/schema\/person\/429704152a21f5f856ce29aa69a238da"},"headline":"Reportan secuestro de dos mujeres militares a manos de presuntos integrantes del CJNG","datePublished":"2022-04-28T22:11:40+00:00","mainEntityOfPage":{"@id":"https:\/\/canal7slp.tv\/2022\/reportan-secuestro-de-dos-mujeres-militares-a-manos-de-presuntos-integrantes-del-cjng\/"},"wordCount":191,"publisher":{"@id":"https:\/\/canal7slp.tv\/2022\/#organization"},"image":{"@id":"https:\/\/canal7slp.tv\/2022\/reportan-secuestro-de-dos-mujeres-militares-a-manos-de-presuntos-integrantes-del-cjng\/#primaryimage"},"thumbnailUrl":"https:\/\/canal7slp.tv\/2022\/wp-content\/uploads\/2022\/04\/01-7.jpeg","articleSection":["NACIONALES"],"inLanguage":"es"},{"@type":"WebPage","@id":"https:\/\/canal7slp.tv\/2022\/reportan-secuestro-de-dos-mujeres-militares-a-manos-de-presuntos-integrantes-del-cjng\/","url":"https:\/\/canal7slp.tv\/2022\/reportan-secuestro-de-dos-mujeres-militares-a-manos-de-presuntos-integrantes-del-cjng\/","name":"Reportan secuestro de dos mujeres militares a manos de presuntos integrantes del CJNG - Canal 7 SLP - 2022","isPartOf":{"@id":"https:\/\/canal7slp.tv\/2022\/#website"},"primaryImageOfPage":{"@id":"https:\/\/canal7slp.tv\/2022\/reportan-secuestro-de-dos-mujeres-militares-a-manos-de-presuntos-integrantes-del-cjng\/#primaryimage"},"image":{"@id":"https:\/\/canal7slp.tv\/2022\/reportan-secuestro-de-dos-mujeres-militares-a-manos-de-presuntos-integrantes-del-cjng\/#primaryimage"},"thumbnailUrl":"https:\/\/canal7slp.tv\/2022\/wp-content\/uploads\/2022\/04\/01-7.jpeg","datePublished":"2022-04-28T22:11:40+00:00","breadcrumb":{"@id":"https:\/\/canal7slp.tv\/2022\/reportan-secuestro-de-dos-mujeres-militares-a-manos-de-presuntos-integrantes-del-cjng\/#breadcrumb"},"inLanguage":"es","potentialAction":[{"@type":"ReadAction","target":["https:\/\/canal7slp.tv\/2022\/reportan-secuestro-de-dos-mujeres-militares-a-manos-de-presuntos-integrantes-del-cjng\/"]}]},{"@type":"ImageObject","inLanguage":"es","@id":"https:\/\/canal7slp.tv\/2022\/reportan-secuestro-de-dos-mujeres-militares-a-manos-de-presuntos-integrantes-del-cjng\/#primaryimage","url":"https:\/\/canal7slp.tv\/2022\/wp-content\/uploads\/2022\/04\/01-7.jpeg","contentUrl":"https:\/\/canal7slp.tv\/2022\/wp-content\/uploads\/2022\/04\/01-7.jpeg","width":1920,"height":1280,"caption":"GUADALAJARA, JALISCO, 02DICIEMBRE2021.- Un operativo de la Marina Armada de M\u00e9xico se llev\u00f3 a cabo en la colonia Jardines Alcalde, en Guadalajara.\u00a0En la zona se contabilizaron alrededor de 20 a 30 veh\u00edculos de la SEMAR y un helic\u00f3ptero sobre la zona. Aunque no se ha dado a conocer informaci\u00f3n sobre el movimiento, en la zona hay elementos a pie, apoyados por un helic\u00f3ptero de la misma secretar\u00eda que sobrevol\u00f3 la zona a muy baja altura. Aparentemente este operativo es parte de las acciones se est\u00e1n realizando es debido a los hechos que se registraron en semanas anteriores, como la detenci\u00f3n de la esposa de Nemesio Oseguera Cervantes \u201cEl Mencho\u201d y por la privaci\u00f3n de la libertad de dos elementos de la Marina. FOTO: FERNANDO CARRANZA GARCIA \/ CUARTOSCURO.COM"},{"@type":"BreadcrumbList","@id":"https:\/\/canal7slp.tv\/2022\/reportan-secuestro-de-dos-mujeres-militares-a-manos-de-presuntos-integrantes-del-cjng\/#breadcrumb","itemListElement":[{"@type":"ListItem","position":1,"name":"Portada","item":"https:\/\/canal7slp.tv\/2022\/"},{"@type":"ListItem","position":2,"name":"Reportan secuestro de dos mujeres militares a manos de presuntos integrantes del CJNG"}]},{"@type":"WebSite","@id":"https:\/\/canal7slp.tv\/2022\/#website","url":"https:\/\/canal7slp.tv\/2022\/","name":"N7 - Noticieros Canal 7","description":"Somos Televisi\u00f3n","publisher":{"@id":"https:\/\/canal7slp.tv\/2022\/#organization"},"potentialAction":[{"@type":"SearchAction","target":{"@type":"EntryPoint","urlTemplate":"https:\/\/canal7slp.tv\/2022\/?s={search_term_string}"},"query-input":{"@type":"PropertyValueSpecification","valueRequired":true,"valueName":"search_term_string"}}],"inLanguage":"es"},{"@type":"Organization","@id":"https:\/\/canal7slp.tv\/2022\/#organization","name":"Noticieros Canal 7","url":"https:\/\/canal7slp.tv\/2022\/","logo":{"@type":"ImageObject","inLanguage":"es","@id":"https:\/\/canal7slp.tv\/2022\/#\/schema\/logo\/image\/","url":"https:\/\/canal7slp.tv\/2022\/wp-content\/uploads\/2021\/01\/logo-noticieros@2x.png","contentUrl":"https:\/\/canal7slp.tv\/2022\/wp-content\/uploads\/2021\/01\/logo-noticieros@2x.png","width":1017,"height":268,"caption":"Noticieros Canal 7"},"image":{"@id":"https:\/\/canal7slp.tv\/2022\/#\/schema\/logo\/image\/"},"sameAs":["https:\/\/www.facebook.com\/noticieroscanalsiete","https:\/\/x.com\/NOTICIEROS7","https:\/\/www.instagram.com\/canal7_slp","https:\/\/www.youtube.com\/channel\/UCliiYs-gP3JfJeqdPrNdd5A"]},{"@type":"Person","@id":"https:\/\/canal7slp.tv\/2022\/#\/schema\/person\/429704152a21f5f856ce29aa69a238da","name":"Edici\u00f3n Web","image":{"@type":"ImageObject","inLanguage":"es","@id":"https:\/\/secure.gravatar.com\/avatar\/eee448fc3f7164808013b816ba91ac7e43bbe82a70bebac296f8bc6f0addaa1a?s=96&d=mm&r=g","url":"https:\/\/secure.gravatar.com\/avatar\/eee448fc3f7164808013b816ba91ac7e43bbe82a70bebac296f8bc6f0addaa1a?s=96&d=mm&r=g","contentUrl":"https:\/\/secure.gravatar.com\/avatar\/eee448fc3f7164808013b816ba91ac7e43bbe82a70bebac296f8bc6f0addaa1a?s=96&d=mm&r=g","caption":"Edici\u00f3n Web"},"url":"https:\/\/canal7slp.tv\/2022\/author\/edicionweb\/"}]}},"amp_enabled":true,"_links":{"self":[{"href":"https:\/\/canal7slp.tv\/2022\/wp-json\/wp\/v2\/posts\/58557","targetHints":{"allow":["GET"]}}],"collection":[{"href":"https:\/\/canal7slp.tv\/2022\/wp-json\/wp\/v2\/posts"}],"about":[{"href":"https:\/\/canal7slp.tv\/2022\/wp-json\/wp\/v2\/types\/post"}],"author":[{"embeddable":true,"href":"https:\/\/canal7slp.tv\/2022\/wp-json\/wp\/v2\/users\/2"}],"replies":[{"embeddable":true,"href":"https:\/\/canal7slp.tv\/2022\/wp-json\/wp\/v2\/comments?post=58557"}],"version-history":[{"count":2,"href":"https:\/\/canal7slp.tv\/2022\/wp-json\/wp\/v2\/posts\/58557\/revisions"}],"predecessor-version":[{"id":58579,"href":"https:\/\/canal7slp.tv\/2022\/wp-json\/wp\/v2\/posts\/58557\/revisions\/58579"}],"wp:featuredmedia":[{"embeddable":true,"href":"https:\/\/canal7slp.tv\/2022\/wp-json\/wp\/v2\/media\/58569"}],"wp:attachment":[{"href":"https:\/\/canal7slp.tv\/2022\/wp-json\/wp\/v2\/media?parent=58557"}],"wp:term":[{"taxonomy":"category","embeddable":true,"href":"https:\/\/canal7slp.tv\/2022\/wp-json\/wp\/v2\/categories?post=58557"},{"taxonomy":"post_tag","embeddable":true,"href":"https:\/\/canal7slp.tv\/2022\/wp-json\/wp\/v2\/tags?post=58557"}],"curies":[{"name":"wp","href":"https:\/\/api.w.org\/{rel}","templated":true}]}}