{"id":58545,"date":"2022-04-28T13:47:09","date_gmt":"2022-04-28T19:47:09","guid":{"rendered":"https:\/\/canal7slp.tv\/2022\/?p=58545"},"modified":"2022-04-28T13:50:08","modified_gmt":"2022-04-28T19:50:08","slug":"jaguares-san-luis-fc-en-el-nacional-de-futbol","status":"publish","type":"post","link":"https:\/\/canal7slp.tv\/2022\/jaguares-san-luis-fc-en-el-nacional-de-futbol\/","title":{"rendered":"Jaguares San Luis FC en el nacional de f\u00fatbol."},"content":{"rendered":"<p style=\"text-align: justify;\">SLP.- La Academia de Futbol Jaguares San Luis FC representar\u00e1 a San Luis Potos\u00ed dentro del Campeonato Nacional de Futbol Sub-11, avalado por la Federaci\u00f3n Mexicana de Futbol-Sector Amateur y que se llevar\u00e1 a cabo a partir del domingo 1 de mayo en la ciudad de Chetumal, Quintana Roo.<\/p>\n<p style=\"text-align: justify;\">La escuadra de Jaguares se gan\u00f3 su lugar luego de haber ganado la eliminatoria estatal al cuadro de los Reales FC.<\/p>\n<p style=\"text-align: justify;\">Este evento es de corte nacional, donde estar\u00e1n presentes equipos de los 32 estados de la rep\u00fablica mexicana, y en donde los Jaguares de San Luis, le toc\u00f3 estar en el grupo \u00abE\u00bb junto con Jalisco, Guerrero y Quer\u00e9taro, esperando tener una muy buena actuaci\u00f3n.<\/p>\n","protected":false},"excerpt":{"rendered":"<p>SLP.- La Academia de Futbol Jaguares San Luis FC representar\u00e1 a San Luis Potos\u00ed dentro del Campeonato Nacional de Futbol Sub-11, avalado por la Federaci\u00f3n Mexicana de Futbol-Sector Amateur y que se llevar\u00e1 a cabo a partir del domingo 1 de mayo en la ciudad de Chetumal, Quintana Roo. La escuadra de Jaguares se gan\u00f3 su lugar luego de haber ganado la eliminatoria estatal al cuadro de los Reales FC. Este evento es de corte nacional, donde estar\u00e1n presentes equipos de los 32 estados de la rep\u00fablica mexicana, y en donde los Jaguares de San Luis, le toc\u00f3 estar en [&hellip;]<\/p>\n","protected":false},"author":2,"featured_media":58554,"comment_status":"closed","ping_status":"closed","sticky":false,"template":"","format":"video","meta":{"footnotes":""},"categories":[7,5],"tags":[],"class_list":["post-58545","post","type-post","status-publish","format-video","has-post-thumbnail","hentry","category-deportes","category-destacadas","post_format-post-format-video","post--single"],"yoast_head":"<!-- This site is optimized with the Yoast SEO plugin v27.4 - https:\/\/yoast.com\/product\/yoast-seo-wordpress\/ -->\n<title>Jaguares San Luis FC en el nacional de f\u00fatbol. - Canal 7 SLP - 2022<\/title>\n<meta name=\"robots\" content=\"index, follow, max-snippet:-1, max-image-preview:large, max-video-preview:-1\" \/>\n<link rel=\"canonical\" href=\"https:\/\/canal7slp.tv\/2022\/jaguares-san-luis-fc-en-el-nacional-de-futbol\/\" \/>\n<meta property=\"og:locale\" content=\"es_ES\" \/>\n<meta property=\"og:type\" content=\"article\" \/>\n<meta property=\"og:title\" content=\"Jaguares San Luis FC en el nacional de f\u00fatbol. - Canal 7 SLP - 2022\" \/>\n<meta property=\"og:description\" content=\"SLP.- La Academia de Futbol Jaguares San Luis FC representar\u00e1 a San Luis Potos\u00ed dentro del Campeonato Nacional de Futbol Sub-11, avalado por la Federaci\u00f3n Mexicana de Futbol-Sector Amateur y que se llevar\u00e1 a cabo a partir del domingo 1 de mayo en la ciudad de Chetumal, Quintana Roo. La escuadra de Jaguares se gan\u00f3 su lugar luego de haber ganado la eliminatoria estatal al cuadro de los Reales FC. Este evento es de corte nacional, donde estar\u00e1n presentes equipos de los 32 estados de la rep\u00fablica mexicana, y en donde los Jaguares de San Luis, le toc\u00f3 estar en [&hellip;]\" \/>\n<meta property=\"og:url\" content=\"https:\/\/canal7slp.tv\/2022\/jaguares-san-luis-fc-en-el-nacional-de-futbol\/\" \/>\n<meta property=\"og:site_name\" content=\"Canal 7 SLP - 2022\" \/>\n<meta property=\"article:publisher\" content=\"https:\/\/www.facebook.com\/noticieroscanalsiete\" \/>\n<meta property=\"article:published_time\" content=\"2022-04-28T19:47:09+00:00\" \/>\n<meta property=\"article:modified_time\" content=\"2022-04-28T19:50:08+00:00\" \/>\n<meta property=\"og:image\" content=\"https:\/\/canal7slp.tv\/2022\/wp-content\/uploads\/2022\/04\/Froi03Futbol.jpg\" \/>\n\t<meta property=\"og:image:width\" content=\"888\" \/>\n\t<meta property=\"og:image:height\" content=\"500\" \/>\n\t<meta property=\"og:image:type\" content=\"image\/jpeg\" \/>\n<meta name=\"author\" content=\"Edici\u00f3n Web\" \/>\n<meta name=\"twitter:card\" content=\"summary_large_image\" \/>\n<meta name=\"twitter:creator\" content=\"@NOTICIEROS7\" \/>\n<meta name=\"twitter:site\" content=\"@NOTICIEROS7\" \/>\n<meta name=\"twitter:label1\" content=\"Escrito por\" \/>\n\t<meta name=\"twitter:data1\" content=\"Edici\u00f3n Web\" \/>\n<script type=\"application\/ld+json\" class=\"yoast-schema-graph\">{\"@context\":\"https:\\\/\\\/schema.org\",\"@graph\":[{\"@type\":\"Article\",\"@id\":\"https:\\\/\\\/canal7slp.tv\\\/2022\\\/jaguares-san-luis-fc-en-el-nacional-de-futbol\\\/#article\",\"isPartOf\":{\"@id\":\"https:\\\/\\\/canal7slp.tv\\\/2022\\\/jaguares-san-luis-fc-en-el-nacional-de-futbol\\\/\"},\"author\":{\"name\":\"Edici\u00f3n Web\",\"@id\":\"https:\\\/\\\/canal7slp.tv\\\/2022\\\/#\\\/schema\\\/person\\\/429704152a21f5f856ce29aa69a238da\"},\"headline\":\"Jaguares San Luis FC en el nacional de f\u00fatbol.\",\"datePublished\":\"2022-04-28T19:47:09+00:00\",\"dateModified\":\"2022-04-28T19:50:08+00:00\",\"mainEntityOfPage\":{\"@id\":\"https:\\\/\\\/canal7slp.tv\\\/2022\\\/jaguares-san-luis-fc-en-el-nacional-de-futbol\\\/\"},\"wordCount\":129,\"publisher\":{\"@id\":\"https:\\\/\\\/canal7slp.tv\\\/2022\\\/#organization\"},\"image\":{\"@id\":\"https:\\\/\\\/canal7slp.tv\\\/2022\\\/jaguares-san-luis-fc-en-el-nacional-de-futbol\\\/#primaryimage\"},\"thumbnailUrl\":\"https:\\\/\\\/canal7slp.tv\\\/2022\\\/wp-content\\\/uploads\\\/2022\\\/04\\\/Froi03Futbol.jpg\",\"articleSection\":[\"DEPORTES\",\"DESTACADAS\"],\"inLanguage\":\"es\"},{\"@type\":\"WebPage\",\"@id\":\"https:\\\/\\\/canal7slp.tv\\\/2022\\\/jaguares-san-luis-fc-en-el-nacional-de-futbol\\\/\",\"url\":\"https:\\\/\\\/canal7slp.tv\\\/2022\\\/jaguares-san-luis-fc-en-el-nacional-de-futbol\\\/\",\"name\":\"Jaguares San Luis FC en el nacional de f\u00fatbol. - Canal 7 SLP - 2022\",\"isPartOf\":{\"@id\":\"https:\\\/\\\/canal7slp.tv\\\/2022\\\/#website\"},\"primaryImageOfPage\":{\"@id\":\"https:\\\/\\\/canal7slp.tv\\\/2022\\\/jaguares-san-luis-fc-en-el-nacional-de-futbol\\\/#primaryimage\"},\"image\":{\"@id\":\"https:\\\/\\\/canal7slp.tv\\\/2022\\\/jaguares-san-luis-fc-en-el-nacional-de-futbol\\\/#primaryimage\"},\"thumbnailUrl\":\"https:\\\/\\\/canal7slp.tv\\\/2022\\\/wp-content\\\/uploads\\\/2022\\\/04\\\/Froi03Futbol.jpg\",\"datePublished\":\"2022-04-28T19:47:09+00:00\",\"dateModified\":\"2022-04-28T19:50:08+00:00\",\"breadcrumb\":{\"@id\":\"https:\\\/\\\/canal7slp.tv\\\/2022\\\/jaguares-san-luis-fc-en-el-nacional-de-futbol\\\/#breadcrumb\"},\"inLanguage\":\"es\",\"potentialAction\":[{\"@type\":\"ReadAction\",\"target\":[\"https:\\\/\\\/canal7slp.tv\\\/2022\\\/jaguares-san-luis-fc-en-el-nacional-de-futbol\\\/\"]}]},{\"@type\":\"ImageObject\",\"inLanguage\":\"es\",\"@id\":\"https:\\\/\\\/canal7slp.tv\\\/2022\\\/jaguares-san-luis-fc-en-el-nacional-de-futbol\\\/#primaryimage\",\"url\":\"https:\\\/\\\/canal7slp.tv\\\/2022\\\/wp-content\\\/uploads\\\/2022\\\/04\\\/Froi03Futbol.jpg\",\"contentUrl\":\"https:\\\/\\\/canal7slp.tv\\\/2022\\\/wp-content\\\/uploads\\\/2022\\\/04\\\/Froi03Futbol.jpg\",\"width\":888,\"height\":500},{\"@type\":\"BreadcrumbList\",\"@id\":\"https:\\\/\\\/canal7slp.tv\\\/2022\\\/jaguares-san-luis-fc-en-el-nacional-de-futbol\\\/#breadcrumb\",\"itemListElement\":[{\"@type\":\"ListItem\",\"position\":1,\"name\":\"Portada\",\"item\":\"https:\\\/\\\/canal7slp.tv\\\/2022\\\/\"},{\"@type\":\"ListItem\",\"position\":2,\"name\":\"Jaguares San Luis FC en el nacional de f\u00fatbol.\"}]},{\"@type\":\"WebSite\",\"@id\":\"https:\\\/\\\/canal7slp.tv\\\/2022\\\/#website\",\"url\":\"https:\\\/\\\/canal7slp.tv\\\/2022\\\/\",\"name\":\"N7 - Noticieros Canal 7\",\"description\":\"Somos Televisi\u00f3n\",\"publisher\":{\"@id\":\"https:\\\/\\\/canal7slp.tv\\\/2022\\\/#organization\"},\"potentialAction\":[{\"@type\":\"SearchAction\",\"target\":{\"@type\":\"EntryPoint\",\"urlTemplate\":\"https:\\\/\\\/canal7slp.tv\\\/2022\\\/?s={search_term_string}\"},\"query-input\":{\"@type\":\"PropertyValueSpecification\",\"valueRequired\":true,\"valueName\":\"search_term_string\"}}],\"inLanguage\":\"es\"},{\"@type\":\"Organization\",\"@id\":\"https:\\\/\\\/canal7slp.tv\\\/2022\\\/#organization\",\"name\":\"Noticieros Canal 7\",\"url\":\"https:\\\/\\\/canal7slp.tv\\\/2022\\\/\",\"logo\":{\"@type\":\"ImageObject\",\"inLanguage\":\"es\",\"@id\":\"https:\\\/\\\/canal7slp.tv\\\/2022\\\/#\\\/schema\\\/logo\\\/image\\\/\",\"url\":\"https:\\\/\\\/canal7slp.tv\\\/2022\\\/wp-content\\\/uploads\\\/2021\\\/01\\\/logo-noticieros@2x.png\",\"contentUrl\":\"https:\\\/\\\/canal7slp.tv\\\/2022\\\/wp-content\\\/uploads\\\/2021\\\/01\\\/logo-noticieros@2x.png\",\"width\":1017,\"height\":268,\"caption\":\"Noticieros Canal 7\"},\"image\":{\"@id\":\"https:\\\/\\\/canal7slp.tv\\\/2022\\\/#\\\/schema\\\/logo\\\/image\\\/\"},\"sameAs\":[\"https:\\\/\\\/www.facebook.com\\\/noticieroscanalsiete\",\"https:\\\/\\\/x.com\\\/NOTICIEROS7\",\"https:\\\/\\\/www.instagram.com\\\/canal7_slp\",\"https:\\\/\\\/www.youtube.com\\\/channel\\\/UCliiYs-gP3JfJeqdPrNdd5A\"]},{\"@type\":\"Person\",\"@id\":\"https:\\\/\\\/canal7slp.tv\\\/2022\\\/#\\\/schema\\\/person\\\/429704152a21f5f856ce29aa69a238da\",\"name\":\"Edici\u00f3n Web\",\"image\":{\"@type\":\"ImageObject\",\"inLanguage\":\"es\",\"@id\":\"https:\\\/\\\/secure.gravatar.com\\\/avatar\\\/eee448fc3f7164808013b816ba91ac7e43bbe82a70bebac296f8bc6f0addaa1a?s=96&d=mm&r=g\",\"url\":\"https:\\\/\\\/secure.gravatar.com\\\/avatar\\\/eee448fc3f7164808013b816ba91ac7e43bbe82a70bebac296f8bc6f0addaa1a?s=96&d=mm&r=g\",\"contentUrl\":\"https:\\\/\\\/secure.gravatar.com\\\/avatar\\\/eee448fc3f7164808013b816ba91ac7e43bbe82a70bebac296f8bc6f0addaa1a?s=96&d=mm&r=g\",\"caption\":\"Edici\u00f3n Web\"},\"url\":\"https:\\\/\\\/canal7slp.tv\\\/2022\\\/author\\\/edicionweb\\\/\"}]}<\/script>\n<!-- \/ Yoast SEO plugin. -->","yoast_head_json":{"title":"Jaguares San Luis FC en el nacional de f\u00fatbol. - Canal 7 SLP - 2022","robots":{"index":"index","follow":"follow","max-snippet":"max-snippet:-1","max-image-preview":"max-image-preview:large","max-video-preview":"max-video-preview:-1"},"canonical":"https:\/\/canal7slp.tv\/2022\/jaguares-san-luis-fc-en-el-nacional-de-futbol\/","og_locale":"es_ES","og_type":"article","og_title":"Jaguares San Luis FC en el nacional de f\u00fatbol. - Canal 7 SLP - 2022","og_description":"SLP.- La Academia de Futbol Jaguares San Luis FC representar\u00e1 a San Luis Potos\u00ed dentro del Campeonato Nacional de Futbol Sub-11, avalado por la Federaci\u00f3n Mexicana de Futbol-Sector Amateur y que se llevar\u00e1 a cabo a partir del domingo 1 de mayo en la ciudad de Chetumal, Quintana Roo. La escuadra de Jaguares se gan\u00f3 su lugar luego de haber ganado la eliminatoria estatal al cuadro de los Reales FC. Este evento es de corte nacional, donde estar\u00e1n presentes equipos de los 32 estados de la rep\u00fablica mexicana, y en donde los Jaguares de San Luis, le toc\u00f3 estar en [&hellip;]","og_url":"https:\/\/canal7slp.tv\/2022\/jaguares-san-luis-fc-en-el-nacional-de-futbol\/","og_site_name":"Canal 7 SLP - 2022","article_publisher":"https:\/\/www.facebook.com\/noticieroscanalsiete","article_published_time":"2022-04-28T19:47:09+00:00","article_modified_time":"2022-04-28T19:50:08+00:00","og_image":[{"width":888,"height":500,"url":"https:\/\/canal7slp.tv\/2022\/wp-content\/uploads\/2022\/04\/Froi03Futbol.jpg","type":"image\/jpeg"}],"author":"Edici\u00f3n Web","twitter_card":"summary_large_image","twitter_creator":"@NOTICIEROS7","twitter_site":"@NOTICIEROS7","twitter_misc":{"Escrito por":"Edici\u00f3n Web"},"schema":{"@context":"https:\/\/schema.org","@graph":[{"@type":"Article","@id":"https:\/\/canal7slp.tv\/2022\/jaguares-san-luis-fc-en-el-nacional-de-futbol\/#article","isPartOf":{"@id":"https:\/\/canal7slp.tv\/2022\/jaguares-san-luis-fc-en-el-nacional-de-futbol\/"},"author":{"name":"Edici\u00f3n Web","@id":"https:\/\/canal7slp.tv\/2022\/#\/schema\/person\/429704152a21f5f856ce29aa69a238da"},"headline":"Jaguares San Luis FC en el nacional de f\u00fatbol.","datePublished":"2022-04-28T19:47:09+00:00","dateModified":"2022-04-28T19:50:08+00:00","mainEntityOfPage":{"@id":"https:\/\/canal7slp.tv\/2022\/jaguares-san-luis-fc-en-el-nacional-de-futbol\/"},"wordCount":129,"publisher":{"@id":"https:\/\/canal7slp.tv\/2022\/#organization"},"image":{"@id":"https:\/\/canal7slp.tv\/2022\/jaguares-san-luis-fc-en-el-nacional-de-futbol\/#primaryimage"},"thumbnailUrl":"https:\/\/canal7slp.tv\/2022\/wp-content\/uploads\/2022\/04\/Froi03Futbol.jpg","articleSection":["DEPORTES","DESTACADAS"],"inLanguage":"es"},{"@type":"WebPage","@id":"https:\/\/canal7slp.tv\/2022\/jaguares-san-luis-fc-en-el-nacional-de-futbol\/","url":"https:\/\/canal7slp.tv\/2022\/jaguares-san-luis-fc-en-el-nacional-de-futbol\/","name":"Jaguares San Luis FC en el nacional de f\u00fatbol. - Canal 7 SLP - 2022","isPartOf":{"@id":"https:\/\/canal7slp.tv\/2022\/#website"},"primaryImageOfPage":{"@id":"https:\/\/canal7slp.tv\/2022\/jaguares-san-luis-fc-en-el-nacional-de-futbol\/#primaryimage"},"image":{"@id":"https:\/\/canal7slp.tv\/2022\/jaguares-san-luis-fc-en-el-nacional-de-futbol\/#primaryimage"},"thumbnailUrl":"https:\/\/canal7slp.tv\/2022\/wp-content\/uploads\/2022\/04\/Froi03Futbol.jpg","datePublished":"2022-04-28T19:47:09+00:00","dateModified":"2022-04-28T19:50:08+00:00","breadcrumb":{"@id":"https:\/\/canal7slp.tv\/2022\/jaguares-san-luis-fc-en-el-nacional-de-futbol\/#breadcrumb"},"inLanguage":"es","potentialAction":[{"@type":"ReadAction","target":["https:\/\/canal7slp.tv\/2022\/jaguares-san-luis-fc-en-el-nacional-de-futbol\/"]}]},{"@type":"ImageObject","inLanguage":"es","@id":"https:\/\/canal7slp.tv\/2022\/jaguares-san-luis-fc-en-el-nacional-de-futbol\/#primaryimage","url":"https:\/\/canal7slp.tv\/2022\/wp-content\/uploads\/2022\/04\/Froi03Futbol.jpg","contentUrl":"https:\/\/canal7slp.tv\/2022\/wp-content\/uploads\/2022\/04\/Froi03Futbol.jpg","width":888,"height":500},{"@type":"BreadcrumbList","@id":"https:\/\/canal7slp.tv\/2022\/jaguares-san-luis-fc-en-el-nacional-de-futbol\/#breadcrumb","itemListElement":[{"@type":"ListItem","position":1,"name":"Portada","item":"https:\/\/canal7slp.tv\/2022\/"},{"@type":"ListItem","position":2,"name":"Jaguares San Luis FC en el nacional de f\u00fatbol."}]},{"@type":"WebSite","@id":"https:\/\/canal7slp.tv\/2022\/#website","url":"https:\/\/canal7slp.tv\/2022\/","name":"N7 - Noticieros Canal 7","description":"Somos Televisi\u00f3n","publisher":{"@id":"https:\/\/canal7slp.tv\/2022\/#organization"},"potentialAction":[{"@type":"SearchAction","target":{"@type":"EntryPoint","urlTemplate":"https:\/\/canal7slp.tv\/2022\/?s={search_term_string}"},"query-input":{"@type":"PropertyValueSpecification","valueRequired":true,"valueName":"search_term_string"}}],"inLanguage":"es"},{"@type":"Organization","@id":"https:\/\/canal7slp.tv\/2022\/#organization","name":"Noticieros Canal 7","url":"https:\/\/canal7slp.tv\/2022\/","logo":{"@type":"ImageObject","inLanguage":"es","@id":"https:\/\/canal7slp.tv\/2022\/#\/schema\/logo\/image\/","url":"https:\/\/canal7slp.tv\/2022\/wp-content\/uploads\/2021\/01\/logo-noticieros@2x.png","contentUrl":"https:\/\/canal7slp.tv\/2022\/wp-content\/uploads\/2021\/01\/logo-noticieros@2x.png","width":1017,"height":268,"caption":"Noticieros Canal 7"},"image":{"@id":"https:\/\/canal7slp.tv\/2022\/#\/schema\/logo\/image\/"},"sameAs":["https:\/\/www.facebook.com\/noticieroscanalsiete","https:\/\/x.com\/NOTICIEROS7","https:\/\/www.instagram.com\/canal7_slp","https:\/\/www.youtube.com\/channel\/UCliiYs-gP3JfJeqdPrNdd5A"]},{"@type":"Person","@id":"https:\/\/canal7slp.tv\/2022\/#\/schema\/person\/429704152a21f5f856ce29aa69a238da","name":"Edici\u00f3n Web","image":{"@type":"ImageObject","inLanguage":"es","@id":"https:\/\/secure.gravatar.com\/avatar\/eee448fc3f7164808013b816ba91ac7e43bbe82a70bebac296f8bc6f0addaa1a?s=96&d=mm&r=g","url":"https:\/\/secure.gravatar.com\/avatar\/eee448fc3f7164808013b816ba91ac7e43bbe82a70bebac296f8bc6f0addaa1a?s=96&d=mm&r=g","contentUrl":"https:\/\/secure.gravatar.com\/avatar\/eee448fc3f7164808013b816ba91ac7e43bbe82a70bebac296f8bc6f0addaa1a?s=96&d=mm&r=g","caption":"Edici\u00f3n Web"},"url":"https:\/\/canal7slp.tv\/2022\/author\/edicionweb\/"}]}},"amp_enabled":true,"_links":{"self":[{"href":"https:\/\/canal7slp.tv\/2022\/wp-json\/wp\/v2\/posts\/58545","targetHints":{"allow":["GET"]}}],"collection":[{"href":"https:\/\/canal7slp.tv\/2022\/wp-json\/wp\/v2\/posts"}],"about":[{"href":"https:\/\/canal7slp.tv\/2022\/wp-json\/wp\/v2\/types\/post"}],"author":[{"embeddable":true,"href":"https:\/\/canal7slp.tv\/2022\/wp-json\/wp\/v2\/users\/2"}],"replies":[{"embeddable":true,"href":"https:\/\/canal7slp.tv\/2022\/wp-json\/wp\/v2\/comments?post=58545"}],"version-history":[{"count":4,"href":"https:\/\/canal7slp.tv\/2022\/wp-json\/wp\/v2\/posts\/58545\/revisions"}],"predecessor-version":[{"id":58556,"href":"https:\/\/canal7slp.tv\/2022\/wp-json\/wp\/v2\/posts\/58545\/revisions\/58556"}],"wp:featuredmedia":[{"embeddable":true,"href":"https:\/\/canal7slp.tv\/2022\/wp-json\/wp\/v2\/media\/58554"}],"wp:attachment":[{"href":"https:\/\/canal7slp.tv\/2022\/wp-json\/wp\/v2\/media?parent=58545"}],"wp:term":[{"taxonomy":"category","embeddable":true,"href":"https:\/\/canal7slp.tv\/2022\/wp-json\/wp\/v2\/categories?post=58545"},{"taxonomy":"post_tag","embeddable":true,"href":"https:\/\/canal7slp.tv\/2022\/wp-json\/wp\/v2\/tags?post=58545"}],"curies":[{"name":"wp","href":"https:\/\/api.w.org\/{rel}","templated":true}]}}