{"id":58543,"date":"2022-04-28T13:43:55","date_gmt":"2022-04-28T19:43:55","guid":{"rendered":"https:\/\/canal7slp.tv\/2022\/?p=58543"},"modified":"2022-04-28T13:43:55","modified_gmt":"2022-04-28T19:43:55","slug":"por-el-dia-del-nino-funcion-de-lucha-libre-este-sabado-en-plaza-de-fundadores","status":"publish","type":"post","link":"https:\/\/canal7slp.tv\/2022\/por-el-dia-del-nino-funcion-de-lucha-libre-este-sabado-en-plaza-de-fundadores\/","title":{"rendered":"Por el D\u00eda del Ni\u00f1o funci\u00f3n de lucha libre este s\u00e1bado en Plaza de Fundadores."},"content":{"rendered":"<p style=\"text-align: justify;\">SLP.- La Direcci\u00f3n de Deporte Municipal del H. Ayuntamiento de San Luis Potos\u00ed, alista una gran funci\u00f3n de lucha libre para el s\u00e1bado 30 de abril en la Plaza de los Fundadores, donde se dar\u00e1n cita los mejores exponentes de la lucha libre potosina y a la cabeza estar\u00e1 \u201cDemus 3:16\u201d, una de las figuras de la arena Naucalpan.<\/p>\n<p style=\"text-align: justify;\">El cartel que se ha confeccionado cuenta con lo mejor de la baraja potosina, por lo que en la batalla estelar se presentan: Rey \u00c1guila y Bogar Jr para complementar el bando rudo, ante la tripleta \u201ccient\u00edfica\u201d de Rayo de Plata Jr, Heredero y King Pegaso.<\/p>\n<p style=\"text-align: justify;\">La contienda semiestelar tendr\u00e1 nada menos que al mejor de los ex\u00f3ticos en San Luis Potos\u00ed, Sexy Salazar quien ser\u00e1 acompa\u00f1ado por Ni\u00f1o Monta\u00f1a y \u00daltimo Tiger contra Bogar, Mr. Tromba y Extreme Fly.<\/p>\n<p style=\"text-align: justify;\">La lucha especial de la tarde cuenta con Saeta del Ring, Payaso M\u00e1gico y Rey Diamante contra la dinast\u00eda azul de Coyote Azul, Coyote Azul Jr y Oro Azul.<\/p>\n<p style=\"text-align: justify;\">Para dicha funci\u00f3n se contempla al popular \u201cCachetes\u201d y a \u201cBreack Demon\u201d como r\u00e9feris de las contiendas.<\/p>\n<p style=\"text-align: justify;\">La funci\u00f3n dar\u00e1 comienzo a las 17:00 horas y se tendr\u00e1n sorpresas para todos los asistentes, pero de manera particular para los ni\u00f1os en su d\u00eda.<\/p>\n","protected":false},"excerpt":{"rendered":"<p>SLP.- La Direcci\u00f3n de Deporte Municipal del H. Ayuntamiento de San Luis Potos\u00ed, alista una gran funci\u00f3n de lucha libre para el s\u00e1bado 30 de abril en la Plaza de los Fundadores, donde se dar\u00e1n cita los mejores exponentes de la lucha libre potosina y a la cabeza estar\u00e1 \u201cDemus 3:16\u201d, una de las figuras de la arena Naucalpan. El cartel que se ha confeccionado cuenta con lo mejor de la baraja potosina, por lo que en la batalla estelar se presentan: Rey \u00c1guila y Bogar Jr para complementar el bando rudo, ante la tripleta \u201ccient\u00edfica\u201d de Rayo de Plata [&hellip;]<\/p>\n","protected":false},"author":2,"featured_media":58551,"comment_status":"closed","ping_status":"closed","sticky":false,"template":"","format":"video","meta":{"footnotes":""},"categories":[7,5],"tags":[],"class_list":["post-58543","post","type-post","status-publish","format-video","has-post-thumbnail","hentry","category-deportes","category-destacadas","post_format-post-format-video","post--single"],"yoast_head":"<!-- This site is optimized with the Yoast SEO plugin v27.4 - https:\/\/yoast.com\/product\/yoast-seo-wordpress\/ -->\n<title>Por el D\u00eda del Ni\u00f1o funci\u00f3n de lucha libre este s\u00e1bado en Plaza de Fundadores. - Canal 7 SLP - 2022<\/title>\n<meta name=\"robots\" content=\"index, follow, max-snippet:-1, max-image-preview:large, max-video-preview:-1\" \/>\n<link rel=\"canonical\" href=\"https:\/\/canal7slp.tv\/2022\/por-el-dia-del-nino-funcion-de-lucha-libre-este-sabado-en-plaza-de-fundadores\/\" \/>\n<meta property=\"og:locale\" content=\"es_ES\" \/>\n<meta property=\"og:type\" content=\"article\" \/>\n<meta property=\"og:title\" content=\"Por el D\u00eda del Ni\u00f1o funci\u00f3n de lucha libre este s\u00e1bado en Plaza de Fundadores. - Canal 7 SLP - 2022\" \/>\n<meta property=\"og:description\" content=\"SLP.- La Direcci\u00f3n de Deporte Municipal del H. Ayuntamiento de San Luis Potos\u00ed, alista una gran funci\u00f3n de lucha libre para el s\u00e1bado 30 de abril en la Plaza de los Fundadores, donde se dar\u00e1n cita los mejores exponentes de la lucha libre potosina y a la cabeza estar\u00e1 \u201cDemus 3:16\u201d, una de las figuras de la arena Naucalpan. El cartel que se ha confeccionado cuenta con lo mejor de la baraja potosina, por lo que en la batalla estelar se presentan: Rey \u00c1guila y Bogar Jr para complementar el bando rudo, ante la tripleta \u201ccient\u00edfica\u201d de Rayo de Plata [&hellip;]\" \/>\n<meta property=\"og:url\" content=\"https:\/\/canal7slp.tv\/2022\/por-el-dia-del-nino-funcion-de-lucha-libre-este-sabado-en-plaza-de-fundadores\/\" \/>\n<meta property=\"og:site_name\" content=\"Canal 7 SLP - 2022\" \/>\n<meta property=\"article:publisher\" content=\"https:\/\/www.facebook.com\/noticieroscanalsiete\" \/>\n<meta property=\"article:published_time\" content=\"2022-04-28T19:43:55+00:00\" \/>\n<meta property=\"og:image\" content=\"https:\/\/canal7slp.tv\/2022\/wp-content\/uploads\/2022\/04\/Froi01Luchas-1.jpg\" \/>\n\t<meta property=\"og:image:width\" content=\"888\" \/>\n\t<meta property=\"og:image:height\" content=\"500\" \/>\n\t<meta property=\"og:image:type\" content=\"image\/jpeg\" \/>\n<meta name=\"author\" content=\"Edici\u00f3n Web\" \/>\n<meta name=\"twitter:card\" content=\"summary_large_image\" \/>\n<meta name=\"twitter:creator\" content=\"@NOTICIEROS7\" \/>\n<meta name=\"twitter:site\" content=\"@NOTICIEROS7\" \/>\n<meta name=\"twitter:label1\" content=\"Escrito por\" \/>\n\t<meta name=\"twitter:data1\" content=\"Edici\u00f3n Web\" \/>\n\t<meta name=\"twitter:label2\" content=\"Tiempo de lectura\" \/>\n\t<meta name=\"twitter:data2\" content=\"1 minuto\" \/>\n<script type=\"application\/ld+json\" class=\"yoast-schema-graph\">{\"@context\":\"https:\\\/\\\/schema.org\",\"@graph\":[{\"@type\":\"Article\",\"@id\":\"https:\\\/\\\/canal7slp.tv\\\/2022\\\/por-el-dia-del-nino-funcion-de-lucha-libre-este-sabado-en-plaza-de-fundadores\\\/#article\",\"isPartOf\":{\"@id\":\"https:\\\/\\\/canal7slp.tv\\\/2022\\\/por-el-dia-del-nino-funcion-de-lucha-libre-este-sabado-en-plaza-de-fundadores\\\/\"},\"author\":{\"name\":\"Edici\u00f3n Web\",\"@id\":\"https:\\\/\\\/canal7slp.tv\\\/2022\\\/#\\\/schema\\\/person\\\/429704152a21f5f856ce29aa69a238da\"},\"headline\":\"Por el D\u00eda del Ni\u00f1o funci\u00f3n de lucha libre este s\u00e1bado en Plaza de Fundadores.\",\"datePublished\":\"2022-04-28T19:43:55+00:00\",\"mainEntityOfPage\":{\"@id\":\"https:\\\/\\\/canal7slp.tv\\\/2022\\\/por-el-dia-del-nino-funcion-de-lucha-libre-este-sabado-en-plaza-de-fundadores\\\/\"},\"wordCount\":245,\"publisher\":{\"@id\":\"https:\\\/\\\/canal7slp.tv\\\/2022\\\/#organization\"},\"image\":{\"@id\":\"https:\\\/\\\/canal7slp.tv\\\/2022\\\/por-el-dia-del-nino-funcion-de-lucha-libre-este-sabado-en-plaza-de-fundadores\\\/#primaryimage\"},\"thumbnailUrl\":\"https:\\\/\\\/canal7slp.tv\\\/2022\\\/wp-content\\\/uploads\\\/2022\\\/04\\\/Froi01Luchas-1.jpg\",\"articleSection\":[\"DEPORTES\",\"DESTACADAS\"],\"inLanguage\":\"es\"},{\"@type\":\"WebPage\",\"@id\":\"https:\\\/\\\/canal7slp.tv\\\/2022\\\/por-el-dia-del-nino-funcion-de-lucha-libre-este-sabado-en-plaza-de-fundadores\\\/\",\"url\":\"https:\\\/\\\/canal7slp.tv\\\/2022\\\/por-el-dia-del-nino-funcion-de-lucha-libre-este-sabado-en-plaza-de-fundadores\\\/\",\"name\":\"Por el D\u00eda del Ni\u00f1o funci\u00f3n de lucha libre este s\u00e1bado en Plaza de Fundadores. - Canal 7 SLP - 2022\",\"isPartOf\":{\"@id\":\"https:\\\/\\\/canal7slp.tv\\\/2022\\\/#website\"},\"primaryImageOfPage\":{\"@id\":\"https:\\\/\\\/canal7slp.tv\\\/2022\\\/por-el-dia-del-nino-funcion-de-lucha-libre-este-sabado-en-plaza-de-fundadores\\\/#primaryimage\"},\"image\":{\"@id\":\"https:\\\/\\\/canal7slp.tv\\\/2022\\\/por-el-dia-del-nino-funcion-de-lucha-libre-este-sabado-en-plaza-de-fundadores\\\/#primaryimage\"},\"thumbnailUrl\":\"https:\\\/\\\/canal7slp.tv\\\/2022\\\/wp-content\\\/uploads\\\/2022\\\/04\\\/Froi01Luchas-1.jpg\",\"datePublished\":\"2022-04-28T19:43:55+00:00\",\"breadcrumb\":{\"@id\":\"https:\\\/\\\/canal7slp.tv\\\/2022\\\/por-el-dia-del-nino-funcion-de-lucha-libre-este-sabado-en-plaza-de-fundadores\\\/#breadcrumb\"},\"inLanguage\":\"es\",\"potentialAction\":[{\"@type\":\"ReadAction\",\"target\":[\"https:\\\/\\\/canal7slp.tv\\\/2022\\\/por-el-dia-del-nino-funcion-de-lucha-libre-este-sabado-en-plaza-de-fundadores\\\/\"]}]},{\"@type\":\"ImageObject\",\"inLanguage\":\"es\",\"@id\":\"https:\\\/\\\/canal7slp.tv\\\/2022\\\/por-el-dia-del-nino-funcion-de-lucha-libre-este-sabado-en-plaza-de-fundadores\\\/#primaryimage\",\"url\":\"https:\\\/\\\/canal7slp.tv\\\/2022\\\/wp-content\\\/uploads\\\/2022\\\/04\\\/Froi01Luchas-1.jpg\",\"contentUrl\":\"https:\\\/\\\/canal7slp.tv\\\/2022\\\/wp-content\\\/uploads\\\/2022\\\/04\\\/Froi01Luchas-1.jpg\",\"width\":888,\"height\":500},{\"@type\":\"BreadcrumbList\",\"@id\":\"https:\\\/\\\/canal7slp.tv\\\/2022\\\/por-el-dia-del-nino-funcion-de-lucha-libre-este-sabado-en-plaza-de-fundadores\\\/#breadcrumb\",\"itemListElement\":[{\"@type\":\"ListItem\",\"position\":1,\"name\":\"Portada\",\"item\":\"https:\\\/\\\/canal7slp.tv\\\/2022\\\/\"},{\"@type\":\"ListItem\",\"position\":2,\"name\":\"Por el D\u00eda del Ni\u00f1o funci\u00f3n de lucha libre este s\u00e1bado en Plaza de Fundadores.\"}]},{\"@type\":\"WebSite\",\"@id\":\"https:\\\/\\\/canal7slp.tv\\\/2022\\\/#website\",\"url\":\"https:\\\/\\\/canal7slp.tv\\\/2022\\\/\",\"name\":\"N7 - Noticieros Canal 7\",\"description\":\"Somos Televisi\u00f3n\",\"publisher\":{\"@id\":\"https:\\\/\\\/canal7slp.tv\\\/2022\\\/#organization\"},\"potentialAction\":[{\"@type\":\"SearchAction\",\"target\":{\"@type\":\"EntryPoint\",\"urlTemplate\":\"https:\\\/\\\/canal7slp.tv\\\/2022\\\/?s={search_term_string}\"},\"query-input\":{\"@type\":\"PropertyValueSpecification\",\"valueRequired\":true,\"valueName\":\"search_term_string\"}}],\"inLanguage\":\"es\"},{\"@type\":\"Organization\",\"@id\":\"https:\\\/\\\/canal7slp.tv\\\/2022\\\/#organization\",\"name\":\"Noticieros Canal 7\",\"url\":\"https:\\\/\\\/canal7slp.tv\\\/2022\\\/\",\"logo\":{\"@type\":\"ImageObject\",\"inLanguage\":\"es\",\"@id\":\"https:\\\/\\\/canal7slp.tv\\\/2022\\\/#\\\/schema\\\/logo\\\/image\\\/\",\"url\":\"https:\\\/\\\/canal7slp.tv\\\/2022\\\/wp-content\\\/uploads\\\/2021\\\/01\\\/logo-noticieros@2x.png\",\"contentUrl\":\"https:\\\/\\\/canal7slp.tv\\\/2022\\\/wp-content\\\/uploads\\\/2021\\\/01\\\/logo-noticieros@2x.png\",\"width\":1017,\"height\":268,\"caption\":\"Noticieros Canal 7\"},\"image\":{\"@id\":\"https:\\\/\\\/canal7slp.tv\\\/2022\\\/#\\\/schema\\\/logo\\\/image\\\/\"},\"sameAs\":[\"https:\\\/\\\/www.facebook.com\\\/noticieroscanalsiete\",\"https:\\\/\\\/x.com\\\/NOTICIEROS7\",\"https:\\\/\\\/www.instagram.com\\\/canal7_slp\",\"https:\\\/\\\/www.youtube.com\\\/channel\\\/UCliiYs-gP3JfJeqdPrNdd5A\"]},{\"@type\":\"Person\",\"@id\":\"https:\\\/\\\/canal7slp.tv\\\/2022\\\/#\\\/schema\\\/person\\\/429704152a21f5f856ce29aa69a238da\",\"name\":\"Edici\u00f3n Web\",\"image\":{\"@type\":\"ImageObject\",\"inLanguage\":\"es\",\"@id\":\"https:\\\/\\\/secure.gravatar.com\\\/avatar\\\/eee448fc3f7164808013b816ba91ac7e43bbe82a70bebac296f8bc6f0addaa1a?s=96&d=mm&r=g\",\"url\":\"https:\\\/\\\/secure.gravatar.com\\\/avatar\\\/eee448fc3f7164808013b816ba91ac7e43bbe82a70bebac296f8bc6f0addaa1a?s=96&d=mm&r=g\",\"contentUrl\":\"https:\\\/\\\/secure.gravatar.com\\\/avatar\\\/eee448fc3f7164808013b816ba91ac7e43bbe82a70bebac296f8bc6f0addaa1a?s=96&d=mm&r=g\",\"caption\":\"Edici\u00f3n Web\"},\"url\":\"https:\\\/\\\/canal7slp.tv\\\/2022\\\/author\\\/edicionweb\\\/\"}]}<\/script>\n<!-- \/ Yoast SEO plugin. -->","yoast_head_json":{"title":"Por el D\u00eda del Ni\u00f1o funci\u00f3n de lucha libre este s\u00e1bado en Plaza de Fundadores. - Canal 7 SLP - 2022","robots":{"index":"index","follow":"follow","max-snippet":"max-snippet:-1","max-image-preview":"max-image-preview:large","max-video-preview":"max-video-preview:-1"},"canonical":"https:\/\/canal7slp.tv\/2022\/por-el-dia-del-nino-funcion-de-lucha-libre-este-sabado-en-plaza-de-fundadores\/","og_locale":"es_ES","og_type":"article","og_title":"Por el D\u00eda del Ni\u00f1o funci\u00f3n de lucha libre este s\u00e1bado en Plaza de Fundadores. - Canal 7 SLP - 2022","og_description":"SLP.- La Direcci\u00f3n de Deporte Municipal del H. Ayuntamiento de San Luis Potos\u00ed, alista una gran funci\u00f3n de lucha libre para el s\u00e1bado 30 de abril en la Plaza de los Fundadores, donde se dar\u00e1n cita los mejores exponentes de la lucha libre potosina y a la cabeza estar\u00e1 \u201cDemus 3:16\u201d, una de las figuras de la arena Naucalpan. El cartel que se ha confeccionado cuenta con lo mejor de la baraja potosina, por lo que en la batalla estelar se presentan: Rey \u00c1guila y Bogar Jr para complementar el bando rudo, ante la tripleta \u201ccient\u00edfica\u201d de Rayo de Plata [&hellip;]","og_url":"https:\/\/canal7slp.tv\/2022\/por-el-dia-del-nino-funcion-de-lucha-libre-este-sabado-en-plaza-de-fundadores\/","og_site_name":"Canal 7 SLP - 2022","article_publisher":"https:\/\/www.facebook.com\/noticieroscanalsiete","article_published_time":"2022-04-28T19:43:55+00:00","og_image":[{"width":888,"height":500,"url":"https:\/\/canal7slp.tv\/2022\/wp-content\/uploads\/2022\/04\/Froi01Luchas-1.jpg","type":"image\/jpeg"}],"author":"Edici\u00f3n Web","twitter_card":"summary_large_image","twitter_creator":"@NOTICIEROS7","twitter_site":"@NOTICIEROS7","twitter_misc":{"Escrito por":"Edici\u00f3n Web","Tiempo de lectura":"1 minuto"},"schema":{"@context":"https:\/\/schema.org","@graph":[{"@type":"Article","@id":"https:\/\/canal7slp.tv\/2022\/por-el-dia-del-nino-funcion-de-lucha-libre-este-sabado-en-plaza-de-fundadores\/#article","isPartOf":{"@id":"https:\/\/canal7slp.tv\/2022\/por-el-dia-del-nino-funcion-de-lucha-libre-este-sabado-en-plaza-de-fundadores\/"},"author":{"name":"Edici\u00f3n Web","@id":"https:\/\/canal7slp.tv\/2022\/#\/schema\/person\/429704152a21f5f856ce29aa69a238da"},"headline":"Por el D\u00eda del Ni\u00f1o funci\u00f3n de lucha libre este s\u00e1bado en Plaza de Fundadores.","datePublished":"2022-04-28T19:43:55+00:00","mainEntityOfPage":{"@id":"https:\/\/canal7slp.tv\/2022\/por-el-dia-del-nino-funcion-de-lucha-libre-este-sabado-en-plaza-de-fundadores\/"},"wordCount":245,"publisher":{"@id":"https:\/\/canal7slp.tv\/2022\/#organization"},"image":{"@id":"https:\/\/canal7slp.tv\/2022\/por-el-dia-del-nino-funcion-de-lucha-libre-este-sabado-en-plaza-de-fundadores\/#primaryimage"},"thumbnailUrl":"https:\/\/canal7slp.tv\/2022\/wp-content\/uploads\/2022\/04\/Froi01Luchas-1.jpg","articleSection":["DEPORTES","DESTACADAS"],"inLanguage":"es"},{"@type":"WebPage","@id":"https:\/\/canal7slp.tv\/2022\/por-el-dia-del-nino-funcion-de-lucha-libre-este-sabado-en-plaza-de-fundadores\/","url":"https:\/\/canal7slp.tv\/2022\/por-el-dia-del-nino-funcion-de-lucha-libre-este-sabado-en-plaza-de-fundadores\/","name":"Por el D\u00eda del Ni\u00f1o funci\u00f3n de lucha libre este s\u00e1bado en Plaza de Fundadores. - Canal 7 SLP - 2022","isPartOf":{"@id":"https:\/\/canal7slp.tv\/2022\/#website"},"primaryImageOfPage":{"@id":"https:\/\/canal7slp.tv\/2022\/por-el-dia-del-nino-funcion-de-lucha-libre-este-sabado-en-plaza-de-fundadores\/#primaryimage"},"image":{"@id":"https:\/\/canal7slp.tv\/2022\/por-el-dia-del-nino-funcion-de-lucha-libre-este-sabado-en-plaza-de-fundadores\/#primaryimage"},"thumbnailUrl":"https:\/\/canal7slp.tv\/2022\/wp-content\/uploads\/2022\/04\/Froi01Luchas-1.jpg","datePublished":"2022-04-28T19:43:55+00:00","breadcrumb":{"@id":"https:\/\/canal7slp.tv\/2022\/por-el-dia-del-nino-funcion-de-lucha-libre-este-sabado-en-plaza-de-fundadores\/#breadcrumb"},"inLanguage":"es","potentialAction":[{"@type":"ReadAction","target":["https:\/\/canal7slp.tv\/2022\/por-el-dia-del-nino-funcion-de-lucha-libre-este-sabado-en-plaza-de-fundadores\/"]}]},{"@type":"ImageObject","inLanguage":"es","@id":"https:\/\/canal7slp.tv\/2022\/por-el-dia-del-nino-funcion-de-lucha-libre-este-sabado-en-plaza-de-fundadores\/#primaryimage","url":"https:\/\/canal7slp.tv\/2022\/wp-content\/uploads\/2022\/04\/Froi01Luchas-1.jpg","contentUrl":"https:\/\/canal7slp.tv\/2022\/wp-content\/uploads\/2022\/04\/Froi01Luchas-1.jpg","width":888,"height":500},{"@type":"BreadcrumbList","@id":"https:\/\/canal7slp.tv\/2022\/por-el-dia-del-nino-funcion-de-lucha-libre-este-sabado-en-plaza-de-fundadores\/#breadcrumb","itemListElement":[{"@type":"ListItem","position":1,"name":"Portada","item":"https:\/\/canal7slp.tv\/2022\/"},{"@type":"ListItem","position":2,"name":"Por el D\u00eda del Ni\u00f1o funci\u00f3n de lucha libre este s\u00e1bado en Plaza de Fundadores."}]},{"@type":"WebSite","@id":"https:\/\/canal7slp.tv\/2022\/#website","url":"https:\/\/canal7slp.tv\/2022\/","name":"N7 - Noticieros Canal 7","description":"Somos Televisi\u00f3n","publisher":{"@id":"https:\/\/canal7slp.tv\/2022\/#organization"},"potentialAction":[{"@type":"SearchAction","target":{"@type":"EntryPoint","urlTemplate":"https:\/\/canal7slp.tv\/2022\/?s={search_term_string}"},"query-input":{"@type":"PropertyValueSpecification","valueRequired":true,"valueName":"search_term_string"}}],"inLanguage":"es"},{"@type":"Organization","@id":"https:\/\/canal7slp.tv\/2022\/#organization","name":"Noticieros Canal 7","url":"https:\/\/canal7slp.tv\/2022\/","logo":{"@type":"ImageObject","inLanguage":"es","@id":"https:\/\/canal7slp.tv\/2022\/#\/schema\/logo\/image\/","url":"https:\/\/canal7slp.tv\/2022\/wp-content\/uploads\/2021\/01\/logo-noticieros@2x.png","contentUrl":"https:\/\/canal7slp.tv\/2022\/wp-content\/uploads\/2021\/01\/logo-noticieros@2x.png","width":1017,"height":268,"caption":"Noticieros Canal 7"},"image":{"@id":"https:\/\/canal7slp.tv\/2022\/#\/schema\/logo\/image\/"},"sameAs":["https:\/\/www.facebook.com\/noticieroscanalsiete","https:\/\/x.com\/NOTICIEROS7","https:\/\/www.instagram.com\/canal7_slp","https:\/\/www.youtube.com\/channel\/UCliiYs-gP3JfJeqdPrNdd5A"]},{"@type":"Person","@id":"https:\/\/canal7slp.tv\/2022\/#\/schema\/person\/429704152a21f5f856ce29aa69a238da","name":"Edici\u00f3n Web","image":{"@type":"ImageObject","inLanguage":"es","@id":"https:\/\/secure.gravatar.com\/avatar\/eee448fc3f7164808013b816ba91ac7e43bbe82a70bebac296f8bc6f0addaa1a?s=96&d=mm&r=g","url":"https:\/\/secure.gravatar.com\/avatar\/eee448fc3f7164808013b816ba91ac7e43bbe82a70bebac296f8bc6f0addaa1a?s=96&d=mm&r=g","contentUrl":"https:\/\/secure.gravatar.com\/avatar\/eee448fc3f7164808013b816ba91ac7e43bbe82a70bebac296f8bc6f0addaa1a?s=96&d=mm&r=g","caption":"Edici\u00f3n Web"},"url":"https:\/\/canal7slp.tv\/2022\/author\/edicionweb\/"}]}},"amp_enabled":true,"_links":{"self":[{"href":"https:\/\/canal7slp.tv\/2022\/wp-json\/wp\/v2\/posts\/58543","targetHints":{"allow":["GET"]}}],"collection":[{"href":"https:\/\/canal7slp.tv\/2022\/wp-json\/wp\/v2\/posts"}],"about":[{"href":"https:\/\/canal7slp.tv\/2022\/wp-json\/wp\/v2\/types\/post"}],"author":[{"embeddable":true,"href":"https:\/\/canal7slp.tv\/2022\/wp-json\/wp\/v2\/users\/2"}],"replies":[{"embeddable":true,"href":"https:\/\/canal7slp.tv\/2022\/wp-json\/wp\/v2\/comments?post=58543"}],"version-history":[{"count":2,"href":"https:\/\/canal7slp.tv\/2022\/wp-json\/wp\/v2\/posts\/58543\/revisions"}],"predecessor-version":[{"id":58549,"href":"https:\/\/canal7slp.tv\/2022\/wp-json\/wp\/v2\/posts\/58543\/revisions\/58549"}],"wp:featuredmedia":[{"embeddable":true,"href":"https:\/\/canal7slp.tv\/2022\/wp-json\/wp\/v2\/media\/58551"}],"wp:attachment":[{"href":"https:\/\/canal7slp.tv\/2022\/wp-json\/wp\/v2\/media?parent=58543"}],"wp:term":[{"taxonomy":"category","embeddable":true,"href":"https:\/\/canal7slp.tv\/2022\/wp-json\/wp\/v2\/categories?post=58543"},{"taxonomy":"post_tag","embeddable":true,"href":"https:\/\/canal7slp.tv\/2022\/wp-json\/wp\/v2\/tags?post=58543"}],"curies":[{"name":"wp","href":"https:\/\/api.w.org\/{rel}","templated":true}]}}