{"id":58453,"date":"2022-04-27T13:18:36","date_gmt":"2022-04-27T19:18:36","guid":{"rendered":"https:\/\/canal7slp.tv\/2022\/?p=58453"},"modified":"2022-04-27T13:18:36","modified_gmt":"2022-04-27T19:18:36","slug":"la-nadadora-potosina-maria-jose-mata-cocco-lista-para-el-mundial-de-natacion","status":"publish","type":"post","link":"https:\/\/canal7slp.tv\/2022\/la-nadadora-potosina-maria-jose-mata-cocco-lista-para-el-mundial-de-natacion\/","title":{"rendered":"La nadadora potosina Mar\u00eda Jos\u00e9 Mata Cocco lista para el Mundial de Nataci\u00f3n."},"content":{"rendered":"<p style=\"text-align: justify;\">SLP.- Luego de obtener su boleto para participar en las pruebas de 100 y 200 metros mariposa en el Campeonato del Mundo de Nataci\u00f3n a celebrarse en Budapest, Hungr\u00eda en el mes de junio, la nadadora potosina Mar\u00eda Jos\u00e9 Mata Cocco se encuentra lista, al anunciar que ahora cuenta con el apoyo del INPODE, para poder realizar su viaje.<\/p>\n<p style=\"text-align: justify;\">Luego de que Mar\u00eda Jos\u00e9 no dio la marca para los Juegos Ol\u00edmpicos de Tokio, la CONADE le retir\u00f3 su beca, es por ello que poco a poco ha buscado apoyo para poder reunir la cantidad que necesita para poder realizar el viaje al Viejo Continente.<\/p>\n<p style=\"text-align: justify;\">La nadadora potosina no solo tendr\u00e1n que participar en el Campeonato Mundial, ya que antes, tendr\u00e1 que estar unos d\u00edas entrenando en Europa e incluso participando en el campeonato Mare Nostrum que se compone de tres eventos, un campamento en Barcelona y despu\u00e9s, el Campeonato del Mundo.<\/p>\n<p style=\"text-align: justify;\">Mar\u00eda Jos\u00e9 Mata Cocco tendr\u00eda que viajar el pr\u00f3ximo 28 de mayo para de esta forma poder cumplir con todo el protocolo establecido para los representantes mexicanos que acudir\u00e1 a esta justa internacional.<\/p>\n","protected":false},"excerpt":{"rendered":"<p>SLP.- Luego de obtener su boleto para participar en las pruebas de 100 y 200 metros mariposa en el Campeonato del Mundo de Nataci\u00f3n a celebrarse en Budapest, Hungr\u00eda en el mes de junio, la nadadora potosina Mar\u00eda Jos\u00e9 Mata Cocco se encuentra lista, al anunciar que ahora cuenta con el apoyo del INPODE, para poder realizar su viaje. Luego de que Mar\u00eda Jos\u00e9 no dio la marca para los Juegos Ol\u00edmpicos de Tokio, la CONADE le retir\u00f3 su beca, es por ello que poco a poco ha buscado apoyo para poder reunir la cantidad que necesita para poder realizar [&hellip;]<\/p>\n","protected":false},"author":2,"featured_media":58461,"comment_status":"closed","ping_status":"closed","sticky":false,"template":"","format":"video","meta":{"footnotes":""},"categories":[7,5],"tags":[],"class_list":["post-58453","post","type-post","status-publish","format-video","has-post-thumbnail","hentry","category-deportes","category-destacadas","post_format-post-format-video","post--single"],"yoast_head":"<!-- This site is optimized with the Yoast SEO plugin v27.4 - https:\/\/yoast.com\/product\/yoast-seo-wordpress\/ -->\n<title>La nadadora potosina Mar\u00eda Jos\u00e9 Mata Cocco lista para el Mundial de Nataci\u00f3n. - Canal 7 SLP - 2022<\/title>\n<meta name=\"robots\" content=\"index, follow, max-snippet:-1, max-image-preview:large, max-video-preview:-1\" \/>\n<link rel=\"canonical\" href=\"https:\/\/canal7slp.tv\/2022\/la-nadadora-potosina-maria-jose-mata-cocco-lista-para-el-mundial-de-natacion\/\" \/>\n<meta property=\"og:locale\" content=\"es_ES\" \/>\n<meta property=\"og:type\" content=\"article\" \/>\n<meta property=\"og:title\" content=\"La nadadora potosina Mar\u00eda Jos\u00e9 Mata Cocco lista para el Mundial de Nataci\u00f3n. - Canal 7 SLP - 2022\" \/>\n<meta property=\"og:description\" content=\"SLP.- Luego de obtener su boleto para participar en las pruebas de 100 y 200 metros mariposa en el Campeonato del Mundo de Nataci\u00f3n a celebrarse en Budapest, Hungr\u00eda en el mes de junio, la nadadora potosina Mar\u00eda Jos\u00e9 Mata Cocco se encuentra lista, al anunciar que ahora cuenta con el apoyo del INPODE, para poder realizar su viaje. Luego de que Mar\u00eda Jos\u00e9 no dio la marca para los Juegos Ol\u00edmpicos de Tokio, la CONADE le retir\u00f3 su beca, es por ello que poco a poco ha buscado apoyo para poder reunir la cantidad que necesita para poder realizar [&hellip;]\" \/>\n<meta property=\"og:url\" content=\"https:\/\/canal7slp.tv\/2022\/la-nadadora-potosina-maria-jose-mata-cocco-lista-para-el-mundial-de-natacion\/\" \/>\n<meta property=\"og:site_name\" content=\"Canal 7 SLP - 2022\" \/>\n<meta property=\"article:publisher\" content=\"https:\/\/www.facebook.com\/noticieroscanalsiete\" \/>\n<meta property=\"article:published_time\" content=\"2022-04-27T19:18:36+00:00\" \/>\n<meta property=\"og:image\" content=\"https:\/\/canal7slp.tv\/2022\/wp-content\/uploads\/2022\/04\/Froi03Natacion.jpg\" \/>\n\t<meta property=\"og:image:width\" content=\"888\" \/>\n\t<meta property=\"og:image:height\" content=\"500\" \/>\n\t<meta property=\"og:image:type\" content=\"image\/jpeg\" \/>\n<meta name=\"author\" content=\"Edici\u00f3n Web\" \/>\n<meta name=\"twitter:card\" content=\"summary_large_image\" \/>\n<meta name=\"twitter:creator\" content=\"@NOTICIEROS7\" \/>\n<meta name=\"twitter:site\" content=\"@NOTICIEROS7\" \/>\n<meta name=\"twitter:label1\" content=\"Escrito por\" \/>\n\t<meta name=\"twitter:data1\" content=\"Edici\u00f3n Web\" \/>\n\t<meta name=\"twitter:label2\" content=\"Tiempo de lectura\" \/>\n\t<meta name=\"twitter:data2\" content=\"1 minuto\" \/>\n<script type=\"application\/ld+json\" class=\"yoast-schema-graph\">{\"@context\":\"https:\\\/\\\/schema.org\",\"@graph\":[{\"@type\":\"Article\",\"@id\":\"https:\\\/\\\/canal7slp.tv\\\/2022\\\/la-nadadora-potosina-maria-jose-mata-cocco-lista-para-el-mundial-de-natacion\\\/#article\",\"isPartOf\":{\"@id\":\"https:\\\/\\\/canal7slp.tv\\\/2022\\\/la-nadadora-potosina-maria-jose-mata-cocco-lista-para-el-mundial-de-natacion\\\/\"},\"author\":{\"name\":\"Edici\u00f3n Web\",\"@id\":\"https:\\\/\\\/canal7slp.tv\\\/2022\\\/#\\\/schema\\\/person\\\/429704152a21f5f856ce29aa69a238da\"},\"headline\":\"La nadadora potosina Mar\u00eda Jos\u00e9 Mata Cocco lista para el Mundial de Nataci\u00f3n.\",\"datePublished\":\"2022-04-27T19:18:36+00:00\",\"mainEntityOfPage\":{\"@id\":\"https:\\\/\\\/canal7slp.tv\\\/2022\\\/la-nadadora-potosina-maria-jose-mata-cocco-lista-para-el-mundial-de-natacion\\\/\"},\"wordCount\":209,\"publisher\":{\"@id\":\"https:\\\/\\\/canal7slp.tv\\\/2022\\\/#organization\"},\"image\":{\"@id\":\"https:\\\/\\\/canal7slp.tv\\\/2022\\\/la-nadadora-potosina-maria-jose-mata-cocco-lista-para-el-mundial-de-natacion\\\/#primaryimage\"},\"thumbnailUrl\":\"https:\\\/\\\/canal7slp.tv\\\/2022\\\/wp-content\\\/uploads\\\/2022\\\/04\\\/Froi03Natacion.jpg\",\"articleSection\":[\"DEPORTES\",\"DESTACADAS\"],\"inLanguage\":\"es\"},{\"@type\":\"WebPage\",\"@id\":\"https:\\\/\\\/canal7slp.tv\\\/2022\\\/la-nadadora-potosina-maria-jose-mata-cocco-lista-para-el-mundial-de-natacion\\\/\",\"url\":\"https:\\\/\\\/canal7slp.tv\\\/2022\\\/la-nadadora-potosina-maria-jose-mata-cocco-lista-para-el-mundial-de-natacion\\\/\",\"name\":\"La nadadora potosina Mar\u00eda Jos\u00e9 Mata Cocco lista para el Mundial de Nataci\u00f3n. - Canal 7 SLP - 2022\",\"isPartOf\":{\"@id\":\"https:\\\/\\\/canal7slp.tv\\\/2022\\\/#website\"},\"primaryImageOfPage\":{\"@id\":\"https:\\\/\\\/canal7slp.tv\\\/2022\\\/la-nadadora-potosina-maria-jose-mata-cocco-lista-para-el-mundial-de-natacion\\\/#primaryimage\"},\"image\":{\"@id\":\"https:\\\/\\\/canal7slp.tv\\\/2022\\\/la-nadadora-potosina-maria-jose-mata-cocco-lista-para-el-mundial-de-natacion\\\/#primaryimage\"},\"thumbnailUrl\":\"https:\\\/\\\/canal7slp.tv\\\/2022\\\/wp-content\\\/uploads\\\/2022\\\/04\\\/Froi03Natacion.jpg\",\"datePublished\":\"2022-04-27T19:18:36+00:00\",\"breadcrumb\":{\"@id\":\"https:\\\/\\\/canal7slp.tv\\\/2022\\\/la-nadadora-potosina-maria-jose-mata-cocco-lista-para-el-mundial-de-natacion\\\/#breadcrumb\"},\"inLanguage\":\"es\",\"potentialAction\":[{\"@type\":\"ReadAction\",\"target\":[\"https:\\\/\\\/canal7slp.tv\\\/2022\\\/la-nadadora-potosina-maria-jose-mata-cocco-lista-para-el-mundial-de-natacion\\\/\"]}]},{\"@type\":\"ImageObject\",\"inLanguage\":\"es\",\"@id\":\"https:\\\/\\\/canal7slp.tv\\\/2022\\\/la-nadadora-potosina-maria-jose-mata-cocco-lista-para-el-mundial-de-natacion\\\/#primaryimage\",\"url\":\"https:\\\/\\\/canal7slp.tv\\\/2022\\\/wp-content\\\/uploads\\\/2022\\\/04\\\/Froi03Natacion.jpg\",\"contentUrl\":\"https:\\\/\\\/canal7slp.tv\\\/2022\\\/wp-content\\\/uploads\\\/2022\\\/04\\\/Froi03Natacion.jpg\",\"width\":888,\"height\":500},{\"@type\":\"BreadcrumbList\",\"@id\":\"https:\\\/\\\/canal7slp.tv\\\/2022\\\/la-nadadora-potosina-maria-jose-mata-cocco-lista-para-el-mundial-de-natacion\\\/#breadcrumb\",\"itemListElement\":[{\"@type\":\"ListItem\",\"position\":1,\"name\":\"Portada\",\"item\":\"https:\\\/\\\/canal7slp.tv\\\/2022\\\/\"},{\"@type\":\"ListItem\",\"position\":2,\"name\":\"La nadadora potosina Mar\u00eda Jos\u00e9 Mata Cocco lista para el Mundial de Nataci\u00f3n.\"}]},{\"@type\":\"WebSite\",\"@id\":\"https:\\\/\\\/canal7slp.tv\\\/2022\\\/#website\",\"url\":\"https:\\\/\\\/canal7slp.tv\\\/2022\\\/\",\"name\":\"N7 - Noticieros Canal 7\",\"description\":\"Somos Televisi\u00f3n\",\"publisher\":{\"@id\":\"https:\\\/\\\/canal7slp.tv\\\/2022\\\/#organization\"},\"potentialAction\":[{\"@type\":\"SearchAction\",\"target\":{\"@type\":\"EntryPoint\",\"urlTemplate\":\"https:\\\/\\\/canal7slp.tv\\\/2022\\\/?s={search_term_string}\"},\"query-input\":{\"@type\":\"PropertyValueSpecification\",\"valueRequired\":true,\"valueName\":\"search_term_string\"}}],\"inLanguage\":\"es\"},{\"@type\":\"Organization\",\"@id\":\"https:\\\/\\\/canal7slp.tv\\\/2022\\\/#organization\",\"name\":\"Noticieros Canal 7\",\"url\":\"https:\\\/\\\/canal7slp.tv\\\/2022\\\/\",\"logo\":{\"@type\":\"ImageObject\",\"inLanguage\":\"es\",\"@id\":\"https:\\\/\\\/canal7slp.tv\\\/2022\\\/#\\\/schema\\\/logo\\\/image\\\/\",\"url\":\"https:\\\/\\\/canal7slp.tv\\\/2022\\\/wp-content\\\/uploads\\\/2021\\\/01\\\/logo-noticieros@2x.png\",\"contentUrl\":\"https:\\\/\\\/canal7slp.tv\\\/2022\\\/wp-content\\\/uploads\\\/2021\\\/01\\\/logo-noticieros@2x.png\",\"width\":1017,\"height\":268,\"caption\":\"Noticieros Canal 7\"},\"image\":{\"@id\":\"https:\\\/\\\/canal7slp.tv\\\/2022\\\/#\\\/schema\\\/logo\\\/image\\\/\"},\"sameAs\":[\"https:\\\/\\\/www.facebook.com\\\/noticieroscanalsiete\",\"https:\\\/\\\/x.com\\\/NOTICIEROS7\",\"https:\\\/\\\/www.instagram.com\\\/canal7_slp\",\"https:\\\/\\\/www.youtube.com\\\/channel\\\/UCliiYs-gP3JfJeqdPrNdd5A\"]},{\"@type\":\"Person\",\"@id\":\"https:\\\/\\\/canal7slp.tv\\\/2022\\\/#\\\/schema\\\/person\\\/429704152a21f5f856ce29aa69a238da\",\"name\":\"Edici\u00f3n Web\",\"image\":{\"@type\":\"ImageObject\",\"inLanguage\":\"es\",\"@id\":\"https:\\\/\\\/secure.gravatar.com\\\/avatar\\\/eee448fc3f7164808013b816ba91ac7e43bbe82a70bebac296f8bc6f0addaa1a?s=96&d=mm&r=g\",\"url\":\"https:\\\/\\\/secure.gravatar.com\\\/avatar\\\/eee448fc3f7164808013b816ba91ac7e43bbe82a70bebac296f8bc6f0addaa1a?s=96&d=mm&r=g\",\"contentUrl\":\"https:\\\/\\\/secure.gravatar.com\\\/avatar\\\/eee448fc3f7164808013b816ba91ac7e43bbe82a70bebac296f8bc6f0addaa1a?s=96&d=mm&r=g\",\"caption\":\"Edici\u00f3n Web\"},\"url\":\"https:\\\/\\\/canal7slp.tv\\\/2022\\\/author\\\/edicionweb\\\/\"}]}<\/script>\n<!-- \/ Yoast SEO plugin. -->","yoast_head_json":{"title":"La nadadora potosina Mar\u00eda Jos\u00e9 Mata Cocco lista para el Mundial de Nataci\u00f3n. - Canal 7 SLP - 2022","robots":{"index":"index","follow":"follow","max-snippet":"max-snippet:-1","max-image-preview":"max-image-preview:large","max-video-preview":"max-video-preview:-1"},"canonical":"https:\/\/canal7slp.tv\/2022\/la-nadadora-potosina-maria-jose-mata-cocco-lista-para-el-mundial-de-natacion\/","og_locale":"es_ES","og_type":"article","og_title":"La nadadora potosina Mar\u00eda Jos\u00e9 Mata Cocco lista para el Mundial de Nataci\u00f3n. - Canal 7 SLP - 2022","og_description":"SLP.- Luego de obtener su boleto para participar en las pruebas de 100 y 200 metros mariposa en el Campeonato del Mundo de Nataci\u00f3n a celebrarse en Budapest, Hungr\u00eda en el mes de junio, la nadadora potosina Mar\u00eda Jos\u00e9 Mata Cocco se encuentra lista, al anunciar que ahora cuenta con el apoyo del INPODE, para poder realizar su viaje. Luego de que Mar\u00eda Jos\u00e9 no dio la marca para los Juegos Ol\u00edmpicos de Tokio, la CONADE le retir\u00f3 su beca, es por ello que poco a poco ha buscado apoyo para poder reunir la cantidad que necesita para poder realizar [&hellip;]","og_url":"https:\/\/canal7slp.tv\/2022\/la-nadadora-potosina-maria-jose-mata-cocco-lista-para-el-mundial-de-natacion\/","og_site_name":"Canal 7 SLP - 2022","article_publisher":"https:\/\/www.facebook.com\/noticieroscanalsiete","article_published_time":"2022-04-27T19:18:36+00:00","og_image":[{"width":888,"height":500,"url":"https:\/\/canal7slp.tv\/2022\/wp-content\/uploads\/2022\/04\/Froi03Natacion.jpg","type":"image\/jpeg"}],"author":"Edici\u00f3n Web","twitter_card":"summary_large_image","twitter_creator":"@NOTICIEROS7","twitter_site":"@NOTICIEROS7","twitter_misc":{"Escrito por":"Edici\u00f3n Web","Tiempo de lectura":"1 minuto"},"schema":{"@context":"https:\/\/schema.org","@graph":[{"@type":"Article","@id":"https:\/\/canal7slp.tv\/2022\/la-nadadora-potosina-maria-jose-mata-cocco-lista-para-el-mundial-de-natacion\/#article","isPartOf":{"@id":"https:\/\/canal7slp.tv\/2022\/la-nadadora-potosina-maria-jose-mata-cocco-lista-para-el-mundial-de-natacion\/"},"author":{"name":"Edici\u00f3n Web","@id":"https:\/\/canal7slp.tv\/2022\/#\/schema\/person\/429704152a21f5f856ce29aa69a238da"},"headline":"La nadadora potosina Mar\u00eda Jos\u00e9 Mata Cocco lista para el Mundial de Nataci\u00f3n.","datePublished":"2022-04-27T19:18:36+00:00","mainEntityOfPage":{"@id":"https:\/\/canal7slp.tv\/2022\/la-nadadora-potosina-maria-jose-mata-cocco-lista-para-el-mundial-de-natacion\/"},"wordCount":209,"publisher":{"@id":"https:\/\/canal7slp.tv\/2022\/#organization"},"image":{"@id":"https:\/\/canal7slp.tv\/2022\/la-nadadora-potosina-maria-jose-mata-cocco-lista-para-el-mundial-de-natacion\/#primaryimage"},"thumbnailUrl":"https:\/\/canal7slp.tv\/2022\/wp-content\/uploads\/2022\/04\/Froi03Natacion.jpg","articleSection":["DEPORTES","DESTACADAS"],"inLanguage":"es"},{"@type":"WebPage","@id":"https:\/\/canal7slp.tv\/2022\/la-nadadora-potosina-maria-jose-mata-cocco-lista-para-el-mundial-de-natacion\/","url":"https:\/\/canal7slp.tv\/2022\/la-nadadora-potosina-maria-jose-mata-cocco-lista-para-el-mundial-de-natacion\/","name":"La nadadora potosina Mar\u00eda Jos\u00e9 Mata Cocco lista para el Mundial de Nataci\u00f3n. - Canal 7 SLP - 2022","isPartOf":{"@id":"https:\/\/canal7slp.tv\/2022\/#website"},"primaryImageOfPage":{"@id":"https:\/\/canal7slp.tv\/2022\/la-nadadora-potosina-maria-jose-mata-cocco-lista-para-el-mundial-de-natacion\/#primaryimage"},"image":{"@id":"https:\/\/canal7slp.tv\/2022\/la-nadadora-potosina-maria-jose-mata-cocco-lista-para-el-mundial-de-natacion\/#primaryimage"},"thumbnailUrl":"https:\/\/canal7slp.tv\/2022\/wp-content\/uploads\/2022\/04\/Froi03Natacion.jpg","datePublished":"2022-04-27T19:18:36+00:00","breadcrumb":{"@id":"https:\/\/canal7slp.tv\/2022\/la-nadadora-potosina-maria-jose-mata-cocco-lista-para-el-mundial-de-natacion\/#breadcrumb"},"inLanguage":"es","potentialAction":[{"@type":"ReadAction","target":["https:\/\/canal7slp.tv\/2022\/la-nadadora-potosina-maria-jose-mata-cocco-lista-para-el-mundial-de-natacion\/"]}]},{"@type":"ImageObject","inLanguage":"es","@id":"https:\/\/canal7slp.tv\/2022\/la-nadadora-potosina-maria-jose-mata-cocco-lista-para-el-mundial-de-natacion\/#primaryimage","url":"https:\/\/canal7slp.tv\/2022\/wp-content\/uploads\/2022\/04\/Froi03Natacion.jpg","contentUrl":"https:\/\/canal7slp.tv\/2022\/wp-content\/uploads\/2022\/04\/Froi03Natacion.jpg","width":888,"height":500},{"@type":"BreadcrumbList","@id":"https:\/\/canal7slp.tv\/2022\/la-nadadora-potosina-maria-jose-mata-cocco-lista-para-el-mundial-de-natacion\/#breadcrumb","itemListElement":[{"@type":"ListItem","position":1,"name":"Portada","item":"https:\/\/canal7slp.tv\/2022\/"},{"@type":"ListItem","position":2,"name":"La nadadora potosina Mar\u00eda Jos\u00e9 Mata Cocco lista para el Mundial de Nataci\u00f3n."}]},{"@type":"WebSite","@id":"https:\/\/canal7slp.tv\/2022\/#website","url":"https:\/\/canal7slp.tv\/2022\/","name":"N7 - Noticieros Canal 7","description":"Somos Televisi\u00f3n","publisher":{"@id":"https:\/\/canal7slp.tv\/2022\/#organization"},"potentialAction":[{"@type":"SearchAction","target":{"@type":"EntryPoint","urlTemplate":"https:\/\/canal7slp.tv\/2022\/?s={search_term_string}"},"query-input":{"@type":"PropertyValueSpecification","valueRequired":true,"valueName":"search_term_string"}}],"inLanguage":"es"},{"@type":"Organization","@id":"https:\/\/canal7slp.tv\/2022\/#organization","name":"Noticieros Canal 7","url":"https:\/\/canal7slp.tv\/2022\/","logo":{"@type":"ImageObject","inLanguage":"es","@id":"https:\/\/canal7slp.tv\/2022\/#\/schema\/logo\/image\/","url":"https:\/\/canal7slp.tv\/2022\/wp-content\/uploads\/2021\/01\/logo-noticieros@2x.png","contentUrl":"https:\/\/canal7slp.tv\/2022\/wp-content\/uploads\/2021\/01\/logo-noticieros@2x.png","width":1017,"height":268,"caption":"Noticieros Canal 7"},"image":{"@id":"https:\/\/canal7slp.tv\/2022\/#\/schema\/logo\/image\/"},"sameAs":["https:\/\/www.facebook.com\/noticieroscanalsiete","https:\/\/x.com\/NOTICIEROS7","https:\/\/www.instagram.com\/canal7_slp","https:\/\/www.youtube.com\/channel\/UCliiYs-gP3JfJeqdPrNdd5A"]},{"@type":"Person","@id":"https:\/\/canal7slp.tv\/2022\/#\/schema\/person\/429704152a21f5f856ce29aa69a238da","name":"Edici\u00f3n Web","image":{"@type":"ImageObject","inLanguage":"es","@id":"https:\/\/secure.gravatar.com\/avatar\/eee448fc3f7164808013b816ba91ac7e43bbe82a70bebac296f8bc6f0addaa1a?s=96&d=mm&r=g","url":"https:\/\/secure.gravatar.com\/avatar\/eee448fc3f7164808013b816ba91ac7e43bbe82a70bebac296f8bc6f0addaa1a?s=96&d=mm&r=g","contentUrl":"https:\/\/secure.gravatar.com\/avatar\/eee448fc3f7164808013b816ba91ac7e43bbe82a70bebac296f8bc6f0addaa1a?s=96&d=mm&r=g","caption":"Edici\u00f3n Web"},"url":"https:\/\/canal7slp.tv\/2022\/author\/edicionweb\/"}]}},"amp_enabled":true,"_links":{"self":[{"href":"https:\/\/canal7slp.tv\/2022\/wp-json\/wp\/v2\/posts\/58453","targetHints":{"allow":["GET"]}}],"collection":[{"href":"https:\/\/canal7slp.tv\/2022\/wp-json\/wp\/v2\/posts"}],"about":[{"href":"https:\/\/canal7slp.tv\/2022\/wp-json\/wp\/v2\/types\/post"}],"author":[{"embeddable":true,"href":"https:\/\/canal7slp.tv\/2022\/wp-json\/wp\/v2\/users\/2"}],"replies":[{"embeddable":true,"href":"https:\/\/canal7slp.tv\/2022\/wp-json\/wp\/v2\/comments?post=58453"}],"version-history":[{"count":2,"href":"https:\/\/canal7slp.tv\/2022\/wp-json\/wp\/v2\/posts\/58453\/revisions"}],"predecessor-version":[{"id":58462,"href":"https:\/\/canal7slp.tv\/2022\/wp-json\/wp\/v2\/posts\/58453\/revisions\/58462"}],"wp:featuredmedia":[{"embeddable":true,"href":"https:\/\/canal7slp.tv\/2022\/wp-json\/wp\/v2\/media\/58461"}],"wp:attachment":[{"href":"https:\/\/canal7slp.tv\/2022\/wp-json\/wp\/v2\/media?parent=58453"}],"wp:term":[{"taxonomy":"category","embeddable":true,"href":"https:\/\/canal7slp.tv\/2022\/wp-json\/wp\/v2\/categories?post=58453"},{"taxonomy":"post_tag","embeddable":true,"href":"https:\/\/canal7slp.tv\/2022\/wp-json\/wp\/v2\/tags?post=58453"}],"curies":[{"name":"wp","href":"https:\/\/api.w.org\/{rel}","templated":true}]}}