{"id":58451,"date":"2022-04-27T13:16:11","date_gmt":"2022-04-27T19:16:11","guid":{"rendered":"https:\/\/canal7slp.tv\/2022\/?p=58451"},"modified":"2022-04-27T13:16:11","modified_gmt":"2022-04-27T19:16:11","slug":"nairo-quintana-compartio-anecdotas-con-potosinos","status":"publish","type":"post","link":"https:\/\/canal7slp.tv\/2022\/nairo-quintana-compartio-anecdotas-con-potosinos\/","title":{"rendered":"Nairo Quintana comparti\u00f3 an\u00e9cdotas con potosinos."},"content":{"rendered":"<p style=\"text-align: justify;\">SLP.- Dentro de su visita a la capital potosina para continuar con la organizaci\u00f3n del gran fondo Nairo Quintana a realizarse en el mes de octubre, el ciclista colombiano estuvo presente en el centro de las artes, en donde llevo a cabo un conversatorio que realizo ante un n\u00famero importante de apasionados del ciclismo.<\/p>\n<p style=\"text-align: justify;\">En el lugar estuvo presente el Alcalde capitalino Enrique Galindo, adem\u00e1s de que al lugar se dieron cita desde las futuras promesas del ciclismo potosino, hasta los masters que atentos escucharon las an\u00e9cdotas que Nairo les comparti\u00f3.<\/p>\n<p style=\"text-align: justify;\">El ciclista colombiano comparti\u00f3 con sus aficionados potosinos, como fue que se inicio en el ciclismo y el camino complicado que tuvo que recorrer para llegar a donde hoy d\u00eda se encuentra.<\/p>\n<p style=\"text-align: justify;\">A su vez record\u00f3 cuando en sus inicios no tuvo el apoyo que el hubiese querido ya que no hab\u00eda organizaciones que apoyaran para practicar un deporte tan noble pero a la vez tan caro, sin embrago esto no lo detuvo y sali\u00f3 adelante.<\/p>\n<p style=\"text-align: justify;\">Ahora el ganador del Giro de Italia en 2014 y de la Vuelta a Espa\u00f1a en 2016 es parte de organizaciones que apoya a la juventud por todo el mundo.<\/p>\n<p style=\"text-align: justify;\">Nairo es considerado entre los 100 mejores ciclistas de todos los tiempos al tener en su record el haber ocupar el podio del Tour de Francia en tres ocasiones.<\/p>\n<p style=\"text-align: justify;\">Ha sido ganador del Giro de Italia, de la Vuelta a Espa\u00f1a, adem\u00e1s de incursionar al Sal\u00f3n de la Fama de la Uni\u00f3n Ciclista Internacional, todo esto a sus apenas 32 a\u00f1os.<\/p>\n<p style=\"text-align: justify;\">Y reconoce que parte de todo esto lo ha hecho gracias a su trabajo constante, disciplina, humildad y el querer siempre aportar algo a la sociedad.<\/p>\n","protected":false},"excerpt":{"rendered":"<p>SLP.- Dentro de su visita a la capital potosina para continuar con la organizaci\u00f3n del gran fondo Nairo Quintana a realizarse en el mes de octubre, el ciclista colombiano estuvo presente en el centro de las artes, en donde llevo a cabo un conversatorio que realizo ante un n\u00famero importante de apasionados del ciclismo. En el lugar estuvo presente el Alcalde capitalino Enrique Galindo, adem\u00e1s de que al lugar se dieron cita desde las futuras promesas del ciclismo potosino, hasta los masters que atentos escucharon las an\u00e9cdotas que Nairo les comparti\u00f3. El ciclista colombiano comparti\u00f3 con sus aficionados potosinos, como [&hellip;]<\/p>\n","protected":false},"author":2,"featured_media":58457,"comment_status":"closed","ping_status":"closed","sticky":false,"template":"","format":"video","meta":{"footnotes":""},"categories":[7,5],"tags":[],"class_list":["post-58451","post","type-post","status-publish","format-video","has-post-thumbnail","hentry","category-deportes","category-destacadas","post_format-post-format-video","post--single"],"yoast_head":"<!-- This site is optimized with the Yoast SEO plugin v27.4 - https:\/\/yoast.com\/product\/yoast-seo-wordpress\/ -->\n<title>Nairo Quintana comparti\u00f3 an\u00e9cdotas con potosinos. - Canal 7 SLP - 2022<\/title>\n<meta name=\"robots\" content=\"index, follow, max-snippet:-1, max-image-preview:large, max-video-preview:-1\" \/>\n<link rel=\"canonical\" href=\"https:\/\/canal7slp.tv\/2022\/nairo-quintana-compartio-anecdotas-con-potosinos\/\" \/>\n<meta property=\"og:locale\" content=\"es_ES\" \/>\n<meta property=\"og:type\" content=\"article\" \/>\n<meta property=\"og:title\" content=\"Nairo Quintana comparti\u00f3 an\u00e9cdotas con potosinos. - Canal 7 SLP - 2022\" \/>\n<meta property=\"og:description\" content=\"SLP.- Dentro de su visita a la capital potosina para continuar con la organizaci\u00f3n del gran fondo Nairo Quintana a realizarse en el mes de octubre, el ciclista colombiano estuvo presente en el centro de las artes, en donde llevo a cabo un conversatorio que realizo ante un n\u00famero importante de apasionados del ciclismo. En el lugar estuvo presente el Alcalde capitalino Enrique Galindo, adem\u00e1s de que al lugar se dieron cita desde las futuras promesas del ciclismo potosino, hasta los masters que atentos escucharon las an\u00e9cdotas que Nairo les comparti\u00f3. El ciclista colombiano comparti\u00f3 con sus aficionados potosinos, como [&hellip;]\" \/>\n<meta property=\"og:url\" content=\"https:\/\/canal7slp.tv\/2022\/nairo-quintana-compartio-anecdotas-con-potosinos\/\" \/>\n<meta property=\"og:site_name\" content=\"Canal 7 SLP - 2022\" \/>\n<meta property=\"article:publisher\" content=\"https:\/\/www.facebook.com\/noticieroscanalsiete\" \/>\n<meta property=\"article:published_time\" content=\"2022-04-27T19:16:11+00:00\" \/>\n<meta property=\"og:image\" content=\"https:\/\/canal7slp.tv\/2022\/wp-content\/uploads\/2022\/04\/Froi01Nairo.jpg\" \/>\n\t<meta property=\"og:image:width\" content=\"888\" \/>\n\t<meta property=\"og:image:height\" content=\"500\" \/>\n\t<meta property=\"og:image:type\" content=\"image\/jpeg\" \/>\n<meta name=\"author\" content=\"Edici\u00f3n Web\" \/>\n<meta name=\"twitter:card\" content=\"summary_large_image\" \/>\n<meta name=\"twitter:creator\" content=\"@NOTICIEROS7\" \/>\n<meta name=\"twitter:site\" content=\"@NOTICIEROS7\" \/>\n<meta name=\"twitter:label1\" content=\"Escrito por\" \/>\n\t<meta name=\"twitter:data1\" content=\"Edici\u00f3n Web\" \/>\n\t<meta name=\"twitter:label2\" content=\"Tiempo de lectura\" \/>\n\t<meta name=\"twitter:data2\" content=\"2 minutos\" \/>\n<script type=\"application\/ld+json\" class=\"yoast-schema-graph\">{\"@context\":\"https:\\\/\\\/schema.org\",\"@graph\":[{\"@type\":\"Article\",\"@id\":\"https:\\\/\\\/canal7slp.tv\\\/2022\\\/nairo-quintana-compartio-anecdotas-con-potosinos\\\/#article\",\"isPartOf\":{\"@id\":\"https:\\\/\\\/canal7slp.tv\\\/2022\\\/nairo-quintana-compartio-anecdotas-con-potosinos\\\/\"},\"author\":{\"name\":\"Edici\u00f3n Web\",\"@id\":\"https:\\\/\\\/canal7slp.tv\\\/2022\\\/#\\\/schema\\\/person\\\/429704152a21f5f856ce29aa69a238da\"},\"headline\":\"Nairo Quintana comparti\u00f3 an\u00e9cdotas con potosinos.\",\"datePublished\":\"2022-04-27T19:16:11+00:00\",\"mainEntityOfPage\":{\"@id\":\"https:\\\/\\\/canal7slp.tv\\\/2022\\\/nairo-quintana-compartio-anecdotas-con-potosinos\\\/\"},\"wordCount\":300,\"publisher\":{\"@id\":\"https:\\\/\\\/canal7slp.tv\\\/2022\\\/#organization\"},\"image\":{\"@id\":\"https:\\\/\\\/canal7slp.tv\\\/2022\\\/nairo-quintana-compartio-anecdotas-con-potosinos\\\/#primaryimage\"},\"thumbnailUrl\":\"https:\\\/\\\/canal7slp.tv\\\/2022\\\/wp-content\\\/uploads\\\/2022\\\/04\\\/Froi01Nairo.jpg\",\"articleSection\":[\"DEPORTES\",\"DESTACADAS\"],\"inLanguage\":\"es\"},{\"@type\":\"WebPage\",\"@id\":\"https:\\\/\\\/canal7slp.tv\\\/2022\\\/nairo-quintana-compartio-anecdotas-con-potosinos\\\/\",\"url\":\"https:\\\/\\\/canal7slp.tv\\\/2022\\\/nairo-quintana-compartio-anecdotas-con-potosinos\\\/\",\"name\":\"Nairo Quintana comparti\u00f3 an\u00e9cdotas con potosinos. - Canal 7 SLP - 2022\",\"isPartOf\":{\"@id\":\"https:\\\/\\\/canal7slp.tv\\\/2022\\\/#website\"},\"primaryImageOfPage\":{\"@id\":\"https:\\\/\\\/canal7slp.tv\\\/2022\\\/nairo-quintana-compartio-anecdotas-con-potosinos\\\/#primaryimage\"},\"image\":{\"@id\":\"https:\\\/\\\/canal7slp.tv\\\/2022\\\/nairo-quintana-compartio-anecdotas-con-potosinos\\\/#primaryimage\"},\"thumbnailUrl\":\"https:\\\/\\\/canal7slp.tv\\\/2022\\\/wp-content\\\/uploads\\\/2022\\\/04\\\/Froi01Nairo.jpg\",\"datePublished\":\"2022-04-27T19:16:11+00:00\",\"breadcrumb\":{\"@id\":\"https:\\\/\\\/canal7slp.tv\\\/2022\\\/nairo-quintana-compartio-anecdotas-con-potosinos\\\/#breadcrumb\"},\"inLanguage\":\"es\",\"potentialAction\":[{\"@type\":\"ReadAction\",\"target\":[\"https:\\\/\\\/canal7slp.tv\\\/2022\\\/nairo-quintana-compartio-anecdotas-con-potosinos\\\/\"]}]},{\"@type\":\"ImageObject\",\"inLanguage\":\"es\",\"@id\":\"https:\\\/\\\/canal7slp.tv\\\/2022\\\/nairo-quintana-compartio-anecdotas-con-potosinos\\\/#primaryimage\",\"url\":\"https:\\\/\\\/canal7slp.tv\\\/2022\\\/wp-content\\\/uploads\\\/2022\\\/04\\\/Froi01Nairo.jpg\",\"contentUrl\":\"https:\\\/\\\/canal7slp.tv\\\/2022\\\/wp-content\\\/uploads\\\/2022\\\/04\\\/Froi01Nairo.jpg\",\"width\":888,\"height\":500},{\"@type\":\"BreadcrumbList\",\"@id\":\"https:\\\/\\\/canal7slp.tv\\\/2022\\\/nairo-quintana-compartio-anecdotas-con-potosinos\\\/#breadcrumb\",\"itemListElement\":[{\"@type\":\"ListItem\",\"position\":1,\"name\":\"Portada\",\"item\":\"https:\\\/\\\/canal7slp.tv\\\/2022\\\/\"},{\"@type\":\"ListItem\",\"position\":2,\"name\":\"Nairo Quintana comparti\u00f3 an\u00e9cdotas con potosinos.\"}]},{\"@type\":\"WebSite\",\"@id\":\"https:\\\/\\\/canal7slp.tv\\\/2022\\\/#website\",\"url\":\"https:\\\/\\\/canal7slp.tv\\\/2022\\\/\",\"name\":\"N7 - Noticieros Canal 7\",\"description\":\"Somos Televisi\u00f3n\",\"publisher\":{\"@id\":\"https:\\\/\\\/canal7slp.tv\\\/2022\\\/#organization\"},\"potentialAction\":[{\"@type\":\"SearchAction\",\"target\":{\"@type\":\"EntryPoint\",\"urlTemplate\":\"https:\\\/\\\/canal7slp.tv\\\/2022\\\/?s={search_term_string}\"},\"query-input\":{\"@type\":\"PropertyValueSpecification\",\"valueRequired\":true,\"valueName\":\"search_term_string\"}}],\"inLanguage\":\"es\"},{\"@type\":\"Organization\",\"@id\":\"https:\\\/\\\/canal7slp.tv\\\/2022\\\/#organization\",\"name\":\"Noticieros Canal 7\",\"url\":\"https:\\\/\\\/canal7slp.tv\\\/2022\\\/\",\"logo\":{\"@type\":\"ImageObject\",\"inLanguage\":\"es\",\"@id\":\"https:\\\/\\\/canal7slp.tv\\\/2022\\\/#\\\/schema\\\/logo\\\/image\\\/\",\"url\":\"https:\\\/\\\/canal7slp.tv\\\/2022\\\/wp-content\\\/uploads\\\/2021\\\/01\\\/logo-noticieros@2x.png\",\"contentUrl\":\"https:\\\/\\\/canal7slp.tv\\\/2022\\\/wp-content\\\/uploads\\\/2021\\\/01\\\/logo-noticieros@2x.png\",\"width\":1017,\"height\":268,\"caption\":\"Noticieros Canal 7\"},\"image\":{\"@id\":\"https:\\\/\\\/canal7slp.tv\\\/2022\\\/#\\\/schema\\\/logo\\\/image\\\/\"},\"sameAs\":[\"https:\\\/\\\/www.facebook.com\\\/noticieroscanalsiete\",\"https:\\\/\\\/x.com\\\/NOTICIEROS7\",\"https:\\\/\\\/www.instagram.com\\\/canal7_slp\",\"https:\\\/\\\/www.youtube.com\\\/channel\\\/UCliiYs-gP3JfJeqdPrNdd5A\"]},{\"@type\":\"Person\",\"@id\":\"https:\\\/\\\/canal7slp.tv\\\/2022\\\/#\\\/schema\\\/person\\\/429704152a21f5f856ce29aa69a238da\",\"name\":\"Edici\u00f3n Web\",\"image\":{\"@type\":\"ImageObject\",\"inLanguage\":\"es\",\"@id\":\"https:\\\/\\\/secure.gravatar.com\\\/avatar\\\/eee448fc3f7164808013b816ba91ac7e43bbe82a70bebac296f8bc6f0addaa1a?s=96&d=mm&r=g\",\"url\":\"https:\\\/\\\/secure.gravatar.com\\\/avatar\\\/eee448fc3f7164808013b816ba91ac7e43bbe82a70bebac296f8bc6f0addaa1a?s=96&d=mm&r=g\",\"contentUrl\":\"https:\\\/\\\/secure.gravatar.com\\\/avatar\\\/eee448fc3f7164808013b816ba91ac7e43bbe82a70bebac296f8bc6f0addaa1a?s=96&d=mm&r=g\",\"caption\":\"Edici\u00f3n Web\"},\"url\":\"https:\\\/\\\/canal7slp.tv\\\/2022\\\/author\\\/edicionweb\\\/\"}]}<\/script>\n<!-- \/ Yoast SEO plugin. -->","yoast_head_json":{"title":"Nairo Quintana comparti\u00f3 an\u00e9cdotas con potosinos. - Canal 7 SLP - 2022","robots":{"index":"index","follow":"follow","max-snippet":"max-snippet:-1","max-image-preview":"max-image-preview:large","max-video-preview":"max-video-preview:-1"},"canonical":"https:\/\/canal7slp.tv\/2022\/nairo-quintana-compartio-anecdotas-con-potosinos\/","og_locale":"es_ES","og_type":"article","og_title":"Nairo Quintana comparti\u00f3 an\u00e9cdotas con potosinos. - Canal 7 SLP - 2022","og_description":"SLP.- Dentro de su visita a la capital potosina para continuar con la organizaci\u00f3n del gran fondo Nairo Quintana a realizarse en el mes de octubre, el ciclista colombiano estuvo presente en el centro de las artes, en donde llevo a cabo un conversatorio que realizo ante un n\u00famero importante de apasionados del ciclismo. En el lugar estuvo presente el Alcalde capitalino Enrique Galindo, adem\u00e1s de que al lugar se dieron cita desde las futuras promesas del ciclismo potosino, hasta los masters que atentos escucharon las an\u00e9cdotas que Nairo les comparti\u00f3. El ciclista colombiano comparti\u00f3 con sus aficionados potosinos, como [&hellip;]","og_url":"https:\/\/canal7slp.tv\/2022\/nairo-quintana-compartio-anecdotas-con-potosinos\/","og_site_name":"Canal 7 SLP - 2022","article_publisher":"https:\/\/www.facebook.com\/noticieroscanalsiete","article_published_time":"2022-04-27T19:16:11+00:00","og_image":[{"width":888,"height":500,"url":"https:\/\/canal7slp.tv\/2022\/wp-content\/uploads\/2022\/04\/Froi01Nairo.jpg","type":"image\/jpeg"}],"author":"Edici\u00f3n Web","twitter_card":"summary_large_image","twitter_creator":"@NOTICIEROS7","twitter_site":"@NOTICIEROS7","twitter_misc":{"Escrito por":"Edici\u00f3n Web","Tiempo de lectura":"2 minutos"},"schema":{"@context":"https:\/\/schema.org","@graph":[{"@type":"Article","@id":"https:\/\/canal7slp.tv\/2022\/nairo-quintana-compartio-anecdotas-con-potosinos\/#article","isPartOf":{"@id":"https:\/\/canal7slp.tv\/2022\/nairo-quintana-compartio-anecdotas-con-potosinos\/"},"author":{"name":"Edici\u00f3n Web","@id":"https:\/\/canal7slp.tv\/2022\/#\/schema\/person\/429704152a21f5f856ce29aa69a238da"},"headline":"Nairo Quintana comparti\u00f3 an\u00e9cdotas con potosinos.","datePublished":"2022-04-27T19:16:11+00:00","mainEntityOfPage":{"@id":"https:\/\/canal7slp.tv\/2022\/nairo-quintana-compartio-anecdotas-con-potosinos\/"},"wordCount":300,"publisher":{"@id":"https:\/\/canal7slp.tv\/2022\/#organization"},"image":{"@id":"https:\/\/canal7slp.tv\/2022\/nairo-quintana-compartio-anecdotas-con-potosinos\/#primaryimage"},"thumbnailUrl":"https:\/\/canal7slp.tv\/2022\/wp-content\/uploads\/2022\/04\/Froi01Nairo.jpg","articleSection":["DEPORTES","DESTACADAS"],"inLanguage":"es"},{"@type":"WebPage","@id":"https:\/\/canal7slp.tv\/2022\/nairo-quintana-compartio-anecdotas-con-potosinos\/","url":"https:\/\/canal7slp.tv\/2022\/nairo-quintana-compartio-anecdotas-con-potosinos\/","name":"Nairo Quintana comparti\u00f3 an\u00e9cdotas con potosinos. - Canal 7 SLP - 2022","isPartOf":{"@id":"https:\/\/canal7slp.tv\/2022\/#website"},"primaryImageOfPage":{"@id":"https:\/\/canal7slp.tv\/2022\/nairo-quintana-compartio-anecdotas-con-potosinos\/#primaryimage"},"image":{"@id":"https:\/\/canal7slp.tv\/2022\/nairo-quintana-compartio-anecdotas-con-potosinos\/#primaryimage"},"thumbnailUrl":"https:\/\/canal7slp.tv\/2022\/wp-content\/uploads\/2022\/04\/Froi01Nairo.jpg","datePublished":"2022-04-27T19:16:11+00:00","breadcrumb":{"@id":"https:\/\/canal7slp.tv\/2022\/nairo-quintana-compartio-anecdotas-con-potosinos\/#breadcrumb"},"inLanguage":"es","potentialAction":[{"@type":"ReadAction","target":["https:\/\/canal7slp.tv\/2022\/nairo-quintana-compartio-anecdotas-con-potosinos\/"]}]},{"@type":"ImageObject","inLanguage":"es","@id":"https:\/\/canal7slp.tv\/2022\/nairo-quintana-compartio-anecdotas-con-potosinos\/#primaryimage","url":"https:\/\/canal7slp.tv\/2022\/wp-content\/uploads\/2022\/04\/Froi01Nairo.jpg","contentUrl":"https:\/\/canal7slp.tv\/2022\/wp-content\/uploads\/2022\/04\/Froi01Nairo.jpg","width":888,"height":500},{"@type":"BreadcrumbList","@id":"https:\/\/canal7slp.tv\/2022\/nairo-quintana-compartio-anecdotas-con-potosinos\/#breadcrumb","itemListElement":[{"@type":"ListItem","position":1,"name":"Portada","item":"https:\/\/canal7slp.tv\/2022\/"},{"@type":"ListItem","position":2,"name":"Nairo Quintana comparti\u00f3 an\u00e9cdotas con potosinos."}]},{"@type":"WebSite","@id":"https:\/\/canal7slp.tv\/2022\/#website","url":"https:\/\/canal7slp.tv\/2022\/","name":"N7 - Noticieros Canal 7","description":"Somos Televisi\u00f3n","publisher":{"@id":"https:\/\/canal7slp.tv\/2022\/#organization"},"potentialAction":[{"@type":"SearchAction","target":{"@type":"EntryPoint","urlTemplate":"https:\/\/canal7slp.tv\/2022\/?s={search_term_string}"},"query-input":{"@type":"PropertyValueSpecification","valueRequired":true,"valueName":"search_term_string"}}],"inLanguage":"es"},{"@type":"Organization","@id":"https:\/\/canal7slp.tv\/2022\/#organization","name":"Noticieros Canal 7","url":"https:\/\/canal7slp.tv\/2022\/","logo":{"@type":"ImageObject","inLanguage":"es","@id":"https:\/\/canal7slp.tv\/2022\/#\/schema\/logo\/image\/","url":"https:\/\/canal7slp.tv\/2022\/wp-content\/uploads\/2021\/01\/logo-noticieros@2x.png","contentUrl":"https:\/\/canal7slp.tv\/2022\/wp-content\/uploads\/2021\/01\/logo-noticieros@2x.png","width":1017,"height":268,"caption":"Noticieros Canal 7"},"image":{"@id":"https:\/\/canal7slp.tv\/2022\/#\/schema\/logo\/image\/"},"sameAs":["https:\/\/www.facebook.com\/noticieroscanalsiete","https:\/\/x.com\/NOTICIEROS7","https:\/\/www.instagram.com\/canal7_slp","https:\/\/www.youtube.com\/channel\/UCliiYs-gP3JfJeqdPrNdd5A"]},{"@type":"Person","@id":"https:\/\/canal7slp.tv\/2022\/#\/schema\/person\/429704152a21f5f856ce29aa69a238da","name":"Edici\u00f3n Web","image":{"@type":"ImageObject","inLanguage":"es","@id":"https:\/\/secure.gravatar.com\/avatar\/eee448fc3f7164808013b816ba91ac7e43bbe82a70bebac296f8bc6f0addaa1a?s=96&d=mm&r=g","url":"https:\/\/secure.gravatar.com\/avatar\/eee448fc3f7164808013b816ba91ac7e43bbe82a70bebac296f8bc6f0addaa1a?s=96&d=mm&r=g","contentUrl":"https:\/\/secure.gravatar.com\/avatar\/eee448fc3f7164808013b816ba91ac7e43bbe82a70bebac296f8bc6f0addaa1a?s=96&d=mm&r=g","caption":"Edici\u00f3n Web"},"url":"https:\/\/canal7slp.tv\/2022\/author\/edicionweb\/"}]}},"amp_enabled":true,"_links":{"self":[{"href":"https:\/\/canal7slp.tv\/2022\/wp-json\/wp\/v2\/posts\/58451","targetHints":{"allow":["GET"]}}],"collection":[{"href":"https:\/\/canal7slp.tv\/2022\/wp-json\/wp\/v2\/posts"}],"about":[{"href":"https:\/\/canal7slp.tv\/2022\/wp-json\/wp\/v2\/types\/post"}],"author":[{"embeddable":true,"href":"https:\/\/canal7slp.tv\/2022\/wp-json\/wp\/v2\/users\/2"}],"replies":[{"embeddable":true,"href":"https:\/\/canal7slp.tv\/2022\/wp-json\/wp\/v2\/comments?post=58451"}],"version-history":[{"count":2,"href":"https:\/\/canal7slp.tv\/2022\/wp-json\/wp\/v2\/posts\/58451\/revisions"}],"predecessor-version":[{"id":58458,"href":"https:\/\/canal7slp.tv\/2022\/wp-json\/wp\/v2\/posts\/58451\/revisions\/58458"}],"wp:featuredmedia":[{"embeddable":true,"href":"https:\/\/canal7slp.tv\/2022\/wp-json\/wp\/v2\/media\/58457"}],"wp:attachment":[{"href":"https:\/\/canal7slp.tv\/2022\/wp-json\/wp\/v2\/media?parent=58451"}],"wp:term":[{"taxonomy":"category","embeddable":true,"href":"https:\/\/canal7slp.tv\/2022\/wp-json\/wp\/v2\/categories?post=58451"},{"taxonomy":"post_tag","embeddable":true,"href":"https:\/\/canal7slp.tv\/2022\/wp-json\/wp\/v2\/tags?post=58451"}],"curies":[{"name":"wp","href":"https:\/\/api.w.org\/{rel}","templated":true}]}}