{"id":58397,"date":"2022-04-27T10:47:35","date_gmt":"2022-04-27T16:47:35","guid":{"rendered":"https:\/\/canal7slp.tv\/2022\/?p=58397"},"modified":"2022-04-27T10:47:35","modified_gmt":"2022-04-27T16:47:35","slug":"empresariado-se-suma-al-ayuntamiento-capitalino-para-dar-impulso-al-deporte","status":"publish","type":"post","link":"https:\/\/canal7slp.tv\/2022\/empresariado-se-suma-al-ayuntamiento-capitalino-para-dar-impulso-al-deporte\/","title":{"rendered":"Empresariado se suma al Ayuntamiento Capitalino para dar impulso al deporte."},"content":{"rendered":"<ul>\n<li>Miembros de la iniciativa privada sostuvieron una reuni\u00f3n con autoridades y el ciclista colombiano, Nairo Quintana.<\/li>\n<\/ul>\n<p style=\"text-align: justify;\">SLP.- Fue en una reuni\u00f3n del campe\u00f3n internacional de ciclismo, el colombiano Nairo Quintana y el alcalde de San Luis Potos\u00ed, Enrique Galindo Ceballos, con integrantes de Iniciativa Privada, donde se mostr\u00f3 el impulso al deporte.<\/p>\n<p style=\"text-align: justify;\">Ello a trav\u00e9s de eventos internacionales, tales como Gran fondo Nairo M\u00e9xico 2022, en el que se esperan cinco mil ciclistas nacionales y de diversas partes del mundo -aunque se proyectan 15 mil visitantes-.<\/p>\n<p style=\"text-align: justify;\">Se coment\u00f3 del proyecto de creaci\u00f3n de una escuela de ciclismo para promover talentos locales; donde propios empresarios se comprometieron a brindar apoyo.<\/p>\n<p style=\"text-align: justify;\">Representantes del sector empresarial, se sumaron a la difusi\u00f3n de la ciudad como atractivo para la realizaci\u00f3n de competencias que convoquen no solo a atletas internacionales, sino generen derrama econ\u00f3mica.<\/p>\n<p style=\"text-align: justify;\">El ciclista, Nairo Quintana ratific\u00f3 que regresar\u00e1 a San Luis Potos\u00ed para la competencia que lleva su nombre, del 21 al 23 de octubre del presente a\u00f1o, en la que se esperan tanto ciclistas latinoamericanos, como de varios pa\u00edses de Europa.<\/p>\n<p style=\"text-align: justify;\">Por: Maximiliano V\u00e1zquez<\/p>\n","protected":false},"excerpt":{"rendered":"<p>Miembros de la iniciativa privada sostuvieron una reuni\u00f3n con autoridades y el ciclista colombiano, Nairo Quintana. SLP.- Fue en una reuni\u00f3n del campe\u00f3n internacional de ciclismo, el colombiano Nairo Quintana y el alcalde de San Luis Potos\u00ed, Enrique Galindo Ceballos, con integrantes de Iniciativa Privada, donde se mostr\u00f3 el impulso al deporte. Ello a trav\u00e9s de eventos internacionales, tales como Gran fondo Nairo M\u00e9xico 2022, en el que se esperan cinco mil ciclistas nacionales y de diversas partes del mundo -aunque se proyectan 15 mil visitantes-. Se coment\u00f3 del proyecto de creaci\u00f3n de una escuela de ciclismo para promover talentos [&hellip;]<\/p>\n","protected":false},"author":2,"featured_media":58438,"comment_status":"closed","ping_status":"closed","sticky":false,"template":"","format":"video","meta":{"footnotes":""},"categories":[5,45],"tags":[],"class_list":["post-58397","post","type-post","status-publish","format-video","has-post-thumbnail","hentry","category-destacadas","category-localesyregionales","post_format-post-format-video","post--single"],"yoast_head":"<!-- This site is optimized with the Yoast SEO plugin v27.4 - https:\/\/yoast.com\/product\/yoast-seo-wordpress\/ -->\n<title>Empresariado se suma al Ayuntamiento Capitalino para dar impulso al deporte. - Canal 7 SLP - 2022<\/title>\n<meta name=\"robots\" content=\"index, follow, max-snippet:-1, max-image-preview:large, max-video-preview:-1\" \/>\n<link rel=\"canonical\" href=\"https:\/\/canal7slp.tv\/2022\/empresariado-se-suma-al-ayuntamiento-capitalino-para-dar-impulso-al-deporte\/\" \/>\n<meta property=\"og:locale\" content=\"es_ES\" \/>\n<meta property=\"og:type\" content=\"article\" \/>\n<meta property=\"og:title\" content=\"Empresariado se suma al Ayuntamiento Capitalino para dar impulso al deporte. - Canal 7 SLP - 2022\" \/>\n<meta property=\"og:description\" content=\"Miembros de la iniciativa privada sostuvieron una reuni\u00f3n con autoridades y el ciclista colombiano, Nairo Quintana. SLP.- Fue en una reuni\u00f3n del campe\u00f3n internacional de ciclismo, el colombiano Nairo Quintana y el alcalde de San Luis Potos\u00ed, Enrique Galindo Ceballos, con integrantes de Iniciativa Privada, donde se mostr\u00f3 el impulso al deporte. Ello a trav\u00e9s de eventos internacionales, tales como Gran fondo Nairo M\u00e9xico 2022, en el que se esperan cinco mil ciclistas nacionales y de diversas partes del mundo -aunque se proyectan 15 mil visitantes-. Se coment\u00f3 del proyecto de creaci\u00f3n de una escuela de ciclismo para promover talentos [&hellip;]\" \/>\n<meta property=\"og:url\" content=\"https:\/\/canal7slp.tv\/2022\/empresariado-se-suma-al-ayuntamiento-capitalino-para-dar-impulso-al-deporte\/\" \/>\n<meta property=\"og:site_name\" content=\"Canal 7 SLP - 2022\" \/>\n<meta property=\"article:publisher\" content=\"https:\/\/www.facebook.com\/noticieroscanalsiete\" \/>\n<meta property=\"article:published_time\" content=\"2022-04-27T16:47:35+00:00\" \/>\n<meta property=\"og:image\" content=\"https:\/\/canal7slp.tv\/2022\/wp-content\/uploads\/2022\/04\/Max01ImpulsoDeportivo.jpg\" \/>\n\t<meta property=\"og:image:width\" content=\"888\" \/>\n\t<meta property=\"og:image:height\" content=\"500\" \/>\n\t<meta property=\"og:image:type\" content=\"image\/jpeg\" \/>\n<meta name=\"author\" content=\"Edici\u00f3n Web\" \/>\n<meta name=\"twitter:card\" content=\"summary_large_image\" \/>\n<meta name=\"twitter:creator\" content=\"@NOTICIEROS7\" \/>\n<meta name=\"twitter:site\" content=\"@NOTICIEROS7\" \/>\n<meta name=\"twitter:label1\" content=\"Escrito por\" \/>\n\t<meta name=\"twitter:data1\" content=\"Edici\u00f3n Web\" \/>\n\t<meta name=\"twitter:label2\" content=\"Tiempo de lectura\" \/>\n\t<meta name=\"twitter:data2\" content=\"1 minuto\" \/>\n<script type=\"application\/ld+json\" class=\"yoast-schema-graph\">{\"@context\":\"https:\\\/\\\/schema.org\",\"@graph\":[{\"@type\":\"Article\",\"@id\":\"https:\\\/\\\/canal7slp.tv\\\/2022\\\/empresariado-se-suma-al-ayuntamiento-capitalino-para-dar-impulso-al-deporte\\\/#article\",\"isPartOf\":{\"@id\":\"https:\\\/\\\/canal7slp.tv\\\/2022\\\/empresariado-se-suma-al-ayuntamiento-capitalino-para-dar-impulso-al-deporte\\\/\"},\"author\":{\"name\":\"Edici\u00f3n Web\",\"@id\":\"https:\\\/\\\/canal7slp.tv\\\/2022\\\/#\\\/schema\\\/person\\\/429704152a21f5f856ce29aa69a238da\"},\"headline\":\"Empresariado se suma al Ayuntamiento Capitalino para dar impulso al deporte.\",\"datePublished\":\"2022-04-27T16:47:35+00:00\",\"mainEntityOfPage\":{\"@id\":\"https:\\\/\\\/canal7slp.tv\\\/2022\\\/empresariado-se-suma-al-ayuntamiento-capitalino-para-dar-impulso-al-deporte\\\/\"},\"wordCount\":203,\"publisher\":{\"@id\":\"https:\\\/\\\/canal7slp.tv\\\/2022\\\/#organization\"},\"image\":{\"@id\":\"https:\\\/\\\/canal7slp.tv\\\/2022\\\/empresariado-se-suma-al-ayuntamiento-capitalino-para-dar-impulso-al-deporte\\\/#primaryimage\"},\"thumbnailUrl\":\"https:\\\/\\\/canal7slp.tv\\\/2022\\\/wp-content\\\/uploads\\\/2022\\\/04\\\/Max01ImpulsoDeportivo.jpg\",\"articleSection\":[\"DESTACADAS\",\"LOCALES Y REGIONALES\"],\"inLanguage\":\"es\"},{\"@type\":\"WebPage\",\"@id\":\"https:\\\/\\\/canal7slp.tv\\\/2022\\\/empresariado-se-suma-al-ayuntamiento-capitalino-para-dar-impulso-al-deporte\\\/\",\"url\":\"https:\\\/\\\/canal7slp.tv\\\/2022\\\/empresariado-se-suma-al-ayuntamiento-capitalino-para-dar-impulso-al-deporte\\\/\",\"name\":\"Empresariado se suma al Ayuntamiento Capitalino para dar impulso al deporte. - Canal 7 SLP - 2022\",\"isPartOf\":{\"@id\":\"https:\\\/\\\/canal7slp.tv\\\/2022\\\/#website\"},\"primaryImageOfPage\":{\"@id\":\"https:\\\/\\\/canal7slp.tv\\\/2022\\\/empresariado-se-suma-al-ayuntamiento-capitalino-para-dar-impulso-al-deporte\\\/#primaryimage\"},\"image\":{\"@id\":\"https:\\\/\\\/canal7slp.tv\\\/2022\\\/empresariado-se-suma-al-ayuntamiento-capitalino-para-dar-impulso-al-deporte\\\/#primaryimage\"},\"thumbnailUrl\":\"https:\\\/\\\/canal7slp.tv\\\/2022\\\/wp-content\\\/uploads\\\/2022\\\/04\\\/Max01ImpulsoDeportivo.jpg\",\"datePublished\":\"2022-04-27T16:47:35+00:00\",\"breadcrumb\":{\"@id\":\"https:\\\/\\\/canal7slp.tv\\\/2022\\\/empresariado-se-suma-al-ayuntamiento-capitalino-para-dar-impulso-al-deporte\\\/#breadcrumb\"},\"inLanguage\":\"es\",\"potentialAction\":[{\"@type\":\"ReadAction\",\"target\":[\"https:\\\/\\\/canal7slp.tv\\\/2022\\\/empresariado-se-suma-al-ayuntamiento-capitalino-para-dar-impulso-al-deporte\\\/\"]}]},{\"@type\":\"ImageObject\",\"inLanguage\":\"es\",\"@id\":\"https:\\\/\\\/canal7slp.tv\\\/2022\\\/empresariado-se-suma-al-ayuntamiento-capitalino-para-dar-impulso-al-deporte\\\/#primaryimage\",\"url\":\"https:\\\/\\\/canal7slp.tv\\\/2022\\\/wp-content\\\/uploads\\\/2022\\\/04\\\/Max01ImpulsoDeportivo.jpg\",\"contentUrl\":\"https:\\\/\\\/canal7slp.tv\\\/2022\\\/wp-content\\\/uploads\\\/2022\\\/04\\\/Max01ImpulsoDeportivo.jpg\",\"width\":888,\"height\":500},{\"@type\":\"BreadcrumbList\",\"@id\":\"https:\\\/\\\/canal7slp.tv\\\/2022\\\/empresariado-se-suma-al-ayuntamiento-capitalino-para-dar-impulso-al-deporte\\\/#breadcrumb\",\"itemListElement\":[{\"@type\":\"ListItem\",\"position\":1,\"name\":\"Portada\",\"item\":\"https:\\\/\\\/canal7slp.tv\\\/2022\\\/\"},{\"@type\":\"ListItem\",\"position\":2,\"name\":\"Empresariado se suma al Ayuntamiento Capitalino para dar impulso al deporte.\"}]},{\"@type\":\"WebSite\",\"@id\":\"https:\\\/\\\/canal7slp.tv\\\/2022\\\/#website\",\"url\":\"https:\\\/\\\/canal7slp.tv\\\/2022\\\/\",\"name\":\"N7 - Noticieros Canal 7\",\"description\":\"Somos Televisi\u00f3n\",\"publisher\":{\"@id\":\"https:\\\/\\\/canal7slp.tv\\\/2022\\\/#organization\"},\"potentialAction\":[{\"@type\":\"SearchAction\",\"target\":{\"@type\":\"EntryPoint\",\"urlTemplate\":\"https:\\\/\\\/canal7slp.tv\\\/2022\\\/?s={search_term_string}\"},\"query-input\":{\"@type\":\"PropertyValueSpecification\",\"valueRequired\":true,\"valueName\":\"search_term_string\"}}],\"inLanguage\":\"es\"},{\"@type\":\"Organization\",\"@id\":\"https:\\\/\\\/canal7slp.tv\\\/2022\\\/#organization\",\"name\":\"Noticieros Canal 7\",\"url\":\"https:\\\/\\\/canal7slp.tv\\\/2022\\\/\",\"logo\":{\"@type\":\"ImageObject\",\"inLanguage\":\"es\",\"@id\":\"https:\\\/\\\/canal7slp.tv\\\/2022\\\/#\\\/schema\\\/logo\\\/image\\\/\",\"url\":\"https:\\\/\\\/canal7slp.tv\\\/2022\\\/wp-content\\\/uploads\\\/2021\\\/01\\\/logo-noticieros@2x.png\",\"contentUrl\":\"https:\\\/\\\/canal7slp.tv\\\/2022\\\/wp-content\\\/uploads\\\/2021\\\/01\\\/logo-noticieros@2x.png\",\"width\":1017,\"height\":268,\"caption\":\"Noticieros Canal 7\"},\"image\":{\"@id\":\"https:\\\/\\\/canal7slp.tv\\\/2022\\\/#\\\/schema\\\/logo\\\/image\\\/\"},\"sameAs\":[\"https:\\\/\\\/www.facebook.com\\\/noticieroscanalsiete\",\"https:\\\/\\\/x.com\\\/NOTICIEROS7\",\"https:\\\/\\\/www.instagram.com\\\/canal7_slp\",\"https:\\\/\\\/www.youtube.com\\\/channel\\\/UCliiYs-gP3JfJeqdPrNdd5A\"]},{\"@type\":\"Person\",\"@id\":\"https:\\\/\\\/canal7slp.tv\\\/2022\\\/#\\\/schema\\\/person\\\/429704152a21f5f856ce29aa69a238da\",\"name\":\"Edici\u00f3n Web\",\"image\":{\"@type\":\"ImageObject\",\"inLanguage\":\"es\",\"@id\":\"https:\\\/\\\/secure.gravatar.com\\\/avatar\\\/eee448fc3f7164808013b816ba91ac7e43bbe82a70bebac296f8bc6f0addaa1a?s=96&d=mm&r=g\",\"url\":\"https:\\\/\\\/secure.gravatar.com\\\/avatar\\\/eee448fc3f7164808013b816ba91ac7e43bbe82a70bebac296f8bc6f0addaa1a?s=96&d=mm&r=g\",\"contentUrl\":\"https:\\\/\\\/secure.gravatar.com\\\/avatar\\\/eee448fc3f7164808013b816ba91ac7e43bbe82a70bebac296f8bc6f0addaa1a?s=96&d=mm&r=g\",\"caption\":\"Edici\u00f3n Web\"},\"url\":\"https:\\\/\\\/canal7slp.tv\\\/2022\\\/author\\\/edicionweb\\\/\"}]}<\/script>\n<!-- \/ Yoast SEO plugin. -->","yoast_head_json":{"title":"Empresariado se suma al Ayuntamiento Capitalino para dar impulso al deporte. - Canal 7 SLP - 2022","robots":{"index":"index","follow":"follow","max-snippet":"max-snippet:-1","max-image-preview":"max-image-preview:large","max-video-preview":"max-video-preview:-1"},"canonical":"https:\/\/canal7slp.tv\/2022\/empresariado-se-suma-al-ayuntamiento-capitalino-para-dar-impulso-al-deporte\/","og_locale":"es_ES","og_type":"article","og_title":"Empresariado se suma al Ayuntamiento Capitalino para dar impulso al deporte. - Canal 7 SLP - 2022","og_description":"Miembros de la iniciativa privada sostuvieron una reuni\u00f3n con autoridades y el ciclista colombiano, Nairo Quintana. SLP.- Fue en una reuni\u00f3n del campe\u00f3n internacional de ciclismo, el colombiano Nairo Quintana y el alcalde de San Luis Potos\u00ed, Enrique Galindo Ceballos, con integrantes de Iniciativa Privada, donde se mostr\u00f3 el impulso al deporte. Ello a trav\u00e9s de eventos internacionales, tales como Gran fondo Nairo M\u00e9xico 2022, en el que se esperan cinco mil ciclistas nacionales y de diversas partes del mundo -aunque se proyectan 15 mil visitantes-. Se coment\u00f3 del proyecto de creaci\u00f3n de una escuela de ciclismo para promover talentos [&hellip;]","og_url":"https:\/\/canal7slp.tv\/2022\/empresariado-se-suma-al-ayuntamiento-capitalino-para-dar-impulso-al-deporte\/","og_site_name":"Canal 7 SLP - 2022","article_publisher":"https:\/\/www.facebook.com\/noticieroscanalsiete","article_published_time":"2022-04-27T16:47:35+00:00","og_image":[{"width":888,"height":500,"url":"https:\/\/canal7slp.tv\/2022\/wp-content\/uploads\/2022\/04\/Max01ImpulsoDeportivo.jpg","type":"image\/jpeg"}],"author":"Edici\u00f3n Web","twitter_card":"summary_large_image","twitter_creator":"@NOTICIEROS7","twitter_site":"@NOTICIEROS7","twitter_misc":{"Escrito por":"Edici\u00f3n Web","Tiempo de lectura":"1 minuto"},"schema":{"@context":"https:\/\/schema.org","@graph":[{"@type":"Article","@id":"https:\/\/canal7slp.tv\/2022\/empresariado-se-suma-al-ayuntamiento-capitalino-para-dar-impulso-al-deporte\/#article","isPartOf":{"@id":"https:\/\/canal7slp.tv\/2022\/empresariado-se-suma-al-ayuntamiento-capitalino-para-dar-impulso-al-deporte\/"},"author":{"name":"Edici\u00f3n Web","@id":"https:\/\/canal7slp.tv\/2022\/#\/schema\/person\/429704152a21f5f856ce29aa69a238da"},"headline":"Empresariado se suma al Ayuntamiento Capitalino para dar impulso al deporte.","datePublished":"2022-04-27T16:47:35+00:00","mainEntityOfPage":{"@id":"https:\/\/canal7slp.tv\/2022\/empresariado-se-suma-al-ayuntamiento-capitalino-para-dar-impulso-al-deporte\/"},"wordCount":203,"publisher":{"@id":"https:\/\/canal7slp.tv\/2022\/#organization"},"image":{"@id":"https:\/\/canal7slp.tv\/2022\/empresariado-se-suma-al-ayuntamiento-capitalino-para-dar-impulso-al-deporte\/#primaryimage"},"thumbnailUrl":"https:\/\/canal7slp.tv\/2022\/wp-content\/uploads\/2022\/04\/Max01ImpulsoDeportivo.jpg","articleSection":["DESTACADAS","LOCALES Y REGIONALES"],"inLanguage":"es"},{"@type":"WebPage","@id":"https:\/\/canal7slp.tv\/2022\/empresariado-se-suma-al-ayuntamiento-capitalino-para-dar-impulso-al-deporte\/","url":"https:\/\/canal7slp.tv\/2022\/empresariado-se-suma-al-ayuntamiento-capitalino-para-dar-impulso-al-deporte\/","name":"Empresariado se suma al Ayuntamiento Capitalino para dar impulso al deporte. - Canal 7 SLP - 2022","isPartOf":{"@id":"https:\/\/canal7slp.tv\/2022\/#website"},"primaryImageOfPage":{"@id":"https:\/\/canal7slp.tv\/2022\/empresariado-se-suma-al-ayuntamiento-capitalino-para-dar-impulso-al-deporte\/#primaryimage"},"image":{"@id":"https:\/\/canal7slp.tv\/2022\/empresariado-se-suma-al-ayuntamiento-capitalino-para-dar-impulso-al-deporte\/#primaryimage"},"thumbnailUrl":"https:\/\/canal7slp.tv\/2022\/wp-content\/uploads\/2022\/04\/Max01ImpulsoDeportivo.jpg","datePublished":"2022-04-27T16:47:35+00:00","breadcrumb":{"@id":"https:\/\/canal7slp.tv\/2022\/empresariado-se-suma-al-ayuntamiento-capitalino-para-dar-impulso-al-deporte\/#breadcrumb"},"inLanguage":"es","potentialAction":[{"@type":"ReadAction","target":["https:\/\/canal7slp.tv\/2022\/empresariado-se-suma-al-ayuntamiento-capitalino-para-dar-impulso-al-deporte\/"]}]},{"@type":"ImageObject","inLanguage":"es","@id":"https:\/\/canal7slp.tv\/2022\/empresariado-se-suma-al-ayuntamiento-capitalino-para-dar-impulso-al-deporte\/#primaryimage","url":"https:\/\/canal7slp.tv\/2022\/wp-content\/uploads\/2022\/04\/Max01ImpulsoDeportivo.jpg","contentUrl":"https:\/\/canal7slp.tv\/2022\/wp-content\/uploads\/2022\/04\/Max01ImpulsoDeportivo.jpg","width":888,"height":500},{"@type":"BreadcrumbList","@id":"https:\/\/canal7slp.tv\/2022\/empresariado-se-suma-al-ayuntamiento-capitalino-para-dar-impulso-al-deporte\/#breadcrumb","itemListElement":[{"@type":"ListItem","position":1,"name":"Portada","item":"https:\/\/canal7slp.tv\/2022\/"},{"@type":"ListItem","position":2,"name":"Empresariado se suma al Ayuntamiento Capitalino para dar impulso al deporte."}]},{"@type":"WebSite","@id":"https:\/\/canal7slp.tv\/2022\/#website","url":"https:\/\/canal7slp.tv\/2022\/","name":"N7 - Noticieros Canal 7","description":"Somos Televisi\u00f3n","publisher":{"@id":"https:\/\/canal7slp.tv\/2022\/#organization"},"potentialAction":[{"@type":"SearchAction","target":{"@type":"EntryPoint","urlTemplate":"https:\/\/canal7slp.tv\/2022\/?s={search_term_string}"},"query-input":{"@type":"PropertyValueSpecification","valueRequired":true,"valueName":"search_term_string"}}],"inLanguage":"es"},{"@type":"Organization","@id":"https:\/\/canal7slp.tv\/2022\/#organization","name":"Noticieros Canal 7","url":"https:\/\/canal7slp.tv\/2022\/","logo":{"@type":"ImageObject","inLanguage":"es","@id":"https:\/\/canal7slp.tv\/2022\/#\/schema\/logo\/image\/","url":"https:\/\/canal7slp.tv\/2022\/wp-content\/uploads\/2021\/01\/logo-noticieros@2x.png","contentUrl":"https:\/\/canal7slp.tv\/2022\/wp-content\/uploads\/2021\/01\/logo-noticieros@2x.png","width":1017,"height":268,"caption":"Noticieros Canal 7"},"image":{"@id":"https:\/\/canal7slp.tv\/2022\/#\/schema\/logo\/image\/"},"sameAs":["https:\/\/www.facebook.com\/noticieroscanalsiete","https:\/\/x.com\/NOTICIEROS7","https:\/\/www.instagram.com\/canal7_slp","https:\/\/www.youtube.com\/channel\/UCliiYs-gP3JfJeqdPrNdd5A"]},{"@type":"Person","@id":"https:\/\/canal7slp.tv\/2022\/#\/schema\/person\/429704152a21f5f856ce29aa69a238da","name":"Edici\u00f3n Web","image":{"@type":"ImageObject","inLanguage":"es","@id":"https:\/\/secure.gravatar.com\/avatar\/eee448fc3f7164808013b816ba91ac7e43bbe82a70bebac296f8bc6f0addaa1a?s=96&d=mm&r=g","url":"https:\/\/secure.gravatar.com\/avatar\/eee448fc3f7164808013b816ba91ac7e43bbe82a70bebac296f8bc6f0addaa1a?s=96&d=mm&r=g","contentUrl":"https:\/\/secure.gravatar.com\/avatar\/eee448fc3f7164808013b816ba91ac7e43bbe82a70bebac296f8bc6f0addaa1a?s=96&d=mm&r=g","caption":"Edici\u00f3n Web"},"url":"https:\/\/canal7slp.tv\/2022\/author\/edicionweb\/"}]}},"amp_enabled":true,"_links":{"self":[{"href":"https:\/\/canal7slp.tv\/2022\/wp-json\/wp\/v2\/posts\/58397","targetHints":{"allow":["GET"]}}],"collection":[{"href":"https:\/\/canal7slp.tv\/2022\/wp-json\/wp\/v2\/posts"}],"about":[{"href":"https:\/\/canal7slp.tv\/2022\/wp-json\/wp\/v2\/types\/post"}],"author":[{"embeddable":true,"href":"https:\/\/canal7slp.tv\/2022\/wp-json\/wp\/v2\/users\/2"}],"replies":[{"embeddable":true,"href":"https:\/\/canal7slp.tv\/2022\/wp-json\/wp\/v2\/comments?post=58397"}],"version-history":[{"count":2,"href":"https:\/\/canal7slp.tv\/2022\/wp-json\/wp\/v2\/posts\/58397\/revisions"}],"predecessor-version":[{"id":58439,"href":"https:\/\/canal7slp.tv\/2022\/wp-json\/wp\/v2\/posts\/58397\/revisions\/58439"}],"wp:featuredmedia":[{"embeddable":true,"href":"https:\/\/canal7slp.tv\/2022\/wp-json\/wp\/v2\/media\/58438"}],"wp:attachment":[{"href":"https:\/\/canal7slp.tv\/2022\/wp-json\/wp\/v2\/media?parent=58397"}],"wp:term":[{"taxonomy":"category","embeddable":true,"href":"https:\/\/canal7slp.tv\/2022\/wp-json\/wp\/v2\/categories?post=58397"},{"taxonomy":"post_tag","embeddable":true,"href":"https:\/\/canal7slp.tv\/2022\/wp-json\/wp\/v2\/tags?post=58397"}],"curies":[{"name":"wp","href":"https:\/\/api.w.org\/{rel}","templated":true}]}}