{"id":58388,"date":"2022-04-26T16:51:06","date_gmt":"2022-04-26T22:51:06","guid":{"rendered":"https:\/\/canal7slp.tv\/2022\/?p=58388"},"modified":"2022-04-27T11:50:03","modified_gmt":"2022-04-27T17:50:03","slug":"la-secretaria-de-marina-armada-de-mexico-informa-sobre-accidente-aereo-en-mazatlan-sinaloa","status":"publish","type":"post","link":"https:\/\/canal7slp.tv\/2022\/la-secretaria-de-marina-armada-de-mexico-informa-sobre-accidente-aereo-en-mazatlan-sinaloa\/","title":{"rendered":"La Secretar\u00eda de Marina-Armada de M\u00e9xico informa sobre accidente a\u00e9reo en Mazatl\u00e1n, Sinaloa"},"content":{"rendered":"<p style=\"text-align: justify;\">Ciudad de M\u00e9xico.- La Secretar\u00eda de Marina informa a la opini\u00f3n p\u00fablica que hoy durante las actividades operativas que realiza esta Instituci\u00f3n, una aeronave de la Armada de M\u00e9xico se accident\u00f3 en el Aeropuerto Internacional de Mazatl\u00e1n, Sinaloa.<\/p>\n<div style=\"width: 1200px;\" class=\"wp-video\"><video class=\"wp-video-shortcode\" id=\"video-58388-1\" width=\"1200\" height=\"675\" preload=\"metadata\" controls=\"controls\"><source type=\"video\/mp4\" src=\"https:\/\/canal7slp.tv\/2022\/wp-content\/uploads\/2022\/04\/My-Movie.mp4?_=1\" \/><a href=\"https:\/\/canal7slp.tv\/2022\/wp-content\/uploads\/2022\/04\/My-Movie.mp4\">https:\/\/canal7slp.tv\/2022\/wp-content\/uploads\/2022\/04\/My-Movie.mp4<\/a><\/video><\/div>\n<p style=\"text-align: justify;\">Con base en la informaci\u00f3n con la que se cuenta al momento, un Helic\u00f3ptero MI17 de la Armada de M\u00e9xico, sufri\u00f3 un accidente durante la maniobra de despegue del helipuerto hacia la zona de reabastecimiento de combustible, desplom\u00e1ndose en inmediaciones de citada \u00e1rea.<\/p>\n<p style=\"text-align: justify;\">En mencionado helic\u00f3ptero se transportaban cinco elementos navales, los cuales sufrieron lesiones que no ponen en riesgo su vida, mismos que ya fueron trasladados al Hospital Naval de Mazatl\u00e1n, para su atenci\u00f3n m\u00e9dica especializada; asimismo, no hay da\u00f1os a terceras personas.<\/p>\n<p style=\"text-align: justify;\">De igual manera, se llevar\u00e1n a cabo las investigaciones correspondientes para<br \/>\ndeterminar las causas que pudieron provocar el accidente de dicha aeronave de la Armada de M\u00e9xico, la cual se encontraba brindando apoyo en el combate a incendios forestales en el estado de Sonora y se dirig\u00eda a la Base Aeronaval de Veracruz.<\/p>\n<p style=\"text-align: justify;\">Cabe destacar que esta Instituci\u00f3n agradece y reconoce la r\u00e1pida y oportuna respuesta del personal del Aeropuerto Internacional de Mazatl\u00e1n, quienes apoyaron al personal naval lesionado, brind\u00e1ndole los primeros auxilios.<\/p>\n<p style=\"text-align: justify;\">La Secretar\u00eda de Marina-Armada de M\u00e9xico lamenta el accidente y brindar\u00e1 la<br \/>\natenci\u00f3n m\u00e9dica necesaria a los elementos navales, asimismo refrenda su compromiso de trabajar en coordinaci\u00f3n con instituciones de los tres \u00f3rdenes de gobierno para mantener la operatividad en apoyo al combate a incendios forestales en el estado de Sonora.<\/p>\n","protected":false},"excerpt":{"rendered":"<p>Ciudad de M\u00e9xico.- La Secretar\u00eda de Marina informa a la opini\u00f3n p\u00fablica que hoy durante las actividades operativas que realiza esta Instituci\u00f3n, una aeronave de la Armada de M\u00e9xico se accident\u00f3 en el Aeropuerto Internacional de Mazatl\u00e1n, Sinaloa. Con base en la informaci\u00f3n con la que se cuenta al momento, un Helic\u00f3ptero MI17 de la Armada de M\u00e9xico, sufri\u00f3 un accidente durante la maniobra de despegue del helipuerto hacia la zona de reabastecimiento de combustible, desplom\u00e1ndose en inmediaciones de citada \u00e1rea. En mencionado helic\u00f3ptero se transportaban cinco elementos navales, los cuales sufrieron lesiones que no ponen en riesgo su vida, [&hellip;]<\/p>\n","protected":false},"author":2,"featured_media":58389,"comment_status":"closed","ping_status":"closed","sticky":false,"template":"","format":"standard","meta":{"footnotes":""},"categories":[46],"tags":[],"class_list":["post-58388","post","type-post","status-publish","format-standard","has-post-thumbnail","hentry","category-nacional","post--single"],"yoast_head":"<!-- This site is optimized with the Yoast SEO plugin v27.4 - https:\/\/yoast.com\/product\/yoast-seo-wordpress\/ -->\n<title>La Secretar\u00eda de Marina-Armada de M\u00e9xico informa sobre accidente a\u00e9reo en Mazatl\u00e1n, Sinaloa - Canal 7 SLP - 2022<\/title>\n<meta name=\"robots\" content=\"index, follow, max-snippet:-1, max-image-preview:large, max-video-preview:-1\" \/>\n<link rel=\"canonical\" href=\"https:\/\/canal7slp.tv\/2022\/la-secretaria-de-marina-armada-de-mexico-informa-sobre-accidente-aereo-en-mazatlan-sinaloa\/\" \/>\n<meta property=\"og:locale\" content=\"es_ES\" \/>\n<meta property=\"og:type\" content=\"article\" \/>\n<meta property=\"og:title\" content=\"La Secretar\u00eda de Marina-Armada de M\u00e9xico informa sobre accidente a\u00e9reo en Mazatl\u00e1n, Sinaloa - Canal 7 SLP - 2022\" \/>\n<meta property=\"og:description\" content=\"Ciudad de M\u00e9xico.- La Secretar\u00eda de Marina informa a la opini\u00f3n p\u00fablica que hoy durante las actividades operativas que realiza esta Instituci\u00f3n, una aeronave de la Armada de M\u00e9xico se accident\u00f3 en el Aeropuerto Internacional de Mazatl\u00e1n, Sinaloa. Con base en la informaci\u00f3n con la que se cuenta al momento, un Helic\u00f3ptero MI17 de la Armada de M\u00e9xico, sufri\u00f3 un accidente durante la maniobra de despegue del helipuerto hacia la zona de reabastecimiento de combustible, desplom\u00e1ndose en inmediaciones de citada \u00e1rea. En mencionado helic\u00f3ptero se transportaban cinco elementos navales, los cuales sufrieron lesiones que no ponen en riesgo su vida, [&hellip;]\" \/>\n<meta property=\"og:url\" content=\"https:\/\/canal7slp.tv\/2022\/la-secretaria-de-marina-armada-de-mexico-informa-sobre-accidente-aereo-en-mazatlan-sinaloa\/\" \/>\n<meta property=\"og:site_name\" content=\"Canal 7 SLP - 2022\" \/>\n<meta property=\"article:publisher\" content=\"https:\/\/www.facebook.com\/noticieroscanalsiete\" \/>\n<meta property=\"article:published_time\" content=\"2022-04-26T22:51:06+00:00\" \/>\n<meta property=\"article:modified_time\" content=\"2022-04-27T17:50:03+00:00\" \/>\n<meta property=\"og:image\" content=\"https:\/\/canal7slp.tv\/2022\/wp-content\/uploads\/2022\/04\/accidente.png\" \/>\n\t<meta property=\"og:image:width\" content=\"1294\" \/>\n\t<meta property=\"og:image:height\" content=\"660\" \/>\n\t<meta property=\"og:image:type\" content=\"image\/png\" \/>\n<meta name=\"author\" content=\"Edici\u00f3n Web\" \/>\n<meta name=\"twitter:card\" content=\"summary_large_image\" \/>\n<meta name=\"twitter:creator\" content=\"@NOTICIEROS7\" \/>\n<meta name=\"twitter:site\" content=\"@NOTICIEROS7\" \/>\n<meta name=\"twitter:label1\" content=\"Escrito por\" \/>\n\t<meta name=\"twitter:data1\" content=\"Edici\u00f3n Web\" \/>\n\t<meta name=\"twitter:label2\" content=\"Tiempo de lectura\" \/>\n\t<meta name=\"twitter:data2\" content=\"2 minutos\" \/>\n<script type=\"application\/ld+json\" class=\"yoast-schema-graph\">{\"@context\":\"https:\\\/\\\/schema.org\",\"@graph\":[{\"@type\":\"Article\",\"@id\":\"https:\\\/\\\/canal7slp.tv\\\/2022\\\/la-secretaria-de-marina-armada-de-mexico-informa-sobre-accidente-aereo-en-mazatlan-sinaloa\\\/#article\",\"isPartOf\":{\"@id\":\"https:\\\/\\\/canal7slp.tv\\\/2022\\\/la-secretaria-de-marina-armada-de-mexico-informa-sobre-accidente-aereo-en-mazatlan-sinaloa\\\/\"},\"author\":{\"name\":\"Edici\u00f3n Web\",\"@id\":\"https:\\\/\\\/canal7slp.tv\\\/2022\\\/#\\\/schema\\\/person\\\/429704152a21f5f856ce29aa69a238da\"},\"headline\":\"La Secretar\u00eda de Marina-Armada de M\u00e9xico informa sobre accidente a\u00e9reo en Mazatl\u00e1n, Sinaloa\",\"datePublished\":\"2022-04-26T22:51:06+00:00\",\"dateModified\":\"2022-04-27T17:50:03+00:00\",\"mainEntityOfPage\":{\"@id\":\"https:\\\/\\\/canal7slp.tv\\\/2022\\\/la-secretaria-de-marina-armada-de-mexico-informa-sobre-accidente-aereo-en-mazatlan-sinaloa\\\/\"},\"wordCount\":315,\"publisher\":{\"@id\":\"https:\\\/\\\/canal7slp.tv\\\/2022\\\/#organization\"},\"image\":{\"@id\":\"https:\\\/\\\/canal7slp.tv\\\/2022\\\/la-secretaria-de-marina-armada-de-mexico-informa-sobre-accidente-aereo-en-mazatlan-sinaloa\\\/#primaryimage\"},\"thumbnailUrl\":\"https:\\\/\\\/canal7slp.tv\\\/2022\\\/wp-content\\\/uploads\\\/2022\\\/04\\\/accidente.png\",\"articleSection\":[\"NACIONALES\"],\"inLanguage\":\"es\"},{\"@type\":\"WebPage\",\"@id\":\"https:\\\/\\\/canal7slp.tv\\\/2022\\\/la-secretaria-de-marina-armada-de-mexico-informa-sobre-accidente-aereo-en-mazatlan-sinaloa\\\/\",\"url\":\"https:\\\/\\\/canal7slp.tv\\\/2022\\\/la-secretaria-de-marina-armada-de-mexico-informa-sobre-accidente-aereo-en-mazatlan-sinaloa\\\/\",\"name\":\"La Secretar\u00eda de Marina-Armada de M\u00e9xico informa sobre accidente a\u00e9reo en Mazatl\u00e1n, Sinaloa - Canal 7 SLP - 2022\",\"isPartOf\":{\"@id\":\"https:\\\/\\\/canal7slp.tv\\\/2022\\\/#website\"},\"primaryImageOfPage\":{\"@id\":\"https:\\\/\\\/canal7slp.tv\\\/2022\\\/la-secretaria-de-marina-armada-de-mexico-informa-sobre-accidente-aereo-en-mazatlan-sinaloa\\\/#primaryimage\"},\"image\":{\"@id\":\"https:\\\/\\\/canal7slp.tv\\\/2022\\\/la-secretaria-de-marina-armada-de-mexico-informa-sobre-accidente-aereo-en-mazatlan-sinaloa\\\/#primaryimage\"},\"thumbnailUrl\":\"https:\\\/\\\/canal7slp.tv\\\/2022\\\/wp-content\\\/uploads\\\/2022\\\/04\\\/accidente.png\",\"datePublished\":\"2022-04-26T22:51:06+00:00\",\"dateModified\":\"2022-04-27T17:50:03+00:00\",\"breadcrumb\":{\"@id\":\"https:\\\/\\\/canal7slp.tv\\\/2022\\\/la-secretaria-de-marina-armada-de-mexico-informa-sobre-accidente-aereo-en-mazatlan-sinaloa\\\/#breadcrumb\"},\"inLanguage\":\"es\",\"potentialAction\":[{\"@type\":\"ReadAction\",\"target\":[\"https:\\\/\\\/canal7slp.tv\\\/2022\\\/la-secretaria-de-marina-armada-de-mexico-informa-sobre-accidente-aereo-en-mazatlan-sinaloa\\\/\"]}]},{\"@type\":\"ImageObject\",\"inLanguage\":\"es\",\"@id\":\"https:\\\/\\\/canal7slp.tv\\\/2022\\\/la-secretaria-de-marina-armada-de-mexico-informa-sobre-accidente-aereo-en-mazatlan-sinaloa\\\/#primaryimage\",\"url\":\"https:\\\/\\\/canal7slp.tv\\\/2022\\\/wp-content\\\/uploads\\\/2022\\\/04\\\/accidente.png\",\"contentUrl\":\"https:\\\/\\\/canal7slp.tv\\\/2022\\\/wp-content\\\/uploads\\\/2022\\\/04\\\/accidente.png\",\"width\":1294,\"height\":660},{\"@type\":\"BreadcrumbList\",\"@id\":\"https:\\\/\\\/canal7slp.tv\\\/2022\\\/la-secretaria-de-marina-armada-de-mexico-informa-sobre-accidente-aereo-en-mazatlan-sinaloa\\\/#breadcrumb\",\"itemListElement\":[{\"@type\":\"ListItem\",\"position\":1,\"name\":\"Portada\",\"item\":\"https:\\\/\\\/canal7slp.tv\\\/2022\\\/\"},{\"@type\":\"ListItem\",\"position\":2,\"name\":\"La Secretar\u00eda de Marina-Armada de M\u00e9xico informa sobre accidente a\u00e9reo en Mazatl\u00e1n, Sinaloa\"}]},{\"@type\":\"WebSite\",\"@id\":\"https:\\\/\\\/canal7slp.tv\\\/2022\\\/#website\",\"url\":\"https:\\\/\\\/canal7slp.tv\\\/2022\\\/\",\"name\":\"N7 - Noticieros Canal 7\",\"description\":\"Somos Televisi\u00f3n\",\"publisher\":{\"@id\":\"https:\\\/\\\/canal7slp.tv\\\/2022\\\/#organization\"},\"potentialAction\":[{\"@type\":\"SearchAction\",\"target\":{\"@type\":\"EntryPoint\",\"urlTemplate\":\"https:\\\/\\\/canal7slp.tv\\\/2022\\\/?s={search_term_string}\"},\"query-input\":{\"@type\":\"PropertyValueSpecification\",\"valueRequired\":true,\"valueName\":\"search_term_string\"}}],\"inLanguage\":\"es\"},{\"@type\":\"Organization\",\"@id\":\"https:\\\/\\\/canal7slp.tv\\\/2022\\\/#organization\",\"name\":\"Noticieros Canal 7\",\"url\":\"https:\\\/\\\/canal7slp.tv\\\/2022\\\/\",\"logo\":{\"@type\":\"ImageObject\",\"inLanguage\":\"es\",\"@id\":\"https:\\\/\\\/canal7slp.tv\\\/2022\\\/#\\\/schema\\\/logo\\\/image\\\/\",\"url\":\"https:\\\/\\\/canal7slp.tv\\\/2022\\\/wp-content\\\/uploads\\\/2021\\\/01\\\/logo-noticieros@2x.png\",\"contentUrl\":\"https:\\\/\\\/canal7slp.tv\\\/2022\\\/wp-content\\\/uploads\\\/2021\\\/01\\\/logo-noticieros@2x.png\",\"width\":1017,\"height\":268,\"caption\":\"Noticieros Canal 7\"},\"image\":{\"@id\":\"https:\\\/\\\/canal7slp.tv\\\/2022\\\/#\\\/schema\\\/logo\\\/image\\\/\"},\"sameAs\":[\"https:\\\/\\\/www.facebook.com\\\/noticieroscanalsiete\",\"https:\\\/\\\/x.com\\\/NOTICIEROS7\",\"https:\\\/\\\/www.instagram.com\\\/canal7_slp\",\"https:\\\/\\\/www.youtube.com\\\/channel\\\/UCliiYs-gP3JfJeqdPrNdd5A\"]},{\"@type\":\"Person\",\"@id\":\"https:\\\/\\\/canal7slp.tv\\\/2022\\\/#\\\/schema\\\/person\\\/429704152a21f5f856ce29aa69a238da\",\"name\":\"Edici\u00f3n Web\",\"image\":{\"@type\":\"ImageObject\",\"inLanguage\":\"es\",\"@id\":\"https:\\\/\\\/secure.gravatar.com\\\/avatar\\\/eee448fc3f7164808013b816ba91ac7e43bbe82a70bebac296f8bc6f0addaa1a?s=96&d=mm&r=g\",\"url\":\"https:\\\/\\\/secure.gravatar.com\\\/avatar\\\/eee448fc3f7164808013b816ba91ac7e43bbe82a70bebac296f8bc6f0addaa1a?s=96&d=mm&r=g\",\"contentUrl\":\"https:\\\/\\\/secure.gravatar.com\\\/avatar\\\/eee448fc3f7164808013b816ba91ac7e43bbe82a70bebac296f8bc6f0addaa1a?s=96&d=mm&r=g\",\"caption\":\"Edici\u00f3n Web\"},\"url\":\"https:\\\/\\\/canal7slp.tv\\\/2022\\\/author\\\/edicionweb\\\/\"}]}<\/script>\n<!-- \/ Yoast SEO plugin. -->","yoast_head_json":{"title":"La Secretar\u00eda de Marina-Armada de M\u00e9xico informa sobre accidente a\u00e9reo en Mazatl\u00e1n, Sinaloa - Canal 7 SLP - 2022","robots":{"index":"index","follow":"follow","max-snippet":"max-snippet:-1","max-image-preview":"max-image-preview:large","max-video-preview":"max-video-preview:-1"},"canonical":"https:\/\/canal7slp.tv\/2022\/la-secretaria-de-marina-armada-de-mexico-informa-sobre-accidente-aereo-en-mazatlan-sinaloa\/","og_locale":"es_ES","og_type":"article","og_title":"La Secretar\u00eda de Marina-Armada de M\u00e9xico informa sobre accidente a\u00e9reo en Mazatl\u00e1n, Sinaloa - Canal 7 SLP - 2022","og_description":"Ciudad de M\u00e9xico.- La Secretar\u00eda de Marina informa a la opini\u00f3n p\u00fablica que hoy durante las actividades operativas que realiza esta Instituci\u00f3n, una aeronave de la Armada de M\u00e9xico se accident\u00f3 en el Aeropuerto Internacional de Mazatl\u00e1n, Sinaloa. Con base en la informaci\u00f3n con la que se cuenta al momento, un Helic\u00f3ptero MI17 de la Armada de M\u00e9xico, sufri\u00f3 un accidente durante la maniobra de despegue del helipuerto hacia la zona de reabastecimiento de combustible, desplom\u00e1ndose en inmediaciones de citada \u00e1rea. En mencionado helic\u00f3ptero se transportaban cinco elementos navales, los cuales sufrieron lesiones que no ponen en riesgo su vida, [&hellip;]","og_url":"https:\/\/canal7slp.tv\/2022\/la-secretaria-de-marina-armada-de-mexico-informa-sobre-accidente-aereo-en-mazatlan-sinaloa\/","og_site_name":"Canal 7 SLP - 2022","article_publisher":"https:\/\/www.facebook.com\/noticieroscanalsiete","article_published_time":"2022-04-26T22:51:06+00:00","article_modified_time":"2022-04-27T17:50:03+00:00","og_image":[{"width":1294,"height":660,"url":"https:\/\/canal7slp.tv\/2022\/wp-content\/uploads\/2022\/04\/accidente.png","type":"image\/png"}],"author":"Edici\u00f3n Web","twitter_card":"summary_large_image","twitter_creator":"@NOTICIEROS7","twitter_site":"@NOTICIEROS7","twitter_misc":{"Escrito por":"Edici\u00f3n Web","Tiempo de lectura":"2 minutos"},"schema":{"@context":"https:\/\/schema.org","@graph":[{"@type":"Article","@id":"https:\/\/canal7slp.tv\/2022\/la-secretaria-de-marina-armada-de-mexico-informa-sobre-accidente-aereo-en-mazatlan-sinaloa\/#article","isPartOf":{"@id":"https:\/\/canal7slp.tv\/2022\/la-secretaria-de-marina-armada-de-mexico-informa-sobre-accidente-aereo-en-mazatlan-sinaloa\/"},"author":{"name":"Edici\u00f3n Web","@id":"https:\/\/canal7slp.tv\/2022\/#\/schema\/person\/429704152a21f5f856ce29aa69a238da"},"headline":"La Secretar\u00eda de Marina-Armada de M\u00e9xico informa sobre accidente a\u00e9reo en Mazatl\u00e1n, Sinaloa","datePublished":"2022-04-26T22:51:06+00:00","dateModified":"2022-04-27T17:50:03+00:00","mainEntityOfPage":{"@id":"https:\/\/canal7slp.tv\/2022\/la-secretaria-de-marina-armada-de-mexico-informa-sobre-accidente-aereo-en-mazatlan-sinaloa\/"},"wordCount":315,"publisher":{"@id":"https:\/\/canal7slp.tv\/2022\/#organization"},"image":{"@id":"https:\/\/canal7slp.tv\/2022\/la-secretaria-de-marina-armada-de-mexico-informa-sobre-accidente-aereo-en-mazatlan-sinaloa\/#primaryimage"},"thumbnailUrl":"https:\/\/canal7slp.tv\/2022\/wp-content\/uploads\/2022\/04\/accidente.png","articleSection":["NACIONALES"],"inLanguage":"es"},{"@type":"WebPage","@id":"https:\/\/canal7slp.tv\/2022\/la-secretaria-de-marina-armada-de-mexico-informa-sobre-accidente-aereo-en-mazatlan-sinaloa\/","url":"https:\/\/canal7slp.tv\/2022\/la-secretaria-de-marina-armada-de-mexico-informa-sobre-accidente-aereo-en-mazatlan-sinaloa\/","name":"La Secretar\u00eda de Marina-Armada de M\u00e9xico informa sobre accidente a\u00e9reo en Mazatl\u00e1n, Sinaloa - Canal 7 SLP - 2022","isPartOf":{"@id":"https:\/\/canal7slp.tv\/2022\/#website"},"primaryImageOfPage":{"@id":"https:\/\/canal7slp.tv\/2022\/la-secretaria-de-marina-armada-de-mexico-informa-sobre-accidente-aereo-en-mazatlan-sinaloa\/#primaryimage"},"image":{"@id":"https:\/\/canal7slp.tv\/2022\/la-secretaria-de-marina-armada-de-mexico-informa-sobre-accidente-aereo-en-mazatlan-sinaloa\/#primaryimage"},"thumbnailUrl":"https:\/\/canal7slp.tv\/2022\/wp-content\/uploads\/2022\/04\/accidente.png","datePublished":"2022-04-26T22:51:06+00:00","dateModified":"2022-04-27T17:50:03+00:00","breadcrumb":{"@id":"https:\/\/canal7slp.tv\/2022\/la-secretaria-de-marina-armada-de-mexico-informa-sobre-accidente-aereo-en-mazatlan-sinaloa\/#breadcrumb"},"inLanguage":"es","potentialAction":[{"@type":"ReadAction","target":["https:\/\/canal7slp.tv\/2022\/la-secretaria-de-marina-armada-de-mexico-informa-sobre-accidente-aereo-en-mazatlan-sinaloa\/"]}]},{"@type":"ImageObject","inLanguage":"es","@id":"https:\/\/canal7slp.tv\/2022\/la-secretaria-de-marina-armada-de-mexico-informa-sobre-accidente-aereo-en-mazatlan-sinaloa\/#primaryimage","url":"https:\/\/canal7slp.tv\/2022\/wp-content\/uploads\/2022\/04\/accidente.png","contentUrl":"https:\/\/canal7slp.tv\/2022\/wp-content\/uploads\/2022\/04\/accidente.png","width":1294,"height":660},{"@type":"BreadcrumbList","@id":"https:\/\/canal7slp.tv\/2022\/la-secretaria-de-marina-armada-de-mexico-informa-sobre-accidente-aereo-en-mazatlan-sinaloa\/#breadcrumb","itemListElement":[{"@type":"ListItem","position":1,"name":"Portada","item":"https:\/\/canal7slp.tv\/2022\/"},{"@type":"ListItem","position":2,"name":"La Secretar\u00eda de Marina-Armada de M\u00e9xico informa sobre accidente a\u00e9reo en Mazatl\u00e1n, Sinaloa"}]},{"@type":"WebSite","@id":"https:\/\/canal7slp.tv\/2022\/#website","url":"https:\/\/canal7slp.tv\/2022\/","name":"N7 - Noticieros Canal 7","description":"Somos Televisi\u00f3n","publisher":{"@id":"https:\/\/canal7slp.tv\/2022\/#organization"},"potentialAction":[{"@type":"SearchAction","target":{"@type":"EntryPoint","urlTemplate":"https:\/\/canal7slp.tv\/2022\/?s={search_term_string}"},"query-input":{"@type":"PropertyValueSpecification","valueRequired":true,"valueName":"search_term_string"}}],"inLanguage":"es"},{"@type":"Organization","@id":"https:\/\/canal7slp.tv\/2022\/#organization","name":"Noticieros Canal 7","url":"https:\/\/canal7slp.tv\/2022\/","logo":{"@type":"ImageObject","inLanguage":"es","@id":"https:\/\/canal7slp.tv\/2022\/#\/schema\/logo\/image\/","url":"https:\/\/canal7slp.tv\/2022\/wp-content\/uploads\/2021\/01\/logo-noticieros@2x.png","contentUrl":"https:\/\/canal7slp.tv\/2022\/wp-content\/uploads\/2021\/01\/logo-noticieros@2x.png","width":1017,"height":268,"caption":"Noticieros Canal 7"},"image":{"@id":"https:\/\/canal7slp.tv\/2022\/#\/schema\/logo\/image\/"},"sameAs":["https:\/\/www.facebook.com\/noticieroscanalsiete","https:\/\/x.com\/NOTICIEROS7","https:\/\/www.instagram.com\/canal7_slp","https:\/\/www.youtube.com\/channel\/UCliiYs-gP3JfJeqdPrNdd5A"]},{"@type":"Person","@id":"https:\/\/canal7slp.tv\/2022\/#\/schema\/person\/429704152a21f5f856ce29aa69a238da","name":"Edici\u00f3n Web","image":{"@type":"ImageObject","inLanguage":"es","@id":"https:\/\/secure.gravatar.com\/avatar\/eee448fc3f7164808013b816ba91ac7e43bbe82a70bebac296f8bc6f0addaa1a?s=96&d=mm&r=g","url":"https:\/\/secure.gravatar.com\/avatar\/eee448fc3f7164808013b816ba91ac7e43bbe82a70bebac296f8bc6f0addaa1a?s=96&d=mm&r=g","contentUrl":"https:\/\/secure.gravatar.com\/avatar\/eee448fc3f7164808013b816ba91ac7e43bbe82a70bebac296f8bc6f0addaa1a?s=96&d=mm&r=g","caption":"Edici\u00f3n Web"},"url":"https:\/\/canal7slp.tv\/2022\/author\/edicionweb\/"}]}},"amp_enabled":true,"_links":{"self":[{"href":"https:\/\/canal7slp.tv\/2022\/wp-json\/wp\/v2\/posts\/58388","targetHints":{"allow":["GET"]}}],"collection":[{"href":"https:\/\/canal7slp.tv\/2022\/wp-json\/wp\/v2\/posts"}],"about":[{"href":"https:\/\/canal7slp.tv\/2022\/wp-json\/wp\/v2\/types\/post"}],"author":[{"embeddable":true,"href":"https:\/\/canal7slp.tv\/2022\/wp-json\/wp\/v2\/users\/2"}],"replies":[{"embeddable":true,"href":"https:\/\/canal7slp.tv\/2022\/wp-json\/wp\/v2\/comments?post=58388"}],"version-history":[{"count":3,"href":"https:\/\/canal7slp.tv\/2022\/wp-json\/wp\/v2\/posts\/58388\/revisions"}],"predecessor-version":[{"id":58442,"href":"https:\/\/canal7slp.tv\/2022\/wp-json\/wp\/v2\/posts\/58388\/revisions\/58442"}],"wp:featuredmedia":[{"embeddable":true,"href":"https:\/\/canal7slp.tv\/2022\/wp-json\/wp\/v2\/media\/58389"}],"wp:attachment":[{"href":"https:\/\/canal7slp.tv\/2022\/wp-json\/wp\/v2\/media?parent=58388"}],"wp:term":[{"taxonomy":"category","embeddable":true,"href":"https:\/\/canal7slp.tv\/2022\/wp-json\/wp\/v2\/categories?post=58388"},{"taxonomy":"post_tag","embeddable":true,"href":"https:\/\/canal7slp.tv\/2022\/wp-json\/wp\/v2\/tags?post=58388"}],"curies":[{"name":"wp","href":"https:\/\/api.w.org\/{rel}","templated":true}]}}