{"id":58349,"date":"2022-04-26T14:46:39","date_gmt":"2022-04-26T20:46:39","guid":{"rendered":"https:\/\/canal7slp.tv\/2022\/?p=58349"},"modified":"2022-04-26T14:46:39","modified_gmt":"2022-04-26T20:46:39","slug":"21-representantes-potosinos-de-ciclismo-en-los-nacionales-conade","status":"publish","type":"post","link":"https:\/\/canal7slp.tv\/2022\/21-representantes-potosinos-de-ciclismo-en-los-nacionales-conade\/","title":{"rendered":"21 representantes potosinos de ciclismo en los Nacionales CONADE."},"content":{"rendered":"<p style=\"text-align: justify;\">SLP.- Tras la celebraci\u00f3n del evento Macro Regional de Ciclismo en la ciudad de Monterrey, clasificatorio para la Fase Nacional de los Juegos Nacionales CONADE, pedalistas potosinos consiguieron 21 plazas para dicha fase final.<\/p>\n<p style=\"text-align: justify;\">Los pedalistas tomaron parte de este evento de macro regi\u00f3n en las modalidades de velocidad, scratch, contrarreloj, ruta y monta\u00f1a.<\/p>\n<p style=\"text-align: justify;\">En la Pista de Velocidad por equipos Categor\u00eda Juvenil \u201cC\u201d obtuvieron su calificaci\u00f3n: \u00d3scar barrera S\u00e1nchez, Kevin Alberto Hern\u00e1ndez L\u00f3pez y Ulises Yeshua Rodr\u00edguez Don Lucas. Oscar Barrera S\u00e1nchez obtuvo su pase en la prueba de Pista Scratch en la Categor\u00eda Juvenil \u201cC\u201d.<\/p>\n<p style=\"text-align: justify;\">En la prueba Contrarreloj de la Categor\u00eda Sub 23 Valeria Cruz Espinosa asegur\u00f3 su lugar en los Nacionales, as\u00ed como en la prueba de Ruta, en varonil asegur\u00f3 su boleto Antonio Cuevas.<\/p>\n<p style=\"text-align: justify;\">En Ruta Juvenil \u201cA\u201d Varonil representar\u00e1n a San Luis Potos\u00ed en los Nacionales: Miguel Oswaldo R\u00edos Peralta y Jaime Insa Fern\u00e1ndez. En la Categor\u00eda Juvenil \u201cB\u201d Michell Danae Hern\u00e1ndez Silva, Mariana Abigail Cardona santos y Thistia Ximena D\u00edaz Villegas en damas y en varonil Gerardo Prado Morales.<\/p>\n<p style=\"text-align: justify;\">Los clasificados en la Categor\u00eda Juvenil \u201cC\u201d son Kelly de Blas Hern\u00e1ndez en femenil y en varonil Kevin Alberto Hern\u00e1ndez L\u00f3pez, \u00d3scar Barrera S\u00e1nchez y Fabian de Jes\u00fas Ruiz Cuadros.<\/p>\n<p style=\"text-align: justify;\">En ciclismo de monta\u00f1a en la Categor\u00eda Juvenil Varonil obtuvieron boleto al Nacional: Franco Emmanuel de Blas Moreno y El\u00edas Ju\u00e1rez Segura; en femenil: Adelaida Belmontes Rodr\u00edguez y Daniela Guadalupe Verastegui D\u00edaz.<\/p>\n<p style=\"text-align: justify;\">Ciclistas de MTB clasificados en la Categor\u00eda Juvenil \u201cB\u201d Femenil son: Citlali Yaretzel Castillo Renter\u00eda y Michelle Camila Salazar Alarc\u00f3n mientras que en la rama varonil: Oyen Joshimar Sandoval Gallegos.<\/p>\n<p style=\"text-align: justify;\">Finalmente, en la Categor\u00eda Juvenil \u201cC\u201d Varonil Jos\u00e9 Daniel Barr\u00f3n L\u00f3pez luego de dar la marca asegur\u00f3 su lugar en los Nacionales CONADE en esta especialidad.<\/p>\n<p style=\"text-align: justify;\">Los seleccionados de Ciclismo representar\u00e1n al Estado de San Luis Potos\u00ed durante la Fase Nacional de los Juegos CONADE 2022 cuya sede ser\u00e1 Baja California.<\/p>\n","protected":false},"excerpt":{"rendered":"<p>SLP.- Tras la celebraci\u00f3n del evento Macro Regional de Ciclismo en la ciudad de Monterrey, clasificatorio para la Fase Nacional de los Juegos Nacionales CONADE, pedalistas potosinos consiguieron 21 plazas para dicha fase final. Los pedalistas tomaron parte de este evento de macro regi\u00f3n en las modalidades de velocidad, scratch, contrarreloj, ruta y monta\u00f1a. En la Pista de Velocidad por equipos Categor\u00eda Juvenil \u201cC\u201d obtuvieron su calificaci\u00f3n: \u00d3scar barrera S\u00e1nchez, Kevin Alberto Hern\u00e1ndez L\u00f3pez y Ulises Yeshua Rodr\u00edguez Don Lucas. Oscar Barrera S\u00e1nchez obtuvo su pase en la prueba de Pista Scratch en la Categor\u00eda Juvenil \u201cC\u201d. En la prueba [&hellip;]<\/p>\n","protected":false},"author":2,"featured_media":58355,"comment_status":"closed","ping_status":"closed","sticky":false,"template":"","format":"video","meta":{"footnotes":""},"categories":[7,5],"tags":[],"class_list":["post-58349","post","type-post","status-publish","format-video","has-post-thumbnail","hentry","category-deportes","category-destacadas","post_format-post-format-video","post--single"],"yoast_head":"<!-- This site is optimized with the Yoast SEO plugin v27.4 - https:\/\/yoast.com\/product\/yoast-seo-wordpress\/ -->\n<title>21 representantes potosinos de ciclismo en los Nacionales CONADE. - Canal 7 SLP - 2022<\/title>\n<meta name=\"robots\" content=\"index, follow, max-snippet:-1, max-image-preview:large, max-video-preview:-1\" \/>\n<link rel=\"canonical\" href=\"https:\/\/canal7slp.tv\/2022\/21-representantes-potosinos-de-ciclismo-en-los-nacionales-conade\/\" \/>\n<meta property=\"og:locale\" content=\"es_ES\" \/>\n<meta property=\"og:type\" content=\"article\" \/>\n<meta property=\"og:title\" content=\"21 representantes potosinos de ciclismo en los Nacionales CONADE. - Canal 7 SLP - 2022\" \/>\n<meta property=\"og:description\" content=\"SLP.- Tras la celebraci\u00f3n del evento Macro Regional de Ciclismo en la ciudad de Monterrey, clasificatorio para la Fase Nacional de los Juegos Nacionales CONADE, pedalistas potosinos consiguieron 21 plazas para dicha fase final. Los pedalistas tomaron parte de este evento de macro regi\u00f3n en las modalidades de velocidad, scratch, contrarreloj, ruta y monta\u00f1a. En la Pista de Velocidad por equipos Categor\u00eda Juvenil \u201cC\u201d obtuvieron su calificaci\u00f3n: \u00d3scar barrera S\u00e1nchez, Kevin Alberto Hern\u00e1ndez L\u00f3pez y Ulises Yeshua Rodr\u00edguez Don Lucas. Oscar Barrera S\u00e1nchez obtuvo su pase en la prueba de Pista Scratch en la Categor\u00eda Juvenil \u201cC\u201d. En la prueba [&hellip;]\" \/>\n<meta property=\"og:url\" content=\"https:\/\/canal7slp.tv\/2022\/21-representantes-potosinos-de-ciclismo-en-los-nacionales-conade\/\" \/>\n<meta property=\"og:site_name\" content=\"Canal 7 SLP - 2022\" \/>\n<meta property=\"article:publisher\" content=\"https:\/\/www.facebook.com\/noticieroscanalsiete\" \/>\n<meta property=\"article:published_time\" content=\"2022-04-26T20:46:39+00:00\" \/>\n<meta property=\"og:image\" content=\"https:\/\/canal7slp.tv\/2022\/wp-content\/uploads\/2022\/04\/Froi02Ciclismo.jpg\" \/>\n\t<meta property=\"og:image:width\" content=\"888\" \/>\n\t<meta property=\"og:image:height\" content=\"500\" \/>\n\t<meta property=\"og:image:type\" content=\"image\/jpeg\" \/>\n<meta name=\"author\" content=\"Edici\u00f3n Web\" \/>\n<meta name=\"twitter:card\" content=\"summary_large_image\" \/>\n<meta name=\"twitter:creator\" content=\"@NOTICIEROS7\" \/>\n<meta name=\"twitter:site\" content=\"@NOTICIEROS7\" \/>\n<meta name=\"twitter:label1\" content=\"Escrito por\" \/>\n\t<meta name=\"twitter:data1\" content=\"Edici\u00f3n Web\" \/>\n\t<meta name=\"twitter:label2\" content=\"Tiempo de lectura\" \/>\n\t<meta name=\"twitter:data2\" content=\"2 minutos\" \/>\n<script type=\"application\/ld+json\" class=\"yoast-schema-graph\">{\"@context\":\"https:\\\/\\\/schema.org\",\"@graph\":[{\"@type\":\"Article\",\"@id\":\"https:\\\/\\\/canal7slp.tv\\\/2022\\\/21-representantes-potosinos-de-ciclismo-en-los-nacionales-conade\\\/#article\",\"isPartOf\":{\"@id\":\"https:\\\/\\\/canal7slp.tv\\\/2022\\\/21-representantes-potosinos-de-ciclismo-en-los-nacionales-conade\\\/\"},\"author\":{\"name\":\"Edici\u00f3n Web\",\"@id\":\"https:\\\/\\\/canal7slp.tv\\\/2022\\\/#\\\/schema\\\/person\\\/429704152a21f5f856ce29aa69a238da\"},\"headline\":\"21 representantes potosinos de ciclismo en los Nacionales CONADE.\",\"datePublished\":\"2022-04-26T20:46:39+00:00\",\"mainEntityOfPage\":{\"@id\":\"https:\\\/\\\/canal7slp.tv\\\/2022\\\/21-representantes-potosinos-de-ciclismo-en-los-nacionales-conade\\\/\"},\"wordCount\":362,\"publisher\":{\"@id\":\"https:\\\/\\\/canal7slp.tv\\\/2022\\\/#organization\"},\"image\":{\"@id\":\"https:\\\/\\\/canal7slp.tv\\\/2022\\\/21-representantes-potosinos-de-ciclismo-en-los-nacionales-conade\\\/#primaryimage\"},\"thumbnailUrl\":\"https:\\\/\\\/canal7slp.tv\\\/2022\\\/wp-content\\\/uploads\\\/2022\\\/04\\\/Froi02Ciclismo.jpg\",\"articleSection\":[\"DEPORTES\",\"DESTACADAS\"],\"inLanguage\":\"es\"},{\"@type\":\"WebPage\",\"@id\":\"https:\\\/\\\/canal7slp.tv\\\/2022\\\/21-representantes-potosinos-de-ciclismo-en-los-nacionales-conade\\\/\",\"url\":\"https:\\\/\\\/canal7slp.tv\\\/2022\\\/21-representantes-potosinos-de-ciclismo-en-los-nacionales-conade\\\/\",\"name\":\"21 representantes potosinos de ciclismo en los Nacionales CONADE. - Canal 7 SLP - 2022\",\"isPartOf\":{\"@id\":\"https:\\\/\\\/canal7slp.tv\\\/2022\\\/#website\"},\"primaryImageOfPage\":{\"@id\":\"https:\\\/\\\/canal7slp.tv\\\/2022\\\/21-representantes-potosinos-de-ciclismo-en-los-nacionales-conade\\\/#primaryimage\"},\"image\":{\"@id\":\"https:\\\/\\\/canal7slp.tv\\\/2022\\\/21-representantes-potosinos-de-ciclismo-en-los-nacionales-conade\\\/#primaryimage\"},\"thumbnailUrl\":\"https:\\\/\\\/canal7slp.tv\\\/2022\\\/wp-content\\\/uploads\\\/2022\\\/04\\\/Froi02Ciclismo.jpg\",\"datePublished\":\"2022-04-26T20:46:39+00:00\",\"breadcrumb\":{\"@id\":\"https:\\\/\\\/canal7slp.tv\\\/2022\\\/21-representantes-potosinos-de-ciclismo-en-los-nacionales-conade\\\/#breadcrumb\"},\"inLanguage\":\"es\",\"potentialAction\":[{\"@type\":\"ReadAction\",\"target\":[\"https:\\\/\\\/canal7slp.tv\\\/2022\\\/21-representantes-potosinos-de-ciclismo-en-los-nacionales-conade\\\/\"]}]},{\"@type\":\"ImageObject\",\"inLanguage\":\"es\",\"@id\":\"https:\\\/\\\/canal7slp.tv\\\/2022\\\/21-representantes-potosinos-de-ciclismo-en-los-nacionales-conade\\\/#primaryimage\",\"url\":\"https:\\\/\\\/canal7slp.tv\\\/2022\\\/wp-content\\\/uploads\\\/2022\\\/04\\\/Froi02Ciclismo.jpg\",\"contentUrl\":\"https:\\\/\\\/canal7slp.tv\\\/2022\\\/wp-content\\\/uploads\\\/2022\\\/04\\\/Froi02Ciclismo.jpg\",\"width\":888,\"height\":500},{\"@type\":\"BreadcrumbList\",\"@id\":\"https:\\\/\\\/canal7slp.tv\\\/2022\\\/21-representantes-potosinos-de-ciclismo-en-los-nacionales-conade\\\/#breadcrumb\",\"itemListElement\":[{\"@type\":\"ListItem\",\"position\":1,\"name\":\"Portada\",\"item\":\"https:\\\/\\\/canal7slp.tv\\\/2022\\\/\"},{\"@type\":\"ListItem\",\"position\":2,\"name\":\"21 representantes potosinos de ciclismo en los Nacionales CONADE.\"}]},{\"@type\":\"WebSite\",\"@id\":\"https:\\\/\\\/canal7slp.tv\\\/2022\\\/#website\",\"url\":\"https:\\\/\\\/canal7slp.tv\\\/2022\\\/\",\"name\":\"N7 - Noticieros Canal 7\",\"description\":\"Somos Televisi\u00f3n\",\"publisher\":{\"@id\":\"https:\\\/\\\/canal7slp.tv\\\/2022\\\/#organization\"},\"potentialAction\":[{\"@type\":\"SearchAction\",\"target\":{\"@type\":\"EntryPoint\",\"urlTemplate\":\"https:\\\/\\\/canal7slp.tv\\\/2022\\\/?s={search_term_string}\"},\"query-input\":{\"@type\":\"PropertyValueSpecification\",\"valueRequired\":true,\"valueName\":\"search_term_string\"}}],\"inLanguage\":\"es\"},{\"@type\":\"Organization\",\"@id\":\"https:\\\/\\\/canal7slp.tv\\\/2022\\\/#organization\",\"name\":\"Noticieros Canal 7\",\"url\":\"https:\\\/\\\/canal7slp.tv\\\/2022\\\/\",\"logo\":{\"@type\":\"ImageObject\",\"inLanguage\":\"es\",\"@id\":\"https:\\\/\\\/canal7slp.tv\\\/2022\\\/#\\\/schema\\\/logo\\\/image\\\/\",\"url\":\"https:\\\/\\\/canal7slp.tv\\\/2022\\\/wp-content\\\/uploads\\\/2021\\\/01\\\/logo-noticieros@2x.png\",\"contentUrl\":\"https:\\\/\\\/canal7slp.tv\\\/2022\\\/wp-content\\\/uploads\\\/2021\\\/01\\\/logo-noticieros@2x.png\",\"width\":1017,\"height\":268,\"caption\":\"Noticieros Canal 7\"},\"image\":{\"@id\":\"https:\\\/\\\/canal7slp.tv\\\/2022\\\/#\\\/schema\\\/logo\\\/image\\\/\"},\"sameAs\":[\"https:\\\/\\\/www.facebook.com\\\/noticieroscanalsiete\",\"https:\\\/\\\/x.com\\\/NOTICIEROS7\",\"https:\\\/\\\/www.instagram.com\\\/canal7_slp\",\"https:\\\/\\\/www.youtube.com\\\/channel\\\/UCliiYs-gP3JfJeqdPrNdd5A\"]},{\"@type\":\"Person\",\"@id\":\"https:\\\/\\\/canal7slp.tv\\\/2022\\\/#\\\/schema\\\/person\\\/429704152a21f5f856ce29aa69a238da\",\"name\":\"Edici\u00f3n Web\",\"image\":{\"@type\":\"ImageObject\",\"inLanguage\":\"es\",\"@id\":\"https:\\\/\\\/secure.gravatar.com\\\/avatar\\\/eee448fc3f7164808013b816ba91ac7e43bbe82a70bebac296f8bc6f0addaa1a?s=96&d=mm&r=g\",\"url\":\"https:\\\/\\\/secure.gravatar.com\\\/avatar\\\/eee448fc3f7164808013b816ba91ac7e43bbe82a70bebac296f8bc6f0addaa1a?s=96&d=mm&r=g\",\"contentUrl\":\"https:\\\/\\\/secure.gravatar.com\\\/avatar\\\/eee448fc3f7164808013b816ba91ac7e43bbe82a70bebac296f8bc6f0addaa1a?s=96&d=mm&r=g\",\"caption\":\"Edici\u00f3n Web\"},\"url\":\"https:\\\/\\\/canal7slp.tv\\\/2022\\\/author\\\/edicionweb\\\/\"}]}<\/script>\n<!-- \/ Yoast SEO plugin. -->","yoast_head_json":{"title":"21 representantes potosinos de ciclismo en los Nacionales CONADE. - Canal 7 SLP - 2022","robots":{"index":"index","follow":"follow","max-snippet":"max-snippet:-1","max-image-preview":"max-image-preview:large","max-video-preview":"max-video-preview:-1"},"canonical":"https:\/\/canal7slp.tv\/2022\/21-representantes-potosinos-de-ciclismo-en-los-nacionales-conade\/","og_locale":"es_ES","og_type":"article","og_title":"21 representantes potosinos de ciclismo en los Nacionales CONADE. - Canal 7 SLP - 2022","og_description":"SLP.- Tras la celebraci\u00f3n del evento Macro Regional de Ciclismo en la ciudad de Monterrey, clasificatorio para la Fase Nacional de los Juegos Nacionales CONADE, pedalistas potosinos consiguieron 21 plazas para dicha fase final. Los pedalistas tomaron parte de este evento de macro regi\u00f3n en las modalidades de velocidad, scratch, contrarreloj, ruta y monta\u00f1a. En la Pista de Velocidad por equipos Categor\u00eda Juvenil \u201cC\u201d obtuvieron su calificaci\u00f3n: \u00d3scar barrera S\u00e1nchez, Kevin Alberto Hern\u00e1ndez L\u00f3pez y Ulises Yeshua Rodr\u00edguez Don Lucas. Oscar Barrera S\u00e1nchez obtuvo su pase en la prueba de Pista Scratch en la Categor\u00eda Juvenil \u201cC\u201d. En la prueba [&hellip;]","og_url":"https:\/\/canal7slp.tv\/2022\/21-representantes-potosinos-de-ciclismo-en-los-nacionales-conade\/","og_site_name":"Canal 7 SLP - 2022","article_publisher":"https:\/\/www.facebook.com\/noticieroscanalsiete","article_published_time":"2022-04-26T20:46:39+00:00","og_image":[{"width":888,"height":500,"url":"https:\/\/canal7slp.tv\/2022\/wp-content\/uploads\/2022\/04\/Froi02Ciclismo.jpg","type":"image\/jpeg"}],"author":"Edici\u00f3n Web","twitter_card":"summary_large_image","twitter_creator":"@NOTICIEROS7","twitter_site":"@NOTICIEROS7","twitter_misc":{"Escrito por":"Edici\u00f3n Web","Tiempo de lectura":"2 minutos"},"schema":{"@context":"https:\/\/schema.org","@graph":[{"@type":"Article","@id":"https:\/\/canal7slp.tv\/2022\/21-representantes-potosinos-de-ciclismo-en-los-nacionales-conade\/#article","isPartOf":{"@id":"https:\/\/canal7slp.tv\/2022\/21-representantes-potosinos-de-ciclismo-en-los-nacionales-conade\/"},"author":{"name":"Edici\u00f3n Web","@id":"https:\/\/canal7slp.tv\/2022\/#\/schema\/person\/429704152a21f5f856ce29aa69a238da"},"headline":"21 representantes potosinos de ciclismo en los Nacionales CONADE.","datePublished":"2022-04-26T20:46:39+00:00","mainEntityOfPage":{"@id":"https:\/\/canal7slp.tv\/2022\/21-representantes-potosinos-de-ciclismo-en-los-nacionales-conade\/"},"wordCount":362,"publisher":{"@id":"https:\/\/canal7slp.tv\/2022\/#organization"},"image":{"@id":"https:\/\/canal7slp.tv\/2022\/21-representantes-potosinos-de-ciclismo-en-los-nacionales-conade\/#primaryimage"},"thumbnailUrl":"https:\/\/canal7slp.tv\/2022\/wp-content\/uploads\/2022\/04\/Froi02Ciclismo.jpg","articleSection":["DEPORTES","DESTACADAS"],"inLanguage":"es"},{"@type":"WebPage","@id":"https:\/\/canal7slp.tv\/2022\/21-representantes-potosinos-de-ciclismo-en-los-nacionales-conade\/","url":"https:\/\/canal7slp.tv\/2022\/21-representantes-potosinos-de-ciclismo-en-los-nacionales-conade\/","name":"21 representantes potosinos de ciclismo en los Nacionales CONADE. - Canal 7 SLP - 2022","isPartOf":{"@id":"https:\/\/canal7slp.tv\/2022\/#website"},"primaryImageOfPage":{"@id":"https:\/\/canal7slp.tv\/2022\/21-representantes-potosinos-de-ciclismo-en-los-nacionales-conade\/#primaryimage"},"image":{"@id":"https:\/\/canal7slp.tv\/2022\/21-representantes-potosinos-de-ciclismo-en-los-nacionales-conade\/#primaryimage"},"thumbnailUrl":"https:\/\/canal7slp.tv\/2022\/wp-content\/uploads\/2022\/04\/Froi02Ciclismo.jpg","datePublished":"2022-04-26T20:46:39+00:00","breadcrumb":{"@id":"https:\/\/canal7slp.tv\/2022\/21-representantes-potosinos-de-ciclismo-en-los-nacionales-conade\/#breadcrumb"},"inLanguage":"es","potentialAction":[{"@type":"ReadAction","target":["https:\/\/canal7slp.tv\/2022\/21-representantes-potosinos-de-ciclismo-en-los-nacionales-conade\/"]}]},{"@type":"ImageObject","inLanguage":"es","@id":"https:\/\/canal7slp.tv\/2022\/21-representantes-potosinos-de-ciclismo-en-los-nacionales-conade\/#primaryimage","url":"https:\/\/canal7slp.tv\/2022\/wp-content\/uploads\/2022\/04\/Froi02Ciclismo.jpg","contentUrl":"https:\/\/canal7slp.tv\/2022\/wp-content\/uploads\/2022\/04\/Froi02Ciclismo.jpg","width":888,"height":500},{"@type":"BreadcrumbList","@id":"https:\/\/canal7slp.tv\/2022\/21-representantes-potosinos-de-ciclismo-en-los-nacionales-conade\/#breadcrumb","itemListElement":[{"@type":"ListItem","position":1,"name":"Portada","item":"https:\/\/canal7slp.tv\/2022\/"},{"@type":"ListItem","position":2,"name":"21 representantes potosinos de ciclismo en los Nacionales CONADE."}]},{"@type":"WebSite","@id":"https:\/\/canal7slp.tv\/2022\/#website","url":"https:\/\/canal7slp.tv\/2022\/","name":"N7 - Noticieros Canal 7","description":"Somos Televisi\u00f3n","publisher":{"@id":"https:\/\/canal7slp.tv\/2022\/#organization"},"potentialAction":[{"@type":"SearchAction","target":{"@type":"EntryPoint","urlTemplate":"https:\/\/canal7slp.tv\/2022\/?s={search_term_string}"},"query-input":{"@type":"PropertyValueSpecification","valueRequired":true,"valueName":"search_term_string"}}],"inLanguage":"es"},{"@type":"Organization","@id":"https:\/\/canal7slp.tv\/2022\/#organization","name":"Noticieros Canal 7","url":"https:\/\/canal7slp.tv\/2022\/","logo":{"@type":"ImageObject","inLanguage":"es","@id":"https:\/\/canal7slp.tv\/2022\/#\/schema\/logo\/image\/","url":"https:\/\/canal7slp.tv\/2022\/wp-content\/uploads\/2021\/01\/logo-noticieros@2x.png","contentUrl":"https:\/\/canal7slp.tv\/2022\/wp-content\/uploads\/2021\/01\/logo-noticieros@2x.png","width":1017,"height":268,"caption":"Noticieros Canal 7"},"image":{"@id":"https:\/\/canal7slp.tv\/2022\/#\/schema\/logo\/image\/"},"sameAs":["https:\/\/www.facebook.com\/noticieroscanalsiete","https:\/\/x.com\/NOTICIEROS7","https:\/\/www.instagram.com\/canal7_slp","https:\/\/www.youtube.com\/channel\/UCliiYs-gP3JfJeqdPrNdd5A"]},{"@type":"Person","@id":"https:\/\/canal7slp.tv\/2022\/#\/schema\/person\/429704152a21f5f856ce29aa69a238da","name":"Edici\u00f3n Web","image":{"@type":"ImageObject","inLanguage":"es","@id":"https:\/\/secure.gravatar.com\/avatar\/eee448fc3f7164808013b816ba91ac7e43bbe82a70bebac296f8bc6f0addaa1a?s=96&d=mm&r=g","url":"https:\/\/secure.gravatar.com\/avatar\/eee448fc3f7164808013b816ba91ac7e43bbe82a70bebac296f8bc6f0addaa1a?s=96&d=mm&r=g","contentUrl":"https:\/\/secure.gravatar.com\/avatar\/eee448fc3f7164808013b816ba91ac7e43bbe82a70bebac296f8bc6f0addaa1a?s=96&d=mm&r=g","caption":"Edici\u00f3n Web"},"url":"https:\/\/canal7slp.tv\/2022\/author\/edicionweb\/"}]}},"amp_enabled":true,"_links":{"self":[{"href":"https:\/\/canal7slp.tv\/2022\/wp-json\/wp\/v2\/posts\/58349","targetHints":{"allow":["GET"]}}],"collection":[{"href":"https:\/\/canal7slp.tv\/2022\/wp-json\/wp\/v2\/posts"}],"about":[{"href":"https:\/\/canal7slp.tv\/2022\/wp-json\/wp\/v2\/types\/post"}],"author":[{"embeddable":true,"href":"https:\/\/canal7slp.tv\/2022\/wp-json\/wp\/v2\/users\/2"}],"replies":[{"embeddable":true,"href":"https:\/\/canal7slp.tv\/2022\/wp-json\/wp\/v2\/comments?post=58349"}],"version-history":[{"count":2,"href":"https:\/\/canal7slp.tv\/2022\/wp-json\/wp\/v2\/posts\/58349\/revisions"}],"predecessor-version":[{"id":58358,"href":"https:\/\/canal7slp.tv\/2022\/wp-json\/wp\/v2\/posts\/58349\/revisions\/58358"}],"wp:featuredmedia":[{"embeddable":true,"href":"https:\/\/canal7slp.tv\/2022\/wp-json\/wp\/v2\/media\/58355"}],"wp:attachment":[{"href":"https:\/\/canal7slp.tv\/2022\/wp-json\/wp\/v2\/media?parent=58349"}],"wp:term":[{"taxonomy":"category","embeddable":true,"href":"https:\/\/canal7slp.tv\/2022\/wp-json\/wp\/v2\/categories?post=58349"},{"taxonomy":"post_tag","embeddable":true,"href":"https:\/\/canal7slp.tv\/2022\/wp-json\/wp\/v2\/tags?post=58349"}],"curies":[{"name":"wp","href":"https:\/\/api.w.org\/{rel}","templated":true}]}}