{"id":58348,"date":"2022-04-26T14:44:00","date_gmt":"2022-04-26T20:44:00","guid":{"rendered":"https:\/\/canal7slp.tv\/2022\/?p=58348"},"modified":"2022-04-26T14:44:00","modified_gmt":"2022-04-26T20:44:00","slug":"equipo-potosino-de-ciclismo-participara-en-el-tour-of-the-gila","status":"publish","type":"post","link":"https:\/\/canal7slp.tv\/2022\/equipo-potosino-de-ciclismo-participara-en-el-tour-of-the-gila\/","title":{"rendered":"Equipo Potosino de Ciclismo participar\u00e1 en el Tour Of The Gila."},"content":{"rendered":"<p style=\"text-align: justify;\">SLP.- Regresa el \u00abTour of the Gila\u00bb para celebrar los 35 a\u00f1os de existencia en las carreteras del Sur de Nuevo M\u00e9xico el evento dar\u00e1 inicio el 27 de abril para culminar el 1 de mayo evento en donde el equipo potosino de ciclismo tendr\u00e1 acci\u00f3n bajo el mando de su director t\u00e9cnico Juan Jos\u00e9 Monsiv\u00e1is.<\/p>\n<p style=\"text-align: justify;\">El \u00abTour of the Gila\u00bb es la carrera ciclista UCI 2.2 m\u00e1s desafiante de los EE. UU. y atrae tanto a ciclistas profesionales como aficionados, presenta dos carreras profesionales, la masculina UCI y la femenina UCI, as\u00ed como siete categor\u00edas para aficionados.<\/p>\n<p style=\"text-align: justify;\">Se contara con Cinco etapas para recorrer la primera de ellas denominada Mogollon Road Race con un total de 148 kil\u00f3metros, la etapa 2 la Carrera En Carretera Inner Loop de 120.7 kil\u00f3metros, la Etapa 3 ser\u00e1n las Pruebas Contrarreloj Individuales De Tyrone de 26 kil\u00f3metros, la Etapa 4 Criterio Downtown Silver City de 69.5 kil\u00f3metros y la Etapa 5 Carrera En Carretera Del Monstruo De Gila con 161.9 kil\u00f3metros con meta en lo alto de la monta\u00f1a.<\/p>\n","protected":false},"excerpt":{"rendered":"<p>SLP.- Regresa el \u00abTour of the Gila\u00bb para celebrar los 35 a\u00f1os de existencia en las carreteras del Sur de Nuevo M\u00e9xico el evento dar\u00e1 inicio el 27 de abril para culminar el 1 de mayo evento en donde el equipo potosino de ciclismo tendr\u00e1 acci\u00f3n bajo el mando de su director t\u00e9cnico Juan Jos\u00e9 Monsiv\u00e1is. El \u00abTour of the Gila\u00bb es la carrera ciclista UCI 2.2 m\u00e1s desafiante de los EE. UU. y atrae tanto a ciclistas profesionales como aficionados, presenta dos carreras profesionales, la masculina UCI y la femenina UCI, as\u00ed como siete categor\u00edas para aficionados. Se contara [&hellip;]<\/p>\n","protected":false},"author":2,"featured_media":58354,"comment_status":"closed","ping_status":"closed","sticky":false,"template":"","format":"video","meta":{"footnotes":""},"categories":[7,5],"tags":[],"class_list":["post-58348","post","type-post","status-publish","format-video","has-post-thumbnail","hentry","category-deportes","category-destacadas","post_format-post-format-video","post--single"],"yoast_head":"<!-- This site is optimized with the Yoast SEO plugin v27.4 - https:\/\/yoast.com\/product\/yoast-seo-wordpress\/ -->\n<title>Equipo Potosino de Ciclismo participar\u00e1 en el Tour Of The Gila. - Canal 7 SLP - 2022<\/title>\n<meta name=\"robots\" content=\"index, follow, max-snippet:-1, max-image-preview:large, max-video-preview:-1\" \/>\n<link rel=\"canonical\" href=\"https:\/\/canal7slp.tv\/2022\/equipo-potosino-de-ciclismo-participara-en-el-tour-of-the-gila\/\" \/>\n<meta property=\"og:locale\" content=\"es_ES\" \/>\n<meta property=\"og:type\" content=\"article\" \/>\n<meta property=\"og:title\" content=\"Equipo Potosino de Ciclismo participar\u00e1 en el Tour Of The Gila. - Canal 7 SLP - 2022\" \/>\n<meta property=\"og:description\" content=\"SLP.- Regresa el \u00abTour of the Gila\u00bb para celebrar los 35 a\u00f1os de existencia en las carreteras del Sur de Nuevo M\u00e9xico el evento dar\u00e1 inicio el 27 de abril para culminar el 1 de mayo evento en donde el equipo potosino de ciclismo tendr\u00e1 acci\u00f3n bajo el mando de su director t\u00e9cnico Juan Jos\u00e9 Monsiv\u00e1is. El \u00abTour of the Gila\u00bb es la carrera ciclista UCI 2.2 m\u00e1s desafiante de los EE. UU. y atrae tanto a ciclistas profesionales como aficionados, presenta dos carreras profesionales, la masculina UCI y la femenina UCI, as\u00ed como siete categor\u00edas para aficionados. Se contara [&hellip;]\" \/>\n<meta property=\"og:url\" content=\"https:\/\/canal7slp.tv\/2022\/equipo-potosino-de-ciclismo-participara-en-el-tour-of-the-gila\/\" \/>\n<meta property=\"og:site_name\" content=\"Canal 7 SLP - 2022\" \/>\n<meta property=\"article:publisher\" content=\"https:\/\/www.facebook.com\/noticieroscanalsiete\" \/>\n<meta property=\"article:published_time\" content=\"2022-04-26T20:44:00+00:00\" \/>\n<meta property=\"og:image\" content=\"https:\/\/canal7slp.tv\/2022\/wp-content\/uploads\/2022\/04\/Froi01EquipoCiclismo.jpg\" \/>\n\t<meta property=\"og:image:width\" content=\"888\" \/>\n\t<meta property=\"og:image:height\" content=\"500\" \/>\n\t<meta property=\"og:image:type\" content=\"image\/jpeg\" \/>\n<meta name=\"author\" content=\"Edici\u00f3n Web\" \/>\n<meta name=\"twitter:card\" content=\"summary_large_image\" \/>\n<meta name=\"twitter:creator\" content=\"@NOTICIEROS7\" \/>\n<meta name=\"twitter:site\" content=\"@NOTICIEROS7\" \/>\n<meta name=\"twitter:label1\" content=\"Escrito por\" \/>\n\t<meta name=\"twitter:data1\" content=\"Edici\u00f3n Web\" \/>\n\t<meta name=\"twitter:label2\" content=\"Tiempo de lectura\" \/>\n\t<meta name=\"twitter:data2\" content=\"1 minuto\" \/>\n<script type=\"application\/ld+json\" class=\"yoast-schema-graph\">{\"@context\":\"https:\\\/\\\/schema.org\",\"@graph\":[{\"@type\":\"Article\",\"@id\":\"https:\\\/\\\/canal7slp.tv\\\/2022\\\/equipo-potosino-de-ciclismo-participara-en-el-tour-of-the-gila\\\/#article\",\"isPartOf\":{\"@id\":\"https:\\\/\\\/canal7slp.tv\\\/2022\\\/equipo-potosino-de-ciclismo-participara-en-el-tour-of-the-gila\\\/\"},\"author\":{\"name\":\"Edici\u00f3n Web\",\"@id\":\"https:\\\/\\\/canal7slp.tv\\\/2022\\\/#\\\/schema\\\/person\\\/429704152a21f5f856ce29aa69a238da\"},\"headline\":\"Equipo Potosino de Ciclismo participar\u00e1 en el Tour Of The Gila.\",\"datePublished\":\"2022-04-26T20:44:00+00:00\",\"mainEntityOfPage\":{\"@id\":\"https:\\\/\\\/canal7slp.tv\\\/2022\\\/equipo-potosino-de-ciclismo-participara-en-el-tour-of-the-gila\\\/\"},\"wordCount\":189,\"publisher\":{\"@id\":\"https:\\\/\\\/canal7slp.tv\\\/2022\\\/#organization\"},\"image\":{\"@id\":\"https:\\\/\\\/canal7slp.tv\\\/2022\\\/equipo-potosino-de-ciclismo-participara-en-el-tour-of-the-gila\\\/#primaryimage\"},\"thumbnailUrl\":\"https:\\\/\\\/canal7slp.tv\\\/2022\\\/wp-content\\\/uploads\\\/2022\\\/04\\\/Froi01EquipoCiclismo.jpg\",\"articleSection\":[\"DEPORTES\",\"DESTACADAS\"],\"inLanguage\":\"es\"},{\"@type\":\"WebPage\",\"@id\":\"https:\\\/\\\/canal7slp.tv\\\/2022\\\/equipo-potosino-de-ciclismo-participara-en-el-tour-of-the-gila\\\/\",\"url\":\"https:\\\/\\\/canal7slp.tv\\\/2022\\\/equipo-potosino-de-ciclismo-participara-en-el-tour-of-the-gila\\\/\",\"name\":\"Equipo Potosino de Ciclismo participar\u00e1 en el Tour Of The Gila. - Canal 7 SLP - 2022\",\"isPartOf\":{\"@id\":\"https:\\\/\\\/canal7slp.tv\\\/2022\\\/#website\"},\"primaryImageOfPage\":{\"@id\":\"https:\\\/\\\/canal7slp.tv\\\/2022\\\/equipo-potosino-de-ciclismo-participara-en-el-tour-of-the-gila\\\/#primaryimage\"},\"image\":{\"@id\":\"https:\\\/\\\/canal7slp.tv\\\/2022\\\/equipo-potosino-de-ciclismo-participara-en-el-tour-of-the-gila\\\/#primaryimage\"},\"thumbnailUrl\":\"https:\\\/\\\/canal7slp.tv\\\/2022\\\/wp-content\\\/uploads\\\/2022\\\/04\\\/Froi01EquipoCiclismo.jpg\",\"datePublished\":\"2022-04-26T20:44:00+00:00\",\"breadcrumb\":{\"@id\":\"https:\\\/\\\/canal7slp.tv\\\/2022\\\/equipo-potosino-de-ciclismo-participara-en-el-tour-of-the-gila\\\/#breadcrumb\"},\"inLanguage\":\"es\",\"potentialAction\":[{\"@type\":\"ReadAction\",\"target\":[\"https:\\\/\\\/canal7slp.tv\\\/2022\\\/equipo-potosino-de-ciclismo-participara-en-el-tour-of-the-gila\\\/\"]}]},{\"@type\":\"ImageObject\",\"inLanguage\":\"es\",\"@id\":\"https:\\\/\\\/canal7slp.tv\\\/2022\\\/equipo-potosino-de-ciclismo-participara-en-el-tour-of-the-gila\\\/#primaryimage\",\"url\":\"https:\\\/\\\/canal7slp.tv\\\/2022\\\/wp-content\\\/uploads\\\/2022\\\/04\\\/Froi01EquipoCiclismo.jpg\",\"contentUrl\":\"https:\\\/\\\/canal7slp.tv\\\/2022\\\/wp-content\\\/uploads\\\/2022\\\/04\\\/Froi01EquipoCiclismo.jpg\",\"width\":888,\"height\":500},{\"@type\":\"BreadcrumbList\",\"@id\":\"https:\\\/\\\/canal7slp.tv\\\/2022\\\/equipo-potosino-de-ciclismo-participara-en-el-tour-of-the-gila\\\/#breadcrumb\",\"itemListElement\":[{\"@type\":\"ListItem\",\"position\":1,\"name\":\"Portada\",\"item\":\"https:\\\/\\\/canal7slp.tv\\\/2022\\\/\"},{\"@type\":\"ListItem\",\"position\":2,\"name\":\"Equipo Potosino de Ciclismo participar\u00e1 en el Tour Of The Gila.\"}]},{\"@type\":\"WebSite\",\"@id\":\"https:\\\/\\\/canal7slp.tv\\\/2022\\\/#website\",\"url\":\"https:\\\/\\\/canal7slp.tv\\\/2022\\\/\",\"name\":\"N7 - Noticieros Canal 7\",\"description\":\"Somos Televisi\u00f3n\",\"publisher\":{\"@id\":\"https:\\\/\\\/canal7slp.tv\\\/2022\\\/#organization\"},\"potentialAction\":[{\"@type\":\"SearchAction\",\"target\":{\"@type\":\"EntryPoint\",\"urlTemplate\":\"https:\\\/\\\/canal7slp.tv\\\/2022\\\/?s={search_term_string}\"},\"query-input\":{\"@type\":\"PropertyValueSpecification\",\"valueRequired\":true,\"valueName\":\"search_term_string\"}}],\"inLanguage\":\"es\"},{\"@type\":\"Organization\",\"@id\":\"https:\\\/\\\/canal7slp.tv\\\/2022\\\/#organization\",\"name\":\"Noticieros Canal 7\",\"url\":\"https:\\\/\\\/canal7slp.tv\\\/2022\\\/\",\"logo\":{\"@type\":\"ImageObject\",\"inLanguage\":\"es\",\"@id\":\"https:\\\/\\\/canal7slp.tv\\\/2022\\\/#\\\/schema\\\/logo\\\/image\\\/\",\"url\":\"https:\\\/\\\/canal7slp.tv\\\/2022\\\/wp-content\\\/uploads\\\/2021\\\/01\\\/logo-noticieros@2x.png\",\"contentUrl\":\"https:\\\/\\\/canal7slp.tv\\\/2022\\\/wp-content\\\/uploads\\\/2021\\\/01\\\/logo-noticieros@2x.png\",\"width\":1017,\"height\":268,\"caption\":\"Noticieros Canal 7\"},\"image\":{\"@id\":\"https:\\\/\\\/canal7slp.tv\\\/2022\\\/#\\\/schema\\\/logo\\\/image\\\/\"},\"sameAs\":[\"https:\\\/\\\/www.facebook.com\\\/noticieroscanalsiete\",\"https:\\\/\\\/x.com\\\/NOTICIEROS7\",\"https:\\\/\\\/www.instagram.com\\\/canal7_slp\",\"https:\\\/\\\/www.youtube.com\\\/channel\\\/UCliiYs-gP3JfJeqdPrNdd5A\"]},{\"@type\":\"Person\",\"@id\":\"https:\\\/\\\/canal7slp.tv\\\/2022\\\/#\\\/schema\\\/person\\\/429704152a21f5f856ce29aa69a238da\",\"name\":\"Edici\u00f3n Web\",\"image\":{\"@type\":\"ImageObject\",\"inLanguage\":\"es\",\"@id\":\"https:\\\/\\\/secure.gravatar.com\\\/avatar\\\/eee448fc3f7164808013b816ba91ac7e43bbe82a70bebac296f8bc6f0addaa1a?s=96&d=mm&r=g\",\"url\":\"https:\\\/\\\/secure.gravatar.com\\\/avatar\\\/eee448fc3f7164808013b816ba91ac7e43bbe82a70bebac296f8bc6f0addaa1a?s=96&d=mm&r=g\",\"contentUrl\":\"https:\\\/\\\/secure.gravatar.com\\\/avatar\\\/eee448fc3f7164808013b816ba91ac7e43bbe82a70bebac296f8bc6f0addaa1a?s=96&d=mm&r=g\",\"caption\":\"Edici\u00f3n Web\"},\"url\":\"https:\\\/\\\/canal7slp.tv\\\/2022\\\/author\\\/edicionweb\\\/\"}]}<\/script>\n<!-- \/ Yoast SEO plugin. -->","yoast_head_json":{"title":"Equipo Potosino de Ciclismo participar\u00e1 en el Tour Of The Gila. - Canal 7 SLP - 2022","robots":{"index":"index","follow":"follow","max-snippet":"max-snippet:-1","max-image-preview":"max-image-preview:large","max-video-preview":"max-video-preview:-1"},"canonical":"https:\/\/canal7slp.tv\/2022\/equipo-potosino-de-ciclismo-participara-en-el-tour-of-the-gila\/","og_locale":"es_ES","og_type":"article","og_title":"Equipo Potosino de Ciclismo participar\u00e1 en el Tour Of The Gila. - Canal 7 SLP - 2022","og_description":"SLP.- Regresa el \u00abTour of the Gila\u00bb para celebrar los 35 a\u00f1os de existencia en las carreteras del Sur de Nuevo M\u00e9xico el evento dar\u00e1 inicio el 27 de abril para culminar el 1 de mayo evento en donde el equipo potosino de ciclismo tendr\u00e1 acci\u00f3n bajo el mando de su director t\u00e9cnico Juan Jos\u00e9 Monsiv\u00e1is. El \u00abTour of the Gila\u00bb es la carrera ciclista UCI 2.2 m\u00e1s desafiante de los EE. UU. y atrae tanto a ciclistas profesionales como aficionados, presenta dos carreras profesionales, la masculina UCI y la femenina UCI, as\u00ed como siete categor\u00edas para aficionados. Se contara [&hellip;]","og_url":"https:\/\/canal7slp.tv\/2022\/equipo-potosino-de-ciclismo-participara-en-el-tour-of-the-gila\/","og_site_name":"Canal 7 SLP - 2022","article_publisher":"https:\/\/www.facebook.com\/noticieroscanalsiete","article_published_time":"2022-04-26T20:44:00+00:00","og_image":[{"width":888,"height":500,"url":"https:\/\/canal7slp.tv\/2022\/wp-content\/uploads\/2022\/04\/Froi01EquipoCiclismo.jpg","type":"image\/jpeg"}],"author":"Edici\u00f3n Web","twitter_card":"summary_large_image","twitter_creator":"@NOTICIEROS7","twitter_site":"@NOTICIEROS7","twitter_misc":{"Escrito por":"Edici\u00f3n Web","Tiempo de lectura":"1 minuto"},"schema":{"@context":"https:\/\/schema.org","@graph":[{"@type":"Article","@id":"https:\/\/canal7slp.tv\/2022\/equipo-potosino-de-ciclismo-participara-en-el-tour-of-the-gila\/#article","isPartOf":{"@id":"https:\/\/canal7slp.tv\/2022\/equipo-potosino-de-ciclismo-participara-en-el-tour-of-the-gila\/"},"author":{"name":"Edici\u00f3n Web","@id":"https:\/\/canal7slp.tv\/2022\/#\/schema\/person\/429704152a21f5f856ce29aa69a238da"},"headline":"Equipo Potosino de Ciclismo participar\u00e1 en el Tour Of The Gila.","datePublished":"2022-04-26T20:44:00+00:00","mainEntityOfPage":{"@id":"https:\/\/canal7slp.tv\/2022\/equipo-potosino-de-ciclismo-participara-en-el-tour-of-the-gila\/"},"wordCount":189,"publisher":{"@id":"https:\/\/canal7slp.tv\/2022\/#organization"},"image":{"@id":"https:\/\/canal7slp.tv\/2022\/equipo-potosino-de-ciclismo-participara-en-el-tour-of-the-gila\/#primaryimage"},"thumbnailUrl":"https:\/\/canal7slp.tv\/2022\/wp-content\/uploads\/2022\/04\/Froi01EquipoCiclismo.jpg","articleSection":["DEPORTES","DESTACADAS"],"inLanguage":"es"},{"@type":"WebPage","@id":"https:\/\/canal7slp.tv\/2022\/equipo-potosino-de-ciclismo-participara-en-el-tour-of-the-gila\/","url":"https:\/\/canal7slp.tv\/2022\/equipo-potosino-de-ciclismo-participara-en-el-tour-of-the-gila\/","name":"Equipo Potosino de Ciclismo participar\u00e1 en el Tour Of The Gila. - Canal 7 SLP - 2022","isPartOf":{"@id":"https:\/\/canal7slp.tv\/2022\/#website"},"primaryImageOfPage":{"@id":"https:\/\/canal7slp.tv\/2022\/equipo-potosino-de-ciclismo-participara-en-el-tour-of-the-gila\/#primaryimage"},"image":{"@id":"https:\/\/canal7slp.tv\/2022\/equipo-potosino-de-ciclismo-participara-en-el-tour-of-the-gila\/#primaryimage"},"thumbnailUrl":"https:\/\/canal7slp.tv\/2022\/wp-content\/uploads\/2022\/04\/Froi01EquipoCiclismo.jpg","datePublished":"2022-04-26T20:44:00+00:00","breadcrumb":{"@id":"https:\/\/canal7slp.tv\/2022\/equipo-potosino-de-ciclismo-participara-en-el-tour-of-the-gila\/#breadcrumb"},"inLanguage":"es","potentialAction":[{"@type":"ReadAction","target":["https:\/\/canal7slp.tv\/2022\/equipo-potosino-de-ciclismo-participara-en-el-tour-of-the-gila\/"]}]},{"@type":"ImageObject","inLanguage":"es","@id":"https:\/\/canal7slp.tv\/2022\/equipo-potosino-de-ciclismo-participara-en-el-tour-of-the-gila\/#primaryimage","url":"https:\/\/canal7slp.tv\/2022\/wp-content\/uploads\/2022\/04\/Froi01EquipoCiclismo.jpg","contentUrl":"https:\/\/canal7slp.tv\/2022\/wp-content\/uploads\/2022\/04\/Froi01EquipoCiclismo.jpg","width":888,"height":500},{"@type":"BreadcrumbList","@id":"https:\/\/canal7slp.tv\/2022\/equipo-potosino-de-ciclismo-participara-en-el-tour-of-the-gila\/#breadcrumb","itemListElement":[{"@type":"ListItem","position":1,"name":"Portada","item":"https:\/\/canal7slp.tv\/2022\/"},{"@type":"ListItem","position":2,"name":"Equipo Potosino de Ciclismo participar\u00e1 en el Tour Of The Gila."}]},{"@type":"WebSite","@id":"https:\/\/canal7slp.tv\/2022\/#website","url":"https:\/\/canal7slp.tv\/2022\/","name":"N7 - Noticieros Canal 7","description":"Somos Televisi\u00f3n","publisher":{"@id":"https:\/\/canal7slp.tv\/2022\/#organization"},"potentialAction":[{"@type":"SearchAction","target":{"@type":"EntryPoint","urlTemplate":"https:\/\/canal7slp.tv\/2022\/?s={search_term_string}"},"query-input":{"@type":"PropertyValueSpecification","valueRequired":true,"valueName":"search_term_string"}}],"inLanguage":"es"},{"@type":"Organization","@id":"https:\/\/canal7slp.tv\/2022\/#organization","name":"Noticieros Canal 7","url":"https:\/\/canal7slp.tv\/2022\/","logo":{"@type":"ImageObject","inLanguage":"es","@id":"https:\/\/canal7slp.tv\/2022\/#\/schema\/logo\/image\/","url":"https:\/\/canal7slp.tv\/2022\/wp-content\/uploads\/2021\/01\/logo-noticieros@2x.png","contentUrl":"https:\/\/canal7slp.tv\/2022\/wp-content\/uploads\/2021\/01\/logo-noticieros@2x.png","width":1017,"height":268,"caption":"Noticieros Canal 7"},"image":{"@id":"https:\/\/canal7slp.tv\/2022\/#\/schema\/logo\/image\/"},"sameAs":["https:\/\/www.facebook.com\/noticieroscanalsiete","https:\/\/x.com\/NOTICIEROS7","https:\/\/www.instagram.com\/canal7_slp","https:\/\/www.youtube.com\/channel\/UCliiYs-gP3JfJeqdPrNdd5A"]},{"@type":"Person","@id":"https:\/\/canal7slp.tv\/2022\/#\/schema\/person\/429704152a21f5f856ce29aa69a238da","name":"Edici\u00f3n Web","image":{"@type":"ImageObject","inLanguage":"es","@id":"https:\/\/secure.gravatar.com\/avatar\/eee448fc3f7164808013b816ba91ac7e43bbe82a70bebac296f8bc6f0addaa1a?s=96&d=mm&r=g","url":"https:\/\/secure.gravatar.com\/avatar\/eee448fc3f7164808013b816ba91ac7e43bbe82a70bebac296f8bc6f0addaa1a?s=96&d=mm&r=g","contentUrl":"https:\/\/secure.gravatar.com\/avatar\/eee448fc3f7164808013b816ba91ac7e43bbe82a70bebac296f8bc6f0addaa1a?s=96&d=mm&r=g","caption":"Edici\u00f3n Web"},"url":"https:\/\/canal7slp.tv\/2022\/author\/edicionweb\/"}]}},"amp_enabled":true,"_links":{"self":[{"href":"https:\/\/canal7slp.tv\/2022\/wp-json\/wp\/v2\/posts\/58348","targetHints":{"allow":["GET"]}}],"collection":[{"href":"https:\/\/canal7slp.tv\/2022\/wp-json\/wp\/v2\/posts"}],"about":[{"href":"https:\/\/canal7slp.tv\/2022\/wp-json\/wp\/v2\/types\/post"}],"author":[{"embeddable":true,"href":"https:\/\/canal7slp.tv\/2022\/wp-json\/wp\/v2\/users\/2"}],"replies":[{"embeddable":true,"href":"https:\/\/canal7slp.tv\/2022\/wp-json\/wp\/v2\/comments?post=58348"}],"version-history":[{"count":2,"href":"https:\/\/canal7slp.tv\/2022\/wp-json\/wp\/v2\/posts\/58348\/revisions"}],"predecessor-version":[{"id":58357,"href":"https:\/\/canal7slp.tv\/2022\/wp-json\/wp\/v2\/posts\/58348\/revisions\/58357"}],"wp:featuredmedia":[{"embeddable":true,"href":"https:\/\/canal7slp.tv\/2022\/wp-json\/wp\/v2\/media\/58354"}],"wp:attachment":[{"href":"https:\/\/canal7slp.tv\/2022\/wp-json\/wp\/v2\/media?parent=58348"}],"wp:term":[{"taxonomy":"category","embeddable":true,"href":"https:\/\/canal7slp.tv\/2022\/wp-json\/wp\/v2\/categories?post=58348"},{"taxonomy":"post_tag","embeddable":true,"href":"https:\/\/canal7slp.tv\/2022\/wp-json\/wp\/v2\/tags?post=58348"}],"curies":[{"name":"wp","href":"https:\/\/api.w.org\/{rel}","templated":true}]}}