{"id":58327,"date":"2022-04-26T14:55:23","date_gmt":"2022-04-26T20:55:23","guid":{"rendered":"https:\/\/canal7slp.tv\/2022\/?p=58327"},"modified":"2022-04-26T14:55:23","modified_gmt":"2022-04-26T20:55:23","slug":"uso-de-cubrebocas-ya-no-es-imprescindible-senala-lopez-gatell","status":"publish","type":"post","link":"https:\/\/canal7slp.tv\/2022\/uso-de-cubrebocas-ya-no-es-imprescindible-senala-lopez-gatell\/","title":{"rendered":"Uso de cubrebocas ya no es imprescindible, se\u00f1ala L\u00f3pez-Gatell"},"content":{"rendered":"<p style=\"text-align: justify;\">M\u00e9xico.- Hugo L\u00f3pez-Gatell Ram\u00edrez, subsecretario de Salud, declar\u00f3 que M\u00e9xico est\u00e1 transitado al estado end\u00e9mico por la pandemia del SARS-COV-2, esto ante la baja cifra de contagios y defunciones por la enfermedad.<\/p>\n<p style=\"text-align: justify;\">Debido a esto, el funcionario se\u00f1al\u00f3 que ya no es imprescindible utilizar el cubrebocas.<\/p>\n<p style=\"text-align: justify;\">\u201cNo vamos a declarar el fin de la obligatoriedad del cubrebocas porque nunca lo declaramos obligatorio, pero lo que s\u00ed podemos decir es que en este momento ya no es imprescindible el uso del cubrebocas\u201d, declar\u00f3 L\u00f3pez-Gatell.<\/p>\n<p style=\"text-align: justify;\">El subsecretario de Salud puntualiz\u00f3 que no puede declarar el fin del uso obligatorio del cubrebocas.<\/p>\n","protected":false},"excerpt":{"rendered":"<p>M\u00e9xico.- Hugo L\u00f3pez-Gatell Ram\u00edrez, subsecretario de Salud, declar\u00f3 que M\u00e9xico est\u00e1 transitado al estado end\u00e9mico por la pandemia del SARS-COV-2, esto ante la baja cifra de contagios y defunciones por la enfermedad. Debido a esto, el funcionario se\u00f1al\u00f3 que ya no es imprescindible utilizar el cubrebocas. \u201cNo vamos a declarar el fin de la obligatoriedad del cubrebocas porque nunca lo declaramos obligatorio, pero lo que s\u00ed podemos decir es que en este momento ya no es imprescindible el uso del cubrebocas\u201d, declar\u00f3 L\u00f3pez-Gatell. El subsecretario de Salud puntualiz\u00f3 que no puede declarar el fin del uso obligatorio del cubrebocas.<\/p>\n","protected":false},"author":2,"featured_media":58339,"comment_status":"closed","ping_status":"closed","sticky":false,"template":"","format":"standard","meta":{"footnotes":""},"categories":[4,46],"tags":[],"class_list":["post-58327","post","type-post","status-publish","format-standard","has-post-thumbnail","hentry","category-covid-19","category-nacional","post--single"],"yoast_head":"<!-- This site is optimized with the Yoast SEO plugin v27.4 - https:\/\/yoast.com\/product\/yoast-seo-wordpress\/ -->\n<title>Uso de cubrebocas ya no es imprescindible, se\u00f1ala L\u00f3pez-Gatell - Canal 7 SLP - 2022<\/title>\n<meta name=\"robots\" content=\"index, follow, max-snippet:-1, max-image-preview:large, max-video-preview:-1\" \/>\n<link rel=\"canonical\" href=\"https:\/\/canal7slp.tv\/2022\/uso-de-cubrebocas-ya-no-es-imprescindible-senala-lopez-gatell\/\" \/>\n<meta property=\"og:locale\" content=\"es_ES\" \/>\n<meta property=\"og:type\" content=\"article\" \/>\n<meta property=\"og:title\" content=\"Uso de cubrebocas ya no es imprescindible, se\u00f1ala L\u00f3pez-Gatell - Canal 7 SLP - 2022\" \/>\n<meta property=\"og:description\" content=\"M\u00e9xico.- Hugo L\u00f3pez-Gatell Ram\u00edrez, subsecretario de Salud, declar\u00f3 que M\u00e9xico est\u00e1 transitado al estado end\u00e9mico por la pandemia del SARS-COV-2, esto ante la baja cifra de contagios y defunciones por la enfermedad. Debido a esto, el funcionario se\u00f1al\u00f3 que ya no es imprescindible utilizar el cubrebocas. \u201cNo vamos a declarar el fin de la obligatoriedad del cubrebocas porque nunca lo declaramos obligatorio, pero lo que s\u00ed podemos decir es que en este momento ya no es imprescindible el uso del cubrebocas\u201d, declar\u00f3 L\u00f3pez-Gatell. El subsecretario de Salud puntualiz\u00f3 que no puede declarar el fin del uso obligatorio del cubrebocas.\" \/>\n<meta property=\"og:url\" content=\"https:\/\/canal7slp.tv\/2022\/uso-de-cubrebocas-ya-no-es-imprescindible-senala-lopez-gatell\/\" \/>\n<meta property=\"og:site_name\" content=\"Canal 7 SLP - 2022\" \/>\n<meta property=\"article:publisher\" content=\"https:\/\/www.facebook.com\/noticieroscanalsiete\" \/>\n<meta property=\"article:published_time\" content=\"2022-04-26T20:55:23+00:00\" \/>\n<meta property=\"og:image\" content=\"https:\/\/canal7slp.tv\/2022\/wp-content\/uploads\/2022\/04\/04-4.jpeg\" \/>\n\t<meta property=\"og:image:width\" content=\"1280\" \/>\n\t<meta property=\"og:image:height\" content=\"850\" \/>\n\t<meta property=\"og:image:type\" content=\"image\/jpeg\" \/>\n<meta name=\"author\" content=\"Edici\u00f3n Web\" \/>\n<meta name=\"twitter:card\" content=\"summary_large_image\" \/>\n<meta name=\"twitter:creator\" content=\"@NOTICIEROS7\" \/>\n<meta name=\"twitter:site\" content=\"@NOTICIEROS7\" \/>\n<meta name=\"twitter:label1\" content=\"Escrito por\" \/>\n\t<meta name=\"twitter:data1\" content=\"Edici\u00f3n Web\" \/>\n\t<meta name=\"twitter:label2\" content=\"Tiempo de lectura\" \/>\n\t<meta name=\"twitter:data2\" content=\"1 minuto\" \/>\n<script type=\"application\/ld+json\" class=\"yoast-schema-graph\">{\"@context\":\"https:\\\/\\\/schema.org\",\"@graph\":[{\"@type\":\"Article\",\"@id\":\"https:\\\/\\\/canal7slp.tv\\\/2022\\\/uso-de-cubrebocas-ya-no-es-imprescindible-senala-lopez-gatell\\\/#article\",\"isPartOf\":{\"@id\":\"https:\\\/\\\/canal7slp.tv\\\/2022\\\/uso-de-cubrebocas-ya-no-es-imprescindible-senala-lopez-gatell\\\/\"},\"author\":{\"name\":\"Edici\u00f3n Web\",\"@id\":\"https:\\\/\\\/canal7slp.tv\\\/2022\\\/#\\\/schema\\\/person\\\/429704152a21f5f856ce29aa69a238da\"},\"headline\":\"Uso de cubrebocas ya no es imprescindible, se\u00f1ala L\u00f3pez-Gatell\",\"datePublished\":\"2022-04-26T20:55:23+00:00\",\"mainEntityOfPage\":{\"@id\":\"https:\\\/\\\/canal7slp.tv\\\/2022\\\/uso-de-cubrebocas-ya-no-es-imprescindible-senala-lopez-gatell\\\/\"},\"wordCount\":118,\"publisher\":{\"@id\":\"https:\\\/\\\/canal7slp.tv\\\/2022\\\/#organization\"},\"image\":{\"@id\":\"https:\\\/\\\/canal7slp.tv\\\/2022\\\/uso-de-cubrebocas-ya-no-es-imprescindible-senala-lopez-gatell\\\/#primaryimage\"},\"thumbnailUrl\":\"https:\\\/\\\/canal7slp.tv\\\/2022\\\/wp-content\\\/uploads\\\/2022\\\/04\\\/04-4.jpeg\",\"articleSection\":[\"COVID-19\",\"NACIONALES\"],\"inLanguage\":\"es\"},{\"@type\":\"WebPage\",\"@id\":\"https:\\\/\\\/canal7slp.tv\\\/2022\\\/uso-de-cubrebocas-ya-no-es-imprescindible-senala-lopez-gatell\\\/\",\"url\":\"https:\\\/\\\/canal7slp.tv\\\/2022\\\/uso-de-cubrebocas-ya-no-es-imprescindible-senala-lopez-gatell\\\/\",\"name\":\"Uso de cubrebocas ya no es imprescindible, se\u00f1ala L\u00f3pez-Gatell - Canal 7 SLP - 2022\",\"isPartOf\":{\"@id\":\"https:\\\/\\\/canal7slp.tv\\\/2022\\\/#website\"},\"primaryImageOfPage\":{\"@id\":\"https:\\\/\\\/canal7slp.tv\\\/2022\\\/uso-de-cubrebocas-ya-no-es-imprescindible-senala-lopez-gatell\\\/#primaryimage\"},\"image\":{\"@id\":\"https:\\\/\\\/canal7slp.tv\\\/2022\\\/uso-de-cubrebocas-ya-no-es-imprescindible-senala-lopez-gatell\\\/#primaryimage\"},\"thumbnailUrl\":\"https:\\\/\\\/canal7slp.tv\\\/2022\\\/wp-content\\\/uploads\\\/2022\\\/04\\\/04-4.jpeg\",\"datePublished\":\"2022-04-26T20:55:23+00:00\",\"breadcrumb\":{\"@id\":\"https:\\\/\\\/canal7slp.tv\\\/2022\\\/uso-de-cubrebocas-ya-no-es-imprescindible-senala-lopez-gatell\\\/#breadcrumb\"},\"inLanguage\":\"es\",\"potentialAction\":[{\"@type\":\"ReadAction\",\"target\":[\"https:\\\/\\\/canal7slp.tv\\\/2022\\\/uso-de-cubrebocas-ya-no-es-imprescindible-senala-lopez-gatell\\\/\"]}]},{\"@type\":\"ImageObject\",\"inLanguage\":\"es\",\"@id\":\"https:\\\/\\\/canal7slp.tv\\\/2022\\\/uso-de-cubrebocas-ya-no-es-imprescindible-senala-lopez-gatell\\\/#primaryimage\",\"url\":\"https:\\\/\\\/canal7slp.tv\\\/2022\\\/wp-content\\\/uploads\\\/2022\\\/04\\\/04-4.jpeg\",\"contentUrl\":\"https:\\\/\\\/canal7slp.tv\\\/2022\\\/wp-content\\\/uploads\\\/2022\\\/04\\\/04-4.jpeg\",\"width\":1280,\"height\":850,\"caption\":\"CIUDAD DE M\u00c9XICO, 08ENERO2021.- La capital del pa\u00eds y el Estado de M\u00e9xico se mantendr\u00e1n en sem\u00e1foro rojo una semana m\u00e1s, esto anunci\u00f3 la jefa de gobierno, Claudia Sheinbaum, durante su conferencia de esta ma\u00f1ana. Desde el 19 de diciembre se hab\u00eda anunciado que la Zona Metropolitana del Valle de M\u00e9xico regresar\u00eda al nivel m\u00e1s alto de contagio del sem\u00e1foro epidemiol\u00f3gico y se ten\u00eda previsto regresar el 10 de enero, pero ante el aumento de fallecimientos y contagios por esta enfermedad, la medida se alarga una semana m\u00e1s. En el centro hist\u00f3rico, a pesar de cerrar la mayor\u00eda de las calles para el acceso peatonal, a los alrededores del primer cuadro, la gente contin\u00faa transitando, utilizando el cubrebocas para evitar contagiarse. FOTO: DANIEL AUGUSTO \\\/CUARTOSCURO.COM\"},{\"@type\":\"BreadcrumbList\",\"@id\":\"https:\\\/\\\/canal7slp.tv\\\/2022\\\/uso-de-cubrebocas-ya-no-es-imprescindible-senala-lopez-gatell\\\/#breadcrumb\",\"itemListElement\":[{\"@type\":\"ListItem\",\"position\":1,\"name\":\"Portada\",\"item\":\"https:\\\/\\\/canal7slp.tv\\\/2022\\\/\"},{\"@type\":\"ListItem\",\"position\":2,\"name\":\"Uso de cubrebocas ya no es imprescindible, se\u00f1ala L\u00f3pez-Gatell\"}]},{\"@type\":\"WebSite\",\"@id\":\"https:\\\/\\\/canal7slp.tv\\\/2022\\\/#website\",\"url\":\"https:\\\/\\\/canal7slp.tv\\\/2022\\\/\",\"name\":\"N7 - Noticieros Canal 7\",\"description\":\"Somos Televisi\u00f3n\",\"publisher\":{\"@id\":\"https:\\\/\\\/canal7slp.tv\\\/2022\\\/#organization\"},\"potentialAction\":[{\"@type\":\"SearchAction\",\"target\":{\"@type\":\"EntryPoint\",\"urlTemplate\":\"https:\\\/\\\/canal7slp.tv\\\/2022\\\/?s={search_term_string}\"},\"query-input\":{\"@type\":\"PropertyValueSpecification\",\"valueRequired\":true,\"valueName\":\"search_term_string\"}}],\"inLanguage\":\"es\"},{\"@type\":\"Organization\",\"@id\":\"https:\\\/\\\/canal7slp.tv\\\/2022\\\/#organization\",\"name\":\"Noticieros Canal 7\",\"url\":\"https:\\\/\\\/canal7slp.tv\\\/2022\\\/\",\"logo\":{\"@type\":\"ImageObject\",\"inLanguage\":\"es\",\"@id\":\"https:\\\/\\\/canal7slp.tv\\\/2022\\\/#\\\/schema\\\/logo\\\/image\\\/\",\"url\":\"https:\\\/\\\/canal7slp.tv\\\/2022\\\/wp-content\\\/uploads\\\/2021\\\/01\\\/logo-noticieros@2x.png\",\"contentUrl\":\"https:\\\/\\\/canal7slp.tv\\\/2022\\\/wp-content\\\/uploads\\\/2021\\\/01\\\/logo-noticieros@2x.png\",\"width\":1017,\"height\":268,\"caption\":\"Noticieros Canal 7\"},\"image\":{\"@id\":\"https:\\\/\\\/canal7slp.tv\\\/2022\\\/#\\\/schema\\\/logo\\\/image\\\/\"},\"sameAs\":[\"https:\\\/\\\/www.facebook.com\\\/noticieroscanalsiete\",\"https:\\\/\\\/x.com\\\/NOTICIEROS7\",\"https:\\\/\\\/www.instagram.com\\\/canal7_slp\",\"https:\\\/\\\/www.youtube.com\\\/channel\\\/UCliiYs-gP3JfJeqdPrNdd5A\"]},{\"@type\":\"Person\",\"@id\":\"https:\\\/\\\/canal7slp.tv\\\/2022\\\/#\\\/schema\\\/person\\\/429704152a21f5f856ce29aa69a238da\",\"name\":\"Edici\u00f3n Web\",\"image\":{\"@type\":\"ImageObject\",\"inLanguage\":\"es\",\"@id\":\"https:\\\/\\\/secure.gravatar.com\\\/avatar\\\/eee448fc3f7164808013b816ba91ac7e43bbe82a70bebac296f8bc6f0addaa1a?s=96&d=mm&r=g\",\"url\":\"https:\\\/\\\/secure.gravatar.com\\\/avatar\\\/eee448fc3f7164808013b816ba91ac7e43bbe82a70bebac296f8bc6f0addaa1a?s=96&d=mm&r=g\",\"contentUrl\":\"https:\\\/\\\/secure.gravatar.com\\\/avatar\\\/eee448fc3f7164808013b816ba91ac7e43bbe82a70bebac296f8bc6f0addaa1a?s=96&d=mm&r=g\",\"caption\":\"Edici\u00f3n Web\"},\"url\":\"https:\\\/\\\/canal7slp.tv\\\/2022\\\/author\\\/edicionweb\\\/\"}]}<\/script>\n<!-- \/ Yoast SEO plugin. -->","yoast_head_json":{"title":"Uso de cubrebocas ya no es imprescindible, se\u00f1ala L\u00f3pez-Gatell - Canal 7 SLP - 2022","robots":{"index":"index","follow":"follow","max-snippet":"max-snippet:-1","max-image-preview":"max-image-preview:large","max-video-preview":"max-video-preview:-1"},"canonical":"https:\/\/canal7slp.tv\/2022\/uso-de-cubrebocas-ya-no-es-imprescindible-senala-lopez-gatell\/","og_locale":"es_ES","og_type":"article","og_title":"Uso de cubrebocas ya no es imprescindible, se\u00f1ala L\u00f3pez-Gatell - Canal 7 SLP - 2022","og_description":"M\u00e9xico.- Hugo L\u00f3pez-Gatell Ram\u00edrez, subsecretario de Salud, declar\u00f3 que M\u00e9xico est\u00e1 transitado al estado end\u00e9mico por la pandemia del SARS-COV-2, esto ante la baja cifra de contagios y defunciones por la enfermedad. Debido a esto, el funcionario se\u00f1al\u00f3 que ya no es imprescindible utilizar el cubrebocas. \u201cNo vamos a declarar el fin de la obligatoriedad del cubrebocas porque nunca lo declaramos obligatorio, pero lo que s\u00ed podemos decir es que en este momento ya no es imprescindible el uso del cubrebocas\u201d, declar\u00f3 L\u00f3pez-Gatell. El subsecretario de Salud puntualiz\u00f3 que no puede declarar el fin del uso obligatorio del cubrebocas.","og_url":"https:\/\/canal7slp.tv\/2022\/uso-de-cubrebocas-ya-no-es-imprescindible-senala-lopez-gatell\/","og_site_name":"Canal 7 SLP - 2022","article_publisher":"https:\/\/www.facebook.com\/noticieroscanalsiete","article_published_time":"2022-04-26T20:55:23+00:00","og_image":[{"width":1280,"height":850,"url":"https:\/\/canal7slp.tv\/2022\/wp-content\/uploads\/2022\/04\/04-4.jpeg","type":"image\/jpeg"}],"author":"Edici\u00f3n Web","twitter_card":"summary_large_image","twitter_creator":"@NOTICIEROS7","twitter_site":"@NOTICIEROS7","twitter_misc":{"Escrito por":"Edici\u00f3n Web","Tiempo de lectura":"1 minuto"},"schema":{"@context":"https:\/\/schema.org","@graph":[{"@type":"Article","@id":"https:\/\/canal7slp.tv\/2022\/uso-de-cubrebocas-ya-no-es-imprescindible-senala-lopez-gatell\/#article","isPartOf":{"@id":"https:\/\/canal7slp.tv\/2022\/uso-de-cubrebocas-ya-no-es-imprescindible-senala-lopez-gatell\/"},"author":{"name":"Edici\u00f3n Web","@id":"https:\/\/canal7slp.tv\/2022\/#\/schema\/person\/429704152a21f5f856ce29aa69a238da"},"headline":"Uso de cubrebocas ya no es imprescindible, se\u00f1ala L\u00f3pez-Gatell","datePublished":"2022-04-26T20:55:23+00:00","mainEntityOfPage":{"@id":"https:\/\/canal7slp.tv\/2022\/uso-de-cubrebocas-ya-no-es-imprescindible-senala-lopez-gatell\/"},"wordCount":118,"publisher":{"@id":"https:\/\/canal7slp.tv\/2022\/#organization"},"image":{"@id":"https:\/\/canal7slp.tv\/2022\/uso-de-cubrebocas-ya-no-es-imprescindible-senala-lopez-gatell\/#primaryimage"},"thumbnailUrl":"https:\/\/canal7slp.tv\/2022\/wp-content\/uploads\/2022\/04\/04-4.jpeg","articleSection":["COVID-19","NACIONALES"],"inLanguage":"es"},{"@type":"WebPage","@id":"https:\/\/canal7slp.tv\/2022\/uso-de-cubrebocas-ya-no-es-imprescindible-senala-lopez-gatell\/","url":"https:\/\/canal7slp.tv\/2022\/uso-de-cubrebocas-ya-no-es-imprescindible-senala-lopez-gatell\/","name":"Uso de cubrebocas ya no es imprescindible, se\u00f1ala L\u00f3pez-Gatell - Canal 7 SLP - 2022","isPartOf":{"@id":"https:\/\/canal7slp.tv\/2022\/#website"},"primaryImageOfPage":{"@id":"https:\/\/canal7slp.tv\/2022\/uso-de-cubrebocas-ya-no-es-imprescindible-senala-lopez-gatell\/#primaryimage"},"image":{"@id":"https:\/\/canal7slp.tv\/2022\/uso-de-cubrebocas-ya-no-es-imprescindible-senala-lopez-gatell\/#primaryimage"},"thumbnailUrl":"https:\/\/canal7slp.tv\/2022\/wp-content\/uploads\/2022\/04\/04-4.jpeg","datePublished":"2022-04-26T20:55:23+00:00","breadcrumb":{"@id":"https:\/\/canal7slp.tv\/2022\/uso-de-cubrebocas-ya-no-es-imprescindible-senala-lopez-gatell\/#breadcrumb"},"inLanguage":"es","potentialAction":[{"@type":"ReadAction","target":["https:\/\/canal7slp.tv\/2022\/uso-de-cubrebocas-ya-no-es-imprescindible-senala-lopez-gatell\/"]}]},{"@type":"ImageObject","inLanguage":"es","@id":"https:\/\/canal7slp.tv\/2022\/uso-de-cubrebocas-ya-no-es-imprescindible-senala-lopez-gatell\/#primaryimage","url":"https:\/\/canal7slp.tv\/2022\/wp-content\/uploads\/2022\/04\/04-4.jpeg","contentUrl":"https:\/\/canal7slp.tv\/2022\/wp-content\/uploads\/2022\/04\/04-4.jpeg","width":1280,"height":850,"caption":"CIUDAD DE M\u00c9XICO, 08ENERO2021.- La capital del pa\u00eds y el Estado de M\u00e9xico se mantendr\u00e1n en sem\u00e1foro rojo una semana m\u00e1s, esto anunci\u00f3 la jefa de gobierno, Claudia Sheinbaum, durante su conferencia de esta ma\u00f1ana. Desde el 19 de diciembre se hab\u00eda anunciado que la Zona Metropolitana del Valle de M\u00e9xico regresar\u00eda al nivel m\u00e1s alto de contagio del sem\u00e1foro epidemiol\u00f3gico y se ten\u00eda previsto regresar el 10 de enero, pero ante el aumento de fallecimientos y contagios por esta enfermedad, la medida se alarga una semana m\u00e1s. En el centro hist\u00f3rico, a pesar de cerrar la mayor\u00eda de las calles para el acceso peatonal, a los alrededores del primer cuadro, la gente contin\u00faa transitando, utilizando el cubrebocas para evitar contagiarse. FOTO: DANIEL AUGUSTO \/CUARTOSCURO.COM"},{"@type":"BreadcrumbList","@id":"https:\/\/canal7slp.tv\/2022\/uso-de-cubrebocas-ya-no-es-imprescindible-senala-lopez-gatell\/#breadcrumb","itemListElement":[{"@type":"ListItem","position":1,"name":"Portada","item":"https:\/\/canal7slp.tv\/2022\/"},{"@type":"ListItem","position":2,"name":"Uso de cubrebocas ya no es imprescindible, se\u00f1ala L\u00f3pez-Gatell"}]},{"@type":"WebSite","@id":"https:\/\/canal7slp.tv\/2022\/#website","url":"https:\/\/canal7slp.tv\/2022\/","name":"N7 - Noticieros Canal 7","description":"Somos Televisi\u00f3n","publisher":{"@id":"https:\/\/canal7slp.tv\/2022\/#organization"},"potentialAction":[{"@type":"SearchAction","target":{"@type":"EntryPoint","urlTemplate":"https:\/\/canal7slp.tv\/2022\/?s={search_term_string}"},"query-input":{"@type":"PropertyValueSpecification","valueRequired":true,"valueName":"search_term_string"}}],"inLanguage":"es"},{"@type":"Organization","@id":"https:\/\/canal7slp.tv\/2022\/#organization","name":"Noticieros Canal 7","url":"https:\/\/canal7slp.tv\/2022\/","logo":{"@type":"ImageObject","inLanguage":"es","@id":"https:\/\/canal7slp.tv\/2022\/#\/schema\/logo\/image\/","url":"https:\/\/canal7slp.tv\/2022\/wp-content\/uploads\/2021\/01\/logo-noticieros@2x.png","contentUrl":"https:\/\/canal7slp.tv\/2022\/wp-content\/uploads\/2021\/01\/logo-noticieros@2x.png","width":1017,"height":268,"caption":"Noticieros Canal 7"},"image":{"@id":"https:\/\/canal7slp.tv\/2022\/#\/schema\/logo\/image\/"},"sameAs":["https:\/\/www.facebook.com\/noticieroscanalsiete","https:\/\/x.com\/NOTICIEROS7","https:\/\/www.instagram.com\/canal7_slp","https:\/\/www.youtube.com\/channel\/UCliiYs-gP3JfJeqdPrNdd5A"]},{"@type":"Person","@id":"https:\/\/canal7slp.tv\/2022\/#\/schema\/person\/429704152a21f5f856ce29aa69a238da","name":"Edici\u00f3n Web","image":{"@type":"ImageObject","inLanguage":"es","@id":"https:\/\/secure.gravatar.com\/avatar\/eee448fc3f7164808013b816ba91ac7e43bbe82a70bebac296f8bc6f0addaa1a?s=96&d=mm&r=g","url":"https:\/\/secure.gravatar.com\/avatar\/eee448fc3f7164808013b816ba91ac7e43bbe82a70bebac296f8bc6f0addaa1a?s=96&d=mm&r=g","contentUrl":"https:\/\/secure.gravatar.com\/avatar\/eee448fc3f7164808013b816ba91ac7e43bbe82a70bebac296f8bc6f0addaa1a?s=96&d=mm&r=g","caption":"Edici\u00f3n Web"},"url":"https:\/\/canal7slp.tv\/2022\/author\/edicionweb\/"}]}},"amp_enabled":true,"_links":{"self":[{"href":"https:\/\/canal7slp.tv\/2022\/wp-json\/wp\/v2\/posts\/58327","targetHints":{"allow":["GET"]}}],"collection":[{"href":"https:\/\/canal7slp.tv\/2022\/wp-json\/wp\/v2\/posts"}],"about":[{"href":"https:\/\/canal7slp.tv\/2022\/wp-json\/wp\/v2\/types\/post"}],"author":[{"embeddable":true,"href":"https:\/\/canal7slp.tv\/2022\/wp-json\/wp\/v2\/users\/2"}],"replies":[{"embeddable":true,"href":"https:\/\/canal7slp.tv\/2022\/wp-json\/wp\/v2\/comments?post=58327"}],"version-history":[{"count":2,"href":"https:\/\/canal7slp.tv\/2022\/wp-json\/wp\/v2\/posts\/58327\/revisions"}],"predecessor-version":[{"id":58347,"href":"https:\/\/canal7slp.tv\/2022\/wp-json\/wp\/v2\/posts\/58327\/revisions\/58347"}],"wp:featuredmedia":[{"embeddable":true,"href":"https:\/\/canal7slp.tv\/2022\/wp-json\/wp\/v2\/media\/58339"}],"wp:attachment":[{"href":"https:\/\/canal7slp.tv\/2022\/wp-json\/wp\/v2\/media?parent=58327"}],"wp:term":[{"taxonomy":"category","embeddable":true,"href":"https:\/\/canal7slp.tv\/2022\/wp-json\/wp\/v2\/categories?post=58327"},{"taxonomy":"post_tag","embeddable":true,"href":"https:\/\/canal7slp.tv\/2022\/wp-json\/wp\/v2\/tags?post=58327"}],"curies":[{"name":"wp","href":"https:\/\/api.w.org\/{rel}","templated":true}]}}