{"id":58325,"date":"2022-04-26T14:55:37","date_gmt":"2022-04-26T20:55:37","guid":{"rendered":"https:\/\/canal7slp.tv\/2022\/?p=58325"},"modified":"2022-04-26T14:55:37","modified_gmt":"2022-04-26T20:55:37","slug":"sep-incrementa-presupuesto-para-la-escuela-es-nuestra","status":"publish","type":"post","link":"https:\/\/canal7slp.tv\/2022\/sep-incrementa-presupuesto-para-la-escuela-es-nuestra\/","title":{"rendered":"SEP incrementa presupuesto para La Escuela es Nuestra"},"content":{"rendered":"<p style=\"text-align: justify;\">M\u00e9xico.- Delfina G\u00f3mez \u00c1lvarez, titular de la Secretar\u00eda de Educaci\u00f3n, detall\u00f3 que el programa \u201cLa Escuela es Nuestra\u201d contar\u00e1 con un mayor presupuesto para la alimentaci\u00f3n y se ampliaran los horarios en los planteles donde se aplique.<\/p>\n<p style=\"text-align: justify;\">La funcionaria se\u00f1al\u00f3 que aumentar\u00e1 el n\u00famero de planteles escolares beneficiados del programa, as\u00ed mismo, ser\u00e1 mayor el monto que reciba cada instituci\u00f3n.<\/p>\n<p style=\"text-align: justify;\">G\u00f3mez \u00c1lvarez puntualiz\u00f3 que \u201cLa Escuela es Nuestra\u201d trabaja en cuatro ejes:<\/p>\n<ul style=\"text-align: justify;\">\n<li>Atenci\u00f3n con respeto y justicia maestros<\/li>\n<li>Actualizaci\u00f3n de los contenidos de libros de texto<\/li>\n<li>Otorgamiento de becas que se orienta a estudiantes que tienen la mayor necesidad<\/li>\n<li>Mantener en buen estado las instituciones educativas<\/li>\n<\/ul>\n<p style=\"text-align: justify;\">A su vez, se ampliar\u00e1 el horario en las escuelas incorporadas al programa.<\/p>\n","protected":false},"excerpt":{"rendered":"<p>M\u00e9xico.- Delfina G\u00f3mez \u00c1lvarez, titular de la Secretar\u00eda de Educaci\u00f3n, detall\u00f3 que el programa \u201cLa Escuela es Nuestra\u201d contar\u00e1 con un mayor presupuesto para la alimentaci\u00f3n y se ampliaran los horarios en los planteles donde se aplique. La funcionaria se\u00f1al\u00f3 que aumentar\u00e1 el n\u00famero de planteles escolares beneficiados del programa, as\u00ed mismo, ser\u00e1 mayor el monto que reciba cada instituci\u00f3n. G\u00f3mez \u00c1lvarez puntualiz\u00f3 que \u201cLa Escuela es Nuestra\u201d trabaja en cuatro ejes: Atenci\u00f3n con respeto y justicia maestros Actualizaci\u00f3n de los contenidos de libros de texto Otorgamiento de becas que se orienta a estudiantes que tienen la mayor necesidad Mantener [&hellip;]<\/p>\n","protected":false},"author":2,"featured_media":58337,"comment_status":"closed","ping_status":"closed","sticky":false,"template":"","format":"standard","meta":{"footnotes":""},"categories":[46],"tags":[],"class_list":["post-58325","post","type-post","status-publish","format-standard","has-post-thumbnail","hentry","category-nacional","post--single"],"yoast_head":"<!-- This site is optimized with the Yoast SEO plugin v27.4 - https:\/\/yoast.com\/product\/yoast-seo-wordpress\/ -->\n<title>SEP incrementa presupuesto para La Escuela es Nuestra - Canal 7 SLP - 2022<\/title>\n<meta name=\"robots\" content=\"index, follow, max-snippet:-1, max-image-preview:large, max-video-preview:-1\" \/>\n<link rel=\"canonical\" href=\"https:\/\/canal7slp.tv\/2022\/sep-incrementa-presupuesto-para-la-escuela-es-nuestra\/\" \/>\n<meta property=\"og:locale\" content=\"es_ES\" \/>\n<meta property=\"og:type\" content=\"article\" \/>\n<meta property=\"og:title\" content=\"SEP incrementa presupuesto para La Escuela es Nuestra - Canal 7 SLP - 2022\" \/>\n<meta property=\"og:description\" content=\"M\u00e9xico.- Delfina G\u00f3mez \u00c1lvarez, titular de la Secretar\u00eda de Educaci\u00f3n, detall\u00f3 que el programa \u201cLa Escuela es Nuestra\u201d contar\u00e1 con un mayor presupuesto para la alimentaci\u00f3n y se ampliaran los horarios en los planteles donde se aplique. La funcionaria se\u00f1al\u00f3 que aumentar\u00e1 el n\u00famero de planteles escolares beneficiados del programa, as\u00ed mismo, ser\u00e1 mayor el monto que reciba cada instituci\u00f3n. G\u00f3mez \u00c1lvarez puntualiz\u00f3 que \u201cLa Escuela es Nuestra\u201d trabaja en cuatro ejes: Atenci\u00f3n con respeto y justicia maestros Actualizaci\u00f3n de los contenidos de libros de texto Otorgamiento de becas que se orienta a estudiantes que tienen la mayor necesidad Mantener [&hellip;]\" \/>\n<meta property=\"og:url\" content=\"https:\/\/canal7slp.tv\/2022\/sep-incrementa-presupuesto-para-la-escuela-es-nuestra\/\" \/>\n<meta property=\"og:site_name\" content=\"Canal 7 SLP - 2022\" \/>\n<meta property=\"article:publisher\" content=\"https:\/\/www.facebook.com\/noticieroscanalsiete\" \/>\n<meta property=\"article:published_time\" content=\"2022-04-26T20:55:37+00:00\" \/>\n<meta property=\"og:image\" content=\"https:\/\/canal7slp.tv\/2022\/wp-content\/uploads\/2022\/04\/02-20.jpg\" \/>\n\t<meta property=\"og:image:width\" content=\"1087\" \/>\n\t<meta property=\"og:image:height\" content=\"676\" \/>\n\t<meta property=\"og:image:type\" content=\"image\/jpeg\" \/>\n<meta name=\"author\" content=\"Edici\u00f3n Web\" \/>\n<meta name=\"twitter:card\" content=\"summary_large_image\" \/>\n<meta name=\"twitter:creator\" content=\"@NOTICIEROS7\" \/>\n<meta name=\"twitter:site\" content=\"@NOTICIEROS7\" \/>\n<meta name=\"twitter:label1\" content=\"Escrito por\" \/>\n\t<meta name=\"twitter:data1\" content=\"Edici\u00f3n Web\" \/>\n\t<meta name=\"twitter:label2\" content=\"Tiempo de lectura\" \/>\n\t<meta name=\"twitter:data2\" content=\"1 minuto\" \/>\n<script type=\"application\/ld+json\" class=\"yoast-schema-graph\">{\"@context\":\"https:\\\/\\\/schema.org\",\"@graph\":[{\"@type\":\"Article\",\"@id\":\"https:\\\/\\\/canal7slp.tv\\\/2022\\\/sep-incrementa-presupuesto-para-la-escuela-es-nuestra\\\/#article\",\"isPartOf\":{\"@id\":\"https:\\\/\\\/canal7slp.tv\\\/2022\\\/sep-incrementa-presupuesto-para-la-escuela-es-nuestra\\\/\"},\"author\":{\"name\":\"Edici\u00f3n Web\",\"@id\":\"https:\\\/\\\/canal7slp.tv\\\/2022\\\/#\\\/schema\\\/person\\\/429704152a21f5f856ce29aa69a238da\"},\"headline\":\"SEP incrementa presupuesto para La Escuela es Nuestra\",\"datePublished\":\"2022-04-26T20:55:37+00:00\",\"mainEntityOfPage\":{\"@id\":\"https:\\\/\\\/canal7slp.tv\\\/2022\\\/sep-incrementa-presupuesto-para-la-escuela-es-nuestra\\\/\"},\"wordCount\":139,\"publisher\":{\"@id\":\"https:\\\/\\\/canal7slp.tv\\\/2022\\\/#organization\"},\"image\":{\"@id\":\"https:\\\/\\\/canal7slp.tv\\\/2022\\\/sep-incrementa-presupuesto-para-la-escuela-es-nuestra\\\/#primaryimage\"},\"thumbnailUrl\":\"https:\\\/\\\/canal7slp.tv\\\/2022\\\/wp-content\\\/uploads\\\/2022\\\/04\\\/02-20.jpg\",\"articleSection\":[\"NACIONALES\"],\"inLanguage\":\"es\"},{\"@type\":\"WebPage\",\"@id\":\"https:\\\/\\\/canal7slp.tv\\\/2022\\\/sep-incrementa-presupuesto-para-la-escuela-es-nuestra\\\/\",\"url\":\"https:\\\/\\\/canal7slp.tv\\\/2022\\\/sep-incrementa-presupuesto-para-la-escuela-es-nuestra\\\/\",\"name\":\"SEP incrementa presupuesto para La Escuela es Nuestra - Canal 7 SLP - 2022\",\"isPartOf\":{\"@id\":\"https:\\\/\\\/canal7slp.tv\\\/2022\\\/#website\"},\"primaryImageOfPage\":{\"@id\":\"https:\\\/\\\/canal7slp.tv\\\/2022\\\/sep-incrementa-presupuesto-para-la-escuela-es-nuestra\\\/#primaryimage\"},\"image\":{\"@id\":\"https:\\\/\\\/canal7slp.tv\\\/2022\\\/sep-incrementa-presupuesto-para-la-escuela-es-nuestra\\\/#primaryimage\"},\"thumbnailUrl\":\"https:\\\/\\\/canal7slp.tv\\\/2022\\\/wp-content\\\/uploads\\\/2022\\\/04\\\/02-20.jpg\",\"datePublished\":\"2022-04-26T20:55:37+00:00\",\"breadcrumb\":{\"@id\":\"https:\\\/\\\/canal7slp.tv\\\/2022\\\/sep-incrementa-presupuesto-para-la-escuela-es-nuestra\\\/#breadcrumb\"},\"inLanguage\":\"es\",\"potentialAction\":[{\"@type\":\"ReadAction\",\"target\":[\"https:\\\/\\\/canal7slp.tv\\\/2022\\\/sep-incrementa-presupuesto-para-la-escuela-es-nuestra\\\/\"]}]},{\"@type\":\"ImageObject\",\"inLanguage\":\"es\",\"@id\":\"https:\\\/\\\/canal7slp.tv\\\/2022\\\/sep-incrementa-presupuesto-para-la-escuela-es-nuestra\\\/#primaryimage\",\"url\":\"https:\\\/\\\/canal7slp.tv\\\/2022\\\/wp-content\\\/uploads\\\/2022\\\/04\\\/02-20.jpg\",\"contentUrl\":\"https:\\\/\\\/canal7slp.tv\\\/2022\\\/wp-content\\\/uploads\\\/2022\\\/04\\\/02-20.jpg\",\"width\":1087,\"height\":676},{\"@type\":\"BreadcrumbList\",\"@id\":\"https:\\\/\\\/canal7slp.tv\\\/2022\\\/sep-incrementa-presupuesto-para-la-escuela-es-nuestra\\\/#breadcrumb\",\"itemListElement\":[{\"@type\":\"ListItem\",\"position\":1,\"name\":\"Portada\",\"item\":\"https:\\\/\\\/canal7slp.tv\\\/2022\\\/\"},{\"@type\":\"ListItem\",\"position\":2,\"name\":\"SEP incrementa presupuesto para La Escuela es Nuestra\"}]},{\"@type\":\"WebSite\",\"@id\":\"https:\\\/\\\/canal7slp.tv\\\/2022\\\/#website\",\"url\":\"https:\\\/\\\/canal7slp.tv\\\/2022\\\/\",\"name\":\"N7 - Noticieros Canal 7\",\"description\":\"Somos Televisi\u00f3n\",\"publisher\":{\"@id\":\"https:\\\/\\\/canal7slp.tv\\\/2022\\\/#organization\"},\"potentialAction\":[{\"@type\":\"SearchAction\",\"target\":{\"@type\":\"EntryPoint\",\"urlTemplate\":\"https:\\\/\\\/canal7slp.tv\\\/2022\\\/?s={search_term_string}\"},\"query-input\":{\"@type\":\"PropertyValueSpecification\",\"valueRequired\":true,\"valueName\":\"search_term_string\"}}],\"inLanguage\":\"es\"},{\"@type\":\"Organization\",\"@id\":\"https:\\\/\\\/canal7slp.tv\\\/2022\\\/#organization\",\"name\":\"Noticieros Canal 7\",\"url\":\"https:\\\/\\\/canal7slp.tv\\\/2022\\\/\",\"logo\":{\"@type\":\"ImageObject\",\"inLanguage\":\"es\",\"@id\":\"https:\\\/\\\/canal7slp.tv\\\/2022\\\/#\\\/schema\\\/logo\\\/image\\\/\",\"url\":\"https:\\\/\\\/canal7slp.tv\\\/2022\\\/wp-content\\\/uploads\\\/2021\\\/01\\\/logo-noticieros@2x.png\",\"contentUrl\":\"https:\\\/\\\/canal7slp.tv\\\/2022\\\/wp-content\\\/uploads\\\/2021\\\/01\\\/logo-noticieros@2x.png\",\"width\":1017,\"height\":268,\"caption\":\"Noticieros Canal 7\"},\"image\":{\"@id\":\"https:\\\/\\\/canal7slp.tv\\\/2022\\\/#\\\/schema\\\/logo\\\/image\\\/\"},\"sameAs\":[\"https:\\\/\\\/www.facebook.com\\\/noticieroscanalsiete\",\"https:\\\/\\\/x.com\\\/NOTICIEROS7\",\"https:\\\/\\\/www.instagram.com\\\/canal7_slp\",\"https:\\\/\\\/www.youtube.com\\\/channel\\\/UCliiYs-gP3JfJeqdPrNdd5A\"]},{\"@type\":\"Person\",\"@id\":\"https:\\\/\\\/canal7slp.tv\\\/2022\\\/#\\\/schema\\\/person\\\/429704152a21f5f856ce29aa69a238da\",\"name\":\"Edici\u00f3n Web\",\"image\":{\"@type\":\"ImageObject\",\"inLanguage\":\"es\",\"@id\":\"https:\\\/\\\/secure.gravatar.com\\\/avatar\\\/eee448fc3f7164808013b816ba91ac7e43bbe82a70bebac296f8bc6f0addaa1a?s=96&d=mm&r=g\",\"url\":\"https:\\\/\\\/secure.gravatar.com\\\/avatar\\\/eee448fc3f7164808013b816ba91ac7e43bbe82a70bebac296f8bc6f0addaa1a?s=96&d=mm&r=g\",\"contentUrl\":\"https:\\\/\\\/secure.gravatar.com\\\/avatar\\\/eee448fc3f7164808013b816ba91ac7e43bbe82a70bebac296f8bc6f0addaa1a?s=96&d=mm&r=g\",\"caption\":\"Edici\u00f3n Web\"},\"url\":\"https:\\\/\\\/canal7slp.tv\\\/2022\\\/author\\\/edicionweb\\\/\"}]}<\/script>\n<!-- \/ Yoast SEO plugin. -->","yoast_head_json":{"title":"SEP incrementa presupuesto para La Escuela es Nuestra - Canal 7 SLP - 2022","robots":{"index":"index","follow":"follow","max-snippet":"max-snippet:-1","max-image-preview":"max-image-preview:large","max-video-preview":"max-video-preview:-1"},"canonical":"https:\/\/canal7slp.tv\/2022\/sep-incrementa-presupuesto-para-la-escuela-es-nuestra\/","og_locale":"es_ES","og_type":"article","og_title":"SEP incrementa presupuesto para La Escuela es Nuestra - Canal 7 SLP - 2022","og_description":"M\u00e9xico.- Delfina G\u00f3mez \u00c1lvarez, titular de la Secretar\u00eda de Educaci\u00f3n, detall\u00f3 que el programa \u201cLa Escuela es Nuestra\u201d contar\u00e1 con un mayor presupuesto para la alimentaci\u00f3n y se ampliaran los horarios en los planteles donde se aplique. La funcionaria se\u00f1al\u00f3 que aumentar\u00e1 el n\u00famero de planteles escolares beneficiados del programa, as\u00ed mismo, ser\u00e1 mayor el monto que reciba cada instituci\u00f3n. G\u00f3mez \u00c1lvarez puntualiz\u00f3 que \u201cLa Escuela es Nuestra\u201d trabaja en cuatro ejes: Atenci\u00f3n con respeto y justicia maestros Actualizaci\u00f3n de los contenidos de libros de texto Otorgamiento de becas que se orienta a estudiantes que tienen la mayor necesidad Mantener [&hellip;]","og_url":"https:\/\/canal7slp.tv\/2022\/sep-incrementa-presupuesto-para-la-escuela-es-nuestra\/","og_site_name":"Canal 7 SLP - 2022","article_publisher":"https:\/\/www.facebook.com\/noticieroscanalsiete","article_published_time":"2022-04-26T20:55:37+00:00","og_image":[{"width":1087,"height":676,"url":"https:\/\/canal7slp.tv\/2022\/wp-content\/uploads\/2022\/04\/02-20.jpg","type":"image\/jpeg"}],"author":"Edici\u00f3n Web","twitter_card":"summary_large_image","twitter_creator":"@NOTICIEROS7","twitter_site":"@NOTICIEROS7","twitter_misc":{"Escrito por":"Edici\u00f3n Web","Tiempo de lectura":"1 minuto"},"schema":{"@context":"https:\/\/schema.org","@graph":[{"@type":"Article","@id":"https:\/\/canal7slp.tv\/2022\/sep-incrementa-presupuesto-para-la-escuela-es-nuestra\/#article","isPartOf":{"@id":"https:\/\/canal7slp.tv\/2022\/sep-incrementa-presupuesto-para-la-escuela-es-nuestra\/"},"author":{"name":"Edici\u00f3n Web","@id":"https:\/\/canal7slp.tv\/2022\/#\/schema\/person\/429704152a21f5f856ce29aa69a238da"},"headline":"SEP incrementa presupuesto para La Escuela es Nuestra","datePublished":"2022-04-26T20:55:37+00:00","mainEntityOfPage":{"@id":"https:\/\/canal7slp.tv\/2022\/sep-incrementa-presupuesto-para-la-escuela-es-nuestra\/"},"wordCount":139,"publisher":{"@id":"https:\/\/canal7slp.tv\/2022\/#organization"},"image":{"@id":"https:\/\/canal7slp.tv\/2022\/sep-incrementa-presupuesto-para-la-escuela-es-nuestra\/#primaryimage"},"thumbnailUrl":"https:\/\/canal7slp.tv\/2022\/wp-content\/uploads\/2022\/04\/02-20.jpg","articleSection":["NACIONALES"],"inLanguage":"es"},{"@type":"WebPage","@id":"https:\/\/canal7slp.tv\/2022\/sep-incrementa-presupuesto-para-la-escuela-es-nuestra\/","url":"https:\/\/canal7slp.tv\/2022\/sep-incrementa-presupuesto-para-la-escuela-es-nuestra\/","name":"SEP incrementa presupuesto para La Escuela es Nuestra - Canal 7 SLP - 2022","isPartOf":{"@id":"https:\/\/canal7slp.tv\/2022\/#website"},"primaryImageOfPage":{"@id":"https:\/\/canal7slp.tv\/2022\/sep-incrementa-presupuesto-para-la-escuela-es-nuestra\/#primaryimage"},"image":{"@id":"https:\/\/canal7slp.tv\/2022\/sep-incrementa-presupuesto-para-la-escuela-es-nuestra\/#primaryimage"},"thumbnailUrl":"https:\/\/canal7slp.tv\/2022\/wp-content\/uploads\/2022\/04\/02-20.jpg","datePublished":"2022-04-26T20:55:37+00:00","breadcrumb":{"@id":"https:\/\/canal7slp.tv\/2022\/sep-incrementa-presupuesto-para-la-escuela-es-nuestra\/#breadcrumb"},"inLanguage":"es","potentialAction":[{"@type":"ReadAction","target":["https:\/\/canal7slp.tv\/2022\/sep-incrementa-presupuesto-para-la-escuela-es-nuestra\/"]}]},{"@type":"ImageObject","inLanguage":"es","@id":"https:\/\/canal7slp.tv\/2022\/sep-incrementa-presupuesto-para-la-escuela-es-nuestra\/#primaryimage","url":"https:\/\/canal7slp.tv\/2022\/wp-content\/uploads\/2022\/04\/02-20.jpg","contentUrl":"https:\/\/canal7slp.tv\/2022\/wp-content\/uploads\/2022\/04\/02-20.jpg","width":1087,"height":676},{"@type":"BreadcrumbList","@id":"https:\/\/canal7slp.tv\/2022\/sep-incrementa-presupuesto-para-la-escuela-es-nuestra\/#breadcrumb","itemListElement":[{"@type":"ListItem","position":1,"name":"Portada","item":"https:\/\/canal7slp.tv\/2022\/"},{"@type":"ListItem","position":2,"name":"SEP incrementa presupuesto para La Escuela es Nuestra"}]},{"@type":"WebSite","@id":"https:\/\/canal7slp.tv\/2022\/#website","url":"https:\/\/canal7slp.tv\/2022\/","name":"N7 - Noticieros Canal 7","description":"Somos Televisi\u00f3n","publisher":{"@id":"https:\/\/canal7slp.tv\/2022\/#organization"},"potentialAction":[{"@type":"SearchAction","target":{"@type":"EntryPoint","urlTemplate":"https:\/\/canal7slp.tv\/2022\/?s={search_term_string}"},"query-input":{"@type":"PropertyValueSpecification","valueRequired":true,"valueName":"search_term_string"}}],"inLanguage":"es"},{"@type":"Organization","@id":"https:\/\/canal7slp.tv\/2022\/#organization","name":"Noticieros Canal 7","url":"https:\/\/canal7slp.tv\/2022\/","logo":{"@type":"ImageObject","inLanguage":"es","@id":"https:\/\/canal7slp.tv\/2022\/#\/schema\/logo\/image\/","url":"https:\/\/canal7slp.tv\/2022\/wp-content\/uploads\/2021\/01\/logo-noticieros@2x.png","contentUrl":"https:\/\/canal7slp.tv\/2022\/wp-content\/uploads\/2021\/01\/logo-noticieros@2x.png","width":1017,"height":268,"caption":"Noticieros Canal 7"},"image":{"@id":"https:\/\/canal7slp.tv\/2022\/#\/schema\/logo\/image\/"},"sameAs":["https:\/\/www.facebook.com\/noticieroscanalsiete","https:\/\/x.com\/NOTICIEROS7","https:\/\/www.instagram.com\/canal7_slp","https:\/\/www.youtube.com\/channel\/UCliiYs-gP3JfJeqdPrNdd5A"]},{"@type":"Person","@id":"https:\/\/canal7slp.tv\/2022\/#\/schema\/person\/429704152a21f5f856ce29aa69a238da","name":"Edici\u00f3n Web","image":{"@type":"ImageObject","inLanguage":"es","@id":"https:\/\/secure.gravatar.com\/avatar\/eee448fc3f7164808013b816ba91ac7e43bbe82a70bebac296f8bc6f0addaa1a?s=96&d=mm&r=g","url":"https:\/\/secure.gravatar.com\/avatar\/eee448fc3f7164808013b816ba91ac7e43bbe82a70bebac296f8bc6f0addaa1a?s=96&d=mm&r=g","contentUrl":"https:\/\/secure.gravatar.com\/avatar\/eee448fc3f7164808013b816ba91ac7e43bbe82a70bebac296f8bc6f0addaa1a?s=96&d=mm&r=g","caption":"Edici\u00f3n Web"},"url":"https:\/\/canal7slp.tv\/2022\/author\/edicionweb\/"}]}},"amp_enabled":true,"_links":{"self":[{"href":"https:\/\/canal7slp.tv\/2022\/wp-json\/wp\/v2\/posts\/58325","targetHints":{"allow":["GET"]}}],"collection":[{"href":"https:\/\/canal7slp.tv\/2022\/wp-json\/wp\/v2\/posts"}],"about":[{"href":"https:\/\/canal7slp.tv\/2022\/wp-json\/wp\/v2\/types\/post"}],"author":[{"embeddable":true,"href":"https:\/\/canal7slp.tv\/2022\/wp-json\/wp\/v2\/users\/2"}],"replies":[{"embeddable":true,"href":"https:\/\/canal7slp.tv\/2022\/wp-json\/wp\/v2\/comments?post=58325"}],"version-history":[{"count":3,"href":"https:\/\/canal7slp.tv\/2022\/wp-json\/wp\/v2\/posts\/58325\/revisions"}],"predecessor-version":[{"id":58361,"href":"https:\/\/canal7slp.tv\/2022\/wp-json\/wp\/v2\/posts\/58325\/revisions\/58361"}],"wp:featuredmedia":[{"embeddable":true,"href":"https:\/\/canal7slp.tv\/2022\/wp-json\/wp\/v2\/media\/58337"}],"wp:attachment":[{"href":"https:\/\/canal7slp.tv\/2022\/wp-json\/wp\/v2\/media?parent=58325"}],"wp:term":[{"taxonomy":"category","embeddable":true,"href":"https:\/\/canal7slp.tv\/2022\/wp-json\/wp\/v2\/categories?post=58325"},{"taxonomy":"post_tag","embeddable":true,"href":"https:\/\/canal7slp.tv\/2022\/wp-json\/wp\/v2\/tags?post=58325"}],"curies":[{"name":"wp","href":"https:\/\/api.w.org\/{rel}","templated":true}]}}