{"id":58319,"date":"2022-04-26T13:48:57","date_gmt":"2022-04-26T19:48:57","guid":{"rendered":"https:\/\/canal7slp.tv\/2022\/?p=58319"},"modified":"2022-04-26T13:50:52","modified_gmt":"2022-04-26T19:50:52","slug":"tras-provocar-incendio-a-bodega-de-la-sege-detienen-a-cuatro-presuntos-responsables","status":"publish","type":"post","link":"https:\/\/canal7slp.tv\/2022\/tras-provocar-incendio-a-bodega-de-la-sege-detienen-a-cuatro-presuntos-responsables\/","title":{"rendered":"Tras provocar incendio a bodega de la SEGE, detienen a cuatro presuntos responsables"},"content":{"rendered":"<p style=\"text-align: justify;\">SLP.-\u00a0Derivado de la respuesta de cuerpos de emergencia ante el reporte de un incendio en una bodega propiedad de la Secretar\u00eda de Educaci\u00f3n de Gobierno del Estado (SEGE), polic\u00edas detuvieron a cuatro presuntos responsables de allanar el lugar y provocar da\u00f1os.<\/p>\n<p>A trav\u00e9s de la l\u00ednea 911, se inform\u00f3 que cuatro personas hab\u00edan realizado un boquete en la barda perimetral, ingresando as\u00ed al inmueble y provocando presuntamente un incendio al mobiliario resguardado.<\/p>\n<p style=\"text-align: justify;\">Se solicit\u00f3 la presencia de los oficiales para la localizaci\u00f3n y detenci\u00f3n de los involucrados.<\/p>\n<p>Con la media filiaci\u00f3n de los presuntos responsables, los elementos Estatales desplegaron un operativo de b\u00fasqueda por el fraccionamiento Espa\u00f1ita.<\/p>\n<p>Fue en Burgos y Granada, donde los agentes tuvieron a la vista a cuatro personas que coincid\u00edan con descripciones y tras ser identificados como los presuntos responsables, Juan de 29 a\u00f1os de edad, Florentino de 38, Marisol de 22 y C\u00e9sar de 38 a\u00f1os fueron detenidos.<\/p>\n<p>Fueron trasladados a la Fiscal\u00eda General del Estado, donde se definir\u00eda su situaci\u00f3n legal.<\/p>\n","protected":false},"excerpt":{"rendered":"<p>SLP.-\u00a0Derivado de la respuesta de cuerpos de emergencia ante el reporte de un incendio en una bodega propiedad de la Secretar\u00eda de Educaci\u00f3n de Gobierno del Estado (SEGE), polic\u00edas detuvieron a cuatro presuntos responsables de allanar el lugar y provocar da\u00f1os. A trav\u00e9s de la l\u00ednea 911, se inform\u00f3 que cuatro personas hab\u00edan realizado un boquete en la barda perimetral, ingresando as\u00ed al inmueble y provocando presuntamente un incendio al mobiliario resguardado. Se solicit\u00f3 la presencia de los oficiales para la localizaci\u00f3n y detenci\u00f3n de los involucrados. Con la media filiaci\u00f3n de los presuntos responsables, los elementos Estatales desplegaron un [&hellip;]<\/p>\n","protected":false},"author":2,"featured_media":58321,"comment_status":"closed","ping_status":"closed","sticky":false,"template":"","format":"standard","meta":{"footnotes":""},"categories":[48],"tags":[],"class_list":["post-58319","post","type-post","status-publish","format-standard","has-post-thumbnail","hentry","category-reporte7","post--single"],"yoast_head":"<!-- This site is optimized with the Yoast SEO plugin v27.4 - https:\/\/yoast.com\/product\/yoast-seo-wordpress\/ -->\n<title>Tras provocar incendio a bodega de la SEGE, detienen a cuatro presuntos responsables - Canal 7 SLP - 2022<\/title>\n<meta name=\"robots\" content=\"index, follow, max-snippet:-1, max-image-preview:large, max-video-preview:-1\" \/>\n<link rel=\"canonical\" href=\"https:\/\/canal7slp.tv\/2022\/tras-provocar-incendio-a-bodega-de-la-sege-detienen-a-cuatro-presuntos-responsables\/\" \/>\n<meta property=\"og:locale\" content=\"es_ES\" \/>\n<meta property=\"og:type\" content=\"article\" \/>\n<meta property=\"og:title\" content=\"Tras provocar incendio a bodega de la SEGE, detienen a cuatro presuntos responsables - Canal 7 SLP - 2022\" \/>\n<meta property=\"og:description\" content=\"SLP.-\u00a0Derivado de la respuesta de cuerpos de emergencia ante el reporte de un incendio en una bodega propiedad de la Secretar\u00eda de Educaci\u00f3n de Gobierno del Estado (SEGE), polic\u00edas detuvieron a cuatro presuntos responsables de allanar el lugar y provocar da\u00f1os. A trav\u00e9s de la l\u00ednea 911, se inform\u00f3 que cuatro personas hab\u00edan realizado un boquete en la barda perimetral, ingresando as\u00ed al inmueble y provocando presuntamente un incendio al mobiliario resguardado. Se solicit\u00f3 la presencia de los oficiales para la localizaci\u00f3n y detenci\u00f3n de los involucrados. Con la media filiaci\u00f3n de los presuntos responsables, los elementos Estatales desplegaron un [&hellip;]\" \/>\n<meta property=\"og:url\" content=\"https:\/\/canal7slp.tv\/2022\/tras-provocar-incendio-a-bodega-de-la-sege-detienen-a-cuatro-presuntos-responsables\/\" \/>\n<meta property=\"og:site_name\" content=\"Canal 7 SLP - 2022\" \/>\n<meta property=\"article:publisher\" content=\"https:\/\/www.facebook.com\/noticieroscanalsiete\" \/>\n<meta property=\"article:published_time\" content=\"2022-04-26T19:48:57+00:00\" \/>\n<meta property=\"article:modified_time\" content=\"2022-04-26T19:50:52+00:00\" \/>\n<meta property=\"og:image\" content=\"https:\/\/canal7slp.tv\/2022\/wp-content\/uploads\/2022\/04\/detenidosincendio.jpg\" \/>\n\t<meta property=\"og:image:width\" content=\"1280\" \/>\n\t<meta property=\"og:image:height\" content=\"654\" \/>\n\t<meta property=\"og:image:type\" content=\"image\/jpeg\" \/>\n<meta name=\"author\" content=\"Edici\u00f3n Web\" \/>\n<meta name=\"twitter:card\" content=\"summary_large_image\" \/>\n<meta name=\"twitter:creator\" content=\"@NOTICIEROS7\" \/>\n<meta name=\"twitter:site\" content=\"@NOTICIEROS7\" \/>\n<meta name=\"twitter:label1\" content=\"Escrito por\" \/>\n\t<meta name=\"twitter:data1\" content=\"Edici\u00f3n Web\" \/>\n\t<meta name=\"twitter:label2\" content=\"Tiempo de lectura\" \/>\n\t<meta name=\"twitter:data2\" content=\"1 minuto\" \/>\n<script type=\"application\/ld+json\" class=\"yoast-schema-graph\">{\"@context\":\"https:\\\/\\\/schema.org\",\"@graph\":[{\"@type\":\"Article\",\"@id\":\"https:\\\/\\\/canal7slp.tv\\\/2022\\\/tras-provocar-incendio-a-bodega-de-la-sege-detienen-a-cuatro-presuntos-responsables\\\/#article\",\"isPartOf\":{\"@id\":\"https:\\\/\\\/canal7slp.tv\\\/2022\\\/tras-provocar-incendio-a-bodega-de-la-sege-detienen-a-cuatro-presuntos-responsables\\\/\"},\"author\":{\"name\":\"Edici\u00f3n Web\",\"@id\":\"https:\\\/\\\/canal7slp.tv\\\/2022\\\/#\\\/schema\\\/person\\\/429704152a21f5f856ce29aa69a238da\"},\"headline\":\"Tras provocar incendio a bodega de la SEGE, detienen a cuatro presuntos responsables\",\"datePublished\":\"2022-04-26T19:48:57+00:00\",\"dateModified\":\"2022-04-26T19:50:52+00:00\",\"mainEntityOfPage\":{\"@id\":\"https:\\\/\\\/canal7slp.tv\\\/2022\\\/tras-provocar-incendio-a-bodega-de-la-sege-detienen-a-cuatro-presuntos-responsables\\\/\"},\"wordCount\":196,\"publisher\":{\"@id\":\"https:\\\/\\\/canal7slp.tv\\\/2022\\\/#organization\"},\"image\":{\"@id\":\"https:\\\/\\\/canal7slp.tv\\\/2022\\\/tras-provocar-incendio-a-bodega-de-la-sege-detienen-a-cuatro-presuntos-responsables\\\/#primaryimage\"},\"thumbnailUrl\":\"https:\\\/\\\/canal7slp.tv\\\/2022\\\/wp-content\\\/uploads\\\/2022\\\/04\\\/detenidosincendio.jpg\",\"articleSection\":[\"REPORTE 7\"],\"inLanguage\":\"es\"},{\"@type\":\"WebPage\",\"@id\":\"https:\\\/\\\/canal7slp.tv\\\/2022\\\/tras-provocar-incendio-a-bodega-de-la-sege-detienen-a-cuatro-presuntos-responsables\\\/\",\"url\":\"https:\\\/\\\/canal7slp.tv\\\/2022\\\/tras-provocar-incendio-a-bodega-de-la-sege-detienen-a-cuatro-presuntos-responsables\\\/\",\"name\":\"Tras provocar incendio a bodega de la SEGE, detienen a cuatro presuntos responsables - Canal 7 SLP - 2022\",\"isPartOf\":{\"@id\":\"https:\\\/\\\/canal7slp.tv\\\/2022\\\/#website\"},\"primaryImageOfPage\":{\"@id\":\"https:\\\/\\\/canal7slp.tv\\\/2022\\\/tras-provocar-incendio-a-bodega-de-la-sege-detienen-a-cuatro-presuntos-responsables\\\/#primaryimage\"},\"image\":{\"@id\":\"https:\\\/\\\/canal7slp.tv\\\/2022\\\/tras-provocar-incendio-a-bodega-de-la-sege-detienen-a-cuatro-presuntos-responsables\\\/#primaryimage\"},\"thumbnailUrl\":\"https:\\\/\\\/canal7slp.tv\\\/2022\\\/wp-content\\\/uploads\\\/2022\\\/04\\\/detenidosincendio.jpg\",\"datePublished\":\"2022-04-26T19:48:57+00:00\",\"dateModified\":\"2022-04-26T19:50:52+00:00\",\"breadcrumb\":{\"@id\":\"https:\\\/\\\/canal7slp.tv\\\/2022\\\/tras-provocar-incendio-a-bodega-de-la-sege-detienen-a-cuatro-presuntos-responsables\\\/#breadcrumb\"},\"inLanguage\":\"es\",\"potentialAction\":[{\"@type\":\"ReadAction\",\"target\":[\"https:\\\/\\\/canal7slp.tv\\\/2022\\\/tras-provocar-incendio-a-bodega-de-la-sege-detienen-a-cuatro-presuntos-responsables\\\/\"]}]},{\"@type\":\"ImageObject\",\"inLanguage\":\"es\",\"@id\":\"https:\\\/\\\/canal7slp.tv\\\/2022\\\/tras-provocar-incendio-a-bodega-de-la-sege-detienen-a-cuatro-presuntos-responsables\\\/#primaryimage\",\"url\":\"https:\\\/\\\/canal7slp.tv\\\/2022\\\/wp-content\\\/uploads\\\/2022\\\/04\\\/detenidosincendio.jpg\",\"contentUrl\":\"https:\\\/\\\/canal7slp.tv\\\/2022\\\/wp-content\\\/uploads\\\/2022\\\/04\\\/detenidosincendio.jpg\",\"width\":1280,\"height\":654},{\"@type\":\"BreadcrumbList\",\"@id\":\"https:\\\/\\\/canal7slp.tv\\\/2022\\\/tras-provocar-incendio-a-bodega-de-la-sege-detienen-a-cuatro-presuntos-responsables\\\/#breadcrumb\",\"itemListElement\":[{\"@type\":\"ListItem\",\"position\":1,\"name\":\"Portada\",\"item\":\"https:\\\/\\\/canal7slp.tv\\\/2022\\\/\"},{\"@type\":\"ListItem\",\"position\":2,\"name\":\"Tras provocar incendio a bodega de la SEGE, detienen a cuatro presuntos responsables\"}]},{\"@type\":\"WebSite\",\"@id\":\"https:\\\/\\\/canal7slp.tv\\\/2022\\\/#website\",\"url\":\"https:\\\/\\\/canal7slp.tv\\\/2022\\\/\",\"name\":\"N7 - Noticieros Canal 7\",\"description\":\"Somos Televisi\u00f3n\",\"publisher\":{\"@id\":\"https:\\\/\\\/canal7slp.tv\\\/2022\\\/#organization\"},\"potentialAction\":[{\"@type\":\"SearchAction\",\"target\":{\"@type\":\"EntryPoint\",\"urlTemplate\":\"https:\\\/\\\/canal7slp.tv\\\/2022\\\/?s={search_term_string}\"},\"query-input\":{\"@type\":\"PropertyValueSpecification\",\"valueRequired\":true,\"valueName\":\"search_term_string\"}}],\"inLanguage\":\"es\"},{\"@type\":\"Organization\",\"@id\":\"https:\\\/\\\/canal7slp.tv\\\/2022\\\/#organization\",\"name\":\"Noticieros Canal 7\",\"url\":\"https:\\\/\\\/canal7slp.tv\\\/2022\\\/\",\"logo\":{\"@type\":\"ImageObject\",\"inLanguage\":\"es\",\"@id\":\"https:\\\/\\\/canal7slp.tv\\\/2022\\\/#\\\/schema\\\/logo\\\/image\\\/\",\"url\":\"https:\\\/\\\/canal7slp.tv\\\/2022\\\/wp-content\\\/uploads\\\/2021\\\/01\\\/logo-noticieros@2x.png\",\"contentUrl\":\"https:\\\/\\\/canal7slp.tv\\\/2022\\\/wp-content\\\/uploads\\\/2021\\\/01\\\/logo-noticieros@2x.png\",\"width\":1017,\"height\":268,\"caption\":\"Noticieros Canal 7\"},\"image\":{\"@id\":\"https:\\\/\\\/canal7slp.tv\\\/2022\\\/#\\\/schema\\\/logo\\\/image\\\/\"},\"sameAs\":[\"https:\\\/\\\/www.facebook.com\\\/noticieroscanalsiete\",\"https:\\\/\\\/x.com\\\/NOTICIEROS7\",\"https:\\\/\\\/www.instagram.com\\\/canal7_slp\",\"https:\\\/\\\/www.youtube.com\\\/channel\\\/UCliiYs-gP3JfJeqdPrNdd5A\"]},{\"@type\":\"Person\",\"@id\":\"https:\\\/\\\/canal7slp.tv\\\/2022\\\/#\\\/schema\\\/person\\\/429704152a21f5f856ce29aa69a238da\",\"name\":\"Edici\u00f3n Web\",\"image\":{\"@type\":\"ImageObject\",\"inLanguage\":\"es\",\"@id\":\"https:\\\/\\\/secure.gravatar.com\\\/avatar\\\/eee448fc3f7164808013b816ba91ac7e43bbe82a70bebac296f8bc6f0addaa1a?s=96&d=mm&r=g\",\"url\":\"https:\\\/\\\/secure.gravatar.com\\\/avatar\\\/eee448fc3f7164808013b816ba91ac7e43bbe82a70bebac296f8bc6f0addaa1a?s=96&d=mm&r=g\",\"contentUrl\":\"https:\\\/\\\/secure.gravatar.com\\\/avatar\\\/eee448fc3f7164808013b816ba91ac7e43bbe82a70bebac296f8bc6f0addaa1a?s=96&d=mm&r=g\",\"caption\":\"Edici\u00f3n Web\"},\"url\":\"https:\\\/\\\/canal7slp.tv\\\/2022\\\/author\\\/edicionweb\\\/\"}]}<\/script>\n<!-- \/ Yoast SEO plugin. -->","yoast_head_json":{"title":"Tras provocar incendio a bodega de la SEGE, detienen a cuatro presuntos responsables - Canal 7 SLP - 2022","robots":{"index":"index","follow":"follow","max-snippet":"max-snippet:-1","max-image-preview":"max-image-preview:large","max-video-preview":"max-video-preview:-1"},"canonical":"https:\/\/canal7slp.tv\/2022\/tras-provocar-incendio-a-bodega-de-la-sege-detienen-a-cuatro-presuntos-responsables\/","og_locale":"es_ES","og_type":"article","og_title":"Tras provocar incendio a bodega de la SEGE, detienen a cuatro presuntos responsables - Canal 7 SLP - 2022","og_description":"SLP.-\u00a0Derivado de la respuesta de cuerpos de emergencia ante el reporte de un incendio en una bodega propiedad de la Secretar\u00eda de Educaci\u00f3n de Gobierno del Estado (SEGE), polic\u00edas detuvieron a cuatro presuntos responsables de allanar el lugar y provocar da\u00f1os. A trav\u00e9s de la l\u00ednea 911, se inform\u00f3 que cuatro personas hab\u00edan realizado un boquete en la barda perimetral, ingresando as\u00ed al inmueble y provocando presuntamente un incendio al mobiliario resguardado. Se solicit\u00f3 la presencia de los oficiales para la localizaci\u00f3n y detenci\u00f3n de los involucrados. Con la media filiaci\u00f3n de los presuntos responsables, los elementos Estatales desplegaron un [&hellip;]","og_url":"https:\/\/canal7slp.tv\/2022\/tras-provocar-incendio-a-bodega-de-la-sege-detienen-a-cuatro-presuntos-responsables\/","og_site_name":"Canal 7 SLP - 2022","article_publisher":"https:\/\/www.facebook.com\/noticieroscanalsiete","article_published_time":"2022-04-26T19:48:57+00:00","article_modified_time":"2022-04-26T19:50:52+00:00","og_image":[{"width":1280,"height":654,"url":"https:\/\/canal7slp.tv\/2022\/wp-content\/uploads\/2022\/04\/detenidosincendio.jpg","type":"image\/jpeg"}],"author":"Edici\u00f3n Web","twitter_card":"summary_large_image","twitter_creator":"@NOTICIEROS7","twitter_site":"@NOTICIEROS7","twitter_misc":{"Escrito por":"Edici\u00f3n Web","Tiempo de lectura":"1 minuto"},"schema":{"@context":"https:\/\/schema.org","@graph":[{"@type":"Article","@id":"https:\/\/canal7slp.tv\/2022\/tras-provocar-incendio-a-bodega-de-la-sege-detienen-a-cuatro-presuntos-responsables\/#article","isPartOf":{"@id":"https:\/\/canal7slp.tv\/2022\/tras-provocar-incendio-a-bodega-de-la-sege-detienen-a-cuatro-presuntos-responsables\/"},"author":{"name":"Edici\u00f3n Web","@id":"https:\/\/canal7slp.tv\/2022\/#\/schema\/person\/429704152a21f5f856ce29aa69a238da"},"headline":"Tras provocar incendio a bodega de la SEGE, detienen a cuatro presuntos responsables","datePublished":"2022-04-26T19:48:57+00:00","dateModified":"2022-04-26T19:50:52+00:00","mainEntityOfPage":{"@id":"https:\/\/canal7slp.tv\/2022\/tras-provocar-incendio-a-bodega-de-la-sege-detienen-a-cuatro-presuntos-responsables\/"},"wordCount":196,"publisher":{"@id":"https:\/\/canal7slp.tv\/2022\/#organization"},"image":{"@id":"https:\/\/canal7slp.tv\/2022\/tras-provocar-incendio-a-bodega-de-la-sege-detienen-a-cuatro-presuntos-responsables\/#primaryimage"},"thumbnailUrl":"https:\/\/canal7slp.tv\/2022\/wp-content\/uploads\/2022\/04\/detenidosincendio.jpg","articleSection":["REPORTE 7"],"inLanguage":"es"},{"@type":"WebPage","@id":"https:\/\/canal7slp.tv\/2022\/tras-provocar-incendio-a-bodega-de-la-sege-detienen-a-cuatro-presuntos-responsables\/","url":"https:\/\/canal7slp.tv\/2022\/tras-provocar-incendio-a-bodega-de-la-sege-detienen-a-cuatro-presuntos-responsables\/","name":"Tras provocar incendio a bodega de la SEGE, detienen a cuatro presuntos responsables - Canal 7 SLP - 2022","isPartOf":{"@id":"https:\/\/canal7slp.tv\/2022\/#website"},"primaryImageOfPage":{"@id":"https:\/\/canal7slp.tv\/2022\/tras-provocar-incendio-a-bodega-de-la-sege-detienen-a-cuatro-presuntos-responsables\/#primaryimage"},"image":{"@id":"https:\/\/canal7slp.tv\/2022\/tras-provocar-incendio-a-bodega-de-la-sege-detienen-a-cuatro-presuntos-responsables\/#primaryimage"},"thumbnailUrl":"https:\/\/canal7slp.tv\/2022\/wp-content\/uploads\/2022\/04\/detenidosincendio.jpg","datePublished":"2022-04-26T19:48:57+00:00","dateModified":"2022-04-26T19:50:52+00:00","breadcrumb":{"@id":"https:\/\/canal7slp.tv\/2022\/tras-provocar-incendio-a-bodega-de-la-sege-detienen-a-cuatro-presuntos-responsables\/#breadcrumb"},"inLanguage":"es","potentialAction":[{"@type":"ReadAction","target":["https:\/\/canal7slp.tv\/2022\/tras-provocar-incendio-a-bodega-de-la-sege-detienen-a-cuatro-presuntos-responsables\/"]}]},{"@type":"ImageObject","inLanguage":"es","@id":"https:\/\/canal7slp.tv\/2022\/tras-provocar-incendio-a-bodega-de-la-sege-detienen-a-cuatro-presuntos-responsables\/#primaryimage","url":"https:\/\/canal7slp.tv\/2022\/wp-content\/uploads\/2022\/04\/detenidosincendio.jpg","contentUrl":"https:\/\/canal7slp.tv\/2022\/wp-content\/uploads\/2022\/04\/detenidosincendio.jpg","width":1280,"height":654},{"@type":"BreadcrumbList","@id":"https:\/\/canal7slp.tv\/2022\/tras-provocar-incendio-a-bodega-de-la-sege-detienen-a-cuatro-presuntos-responsables\/#breadcrumb","itemListElement":[{"@type":"ListItem","position":1,"name":"Portada","item":"https:\/\/canal7slp.tv\/2022\/"},{"@type":"ListItem","position":2,"name":"Tras provocar incendio a bodega de la SEGE, detienen a cuatro presuntos responsables"}]},{"@type":"WebSite","@id":"https:\/\/canal7slp.tv\/2022\/#website","url":"https:\/\/canal7slp.tv\/2022\/","name":"N7 - Noticieros Canal 7","description":"Somos Televisi\u00f3n","publisher":{"@id":"https:\/\/canal7slp.tv\/2022\/#organization"},"potentialAction":[{"@type":"SearchAction","target":{"@type":"EntryPoint","urlTemplate":"https:\/\/canal7slp.tv\/2022\/?s={search_term_string}"},"query-input":{"@type":"PropertyValueSpecification","valueRequired":true,"valueName":"search_term_string"}}],"inLanguage":"es"},{"@type":"Organization","@id":"https:\/\/canal7slp.tv\/2022\/#organization","name":"Noticieros Canal 7","url":"https:\/\/canal7slp.tv\/2022\/","logo":{"@type":"ImageObject","inLanguage":"es","@id":"https:\/\/canal7slp.tv\/2022\/#\/schema\/logo\/image\/","url":"https:\/\/canal7slp.tv\/2022\/wp-content\/uploads\/2021\/01\/logo-noticieros@2x.png","contentUrl":"https:\/\/canal7slp.tv\/2022\/wp-content\/uploads\/2021\/01\/logo-noticieros@2x.png","width":1017,"height":268,"caption":"Noticieros Canal 7"},"image":{"@id":"https:\/\/canal7slp.tv\/2022\/#\/schema\/logo\/image\/"},"sameAs":["https:\/\/www.facebook.com\/noticieroscanalsiete","https:\/\/x.com\/NOTICIEROS7","https:\/\/www.instagram.com\/canal7_slp","https:\/\/www.youtube.com\/channel\/UCliiYs-gP3JfJeqdPrNdd5A"]},{"@type":"Person","@id":"https:\/\/canal7slp.tv\/2022\/#\/schema\/person\/429704152a21f5f856ce29aa69a238da","name":"Edici\u00f3n Web","image":{"@type":"ImageObject","inLanguage":"es","@id":"https:\/\/secure.gravatar.com\/avatar\/eee448fc3f7164808013b816ba91ac7e43bbe82a70bebac296f8bc6f0addaa1a?s=96&d=mm&r=g","url":"https:\/\/secure.gravatar.com\/avatar\/eee448fc3f7164808013b816ba91ac7e43bbe82a70bebac296f8bc6f0addaa1a?s=96&d=mm&r=g","contentUrl":"https:\/\/secure.gravatar.com\/avatar\/eee448fc3f7164808013b816ba91ac7e43bbe82a70bebac296f8bc6f0addaa1a?s=96&d=mm&r=g","caption":"Edici\u00f3n Web"},"url":"https:\/\/canal7slp.tv\/2022\/author\/edicionweb\/"}]}},"amp_enabled":true,"_links":{"self":[{"href":"https:\/\/canal7slp.tv\/2022\/wp-json\/wp\/v2\/posts\/58319","targetHints":{"allow":["GET"]}}],"collection":[{"href":"https:\/\/canal7slp.tv\/2022\/wp-json\/wp\/v2\/posts"}],"about":[{"href":"https:\/\/canal7slp.tv\/2022\/wp-json\/wp\/v2\/types\/post"}],"author":[{"embeddable":true,"href":"https:\/\/canal7slp.tv\/2022\/wp-json\/wp\/v2\/users\/2"}],"replies":[{"embeddable":true,"href":"https:\/\/canal7slp.tv\/2022\/wp-json\/wp\/v2\/comments?post=58319"}],"version-history":[{"count":2,"href":"https:\/\/canal7slp.tv\/2022\/wp-json\/wp\/v2\/posts\/58319\/revisions"}],"predecessor-version":[{"id":58322,"href":"https:\/\/canal7slp.tv\/2022\/wp-json\/wp\/v2\/posts\/58319\/revisions\/58322"}],"wp:featuredmedia":[{"embeddable":true,"href":"https:\/\/canal7slp.tv\/2022\/wp-json\/wp\/v2\/media\/58321"}],"wp:attachment":[{"href":"https:\/\/canal7slp.tv\/2022\/wp-json\/wp\/v2\/media?parent=58319"}],"wp:term":[{"taxonomy":"category","embeddable":true,"href":"https:\/\/canal7slp.tv\/2022\/wp-json\/wp\/v2\/categories?post=58319"},{"taxonomy":"post_tag","embeddable":true,"href":"https:\/\/canal7slp.tv\/2022\/wp-json\/wp\/v2\/tags?post=58319"}],"curies":[{"name":"wp","href":"https:\/\/api.w.org\/{rel}","templated":true}]}}