{"id":58292,"date":"2022-04-26T04:52:40","date_gmt":"2022-04-26T10:52:40","guid":{"rendered":"https:\/\/canal7slp.tv\/2022\/?p=58292"},"modified":"2022-04-26T04:52:40","modified_gmt":"2022-04-26T10:52:40","slug":"por-incendio-aparentemente-provocado-fueron-detenidas-dos-personas","status":"publish","type":"post","link":"https:\/\/canal7slp.tv\/2022\/por-incendio-aparentemente-provocado-fueron-detenidas-dos-personas\/","title":{"rendered":"Por incendio aparentemente provocado fueron detenidas dos personas."},"content":{"rendered":"<ul>\n<li>Se trat\u00f3 de una segunda ocasi\u00f3n en que fue quemado material de la Secretar\u00eda de Educaci\u00f3n.<\/li>\n<\/ul>\n<p style=\"text-align: justify;\">SLP.- Intensa movilizaci\u00f3n de cuerpos de rescate propici\u00f3 un incendio registrado la tarde de este lunes en el fraccionamiento Espa\u00f1ita; zona en la que autoridades desplegaron un operativo para evitar que la integridad de la poblaci\u00f3n estuviera en riesgo.<\/p>\n<p style=\"text-align: justify;\">En el \u00e1rea donde inicialmente se form\u00f3 una densa nube negra intervino el Heroico Cuerpo de Bomberos y diversas corporaciones.<\/p>\n<p style=\"text-align: justify;\">El comandante, Adolfo Benavente Duque precis\u00f3 que se quemaba mobiliario y mercanc\u00eda de desecho.<\/p>\n<p style=\"text-align: justify;\">Se trata de la segunda vez que material de la Secretar\u00eda de Educaci\u00f3n se quema; ya que un incidente similar se registr\u00f3 en febrero.<\/p>\n<p style=\"text-align: justify;\">Del siniestro ninguna persona result\u00f3 herida.<\/p>\n<p style=\"text-align: justify;\">La situaci\u00f3n pudo ponerse bajo control por la actuaci\u00f3n de las autoridades.<\/p>\n<p style=\"text-align: justify;\">En tanto, vecinos y due\u00f1os de negocios cercanos observaban lo sucedido.<\/p>\n<p style=\"text-align: justify;\">El acceso al lugar no fue permitido y una vez que se sofoc\u00f3 el fuego, comenz\u00f3 la remoci\u00f3n de escombros.<\/p>\n<p style=\"text-align: justify;\">De igual forma, autoridades reportaron la detenci\u00f3n de dos presuntos responsables de iniciar el incendio en el lugar.<\/p>\n<p style=\"text-align: justify;\">Por: Paulina Rodr\u00edguez<\/p>\n","protected":false},"excerpt":{"rendered":"<p>Se trat\u00f3 de una segunda ocasi\u00f3n en que fue quemado material de la Secretar\u00eda de Educaci\u00f3n. SLP.- Intensa movilizaci\u00f3n de cuerpos de rescate propici\u00f3 un incendio registrado la tarde de este lunes en el fraccionamiento Espa\u00f1ita; zona en la que autoridades desplegaron un operativo para evitar que la integridad de la poblaci\u00f3n estuviera en riesgo. En el \u00e1rea donde inicialmente se form\u00f3 una densa nube negra intervino el Heroico Cuerpo de Bomberos y diversas corporaciones. El comandante, Adolfo Benavente Duque precis\u00f3 que se quemaba mobiliario y mercanc\u00eda de desecho. Se trata de la segunda vez que material de la Secretar\u00eda [&hellip;]<\/p>\n","protected":false},"author":2,"featured_media":58294,"comment_status":"closed","ping_status":"closed","sticky":false,"template":"","format":"video","meta":{"footnotes":""},"categories":[5,45],"tags":[],"class_list":["post-58292","post","type-post","status-publish","format-video","has-post-thumbnail","hentry","category-destacadas","category-localesyregionales","post_format-post-format-video","post--single"],"yoast_head":"<!-- This site is optimized with the Yoast SEO plugin v27.4 - https:\/\/yoast.com\/product\/yoast-seo-wordpress\/ -->\n<title>Por incendio aparentemente provocado fueron detenidas dos personas. - Canal 7 SLP - 2022<\/title>\n<meta name=\"robots\" content=\"index, follow, max-snippet:-1, max-image-preview:large, max-video-preview:-1\" \/>\n<link rel=\"canonical\" href=\"https:\/\/canal7slp.tv\/2022\/por-incendio-aparentemente-provocado-fueron-detenidas-dos-personas\/\" \/>\n<meta property=\"og:locale\" content=\"es_ES\" \/>\n<meta property=\"og:type\" content=\"article\" \/>\n<meta property=\"og:title\" content=\"Por incendio aparentemente provocado fueron detenidas dos personas. - Canal 7 SLP - 2022\" \/>\n<meta property=\"og:description\" content=\"Se trat\u00f3 de una segunda ocasi\u00f3n en que fue quemado material de la Secretar\u00eda de Educaci\u00f3n. SLP.- Intensa movilizaci\u00f3n de cuerpos de rescate propici\u00f3 un incendio registrado la tarde de este lunes en el fraccionamiento Espa\u00f1ita; zona en la que autoridades desplegaron un operativo para evitar que la integridad de la poblaci\u00f3n estuviera en riesgo. En el \u00e1rea donde inicialmente se form\u00f3 una densa nube negra intervino el Heroico Cuerpo de Bomberos y diversas corporaciones. El comandante, Adolfo Benavente Duque precis\u00f3 que se quemaba mobiliario y mercanc\u00eda de desecho. Se trata de la segunda vez que material de la Secretar\u00eda [&hellip;]\" \/>\n<meta property=\"og:url\" content=\"https:\/\/canal7slp.tv\/2022\/por-incendio-aparentemente-provocado-fueron-detenidas-dos-personas\/\" \/>\n<meta property=\"og:site_name\" content=\"Canal 7 SLP - 2022\" \/>\n<meta property=\"article:publisher\" content=\"https:\/\/www.facebook.com\/noticieroscanalsiete\" \/>\n<meta property=\"article:published_time\" content=\"2022-04-26T10:52:40+00:00\" \/>\n<meta property=\"og:image\" content=\"https:\/\/canal7slp.tv\/2022\/wp-content\/uploads\/2022\/04\/Pau0Incendio.jpg\" \/>\n\t<meta property=\"og:image:width\" content=\"888\" \/>\n\t<meta property=\"og:image:height\" content=\"500\" \/>\n\t<meta property=\"og:image:type\" content=\"image\/jpeg\" \/>\n<meta name=\"author\" content=\"Edici\u00f3n Web\" \/>\n<meta name=\"twitter:card\" content=\"summary_large_image\" \/>\n<meta name=\"twitter:creator\" content=\"@NOTICIEROS7\" \/>\n<meta name=\"twitter:site\" content=\"@NOTICIEROS7\" \/>\n<meta name=\"twitter:label1\" content=\"Escrito por\" \/>\n\t<meta name=\"twitter:data1\" content=\"Edici\u00f3n Web\" \/>\n\t<meta name=\"twitter:label2\" content=\"Tiempo de lectura\" \/>\n\t<meta name=\"twitter:data2\" content=\"1 minuto\" \/>\n<script type=\"application\/ld+json\" class=\"yoast-schema-graph\">{\"@context\":\"https:\\\/\\\/schema.org\",\"@graph\":[{\"@type\":\"Article\",\"@id\":\"https:\\\/\\\/canal7slp.tv\\\/2022\\\/por-incendio-aparentemente-provocado-fueron-detenidas-dos-personas\\\/#article\",\"isPartOf\":{\"@id\":\"https:\\\/\\\/canal7slp.tv\\\/2022\\\/por-incendio-aparentemente-provocado-fueron-detenidas-dos-personas\\\/\"},\"author\":{\"name\":\"Edici\u00f3n Web\",\"@id\":\"https:\\\/\\\/canal7slp.tv\\\/2022\\\/#\\\/schema\\\/person\\\/429704152a21f5f856ce29aa69a238da\"},\"headline\":\"Por incendio aparentemente provocado fueron detenidas dos personas.\",\"datePublished\":\"2022-04-26T10:52:40+00:00\",\"mainEntityOfPage\":{\"@id\":\"https:\\\/\\\/canal7slp.tv\\\/2022\\\/por-incendio-aparentemente-provocado-fueron-detenidas-dos-personas\\\/\"},\"wordCount\":207,\"publisher\":{\"@id\":\"https:\\\/\\\/canal7slp.tv\\\/2022\\\/#organization\"},\"image\":{\"@id\":\"https:\\\/\\\/canal7slp.tv\\\/2022\\\/por-incendio-aparentemente-provocado-fueron-detenidas-dos-personas\\\/#primaryimage\"},\"thumbnailUrl\":\"https:\\\/\\\/canal7slp.tv\\\/2022\\\/wp-content\\\/uploads\\\/2022\\\/04\\\/Pau0Incendio.jpg\",\"articleSection\":[\"DESTACADAS\",\"LOCALES Y REGIONALES\"],\"inLanguage\":\"es\"},{\"@type\":\"WebPage\",\"@id\":\"https:\\\/\\\/canal7slp.tv\\\/2022\\\/por-incendio-aparentemente-provocado-fueron-detenidas-dos-personas\\\/\",\"url\":\"https:\\\/\\\/canal7slp.tv\\\/2022\\\/por-incendio-aparentemente-provocado-fueron-detenidas-dos-personas\\\/\",\"name\":\"Por incendio aparentemente provocado fueron detenidas dos personas. - Canal 7 SLP - 2022\",\"isPartOf\":{\"@id\":\"https:\\\/\\\/canal7slp.tv\\\/2022\\\/#website\"},\"primaryImageOfPage\":{\"@id\":\"https:\\\/\\\/canal7slp.tv\\\/2022\\\/por-incendio-aparentemente-provocado-fueron-detenidas-dos-personas\\\/#primaryimage\"},\"image\":{\"@id\":\"https:\\\/\\\/canal7slp.tv\\\/2022\\\/por-incendio-aparentemente-provocado-fueron-detenidas-dos-personas\\\/#primaryimage\"},\"thumbnailUrl\":\"https:\\\/\\\/canal7slp.tv\\\/2022\\\/wp-content\\\/uploads\\\/2022\\\/04\\\/Pau0Incendio.jpg\",\"datePublished\":\"2022-04-26T10:52:40+00:00\",\"breadcrumb\":{\"@id\":\"https:\\\/\\\/canal7slp.tv\\\/2022\\\/por-incendio-aparentemente-provocado-fueron-detenidas-dos-personas\\\/#breadcrumb\"},\"inLanguage\":\"es\",\"potentialAction\":[{\"@type\":\"ReadAction\",\"target\":[\"https:\\\/\\\/canal7slp.tv\\\/2022\\\/por-incendio-aparentemente-provocado-fueron-detenidas-dos-personas\\\/\"]}]},{\"@type\":\"ImageObject\",\"inLanguage\":\"es\",\"@id\":\"https:\\\/\\\/canal7slp.tv\\\/2022\\\/por-incendio-aparentemente-provocado-fueron-detenidas-dos-personas\\\/#primaryimage\",\"url\":\"https:\\\/\\\/canal7slp.tv\\\/2022\\\/wp-content\\\/uploads\\\/2022\\\/04\\\/Pau0Incendio.jpg\",\"contentUrl\":\"https:\\\/\\\/canal7slp.tv\\\/2022\\\/wp-content\\\/uploads\\\/2022\\\/04\\\/Pau0Incendio.jpg\",\"width\":888,\"height\":500},{\"@type\":\"BreadcrumbList\",\"@id\":\"https:\\\/\\\/canal7slp.tv\\\/2022\\\/por-incendio-aparentemente-provocado-fueron-detenidas-dos-personas\\\/#breadcrumb\",\"itemListElement\":[{\"@type\":\"ListItem\",\"position\":1,\"name\":\"Portada\",\"item\":\"https:\\\/\\\/canal7slp.tv\\\/2022\\\/\"},{\"@type\":\"ListItem\",\"position\":2,\"name\":\"Por incendio aparentemente provocado fueron detenidas dos personas.\"}]},{\"@type\":\"WebSite\",\"@id\":\"https:\\\/\\\/canal7slp.tv\\\/2022\\\/#website\",\"url\":\"https:\\\/\\\/canal7slp.tv\\\/2022\\\/\",\"name\":\"N7 - Noticieros Canal 7\",\"description\":\"Somos Televisi\u00f3n\",\"publisher\":{\"@id\":\"https:\\\/\\\/canal7slp.tv\\\/2022\\\/#organization\"},\"potentialAction\":[{\"@type\":\"SearchAction\",\"target\":{\"@type\":\"EntryPoint\",\"urlTemplate\":\"https:\\\/\\\/canal7slp.tv\\\/2022\\\/?s={search_term_string}\"},\"query-input\":{\"@type\":\"PropertyValueSpecification\",\"valueRequired\":true,\"valueName\":\"search_term_string\"}}],\"inLanguage\":\"es\"},{\"@type\":\"Organization\",\"@id\":\"https:\\\/\\\/canal7slp.tv\\\/2022\\\/#organization\",\"name\":\"Noticieros Canal 7\",\"url\":\"https:\\\/\\\/canal7slp.tv\\\/2022\\\/\",\"logo\":{\"@type\":\"ImageObject\",\"inLanguage\":\"es\",\"@id\":\"https:\\\/\\\/canal7slp.tv\\\/2022\\\/#\\\/schema\\\/logo\\\/image\\\/\",\"url\":\"https:\\\/\\\/canal7slp.tv\\\/2022\\\/wp-content\\\/uploads\\\/2021\\\/01\\\/logo-noticieros@2x.png\",\"contentUrl\":\"https:\\\/\\\/canal7slp.tv\\\/2022\\\/wp-content\\\/uploads\\\/2021\\\/01\\\/logo-noticieros@2x.png\",\"width\":1017,\"height\":268,\"caption\":\"Noticieros Canal 7\"},\"image\":{\"@id\":\"https:\\\/\\\/canal7slp.tv\\\/2022\\\/#\\\/schema\\\/logo\\\/image\\\/\"},\"sameAs\":[\"https:\\\/\\\/www.facebook.com\\\/noticieroscanalsiete\",\"https:\\\/\\\/x.com\\\/NOTICIEROS7\",\"https:\\\/\\\/www.instagram.com\\\/canal7_slp\",\"https:\\\/\\\/www.youtube.com\\\/channel\\\/UCliiYs-gP3JfJeqdPrNdd5A\"]},{\"@type\":\"Person\",\"@id\":\"https:\\\/\\\/canal7slp.tv\\\/2022\\\/#\\\/schema\\\/person\\\/429704152a21f5f856ce29aa69a238da\",\"name\":\"Edici\u00f3n Web\",\"image\":{\"@type\":\"ImageObject\",\"inLanguage\":\"es\",\"@id\":\"https:\\\/\\\/secure.gravatar.com\\\/avatar\\\/eee448fc3f7164808013b816ba91ac7e43bbe82a70bebac296f8bc6f0addaa1a?s=96&d=mm&r=g\",\"url\":\"https:\\\/\\\/secure.gravatar.com\\\/avatar\\\/eee448fc3f7164808013b816ba91ac7e43bbe82a70bebac296f8bc6f0addaa1a?s=96&d=mm&r=g\",\"contentUrl\":\"https:\\\/\\\/secure.gravatar.com\\\/avatar\\\/eee448fc3f7164808013b816ba91ac7e43bbe82a70bebac296f8bc6f0addaa1a?s=96&d=mm&r=g\",\"caption\":\"Edici\u00f3n Web\"},\"url\":\"https:\\\/\\\/canal7slp.tv\\\/2022\\\/author\\\/edicionweb\\\/\"}]}<\/script>\n<!-- \/ Yoast SEO plugin. -->","yoast_head_json":{"title":"Por incendio aparentemente provocado fueron detenidas dos personas. - Canal 7 SLP - 2022","robots":{"index":"index","follow":"follow","max-snippet":"max-snippet:-1","max-image-preview":"max-image-preview:large","max-video-preview":"max-video-preview:-1"},"canonical":"https:\/\/canal7slp.tv\/2022\/por-incendio-aparentemente-provocado-fueron-detenidas-dos-personas\/","og_locale":"es_ES","og_type":"article","og_title":"Por incendio aparentemente provocado fueron detenidas dos personas. - Canal 7 SLP - 2022","og_description":"Se trat\u00f3 de una segunda ocasi\u00f3n en que fue quemado material de la Secretar\u00eda de Educaci\u00f3n. SLP.- Intensa movilizaci\u00f3n de cuerpos de rescate propici\u00f3 un incendio registrado la tarde de este lunes en el fraccionamiento Espa\u00f1ita; zona en la que autoridades desplegaron un operativo para evitar que la integridad de la poblaci\u00f3n estuviera en riesgo. En el \u00e1rea donde inicialmente se form\u00f3 una densa nube negra intervino el Heroico Cuerpo de Bomberos y diversas corporaciones. El comandante, Adolfo Benavente Duque precis\u00f3 que se quemaba mobiliario y mercanc\u00eda de desecho. Se trata de la segunda vez que material de la Secretar\u00eda [&hellip;]","og_url":"https:\/\/canal7slp.tv\/2022\/por-incendio-aparentemente-provocado-fueron-detenidas-dos-personas\/","og_site_name":"Canal 7 SLP - 2022","article_publisher":"https:\/\/www.facebook.com\/noticieroscanalsiete","article_published_time":"2022-04-26T10:52:40+00:00","og_image":[{"width":888,"height":500,"url":"https:\/\/canal7slp.tv\/2022\/wp-content\/uploads\/2022\/04\/Pau0Incendio.jpg","type":"image\/jpeg"}],"author":"Edici\u00f3n Web","twitter_card":"summary_large_image","twitter_creator":"@NOTICIEROS7","twitter_site":"@NOTICIEROS7","twitter_misc":{"Escrito por":"Edici\u00f3n Web","Tiempo de lectura":"1 minuto"},"schema":{"@context":"https:\/\/schema.org","@graph":[{"@type":"Article","@id":"https:\/\/canal7slp.tv\/2022\/por-incendio-aparentemente-provocado-fueron-detenidas-dos-personas\/#article","isPartOf":{"@id":"https:\/\/canal7slp.tv\/2022\/por-incendio-aparentemente-provocado-fueron-detenidas-dos-personas\/"},"author":{"name":"Edici\u00f3n Web","@id":"https:\/\/canal7slp.tv\/2022\/#\/schema\/person\/429704152a21f5f856ce29aa69a238da"},"headline":"Por incendio aparentemente provocado fueron detenidas dos personas.","datePublished":"2022-04-26T10:52:40+00:00","mainEntityOfPage":{"@id":"https:\/\/canal7slp.tv\/2022\/por-incendio-aparentemente-provocado-fueron-detenidas-dos-personas\/"},"wordCount":207,"publisher":{"@id":"https:\/\/canal7slp.tv\/2022\/#organization"},"image":{"@id":"https:\/\/canal7slp.tv\/2022\/por-incendio-aparentemente-provocado-fueron-detenidas-dos-personas\/#primaryimage"},"thumbnailUrl":"https:\/\/canal7slp.tv\/2022\/wp-content\/uploads\/2022\/04\/Pau0Incendio.jpg","articleSection":["DESTACADAS","LOCALES Y REGIONALES"],"inLanguage":"es"},{"@type":"WebPage","@id":"https:\/\/canal7slp.tv\/2022\/por-incendio-aparentemente-provocado-fueron-detenidas-dos-personas\/","url":"https:\/\/canal7slp.tv\/2022\/por-incendio-aparentemente-provocado-fueron-detenidas-dos-personas\/","name":"Por incendio aparentemente provocado fueron detenidas dos personas. - Canal 7 SLP - 2022","isPartOf":{"@id":"https:\/\/canal7slp.tv\/2022\/#website"},"primaryImageOfPage":{"@id":"https:\/\/canal7slp.tv\/2022\/por-incendio-aparentemente-provocado-fueron-detenidas-dos-personas\/#primaryimage"},"image":{"@id":"https:\/\/canal7slp.tv\/2022\/por-incendio-aparentemente-provocado-fueron-detenidas-dos-personas\/#primaryimage"},"thumbnailUrl":"https:\/\/canal7slp.tv\/2022\/wp-content\/uploads\/2022\/04\/Pau0Incendio.jpg","datePublished":"2022-04-26T10:52:40+00:00","breadcrumb":{"@id":"https:\/\/canal7slp.tv\/2022\/por-incendio-aparentemente-provocado-fueron-detenidas-dos-personas\/#breadcrumb"},"inLanguage":"es","potentialAction":[{"@type":"ReadAction","target":["https:\/\/canal7slp.tv\/2022\/por-incendio-aparentemente-provocado-fueron-detenidas-dos-personas\/"]}]},{"@type":"ImageObject","inLanguage":"es","@id":"https:\/\/canal7slp.tv\/2022\/por-incendio-aparentemente-provocado-fueron-detenidas-dos-personas\/#primaryimage","url":"https:\/\/canal7slp.tv\/2022\/wp-content\/uploads\/2022\/04\/Pau0Incendio.jpg","contentUrl":"https:\/\/canal7slp.tv\/2022\/wp-content\/uploads\/2022\/04\/Pau0Incendio.jpg","width":888,"height":500},{"@type":"BreadcrumbList","@id":"https:\/\/canal7slp.tv\/2022\/por-incendio-aparentemente-provocado-fueron-detenidas-dos-personas\/#breadcrumb","itemListElement":[{"@type":"ListItem","position":1,"name":"Portada","item":"https:\/\/canal7slp.tv\/2022\/"},{"@type":"ListItem","position":2,"name":"Por incendio aparentemente provocado fueron detenidas dos personas."}]},{"@type":"WebSite","@id":"https:\/\/canal7slp.tv\/2022\/#website","url":"https:\/\/canal7slp.tv\/2022\/","name":"N7 - Noticieros Canal 7","description":"Somos Televisi\u00f3n","publisher":{"@id":"https:\/\/canal7slp.tv\/2022\/#organization"},"potentialAction":[{"@type":"SearchAction","target":{"@type":"EntryPoint","urlTemplate":"https:\/\/canal7slp.tv\/2022\/?s={search_term_string}"},"query-input":{"@type":"PropertyValueSpecification","valueRequired":true,"valueName":"search_term_string"}}],"inLanguage":"es"},{"@type":"Organization","@id":"https:\/\/canal7slp.tv\/2022\/#organization","name":"Noticieros Canal 7","url":"https:\/\/canal7slp.tv\/2022\/","logo":{"@type":"ImageObject","inLanguage":"es","@id":"https:\/\/canal7slp.tv\/2022\/#\/schema\/logo\/image\/","url":"https:\/\/canal7slp.tv\/2022\/wp-content\/uploads\/2021\/01\/logo-noticieros@2x.png","contentUrl":"https:\/\/canal7slp.tv\/2022\/wp-content\/uploads\/2021\/01\/logo-noticieros@2x.png","width":1017,"height":268,"caption":"Noticieros Canal 7"},"image":{"@id":"https:\/\/canal7slp.tv\/2022\/#\/schema\/logo\/image\/"},"sameAs":["https:\/\/www.facebook.com\/noticieroscanalsiete","https:\/\/x.com\/NOTICIEROS7","https:\/\/www.instagram.com\/canal7_slp","https:\/\/www.youtube.com\/channel\/UCliiYs-gP3JfJeqdPrNdd5A"]},{"@type":"Person","@id":"https:\/\/canal7slp.tv\/2022\/#\/schema\/person\/429704152a21f5f856ce29aa69a238da","name":"Edici\u00f3n Web","image":{"@type":"ImageObject","inLanguage":"es","@id":"https:\/\/secure.gravatar.com\/avatar\/eee448fc3f7164808013b816ba91ac7e43bbe82a70bebac296f8bc6f0addaa1a?s=96&d=mm&r=g","url":"https:\/\/secure.gravatar.com\/avatar\/eee448fc3f7164808013b816ba91ac7e43bbe82a70bebac296f8bc6f0addaa1a?s=96&d=mm&r=g","contentUrl":"https:\/\/secure.gravatar.com\/avatar\/eee448fc3f7164808013b816ba91ac7e43bbe82a70bebac296f8bc6f0addaa1a?s=96&d=mm&r=g","caption":"Edici\u00f3n Web"},"url":"https:\/\/canal7slp.tv\/2022\/author\/edicionweb\/"}]}},"amp_enabled":true,"_links":{"self":[{"href":"https:\/\/canal7slp.tv\/2022\/wp-json\/wp\/v2\/posts\/58292","targetHints":{"allow":["GET"]}}],"collection":[{"href":"https:\/\/canal7slp.tv\/2022\/wp-json\/wp\/v2\/posts"}],"about":[{"href":"https:\/\/canal7slp.tv\/2022\/wp-json\/wp\/v2\/types\/post"}],"author":[{"embeddable":true,"href":"https:\/\/canal7slp.tv\/2022\/wp-json\/wp\/v2\/users\/2"}],"replies":[{"embeddable":true,"href":"https:\/\/canal7slp.tv\/2022\/wp-json\/wp\/v2\/comments?post=58292"}],"version-history":[{"count":2,"href":"https:\/\/canal7slp.tv\/2022\/wp-json\/wp\/v2\/posts\/58292\/revisions"}],"predecessor-version":[{"id":58295,"href":"https:\/\/canal7slp.tv\/2022\/wp-json\/wp\/v2\/posts\/58292\/revisions\/58295"}],"wp:featuredmedia":[{"embeddable":true,"href":"https:\/\/canal7slp.tv\/2022\/wp-json\/wp\/v2\/media\/58294"}],"wp:attachment":[{"href":"https:\/\/canal7slp.tv\/2022\/wp-json\/wp\/v2\/media?parent=58292"}],"wp:term":[{"taxonomy":"category","embeddable":true,"href":"https:\/\/canal7slp.tv\/2022\/wp-json\/wp\/v2\/categories?post=58292"},{"taxonomy":"post_tag","embeddable":true,"href":"https:\/\/canal7slp.tv\/2022\/wp-json\/wp\/v2\/tags?post=58292"}],"curies":[{"name":"wp","href":"https:\/\/api.w.org\/{rel}","templated":true}]}}