{"id":58289,"date":"2022-04-26T04:48:08","date_gmt":"2022-04-26T10:48:08","guid":{"rendered":"https:\/\/canal7slp.tv\/2022\/?p=58289"},"modified":"2022-04-26T04:48:08","modified_gmt":"2022-04-26T10:48:08","slug":"apenas-tres-por-ciento-de-los-recursos-destinados-al-sistema-de-justicia-penal-se-emplean-en-prevencion-advierte-miguel-carbonell","status":"publish","type":"post","link":"https:\/\/canal7slp.tv\/2022\/apenas-tres-por-ciento-de-los-recursos-destinados-al-sistema-de-justicia-penal-se-emplean-en-prevencion-advierte-miguel-carbonell\/","title":{"rendered":"Apenas tres por ciento de los recursos destinados al sistema de justicia penal se emplean en prevenci\u00f3n, advierte Miguel Carbonell."},"content":{"rendered":"<ul>\n<li>En conversatorio con Jos\u00e9 Mario de la Garza advierte c\u00f3mo cada hora son secuestradas nueve personas y apenas entre cinco y siete por ciento de los delitos se denuncian.<\/li>\n<\/ul>\n<p style=\"text-align: justify;\">SLP.- En el marco del conversatorio denominado La justicia penal en M\u00e9xico y con base en datos oficiales del Instituto Nacional de Estad\u00edstica y Geograf\u00eda (INEGI) fue revelado que 28 por ciento de los hogares del pa\u00eds han tenido al menos una v\u00edctima de delito.<\/p>\n<p style=\"text-align: justify;\">Tan solo en 2020 se registraron m\u00e1s de 21 millones de v\u00edctimas de la delincuencia, pronunci\u00f3 Miguel Carbonell S\u00e1nchez -quien ahond\u00f3 en los delitos que en mayor medida se cometen-.<\/p>\n<p style=\"text-align: justify;\">Pero en 2020 hubo 80 mil 964 v\u00edctimas de secuestro, con base en estimaciones del INEGI.<\/p>\n<p style=\"text-align: justify;\">Carbonell S\u00e1nchez formul\u00f3 abiertamente d\u00f3nde se encuentra el fracaso. Y pronunci\u00f3&#8230;<\/p>\n<p style=\"text-align: justify;\">Asimismo cuestion\u00f3 lo que la delincuencia cuesta. Y destac\u00f3&#8230;<\/p>\n<p style=\"text-align: justify;\">Por su parte, Jos\u00e9 Mario de la Garza Marroqu\u00edn advirti\u00f3 que de 33 a 35 millones de delitos se cometen anualmente pero solamente se denuncia entre cinco y siete por ciento.<\/p>\n<p style=\"text-align: justify;\">Adicionalmente mencion\u00f3 que debe discutirse lo que pasa al salir de prisi\u00f3n y cu\u00e1les son los mecanismos de contrapeso.<\/p>\n<p style=\"text-align: justify;\">Record\u00f3 el momento de transici\u00f3n de un sistema inquisitorio a uno de oralidad.<\/p>\n<p style=\"text-align: justify;\">No obstante se olvid\u00f3 la parte de la investigaci\u00f3n y c\u00f3mo dotar a juzgadores de evidencia cient\u00edfica para que las sentencias se sostengan.<\/p>\n<p style=\"text-align: justify;\">Por: Paulina Rodr\u00edguez<\/p>\n","protected":false},"excerpt":{"rendered":"<p>En conversatorio con Jos\u00e9 Mario de la Garza advierte c\u00f3mo cada hora son secuestradas nueve personas y apenas entre cinco y siete por ciento de los delitos se denuncian. SLP.- En el marco del conversatorio denominado La justicia penal en M\u00e9xico y con base en datos oficiales del Instituto Nacional de Estad\u00edstica y Geograf\u00eda (INEGI) fue revelado que 28 por ciento de los hogares del pa\u00eds han tenido al menos una v\u00edctima de delito. Tan solo en 2020 se registraron m\u00e1s de 21 millones de v\u00edctimas de la delincuencia, pronunci\u00f3 Miguel Carbonell S\u00e1nchez -quien ahond\u00f3 en los delitos que en [&hellip;]<\/p>\n","protected":false},"author":2,"featured_media":58290,"comment_status":"closed","ping_status":"closed","sticky":false,"template":"","format":"video","meta":{"footnotes":""},"categories":[5,45],"tags":[],"class_list":["post-58289","post","type-post","status-publish","format-video","has-post-thumbnail","hentry","category-destacadas","category-localesyregionales","post_format-post-format-video","post--single"],"yoast_head":"<!-- This site is optimized with the Yoast SEO plugin v27.4 - https:\/\/yoast.com\/product\/yoast-seo-wordpress\/ -->\n<title>Apenas tres por ciento de los recursos destinados al sistema de justicia penal se emplean en prevenci\u00f3n, advierte Miguel Carbonell. - Canal 7 SLP - 2022<\/title>\n<meta name=\"robots\" content=\"index, follow, max-snippet:-1, max-image-preview:large, max-video-preview:-1\" \/>\n<link rel=\"canonical\" href=\"https:\/\/canal7slp.tv\/2022\/apenas-tres-por-ciento-de-los-recursos-destinados-al-sistema-de-justicia-penal-se-emplean-en-prevencion-advierte-miguel-carbonell\/\" \/>\n<meta property=\"og:locale\" content=\"es_ES\" \/>\n<meta property=\"og:type\" content=\"article\" \/>\n<meta property=\"og:title\" content=\"Apenas tres por ciento de los recursos destinados al sistema de justicia penal se emplean en prevenci\u00f3n, advierte Miguel Carbonell. - Canal 7 SLP - 2022\" \/>\n<meta property=\"og:description\" content=\"En conversatorio con Jos\u00e9 Mario de la Garza advierte c\u00f3mo cada hora son secuestradas nueve personas y apenas entre cinco y siete por ciento de los delitos se denuncian. SLP.- En el marco del conversatorio denominado La justicia penal en M\u00e9xico y con base en datos oficiales del Instituto Nacional de Estad\u00edstica y Geograf\u00eda (INEGI) fue revelado que 28 por ciento de los hogares del pa\u00eds han tenido al menos una v\u00edctima de delito. Tan solo en 2020 se registraron m\u00e1s de 21 millones de v\u00edctimas de la delincuencia, pronunci\u00f3 Miguel Carbonell S\u00e1nchez -quien ahond\u00f3 en los delitos que en [&hellip;]\" \/>\n<meta property=\"og:url\" content=\"https:\/\/canal7slp.tv\/2022\/apenas-tres-por-ciento-de-los-recursos-destinados-al-sistema-de-justicia-penal-se-emplean-en-prevencion-advierte-miguel-carbonell\/\" \/>\n<meta property=\"og:site_name\" content=\"Canal 7 SLP - 2022\" \/>\n<meta property=\"article:publisher\" content=\"https:\/\/www.facebook.com\/noticieroscanalsiete\" \/>\n<meta property=\"article:published_time\" content=\"2022-04-26T10:48:08+00:00\" \/>\n<meta property=\"og:image\" content=\"https:\/\/canal7slp.tv\/2022\/wp-content\/uploads\/2022\/04\/Pau0Conversatorio.jpg\" \/>\n\t<meta property=\"og:image:width\" content=\"888\" \/>\n\t<meta property=\"og:image:height\" content=\"500\" \/>\n\t<meta property=\"og:image:type\" content=\"image\/jpeg\" \/>\n<meta name=\"author\" content=\"Edici\u00f3n Web\" \/>\n<meta name=\"twitter:card\" content=\"summary_large_image\" \/>\n<meta name=\"twitter:creator\" content=\"@NOTICIEROS7\" \/>\n<meta name=\"twitter:site\" content=\"@NOTICIEROS7\" \/>\n<meta name=\"twitter:label1\" content=\"Escrito por\" \/>\n\t<meta name=\"twitter:data1\" content=\"Edici\u00f3n Web\" \/>\n\t<meta name=\"twitter:label2\" content=\"Tiempo de lectura\" \/>\n\t<meta name=\"twitter:data2\" content=\"2 minutos\" \/>\n<script type=\"application\/ld+json\" class=\"yoast-schema-graph\">{\"@context\":\"https:\\\/\\\/schema.org\",\"@graph\":[{\"@type\":\"Article\",\"@id\":\"https:\\\/\\\/canal7slp.tv\\\/2022\\\/apenas-tres-por-ciento-de-los-recursos-destinados-al-sistema-de-justicia-penal-se-emplean-en-prevencion-advierte-miguel-carbonell\\\/#article\",\"isPartOf\":{\"@id\":\"https:\\\/\\\/canal7slp.tv\\\/2022\\\/apenas-tres-por-ciento-de-los-recursos-destinados-al-sistema-de-justicia-penal-se-emplean-en-prevencion-advierte-miguel-carbonell\\\/\"},\"author\":{\"name\":\"Edici\u00f3n Web\",\"@id\":\"https:\\\/\\\/canal7slp.tv\\\/2022\\\/#\\\/schema\\\/person\\\/429704152a21f5f856ce29aa69a238da\"},\"headline\":\"Apenas tres por ciento de los recursos destinados al sistema de justicia penal se emplean en prevenci\u00f3n, advierte Miguel Carbonell.\",\"datePublished\":\"2022-04-26T10:48:08+00:00\",\"mainEntityOfPage\":{\"@id\":\"https:\\\/\\\/canal7slp.tv\\\/2022\\\/apenas-tres-por-ciento-de-los-recursos-destinados-al-sistema-de-justicia-penal-se-emplean-en-prevencion-advierte-miguel-carbonell\\\/\"},\"wordCount\":263,\"publisher\":{\"@id\":\"https:\\\/\\\/canal7slp.tv\\\/2022\\\/#organization\"},\"image\":{\"@id\":\"https:\\\/\\\/canal7slp.tv\\\/2022\\\/apenas-tres-por-ciento-de-los-recursos-destinados-al-sistema-de-justicia-penal-se-emplean-en-prevencion-advierte-miguel-carbonell\\\/#primaryimage\"},\"thumbnailUrl\":\"https:\\\/\\\/canal7slp.tv\\\/2022\\\/wp-content\\\/uploads\\\/2022\\\/04\\\/Pau0Conversatorio.jpg\",\"articleSection\":[\"DESTACADAS\",\"LOCALES Y REGIONALES\"],\"inLanguage\":\"es\"},{\"@type\":\"WebPage\",\"@id\":\"https:\\\/\\\/canal7slp.tv\\\/2022\\\/apenas-tres-por-ciento-de-los-recursos-destinados-al-sistema-de-justicia-penal-se-emplean-en-prevencion-advierte-miguel-carbonell\\\/\",\"url\":\"https:\\\/\\\/canal7slp.tv\\\/2022\\\/apenas-tres-por-ciento-de-los-recursos-destinados-al-sistema-de-justicia-penal-se-emplean-en-prevencion-advierte-miguel-carbonell\\\/\",\"name\":\"Apenas tres por ciento de los recursos destinados al sistema de justicia penal se emplean en prevenci\u00f3n, advierte Miguel Carbonell. - Canal 7 SLP - 2022\",\"isPartOf\":{\"@id\":\"https:\\\/\\\/canal7slp.tv\\\/2022\\\/#website\"},\"primaryImageOfPage\":{\"@id\":\"https:\\\/\\\/canal7slp.tv\\\/2022\\\/apenas-tres-por-ciento-de-los-recursos-destinados-al-sistema-de-justicia-penal-se-emplean-en-prevencion-advierte-miguel-carbonell\\\/#primaryimage\"},\"image\":{\"@id\":\"https:\\\/\\\/canal7slp.tv\\\/2022\\\/apenas-tres-por-ciento-de-los-recursos-destinados-al-sistema-de-justicia-penal-se-emplean-en-prevencion-advierte-miguel-carbonell\\\/#primaryimage\"},\"thumbnailUrl\":\"https:\\\/\\\/canal7slp.tv\\\/2022\\\/wp-content\\\/uploads\\\/2022\\\/04\\\/Pau0Conversatorio.jpg\",\"datePublished\":\"2022-04-26T10:48:08+00:00\",\"breadcrumb\":{\"@id\":\"https:\\\/\\\/canal7slp.tv\\\/2022\\\/apenas-tres-por-ciento-de-los-recursos-destinados-al-sistema-de-justicia-penal-se-emplean-en-prevencion-advierte-miguel-carbonell\\\/#breadcrumb\"},\"inLanguage\":\"es\",\"potentialAction\":[{\"@type\":\"ReadAction\",\"target\":[\"https:\\\/\\\/canal7slp.tv\\\/2022\\\/apenas-tres-por-ciento-de-los-recursos-destinados-al-sistema-de-justicia-penal-se-emplean-en-prevencion-advierte-miguel-carbonell\\\/\"]}]},{\"@type\":\"ImageObject\",\"inLanguage\":\"es\",\"@id\":\"https:\\\/\\\/canal7slp.tv\\\/2022\\\/apenas-tres-por-ciento-de-los-recursos-destinados-al-sistema-de-justicia-penal-se-emplean-en-prevencion-advierte-miguel-carbonell\\\/#primaryimage\",\"url\":\"https:\\\/\\\/canal7slp.tv\\\/2022\\\/wp-content\\\/uploads\\\/2022\\\/04\\\/Pau0Conversatorio.jpg\",\"contentUrl\":\"https:\\\/\\\/canal7slp.tv\\\/2022\\\/wp-content\\\/uploads\\\/2022\\\/04\\\/Pau0Conversatorio.jpg\",\"width\":888,\"height\":500},{\"@type\":\"BreadcrumbList\",\"@id\":\"https:\\\/\\\/canal7slp.tv\\\/2022\\\/apenas-tres-por-ciento-de-los-recursos-destinados-al-sistema-de-justicia-penal-se-emplean-en-prevencion-advierte-miguel-carbonell\\\/#breadcrumb\",\"itemListElement\":[{\"@type\":\"ListItem\",\"position\":1,\"name\":\"Portada\",\"item\":\"https:\\\/\\\/canal7slp.tv\\\/2022\\\/\"},{\"@type\":\"ListItem\",\"position\":2,\"name\":\"Apenas tres por ciento de los recursos destinados al sistema de justicia penal se emplean en prevenci\u00f3n, advierte Miguel Carbonell.\"}]},{\"@type\":\"WebSite\",\"@id\":\"https:\\\/\\\/canal7slp.tv\\\/2022\\\/#website\",\"url\":\"https:\\\/\\\/canal7slp.tv\\\/2022\\\/\",\"name\":\"N7 - Noticieros Canal 7\",\"description\":\"Somos Televisi\u00f3n\",\"publisher\":{\"@id\":\"https:\\\/\\\/canal7slp.tv\\\/2022\\\/#organization\"},\"potentialAction\":[{\"@type\":\"SearchAction\",\"target\":{\"@type\":\"EntryPoint\",\"urlTemplate\":\"https:\\\/\\\/canal7slp.tv\\\/2022\\\/?s={search_term_string}\"},\"query-input\":{\"@type\":\"PropertyValueSpecification\",\"valueRequired\":true,\"valueName\":\"search_term_string\"}}],\"inLanguage\":\"es\"},{\"@type\":\"Organization\",\"@id\":\"https:\\\/\\\/canal7slp.tv\\\/2022\\\/#organization\",\"name\":\"Noticieros Canal 7\",\"url\":\"https:\\\/\\\/canal7slp.tv\\\/2022\\\/\",\"logo\":{\"@type\":\"ImageObject\",\"inLanguage\":\"es\",\"@id\":\"https:\\\/\\\/canal7slp.tv\\\/2022\\\/#\\\/schema\\\/logo\\\/image\\\/\",\"url\":\"https:\\\/\\\/canal7slp.tv\\\/2022\\\/wp-content\\\/uploads\\\/2021\\\/01\\\/logo-noticieros@2x.png\",\"contentUrl\":\"https:\\\/\\\/canal7slp.tv\\\/2022\\\/wp-content\\\/uploads\\\/2021\\\/01\\\/logo-noticieros@2x.png\",\"width\":1017,\"height\":268,\"caption\":\"Noticieros Canal 7\"},\"image\":{\"@id\":\"https:\\\/\\\/canal7slp.tv\\\/2022\\\/#\\\/schema\\\/logo\\\/image\\\/\"},\"sameAs\":[\"https:\\\/\\\/www.facebook.com\\\/noticieroscanalsiete\",\"https:\\\/\\\/x.com\\\/NOTICIEROS7\",\"https:\\\/\\\/www.instagram.com\\\/canal7_slp\",\"https:\\\/\\\/www.youtube.com\\\/channel\\\/UCliiYs-gP3JfJeqdPrNdd5A\"]},{\"@type\":\"Person\",\"@id\":\"https:\\\/\\\/canal7slp.tv\\\/2022\\\/#\\\/schema\\\/person\\\/429704152a21f5f856ce29aa69a238da\",\"name\":\"Edici\u00f3n Web\",\"image\":{\"@type\":\"ImageObject\",\"inLanguage\":\"es\",\"@id\":\"https:\\\/\\\/secure.gravatar.com\\\/avatar\\\/eee448fc3f7164808013b816ba91ac7e43bbe82a70bebac296f8bc6f0addaa1a?s=96&d=mm&r=g\",\"url\":\"https:\\\/\\\/secure.gravatar.com\\\/avatar\\\/eee448fc3f7164808013b816ba91ac7e43bbe82a70bebac296f8bc6f0addaa1a?s=96&d=mm&r=g\",\"contentUrl\":\"https:\\\/\\\/secure.gravatar.com\\\/avatar\\\/eee448fc3f7164808013b816ba91ac7e43bbe82a70bebac296f8bc6f0addaa1a?s=96&d=mm&r=g\",\"caption\":\"Edici\u00f3n Web\"},\"url\":\"https:\\\/\\\/canal7slp.tv\\\/2022\\\/author\\\/edicionweb\\\/\"}]}<\/script>\n<!-- \/ Yoast SEO plugin. -->","yoast_head_json":{"title":"Apenas tres por ciento de los recursos destinados al sistema de justicia penal se emplean en prevenci\u00f3n, advierte Miguel Carbonell. - Canal 7 SLP - 2022","robots":{"index":"index","follow":"follow","max-snippet":"max-snippet:-1","max-image-preview":"max-image-preview:large","max-video-preview":"max-video-preview:-1"},"canonical":"https:\/\/canal7slp.tv\/2022\/apenas-tres-por-ciento-de-los-recursos-destinados-al-sistema-de-justicia-penal-se-emplean-en-prevencion-advierte-miguel-carbonell\/","og_locale":"es_ES","og_type":"article","og_title":"Apenas tres por ciento de los recursos destinados al sistema de justicia penal se emplean en prevenci\u00f3n, advierte Miguel Carbonell. - Canal 7 SLP - 2022","og_description":"En conversatorio con Jos\u00e9 Mario de la Garza advierte c\u00f3mo cada hora son secuestradas nueve personas y apenas entre cinco y siete por ciento de los delitos se denuncian. SLP.- En el marco del conversatorio denominado La justicia penal en M\u00e9xico y con base en datos oficiales del Instituto Nacional de Estad\u00edstica y Geograf\u00eda (INEGI) fue revelado que 28 por ciento de los hogares del pa\u00eds han tenido al menos una v\u00edctima de delito. Tan solo en 2020 se registraron m\u00e1s de 21 millones de v\u00edctimas de la delincuencia, pronunci\u00f3 Miguel Carbonell S\u00e1nchez -quien ahond\u00f3 en los delitos que en [&hellip;]","og_url":"https:\/\/canal7slp.tv\/2022\/apenas-tres-por-ciento-de-los-recursos-destinados-al-sistema-de-justicia-penal-se-emplean-en-prevencion-advierte-miguel-carbonell\/","og_site_name":"Canal 7 SLP - 2022","article_publisher":"https:\/\/www.facebook.com\/noticieroscanalsiete","article_published_time":"2022-04-26T10:48:08+00:00","og_image":[{"width":888,"height":500,"url":"https:\/\/canal7slp.tv\/2022\/wp-content\/uploads\/2022\/04\/Pau0Conversatorio.jpg","type":"image\/jpeg"}],"author":"Edici\u00f3n Web","twitter_card":"summary_large_image","twitter_creator":"@NOTICIEROS7","twitter_site":"@NOTICIEROS7","twitter_misc":{"Escrito por":"Edici\u00f3n Web","Tiempo de lectura":"2 minutos"},"schema":{"@context":"https:\/\/schema.org","@graph":[{"@type":"Article","@id":"https:\/\/canal7slp.tv\/2022\/apenas-tres-por-ciento-de-los-recursos-destinados-al-sistema-de-justicia-penal-se-emplean-en-prevencion-advierte-miguel-carbonell\/#article","isPartOf":{"@id":"https:\/\/canal7slp.tv\/2022\/apenas-tres-por-ciento-de-los-recursos-destinados-al-sistema-de-justicia-penal-se-emplean-en-prevencion-advierte-miguel-carbonell\/"},"author":{"name":"Edici\u00f3n Web","@id":"https:\/\/canal7slp.tv\/2022\/#\/schema\/person\/429704152a21f5f856ce29aa69a238da"},"headline":"Apenas tres por ciento de los recursos destinados al sistema de justicia penal se emplean en prevenci\u00f3n, advierte Miguel Carbonell.","datePublished":"2022-04-26T10:48:08+00:00","mainEntityOfPage":{"@id":"https:\/\/canal7slp.tv\/2022\/apenas-tres-por-ciento-de-los-recursos-destinados-al-sistema-de-justicia-penal-se-emplean-en-prevencion-advierte-miguel-carbonell\/"},"wordCount":263,"publisher":{"@id":"https:\/\/canal7slp.tv\/2022\/#organization"},"image":{"@id":"https:\/\/canal7slp.tv\/2022\/apenas-tres-por-ciento-de-los-recursos-destinados-al-sistema-de-justicia-penal-se-emplean-en-prevencion-advierte-miguel-carbonell\/#primaryimage"},"thumbnailUrl":"https:\/\/canal7slp.tv\/2022\/wp-content\/uploads\/2022\/04\/Pau0Conversatorio.jpg","articleSection":["DESTACADAS","LOCALES Y REGIONALES"],"inLanguage":"es"},{"@type":"WebPage","@id":"https:\/\/canal7slp.tv\/2022\/apenas-tres-por-ciento-de-los-recursos-destinados-al-sistema-de-justicia-penal-se-emplean-en-prevencion-advierte-miguel-carbonell\/","url":"https:\/\/canal7slp.tv\/2022\/apenas-tres-por-ciento-de-los-recursos-destinados-al-sistema-de-justicia-penal-se-emplean-en-prevencion-advierte-miguel-carbonell\/","name":"Apenas tres por ciento de los recursos destinados al sistema de justicia penal se emplean en prevenci\u00f3n, advierte Miguel Carbonell. - Canal 7 SLP - 2022","isPartOf":{"@id":"https:\/\/canal7slp.tv\/2022\/#website"},"primaryImageOfPage":{"@id":"https:\/\/canal7slp.tv\/2022\/apenas-tres-por-ciento-de-los-recursos-destinados-al-sistema-de-justicia-penal-se-emplean-en-prevencion-advierte-miguel-carbonell\/#primaryimage"},"image":{"@id":"https:\/\/canal7slp.tv\/2022\/apenas-tres-por-ciento-de-los-recursos-destinados-al-sistema-de-justicia-penal-se-emplean-en-prevencion-advierte-miguel-carbonell\/#primaryimage"},"thumbnailUrl":"https:\/\/canal7slp.tv\/2022\/wp-content\/uploads\/2022\/04\/Pau0Conversatorio.jpg","datePublished":"2022-04-26T10:48:08+00:00","breadcrumb":{"@id":"https:\/\/canal7slp.tv\/2022\/apenas-tres-por-ciento-de-los-recursos-destinados-al-sistema-de-justicia-penal-se-emplean-en-prevencion-advierte-miguel-carbonell\/#breadcrumb"},"inLanguage":"es","potentialAction":[{"@type":"ReadAction","target":["https:\/\/canal7slp.tv\/2022\/apenas-tres-por-ciento-de-los-recursos-destinados-al-sistema-de-justicia-penal-se-emplean-en-prevencion-advierte-miguel-carbonell\/"]}]},{"@type":"ImageObject","inLanguage":"es","@id":"https:\/\/canal7slp.tv\/2022\/apenas-tres-por-ciento-de-los-recursos-destinados-al-sistema-de-justicia-penal-se-emplean-en-prevencion-advierte-miguel-carbonell\/#primaryimage","url":"https:\/\/canal7slp.tv\/2022\/wp-content\/uploads\/2022\/04\/Pau0Conversatorio.jpg","contentUrl":"https:\/\/canal7slp.tv\/2022\/wp-content\/uploads\/2022\/04\/Pau0Conversatorio.jpg","width":888,"height":500},{"@type":"BreadcrumbList","@id":"https:\/\/canal7slp.tv\/2022\/apenas-tres-por-ciento-de-los-recursos-destinados-al-sistema-de-justicia-penal-se-emplean-en-prevencion-advierte-miguel-carbonell\/#breadcrumb","itemListElement":[{"@type":"ListItem","position":1,"name":"Portada","item":"https:\/\/canal7slp.tv\/2022\/"},{"@type":"ListItem","position":2,"name":"Apenas tres por ciento de los recursos destinados al sistema de justicia penal se emplean en prevenci\u00f3n, advierte Miguel Carbonell."}]},{"@type":"WebSite","@id":"https:\/\/canal7slp.tv\/2022\/#website","url":"https:\/\/canal7slp.tv\/2022\/","name":"N7 - Noticieros Canal 7","description":"Somos Televisi\u00f3n","publisher":{"@id":"https:\/\/canal7slp.tv\/2022\/#organization"},"potentialAction":[{"@type":"SearchAction","target":{"@type":"EntryPoint","urlTemplate":"https:\/\/canal7slp.tv\/2022\/?s={search_term_string}"},"query-input":{"@type":"PropertyValueSpecification","valueRequired":true,"valueName":"search_term_string"}}],"inLanguage":"es"},{"@type":"Organization","@id":"https:\/\/canal7slp.tv\/2022\/#organization","name":"Noticieros Canal 7","url":"https:\/\/canal7slp.tv\/2022\/","logo":{"@type":"ImageObject","inLanguage":"es","@id":"https:\/\/canal7slp.tv\/2022\/#\/schema\/logo\/image\/","url":"https:\/\/canal7slp.tv\/2022\/wp-content\/uploads\/2021\/01\/logo-noticieros@2x.png","contentUrl":"https:\/\/canal7slp.tv\/2022\/wp-content\/uploads\/2021\/01\/logo-noticieros@2x.png","width":1017,"height":268,"caption":"Noticieros Canal 7"},"image":{"@id":"https:\/\/canal7slp.tv\/2022\/#\/schema\/logo\/image\/"},"sameAs":["https:\/\/www.facebook.com\/noticieroscanalsiete","https:\/\/x.com\/NOTICIEROS7","https:\/\/www.instagram.com\/canal7_slp","https:\/\/www.youtube.com\/channel\/UCliiYs-gP3JfJeqdPrNdd5A"]},{"@type":"Person","@id":"https:\/\/canal7slp.tv\/2022\/#\/schema\/person\/429704152a21f5f856ce29aa69a238da","name":"Edici\u00f3n Web","image":{"@type":"ImageObject","inLanguage":"es","@id":"https:\/\/secure.gravatar.com\/avatar\/eee448fc3f7164808013b816ba91ac7e43bbe82a70bebac296f8bc6f0addaa1a?s=96&d=mm&r=g","url":"https:\/\/secure.gravatar.com\/avatar\/eee448fc3f7164808013b816ba91ac7e43bbe82a70bebac296f8bc6f0addaa1a?s=96&d=mm&r=g","contentUrl":"https:\/\/secure.gravatar.com\/avatar\/eee448fc3f7164808013b816ba91ac7e43bbe82a70bebac296f8bc6f0addaa1a?s=96&d=mm&r=g","caption":"Edici\u00f3n Web"},"url":"https:\/\/canal7slp.tv\/2022\/author\/edicionweb\/"}]}},"amp_enabled":true,"_links":{"self":[{"href":"https:\/\/canal7slp.tv\/2022\/wp-json\/wp\/v2\/posts\/58289","targetHints":{"allow":["GET"]}}],"collection":[{"href":"https:\/\/canal7slp.tv\/2022\/wp-json\/wp\/v2\/posts"}],"about":[{"href":"https:\/\/canal7slp.tv\/2022\/wp-json\/wp\/v2\/types\/post"}],"author":[{"embeddable":true,"href":"https:\/\/canal7slp.tv\/2022\/wp-json\/wp\/v2\/users\/2"}],"replies":[{"embeddable":true,"href":"https:\/\/canal7slp.tv\/2022\/wp-json\/wp\/v2\/comments?post=58289"}],"version-history":[{"count":1,"href":"https:\/\/canal7slp.tv\/2022\/wp-json\/wp\/v2\/posts\/58289\/revisions"}],"predecessor-version":[{"id":58291,"href":"https:\/\/canal7slp.tv\/2022\/wp-json\/wp\/v2\/posts\/58289\/revisions\/58291"}],"wp:featuredmedia":[{"embeddable":true,"href":"https:\/\/canal7slp.tv\/2022\/wp-json\/wp\/v2\/media\/58290"}],"wp:attachment":[{"href":"https:\/\/canal7slp.tv\/2022\/wp-json\/wp\/v2\/media?parent=58289"}],"wp:term":[{"taxonomy":"category","embeddable":true,"href":"https:\/\/canal7slp.tv\/2022\/wp-json\/wp\/v2\/categories?post=58289"},{"taxonomy":"post_tag","embeddable":true,"href":"https:\/\/canal7slp.tv\/2022\/wp-json\/wp\/v2\/tags?post=58289"}],"curies":[{"name":"wp","href":"https:\/\/api.w.org\/{rel}","templated":true}]}}