{"id":58281,"date":"2022-04-26T12:44:45","date_gmt":"2022-04-26T18:44:45","guid":{"rendered":"https:\/\/canal7slp.tv\/2022\/?p=58281"},"modified":"2022-04-26T12:44:56","modified_gmt":"2022-04-26T18:44:56","slug":"rescata-inm-a-5-mil-688-personas-migrantes-extranjeras","status":"publish","type":"post","link":"https:\/\/canal7slp.tv\/2022\/rescata-inm-a-5-mil-688-personas-migrantes-extranjeras\/","title":{"rendered":"Rescata INM a 5 mil 688 personas migrantes extranjeras."},"content":{"rendered":"<p style=\"text-align: justify;\">SLP.- Fueron rescatados 5 mil 688 personas migrantes extranjeras por parte del Instituto Nacional de Migraci\u00f3n (INM) de la Secretar\u00eda de Gobernaci\u00f3n, tan solo en los \u00faltimos cuatro d\u00edas.<\/p>\n<p style=\"text-align: justify;\">Se trata de personas extranjeras provenientes de 36 naciones que transitaban solas, en grupos o n\u00facleos familiares por territorio nacional en condici\u00f3n de estancia irregular.<\/p>\n<p style=\"text-align: justify;\">Gran parte de ellas, fueron localizadas entre el 21 y 24 de abril en casas de seguridad, cajas de tr\u00e1iler, remolques para ganado u ocultos en compartimientos de autobuses o cabinas de tracto camiones en condici\u00f3n de hacinamiento, sin ventilaci\u00f3n, agua y alimentos.<\/p>\n<p style=\"text-align: justify;\">Algunas otras, a pie en el desierto, la monta\u00f1a o sobre el acotamiento de autopistas tras ser asaltadas, lesionadas o abandonadas por supuestos \u201cgu\u00edas\u201d o \u201cpolleros\u201d en su intento por llegar a la frontera norte del pa\u00eds.<\/p>\n<p style=\"text-align: justify;\">De las 5 mil 688 personas auxiliadas, 3 mil 645 son hombres y mujeres mayores de edad que viajaban solos; mil 163 personas adultas que acompa\u00f1aban a 680 menores de edad, y 200 infantes sin compa\u00f1\u00eda.<\/p>\n<p style=\"text-align: justify;\">Las 10 nacionalidades con mayor grupo de personas migrantes auxiliadas en tareas coordinadas con alguna corporaci\u00f3n local o nacional, son:<br \/>\nHonduras, con mil 60; Cuba, 942; Guatemala con 906; Nicaragua, 629; El Salvador, 474; Colombia, 469; Venezuela, 395; Per\u00fa, 153; Ecuador, 112 y Hait\u00ed, con 91.<\/p>\n<p style=\"text-align: justify;\">Asimismo, se tiene el registro de personas migrantes solas o en grupos peque\u00f1os conformados de una a ocho personas por nacionalidad, como:<br \/>\nBosnia y Herzegovina, Belice, Uganda, Serbia, Mal\u00ed, Argentina, Nigeria, Bolivia, Francia, Costa Rica, Egipto, Bolivia, Armenia, Jamaica, Tayikist\u00e1n, Nepal, Costa de Marfil, Kazajist\u00e1n, Rumania, Eritrea, Panam\u00e1, China, Yemen, Chile, Pakist\u00e1n, Rep\u00fablica Dominicana, Ghana, Hungr\u00eda, Somalia, Banglad\u00e9s, Kirguist\u00e1n y Azerbaiy\u00e1n.<\/p>\n<p style=\"text-align: justify;\">Por: Maximiliano V\u00e1zquez<\/p>\n","protected":false},"excerpt":{"rendered":"<p>SLP.- Fueron rescatados 5 mil 688 personas migrantes extranjeras por parte del Instituto Nacional de Migraci\u00f3n (INM) de la Secretar\u00eda de Gobernaci\u00f3n, tan solo en los \u00faltimos cuatro d\u00edas. Se trata de personas extranjeras provenientes de 36 naciones que transitaban solas, en grupos o n\u00facleos familiares por territorio nacional en condici\u00f3n de estancia irregular. Gran parte de ellas, fueron localizadas entre el 21 y 24 de abril en casas de seguridad, cajas de tr\u00e1iler, remolques para ganado u ocultos en compartimientos de autobuses o cabinas de tracto camiones en condici\u00f3n de hacinamiento, sin ventilaci\u00f3n, agua y alimentos. Algunas otras, a [&hellip;]<\/p>\n","protected":false},"author":2,"featured_media":58311,"comment_status":"closed","ping_status":"closed","sticky":false,"template":"","format":"video","meta":{"footnotes":""},"categories":[5,45],"tags":[],"class_list":["post-58281","post","type-post","status-publish","format-video","has-post-thumbnail","hentry","category-destacadas","category-localesyregionales","post_format-post-format-video","post--single"],"yoast_head":"<!-- This site is optimized with the Yoast SEO plugin v27.4 - https:\/\/yoast.com\/product\/yoast-seo-wordpress\/ -->\n<title>Rescata INM a 5 mil 688 personas migrantes extranjeras. - Canal 7 SLP - 2022<\/title>\n<meta name=\"robots\" content=\"index, follow, max-snippet:-1, max-image-preview:large, max-video-preview:-1\" \/>\n<link rel=\"canonical\" href=\"https:\/\/canal7slp.tv\/2022\/rescata-inm-a-5-mil-688-personas-migrantes-extranjeras\/\" \/>\n<meta property=\"og:locale\" content=\"es_ES\" \/>\n<meta property=\"og:type\" content=\"article\" \/>\n<meta property=\"og:title\" content=\"Rescata INM a 5 mil 688 personas migrantes extranjeras. - Canal 7 SLP - 2022\" \/>\n<meta property=\"og:description\" content=\"SLP.- Fueron rescatados 5 mil 688 personas migrantes extranjeras por parte del Instituto Nacional de Migraci\u00f3n (INM) de la Secretar\u00eda de Gobernaci\u00f3n, tan solo en los \u00faltimos cuatro d\u00edas. Se trata de personas extranjeras provenientes de 36 naciones que transitaban solas, en grupos o n\u00facleos familiares por territorio nacional en condici\u00f3n de estancia irregular. Gran parte de ellas, fueron localizadas entre el 21 y 24 de abril en casas de seguridad, cajas de tr\u00e1iler, remolques para ganado u ocultos en compartimientos de autobuses o cabinas de tracto camiones en condici\u00f3n de hacinamiento, sin ventilaci\u00f3n, agua y alimentos. Algunas otras, a [&hellip;]\" \/>\n<meta property=\"og:url\" content=\"https:\/\/canal7slp.tv\/2022\/rescata-inm-a-5-mil-688-personas-migrantes-extranjeras\/\" \/>\n<meta property=\"og:site_name\" content=\"Canal 7 SLP - 2022\" \/>\n<meta property=\"article:publisher\" content=\"https:\/\/www.facebook.com\/noticieroscanalsiete\" \/>\n<meta property=\"article:published_time\" content=\"2022-04-26T18:44:45+00:00\" \/>\n<meta property=\"article:modified_time\" content=\"2022-04-26T18:44:56+00:00\" \/>\n<meta property=\"og:image\" content=\"https:\/\/canal7slp.tv\/2022\/wp-content\/uploads\/2022\/04\/migrantes.jpeg\" \/>\n\t<meta property=\"og:image:width\" content=\"685\" \/>\n\t<meta property=\"og:image:height\" content=\"500\" \/>\n\t<meta property=\"og:image:type\" content=\"image\/jpeg\" \/>\n<meta name=\"author\" content=\"Edici\u00f3n Web\" \/>\n<meta name=\"twitter:card\" content=\"summary_large_image\" \/>\n<meta name=\"twitter:creator\" content=\"@NOTICIEROS7\" \/>\n<meta name=\"twitter:site\" content=\"@NOTICIEROS7\" \/>\n<meta name=\"twitter:label1\" content=\"Escrito por\" \/>\n\t<meta name=\"twitter:data1\" content=\"Edici\u00f3n Web\" \/>\n\t<meta name=\"twitter:label2\" content=\"Tiempo de lectura\" \/>\n\t<meta name=\"twitter:data2\" content=\"2 minutos\" \/>\n<script type=\"application\/ld+json\" class=\"yoast-schema-graph\">{\"@context\":\"https:\\\/\\\/schema.org\",\"@graph\":[{\"@type\":\"Article\",\"@id\":\"https:\\\/\\\/canal7slp.tv\\\/2022\\\/rescata-inm-a-5-mil-688-personas-migrantes-extranjeras\\\/#article\",\"isPartOf\":{\"@id\":\"https:\\\/\\\/canal7slp.tv\\\/2022\\\/rescata-inm-a-5-mil-688-personas-migrantes-extranjeras\\\/\"},\"author\":{\"name\":\"Edici\u00f3n Web\",\"@id\":\"https:\\\/\\\/canal7slp.tv\\\/2022\\\/#\\\/schema\\\/person\\\/429704152a21f5f856ce29aa69a238da\"},\"headline\":\"Rescata INM a 5 mil 688 personas migrantes extranjeras.\",\"datePublished\":\"2022-04-26T18:44:45+00:00\",\"dateModified\":\"2022-04-26T18:44:56+00:00\",\"mainEntityOfPage\":{\"@id\":\"https:\\\/\\\/canal7slp.tv\\\/2022\\\/rescata-inm-a-5-mil-688-personas-migrantes-extranjeras\\\/\"},\"wordCount\":290,\"publisher\":{\"@id\":\"https:\\\/\\\/canal7slp.tv\\\/2022\\\/#organization\"},\"image\":{\"@id\":\"https:\\\/\\\/canal7slp.tv\\\/2022\\\/rescata-inm-a-5-mil-688-personas-migrantes-extranjeras\\\/#primaryimage\"},\"thumbnailUrl\":\"https:\\\/\\\/canal7slp.tv\\\/2022\\\/wp-content\\\/uploads\\\/2022\\\/04\\\/migrantes.jpeg\",\"articleSection\":[\"DESTACADAS\",\"LOCALES Y REGIONALES\"],\"inLanguage\":\"es\"},{\"@type\":\"WebPage\",\"@id\":\"https:\\\/\\\/canal7slp.tv\\\/2022\\\/rescata-inm-a-5-mil-688-personas-migrantes-extranjeras\\\/\",\"url\":\"https:\\\/\\\/canal7slp.tv\\\/2022\\\/rescata-inm-a-5-mil-688-personas-migrantes-extranjeras\\\/\",\"name\":\"Rescata INM a 5 mil 688 personas migrantes extranjeras. - Canal 7 SLP - 2022\",\"isPartOf\":{\"@id\":\"https:\\\/\\\/canal7slp.tv\\\/2022\\\/#website\"},\"primaryImageOfPage\":{\"@id\":\"https:\\\/\\\/canal7slp.tv\\\/2022\\\/rescata-inm-a-5-mil-688-personas-migrantes-extranjeras\\\/#primaryimage\"},\"image\":{\"@id\":\"https:\\\/\\\/canal7slp.tv\\\/2022\\\/rescata-inm-a-5-mil-688-personas-migrantes-extranjeras\\\/#primaryimage\"},\"thumbnailUrl\":\"https:\\\/\\\/canal7slp.tv\\\/2022\\\/wp-content\\\/uploads\\\/2022\\\/04\\\/migrantes.jpeg\",\"datePublished\":\"2022-04-26T18:44:45+00:00\",\"dateModified\":\"2022-04-26T18:44:56+00:00\",\"breadcrumb\":{\"@id\":\"https:\\\/\\\/canal7slp.tv\\\/2022\\\/rescata-inm-a-5-mil-688-personas-migrantes-extranjeras\\\/#breadcrumb\"},\"inLanguage\":\"es\",\"potentialAction\":[{\"@type\":\"ReadAction\",\"target\":[\"https:\\\/\\\/canal7slp.tv\\\/2022\\\/rescata-inm-a-5-mil-688-personas-migrantes-extranjeras\\\/\"]}]},{\"@type\":\"ImageObject\",\"inLanguage\":\"es\",\"@id\":\"https:\\\/\\\/canal7slp.tv\\\/2022\\\/rescata-inm-a-5-mil-688-personas-migrantes-extranjeras\\\/#primaryimage\",\"url\":\"https:\\\/\\\/canal7slp.tv\\\/2022\\\/wp-content\\\/uploads\\\/2022\\\/04\\\/migrantes.jpeg\",\"contentUrl\":\"https:\\\/\\\/canal7slp.tv\\\/2022\\\/wp-content\\\/uploads\\\/2022\\\/04\\\/migrantes.jpeg\",\"width\":685,\"height\":500},{\"@type\":\"BreadcrumbList\",\"@id\":\"https:\\\/\\\/canal7slp.tv\\\/2022\\\/rescata-inm-a-5-mil-688-personas-migrantes-extranjeras\\\/#breadcrumb\",\"itemListElement\":[{\"@type\":\"ListItem\",\"position\":1,\"name\":\"Portada\",\"item\":\"https:\\\/\\\/canal7slp.tv\\\/2022\\\/\"},{\"@type\":\"ListItem\",\"position\":2,\"name\":\"Rescata INM a 5 mil 688 personas migrantes extranjeras.\"}]},{\"@type\":\"WebSite\",\"@id\":\"https:\\\/\\\/canal7slp.tv\\\/2022\\\/#website\",\"url\":\"https:\\\/\\\/canal7slp.tv\\\/2022\\\/\",\"name\":\"N7 - Noticieros Canal 7\",\"description\":\"Somos Televisi\u00f3n\",\"publisher\":{\"@id\":\"https:\\\/\\\/canal7slp.tv\\\/2022\\\/#organization\"},\"potentialAction\":[{\"@type\":\"SearchAction\",\"target\":{\"@type\":\"EntryPoint\",\"urlTemplate\":\"https:\\\/\\\/canal7slp.tv\\\/2022\\\/?s={search_term_string}\"},\"query-input\":{\"@type\":\"PropertyValueSpecification\",\"valueRequired\":true,\"valueName\":\"search_term_string\"}}],\"inLanguage\":\"es\"},{\"@type\":\"Organization\",\"@id\":\"https:\\\/\\\/canal7slp.tv\\\/2022\\\/#organization\",\"name\":\"Noticieros Canal 7\",\"url\":\"https:\\\/\\\/canal7slp.tv\\\/2022\\\/\",\"logo\":{\"@type\":\"ImageObject\",\"inLanguage\":\"es\",\"@id\":\"https:\\\/\\\/canal7slp.tv\\\/2022\\\/#\\\/schema\\\/logo\\\/image\\\/\",\"url\":\"https:\\\/\\\/canal7slp.tv\\\/2022\\\/wp-content\\\/uploads\\\/2021\\\/01\\\/logo-noticieros@2x.png\",\"contentUrl\":\"https:\\\/\\\/canal7slp.tv\\\/2022\\\/wp-content\\\/uploads\\\/2021\\\/01\\\/logo-noticieros@2x.png\",\"width\":1017,\"height\":268,\"caption\":\"Noticieros Canal 7\"},\"image\":{\"@id\":\"https:\\\/\\\/canal7slp.tv\\\/2022\\\/#\\\/schema\\\/logo\\\/image\\\/\"},\"sameAs\":[\"https:\\\/\\\/www.facebook.com\\\/noticieroscanalsiete\",\"https:\\\/\\\/x.com\\\/NOTICIEROS7\",\"https:\\\/\\\/www.instagram.com\\\/canal7_slp\",\"https:\\\/\\\/www.youtube.com\\\/channel\\\/UCliiYs-gP3JfJeqdPrNdd5A\"]},{\"@type\":\"Person\",\"@id\":\"https:\\\/\\\/canal7slp.tv\\\/2022\\\/#\\\/schema\\\/person\\\/429704152a21f5f856ce29aa69a238da\",\"name\":\"Edici\u00f3n Web\",\"image\":{\"@type\":\"ImageObject\",\"inLanguage\":\"es\",\"@id\":\"https:\\\/\\\/secure.gravatar.com\\\/avatar\\\/eee448fc3f7164808013b816ba91ac7e43bbe82a70bebac296f8bc6f0addaa1a?s=96&d=mm&r=g\",\"url\":\"https:\\\/\\\/secure.gravatar.com\\\/avatar\\\/eee448fc3f7164808013b816ba91ac7e43bbe82a70bebac296f8bc6f0addaa1a?s=96&d=mm&r=g\",\"contentUrl\":\"https:\\\/\\\/secure.gravatar.com\\\/avatar\\\/eee448fc3f7164808013b816ba91ac7e43bbe82a70bebac296f8bc6f0addaa1a?s=96&d=mm&r=g\",\"caption\":\"Edici\u00f3n Web\"},\"url\":\"https:\\\/\\\/canal7slp.tv\\\/2022\\\/author\\\/edicionweb\\\/\"}]}<\/script>\n<!-- \/ Yoast SEO plugin. -->","yoast_head_json":{"title":"Rescata INM a 5 mil 688 personas migrantes extranjeras. - Canal 7 SLP - 2022","robots":{"index":"index","follow":"follow","max-snippet":"max-snippet:-1","max-image-preview":"max-image-preview:large","max-video-preview":"max-video-preview:-1"},"canonical":"https:\/\/canal7slp.tv\/2022\/rescata-inm-a-5-mil-688-personas-migrantes-extranjeras\/","og_locale":"es_ES","og_type":"article","og_title":"Rescata INM a 5 mil 688 personas migrantes extranjeras. - Canal 7 SLP - 2022","og_description":"SLP.- Fueron rescatados 5 mil 688 personas migrantes extranjeras por parte del Instituto Nacional de Migraci\u00f3n (INM) de la Secretar\u00eda de Gobernaci\u00f3n, tan solo en los \u00faltimos cuatro d\u00edas. Se trata de personas extranjeras provenientes de 36 naciones que transitaban solas, en grupos o n\u00facleos familiares por territorio nacional en condici\u00f3n de estancia irregular. Gran parte de ellas, fueron localizadas entre el 21 y 24 de abril en casas de seguridad, cajas de tr\u00e1iler, remolques para ganado u ocultos en compartimientos de autobuses o cabinas de tracto camiones en condici\u00f3n de hacinamiento, sin ventilaci\u00f3n, agua y alimentos. Algunas otras, a [&hellip;]","og_url":"https:\/\/canal7slp.tv\/2022\/rescata-inm-a-5-mil-688-personas-migrantes-extranjeras\/","og_site_name":"Canal 7 SLP - 2022","article_publisher":"https:\/\/www.facebook.com\/noticieroscanalsiete","article_published_time":"2022-04-26T18:44:45+00:00","article_modified_time":"2022-04-26T18:44:56+00:00","og_image":[{"width":685,"height":500,"url":"https:\/\/canal7slp.tv\/2022\/wp-content\/uploads\/2022\/04\/migrantes.jpeg","type":"image\/jpeg"}],"author":"Edici\u00f3n Web","twitter_card":"summary_large_image","twitter_creator":"@NOTICIEROS7","twitter_site":"@NOTICIEROS7","twitter_misc":{"Escrito por":"Edici\u00f3n Web","Tiempo de lectura":"2 minutos"},"schema":{"@context":"https:\/\/schema.org","@graph":[{"@type":"Article","@id":"https:\/\/canal7slp.tv\/2022\/rescata-inm-a-5-mil-688-personas-migrantes-extranjeras\/#article","isPartOf":{"@id":"https:\/\/canal7slp.tv\/2022\/rescata-inm-a-5-mil-688-personas-migrantes-extranjeras\/"},"author":{"name":"Edici\u00f3n Web","@id":"https:\/\/canal7slp.tv\/2022\/#\/schema\/person\/429704152a21f5f856ce29aa69a238da"},"headline":"Rescata INM a 5 mil 688 personas migrantes extranjeras.","datePublished":"2022-04-26T18:44:45+00:00","dateModified":"2022-04-26T18:44:56+00:00","mainEntityOfPage":{"@id":"https:\/\/canal7slp.tv\/2022\/rescata-inm-a-5-mil-688-personas-migrantes-extranjeras\/"},"wordCount":290,"publisher":{"@id":"https:\/\/canal7slp.tv\/2022\/#organization"},"image":{"@id":"https:\/\/canal7slp.tv\/2022\/rescata-inm-a-5-mil-688-personas-migrantes-extranjeras\/#primaryimage"},"thumbnailUrl":"https:\/\/canal7slp.tv\/2022\/wp-content\/uploads\/2022\/04\/migrantes.jpeg","articleSection":["DESTACADAS","LOCALES Y REGIONALES"],"inLanguage":"es"},{"@type":"WebPage","@id":"https:\/\/canal7slp.tv\/2022\/rescata-inm-a-5-mil-688-personas-migrantes-extranjeras\/","url":"https:\/\/canal7slp.tv\/2022\/rescata-inm-a-5-mil-688-personas-migrantes-extranjeras\/","name":"Rescata INM a 5 mil 688 personas migrantes extranjeras. - Canal 7 SLP - 2022","isPartOf":{"@id":"https:\/\/canal7slp.tv\/2022\/#website"},"primaryImageOfPage":{"@id":"https:\/\/canal7slp.tv\/2022\/rescata-inm-a-5-mil-688-personas-migrantes-extranjeras\/#primaryimage"},"image":{"@id":"https:\/\/canal7slp.tv\/2022\/rescata-inm-a-5-mil-688-personas-migrantes-extranjeras\/#primaryimage"},"thumbnailUrl":"https:\/\/canal7slp.tv\/2022\/wp-content\/uploads\/2022\/04\/migrantes.jpeg","datePublished":"2022-04-26T18:44:45+00:00","dateModified":"2022-04-26T18:44:56+00:00","breadcrumb":{"@id":"https:\/\/canal7slp.tv\/2022\/rescata-inm-a-5-mil-688-personas-migrantes-extranjeras\/#breadcrumb"},"inLanguage":"es","potentialAction":[{"@type":"ReadAction","target":["https:\/\/canal7slp.tv\/2022\/rescata-inm-a-5-mil-688-personas-migrantes-extranjeras\/"]}]},{"@type":"ImageObject","inLanguage":"es","@id":"https:\/\/canal7slp.tv\/2022\/rescata-inm-a-5-mil-688-personas-migrantes-extranjeras\/#primaryimage","url":"https:\/\/canal7slp.tv\/2022\/wp-content\/uploads\/2022\/04\/migrantes.jpeg","contentUrl":"https:\/\/canal7slp.tv\/2022\/wp-content\/uploads\/2022\/04\/migrantes.jpeg","width":685,"height":500},{"@type":"BreadcrumbList","@id":"https:\/\/canal7slp.tv\/2022\/rescata-inm-a-5-mil-688-personas-migrantes-extranjeras\/#breadcrumb","itemListElement":[{"@type":"ListItem","position":1,"name":"Portada","item":"https:\/\/canal7slp.tv\/2022\/"},{"@type":"ListItem","position":2,"name":"Rescata INM a 5 mil 688 personas migrantes extranjeras."}]},{"@type":"WebSite","@id":"https:\/\/canal7slp.tv\/2022\/#website","url":"https:\/\/canal7slp.tv\/2022\/","name":"N7 - Noticieros Canal 7","description":"Somos Televisi\u00f3n","publisher":{"@id":"https:\/\/canal7slp.tv\/2022\/#organization"},"potentialAction":[{"@type":"SearchAction","target":{"@type":"EntryPoint","urlTemplate":"https:\/\/canal7slp.tv\/2022\/?s={search_term_string}"},"query-input":{"@type":"PropertyValueSpecification","valueRequired":true,"valueName":"search_term_string"}}],"inLanguage":"es"},{"@type":"Organization","@id":"https:\/\/canal7slp.tv\/2022\/#organization","name":"Noticieros Canal 7","url":"https:\/\/canal7slp.tv\/2022\/","logo":{"@type":"ImageObject","inLanguage":"es","@id":"https:\/\/canal7slp.tv\/2022\/#\/schema\/logo\/image\/","url":"https:\/\/canal7slp.tv\/2022\/wp-content\/uploads\/2021\/01\/logo-noticieros@2x.png","contentUrl":"https:\/\/canal7slp.tv\/2022\/wp-content\/uploads\/2021\/01\/logo-noticieros@2x.png","width":1017,"height":268,"caption":"Noticieros Canal 7"},"image":{"@id":"https:\/\/canal7slp.tv\/2022\/#\/schema\/logo\/image\/"},"sameAs":["https:\/\/www.facebook.com\/noticieroscanalsiete","https:\/\/x.com\/NOTICIEROS7","https:\/\/www.instagram.com\/canal7_slp","https:\/\/www.youtube.com\/channel\/UCliiYs-gP3JfJeqdPrNdd5A"]},{"@type":"Person","@id":"https:\/\/canal7slp.tv\/2022\/#\/schema\/person\/429704152a21f5f856ce29aa69a238da","name":"Edici\u00f3n Web","image":{"@type":"ImageObject","inLanguage":"es","@id":"https:\/\/secure.gravatar.com\/avatar\/eee448fc3f7164808013b816ba91ac7e43bbe82a70bebac296f8bc6f0addaa1a?s=96&d=mm&r=g","url":"https:\/\/secure.gravatar.com\/avatar\/eee448fc3f7164808013b816ba91ac7e43bbe82a70bebac296f8bc6f0addaa1a?s=96&d=mm&r=g","contentUrl":"https:\/\/secure.gravatar.com\/avatar\/eee448fc3f7164808013b816ba91ac7e43bbe82a70bebac296f8bc6f0addaa1a?s=96&d=mm&r=g","caption":"Edici\u00f3n Web"},"url":"https:\/\/canal7slp.tv\/2022\/author\/edicionweb\/"}]}},"amp_enabled":true,"_links":{"self":[{"href":"https:\/\/canal7slp.tv\/2022\/wp-json\/wp\/v2\/posts\/58281","targetHints":{"allow":["GET"]}}],"collection":[{"href":"https:\/\/canal7slp.tv\/2022\/wp-json\/wp\/v2\/posts"}],"about":[{"href":"https:\/\/canal7slp.tv\/2022\/wp-json\/wp\/v2\/types\/post"}],"author":[{"embeddable":true,"href":"https:\/\/canal7slp.tv\/2022\/wp-json\/wp\/v2\/users\/2"}],"replies":[{"embeddable":true,"href":"https:\/\/canal7slp.tv\/2022\/wp-json\/wp\/v2\/comments?post=58281"}],"version-history":[{"count":2,"href":"https:\/\/canal7slp.tv\/2022\/wp-json\/wp\/v2\/posts\/58281\/revisions"}],"predecessor-version":[{"id":58312,"href":"https:\/\/canal7slp.tv\/2022\/wp-json\/wp\/v2\/posts\/58281\/revisions\/58312"}],"wp:featuredmedia":[{"embeddable":true,"href":"https:\/\/canal7slp.tv\/2022\/wp-json\/wp\/v2\/media\/58311"}],"wp:attachment":[{"href":"https:\/\/canal7slp.tv\/2022\/wp-json\/wp\/v2\/media?parent=58281"}],"wp:term":[{"taxonomy":"category","embeddable":true,"href":"https:\/\/canal7slp.tv\/2022\/wp-json\/wp\/v2\/categories?post=58281"},{"taxonomy":"post_tag","embeddable":true,"href":"https:\/\/canal7slp.tv\/2022\/wp-json\/wp\/v2\/tags?post=58281"}],"curies":[{"name":"wp","href":"https:\/\/api.w.org\/{rel}","templated":true}]}}