{"id":58246,"date":"2022-04-25T15:56:20","date_gmt":"2022-04-25T21:56:20","guid":{"rendered":"https:\/\/canal7slp.tv\/2022\/?p=58246"},"modified":"2022-04-25T15:56:20","modified_gmt":"2022-04-25T21:56:20","slug":"el-ciclista-internacional-nairo-quintana-se-encuentra-en-la-capital-potosina","status":"publish","type":"post","link":"https:\/\/canal7slp.tv\/2022\/el-ciclista-internacional-nairo-quintana-se-encuentra-en-la-capital-potosina\/","title":{"rendered":"El ciclista internacional Nairo Quintana se encuentra en la capital potosina."},"content":{"rendered":"<p style=\"text-align: justify;\">SLP.- El ciclista Colombiano visit\u00f3 tierras potosinas para continuar con la organizaci\u00f3n del gran fondo Nairo Quintana que habr\u00e1 de realizarse del 21 al 23 de octubre en la capital potosina contando adem\u00e1s con el medio fondo, ciclismo de monta\u00f1a y la Nairo Kids, mismas que habr\u00e1n de desarrollarse en diversas sedes de la capital potosina.<\/p>\n<p style=\"text-align: justify;\">En el evento se conto con la presencia del Ciclista colombiano Nairo Quintana y su Manager Luisa R\u00edos, el presidente municipal de San Luis Potos\u00ed Enrique Galindo Ceballos, la presidenta del sistema municipal DIF Estela Arriaga, el director de deporte municipal Luis Fernando Molina y Claudia Peralta directora de turismo municipal.<\/p>\n<p style=\"text-align: justify;\">El mandatario municipal de San Luis Potos\u00ed fue el encargado de darle la bienvenida a Nairo y su manager.<\/p>\n<p style=\"text-align: justify;\">El presidente municipal destaco la relevancia de este evento en donde se espera entre 3 mil y 5000 mil participantes en el evento que a su vez se traduce entre 15 y 20 mil visitantes en la capital potosina.<\/p>\n<p style=\"text-align: justify;\">El alcalde capitalino informo de estar en pl\u00e1ticas para poder tener la primera academia de ciclismo de Nairo Quintana en la capital potosina.<\/p>\n<p style=\"text-align: justify;\">Por su parte el ciclista colombiano agradeci\u00f3 la hospitalidad y el esfuerzo que se esta haciendo para realizar el gran fondo en la capital potosina.<\/p>\n<p style=\"text-align: justify;\">Por ultimo Nairo Quintana invito a los potosinos a recibir a todos los ciclistas y visitantes que se dar\u00e1n cita en la capital potosina del 21 al 23 de octubre.<\/p>\n","protected":false},"excerpt":{"rendered":"<p>SLP.- El ciclista Colombiano visit\u00f3 tierras potosinas para continuar con la organizaci\u00f3n del gran fondo Nairo Quintana que habr\u00e1 de realizarse del 21 al 23 de octubre en la capital potosina contando adem\u00e1s con el medio fondo, ciclismo de monta\u00f1a y la Nairo Kids, mismas que habr\u00e1n de desarrollarse en diversas sedes de la capital potosina. En el evento se conto con la presencia del Ciclista colombiano Nairo Quintana y su Manager Luisa R\u00edos, el presidente municipal de San Luis Potos\u00ed Enrique Galindo Ceballos, la presidenta del sistema municipal DIF Estela Arriaga, el director de deporte municipal Luis Fernando Molina [&hellip;]<\/p>\n","protected":false},"author":2,"featured_media":58254,"comment_status":"closed","ping_status":"closed","sticky":false,"template":"","format":"video","meta":{"footnotes":""},"categories":[7,5],"tags":[],"class_list":["post-58246","post","type-post","status-publish","format-video","has-post-thumbnail","hentry","category-deportes","category-destacadas","post_format-post-format-video","post--single"],"yoast_head":"<!-- This site is optimized with the Yoast SEO plugin v27.4 - https:\/\/yoast.com\/product\/yoast-seo-wordpress\/ -->\n<title>El ciclista internacional Nairo Quintana se encuentra en la capital potosina. - Canal 7 SLP - 2022<\/title>\n<meta name=\"robots\" content=\"index, follow, max-snippet:-1, max-image-preview:large, max-video-preview:-1\" \/>\n<link rel=\"canonical\" href=\"https:\/\/canal7slp.tv\/2022\/el-ciclista-internacional-nairo-quintana-se-encuentra-en-la-capital-potosina\/\" \/>\n<meta property=\"og:locale\" content=\"es_ES\" \/>\n<meta property=\"og:type\" content=\"article\" \/>\n<meta property=\"og:title\" content=\"El ciclista internacional Nairo Quintana se encuentra en la capital potosina. - Canal 7 SLP - 2022\" \/>\n<meta property=\"og:description\" content=\"SLP.- El ciclista Colombiano visit\u00f3 tierras potosinas para continuar con la organizaci\u00f3n del gran fondo Nairo Quintana que habr\u00e1 de realizarse del 21 al 23 de octubre en la capital potosina contando adem\u00e1s con el medio fondo, ciclismo de monta\u00f1a y la Nairo Kids, mismas que habr\u00e1n de desarrollarse en diversas sedes de la capital potosina. En el evento se conto con la presencia del Ciclista colombiano Nairo Quintana y su Manager Luisa R\u00edos, el presidente municipal de San Luis Potos\u00ed Enrique Galindo Ceballos, la presidenta del sistema municipal DIF Estela Arriaga, el director de deporte municipal Luis Fernando Molina [&hellip;]\" \/>\n<meta property=\"og:url\" content=\"https:\/\/canal7slp.tv\/2022\/el-ciclista-internacional-nairo-quintana-se-encuentra-en-la-capital-potosina\/\" \/>\n<meta property=\"og:site_name\" content=\"Canal 7 SLP - 2022\" \/>\n<meta property=\"article:publisher\" content=\"https:\/\/www.facebook.com\/noticieroscanalsiete\" \/>\n<meta property=\"article:published_time\" content=\"2022-04-25T21:56:20+00:00\" \/>\n<meta property=\"og:image\" content=\"https:\/\/canal7slp.tv\/2022\/wp-content\/uploads\/2022\/04\/Froi03Nairo.jpg\" \/>\n\t<meta property=\"og:image:width\" content=\"888\" \/>\n\t<meta property=\"og:image:height\" content=\"500\" \/>\n\t<meta property=\"og:image:type\" content=\"image\/jpeg\" \/>\n<meta name=\"author\" content=\"Edici\u00f3n Web\" \/>\n<meta name=\"twitter:card\" content=\"summary_large_image\" \/>\n<meta name=\"twitter:creator\" content=\"@NOTICIEROS7\" \/>\n<meta name=\"twitter:site\" content=\"@NOTICIEROS7\" \/>\n<meta name=\"twitter:label1\" content=\"Escrito por\" \/>\n\t<meta name=\"twitter:data1\" content=\"Edici\u00f3n Web\" \/>\n\t<meta name=\"twitter:label2\" content=\"Tiempo de lectura\" \/>\n\t<meta name=\"twitter:data2\" content=\"2 minutos\" \/>\n<script type=\"application\/ld+json\" class=\"yoast-schema-graph\">{\"@context\":\"https:\\\/\\\/schema.org\",\"@graph\":[{\"@type\":\"Article\",\"@id\":\"https:\\\/\\\/canal7slp.tv\\\/2022\\\/el-ciclista-internacional-nairo-quintana-se-encuentra-en-la-capital-potosina\\\/#article\",\"isPartOf\":{\"@id\":\"https:\\\/\\\/canal7slp.tv\\\/2022\\\/el-ciclista-internacional-nairo-quintana-se-encuentra-en-la-capital-potosina\\\/\"},\"author\":{\"name\":\"Edici\u00f3n Web\",\"@id\":\"https:\\\/\\\/canal7slp.tv\\\/2022\\\/#\\\/schema\\\/person\\\/429704152a21f5f856ce29aa69a238da\"},\"headline\":\"El ciclista internacional Nairo Quintana se encuentra en la capital potosina.\",\"datePublished\":\"2022-04-25T21:56:20+00:00\",\"mainEntityOfPage\":{\"@id\":\"https:\\\/\\\/canal7slp.tv\\\/2022\\\/el-ciclista-internacional-nairo-quintana-se-encuentra-en-la-capital-potosina\\\/\"},\"wordCount\":254,\"publisher\":{\"@id\":\"https:\\\/\\\/canal7slp.tv\\\/2022\\\/#organization\"},\"image\":{\"@id\":\"https:\\\/\\\/canal7slp.tv\\\/2022\\\/el-ciclista-internacional-nairo-quintana-se-encuentra-en-la-capital-potosina\\\/#primaryimage\"},\"thumbnailUrl\":\"https:\\\/\\\/canal7slp.tv\\\/2022\\\/wp-content\\\/uploads\\\/2022\\\/04\\\/Froi03Nairo.jpg\",\"articleSection\":[\"DEPORTES\",\"DESTACADAS\"],\"inLanguage\":\"es\"},{\"@type\":\"WebPage\",\"@id\":\"https:\\\/\\\/canal7slp.tv\\\/2022\\\/el-ciclista-internacional-nairo-quintana-se-encuentra-en-la-capital-potosina\\\/\",\"url\":\"https:\\\/\\\/canal7slp.tv\\\/2022\\\/el-ciclista-internacional-nairo-quintana-se-encuentra-en-la-capital-potosina\\\/\",\"name\":\"El ciclista internacional Nairo Quintana se encuentra en la capital potosina. - Canal 7 SLP - 2022\",\"isPartOf\":{\"@id\":\"https:\\\/\\\/canal7slp.tv\\\/2022\\\/#website\"},\"primaryImageOfPage\":{\"@id\":\"https:\\\/\\\/canal7slp.tv\\\/2022\\\/el-ciclista-internacional-nairo-quintana-se-encuentra-en-la-capital-potosina\\\/#primaryimage\"},\"image\":{\"@id\":\"https:\\\/\\\/canal7slp.tv\\\/2022\\\/el-ciclista-internacional-nairo-quintana-se-encuentra-en-la-capital-potosina\\\/#primaryimage\"},\"thumbnailUrl\":\"https:\\\/\\\/canal7slp.tv\\\/2022\\\/wp-content\\\/uploads\\\/2022\\\/04\\\/Froi03Nairo.jpg\",\"datePublished\":\"2022-04-25T21:56:20+00:00\",\"breadcrumb\":{\"@id\":\"https:\\\/\\\/canal7slp.tv\\\/2022\\\/el-ciclista-internacional-nairo-quintana-se-encuentra-en-la-capital-potosina\\\/#breadcrumb\"},\"inLanguage\":\"es\",\"potentialAction\":[{\"@type\":\"ReadAction\",\"target\":[\"https:\\\/\\\/canal7slp.tv\\\/2022\\\/el-ciclista-internacional-nairo-quintana-se-encuentra-en-la-capital-potosina\\\/\"]}]},{\"@type\":\"ImageObject\",\"inLanguage\":\"es\",\"@id\":\"https:\\\/\\\/canal7slp.tv\\\/2022\\\/el-ciclista-internacional-nairo-quintana-se-encuentra-en-la-capital-potosina\\\/#primaryimage\",\"url\":\"https:\\\/\\\/canal7slp.tv\\\/2022\\\/wp-content\\\/uploads\\\/2022\\\/04\\\/Froi03Nairo.jpg\",\"contentUrl\":\"https:\\\/\\\/canal7slp.tv\\\/2022\\\/wp-content\\\/uploads\\\/2022\\\/04\\\/Froi03Nairo.jpg\",\"width\":888,\"height\":500},{\"@type\":\"BreadcrumbList\",\"@id\":\"https:\\\/\\\/canal7slp.tv\\\/2022\\\/el-ciclista-internacional-nairo-quintana-se-encuentra-en-la-capital-potosina\\\/#breadcrumb\",\"itemListElement\":[{\"@type\":\"ListItem\",\"position\":1,\"name\":\"Portada\",\"item\":\"https:\\\/\\\/canal7slp.tv\\\/2022\\\/\"},{\"@type\":\"ListItem\",\"position\":2,\"name\":\"El ciclista internacional Nairo Quintana se encuentra en la capital potosina.\"}]},{\"@type\":\"WebSite\",\"@id\":\"https:\\\/\\\/canal7slp.tv\\\/2022\\\/#website\",\"url\":\"https:\\\/\\\/canal7slp.tv\\\/2022\\\/\",\"name\":\"N7 - Noticieros Canal 7\",\"description\":\"Somos Televisi\u00f3n\",\"publisher\":{\"@id\":\"https:\\\/\\\/canal7slp.tv\\\/2022\\\/#organization\"},\"potentialAction\":[{\"@type\":\"SearchAction\",\"target\":{\"@type\":\"EntryPoint\",\"urlTemplate\":\"https:\\\/\\\/canal7slp.tv\\\/2022\\\/?s={search_term_string}\"},\"query-input\":{\"@type\":\"PropertyValueSpecification\",\"valueRequired\":true,\"valueName\":\"search_term_string\"}}],\"inLanguage\":\"es\"},{\"@type\":\"Organization\",\"@id\":\"https:\\\/\\\/canal7slp.tv\\\/2022\\\/#organization\",\"name\":\"Noticieros Canal 7\",\"url\":\"https:\\\/\\\/canal7slp.tv\\\/2022\\\/\",\"logo\":{\"@type\":\"ImageObject\",\"inLanguage\":\"es\",\"@id\":\"https:\\\/\\\/canal7slp.tv\\\/2022\\\/#\\\/schema\\\/logo\\\/image\\\/\",\"url\":\"https:\\\/\\\/canal7slp.tv\\\/2022\\\/wp-content\\\/uploads\\\/2021\\\/01\\\/logo-noticieros@2x.png\",\"contentUrl\":\"https:\\\/\\\/canal7slp.tv\\\/2022\\\/wp-content\\\/uploads\\\/2021\\\/01\\\/logo-noticieros@2x.png\",\"width\":1017,\"height\":268,\"caption\":\"Noticieros Canal 7\"},\"image\":{\"@id\":\"https:\\\/\\\/canal7slp.tv\\\/2022\\\/#\\\/schema\\\/logo\\\/image\\\/\"},\"sameAs\":[\"https:\\\/\\\/www.facebook.com\\\/noticieroscanalsiete\",\"https:\\\/\\\/x.com\\\/NOTICIEROS7\",\"https:\\\/\\\/www.instagram.com\\\/canal7_slp\",\"https:\\\/\\\/www.youtube.com\\\/channel\\\/UCliiYs-gP3JfJeqdPrNdd5A\"]},{\"@type\":\"Person\",\"@id\":\"https:\\\/\\\/canal7slp.tv\\\/2022\\\/#\\\/schema\\\/person\\\/429704152a21f5f856ce29aa69a238da\",\"name\":\"Edici\u00f3n Web\",\"image\":{\"@type\":\"ImageObject\",\"inLanguage\":\"es\",\"@id\":\"https:\\\/\\\/secure.gravatar.com\\\/avatar\\\/eee448fc3f7164808013b816ba91ac7e43bbe82a70bebac296f8bc6f0addaa1a?s=96&d=mm&r=g\",\"url\":\"https:\\\/\\\/secure.gravatar.com\\\/avatar\\\/eee448fc3f7164808013b816ba91ac7e43bbe82a70bebac296f8bc6f0addaa1a?s=96&d=mm&r=g\",\"contentUrl\":\"https:\\\/\\\/secure.gravatar.com\\\/avatar\\\/eee448fc3f7164808013b816ba91ac7e43bbe82a70bebac296f8bc6f0addaa1a?s=96&d=mm&r=g\",\"caption\":\"Edici\u00f3n Web\"},\"url\":\"https:\\\/\\\/canal7slp.tv\\\/2022\\\/author\\\/edicionweb\\\/\"}]}<\/script>\n<!-- \/ Yoast SEO plugin. -->","yoast_head_json":{"title":"El ciclista internacional Nairo Quintana se encuentra en la capital potosina. - Canal 7 SLP - 2022","robots":{"index":"index","follow":"follow","max-snippet":"max-snippet:-1","max-image-preview":"max-image-preview:large","max-video-preview":"max-video-preview:-1"},"canonical":"https:\/\/canal7slp.tv\/2022\/el-ciclista-internacional-nairo-quintana-se-encuentra-en-la-capital-potosina\/","og_locale":"es_ES","og_type":"article","og_title":"El ciclista internacional Nairo Quintana se encuentra en la capital potosina. - Canal 7 SLP - 2022","og_description":"SLP.- El ciclista Colombiano visit\u00f3 tierras potosinas para continuar con la organizaci\u00f3n del gran fondo Nairo Quintana que habr\u00e1 de realizarse del 21 al 23 de octubre en la capital potosina contando adem\u00e1s con el medio fondo, ciclismo de monta\u00f1a y la Nairo Kids, mismas que habr\u00e1n de desarrollarse en diversas sedes de la capital potosina. En el evento se conto con la presencia del Ciclista colombiano Nairo Quintana y su Manager Luisa R\u00edos, el presidente municipal de San Luis Potos\u00ed Enrique Galindo Ceballos, la presidenta del sistema municipal DIF Estela Arriaga, el director de deporte municipal Luis Fernando Molina [&hellip;]","og_url":"https:\/\/canal7slp.tv\/2022\/el-ciclista-internacional-nairo-quintana-se-encuentra-en-la-capital-potosina\/","og_site_name":"Canal 7 SLP - 2022","article_publisher":"https:\/\/www.facebook.com\/noticieroscanalsiete","article_published_time":"2022-04-25T21:56:20+00:00","og_image":[{"width":888,"height":500,"url":"https:\/\/canal7slp.tv\/2022\/wp-content\/uploads\/2022\/04\/Froi03Nairo.jpg","type":"image\/jpeg"}],"author":"Edici\u00f3n Web","twitter_card":"summary_large_image","twitter_creator":"@NOTICIEROS7","twitter_site":"@NOTICIEROS7","twitter_misc":{"Escrito por":"Edici\u00f3n Web","Tiempo de lectura":"2 minutos"},"schema":{"@context":"https:\/\/schema.org","@graph":[{"@type":"Article","@id":"https:\/\/canal7slp.tv\/2022\/el-ciclista-internacional-nairo-quintana-se-encuentra-en-la-capital-potosina\/#article","isPartOf":{"@id":"https:\/\/canal7slp.tv\/2022\/el-ciclista-internacional-nairo-quintana-se-encuentra-en-la-capital-potosina\/"},"author":{"name":"Edici\u00f3n Web","@id":"https:\/\/canal7slp.tv\/2022\/#\/schema\/person\/429704152a21f5f856ce29aa69a238da"},"headline":"El ciclista internacional Nairo Quintana se encuentra en la capital potosina.","datePublished":"2022-04-25T21:56:20+00:00","mainEntityOfPage":{"@id":"https:\/\/canal7slp.tv\/2022\/el-ciclista-internacional-nairo-quintana-se-encuentra-en-la-capital-potosina\/"},"wordCount":254,"publisher":{"@id":"https:\/\/canal7slp.tv\/2022\/#organization"},"image":{"@id":"https:\/\/canal7slp.tv\/2022\/el-ciclista-internacional-nairo-quintana-se-encuentra-en-la-capital-potosina\/#primaryimage"},"thumbnailUrl":"https:\/\/canal7slp.tv\/2022\/wp-content\/uploads\/2022\/04\/Froi03Nairo.jpg","articleSection":["DEPORTES","DESTACADAS"],"inLanguage":"es"},{"@type":"WebPage","@id":"https:\/\/canal7slp.tv\/2022\/el-ciclista-internacional-nairo-quintana-se-encuentra-en-la-capital-potosina\/","url":"https:\/\/canal7slp.tv\/2022\/el-ciclista-internacional-nairo-quintana-se-encuentra-en-la-capital-potosina\/","name":"El ciclista internacional Nairo Quintana se encuentra en la capital potosina. - Canal 7 SLP - 2022","isPartOf":{"@id":"https:\/\/canal7slp.tv\/2022\/#website"},"primaryImageOfPage":{"@id":"https:\/\/canal7slp.tv\/2022\/el-ciclista-internacional-nairo-quintana-se-encuentra-en-la-capital-potosina\/#primaryimage"},"image":{"@id":"https:\/\/canal7slp.tv\/2022\/el-ciclista-internacional-nairo-quintana-se-encuentra-en-la-capital-potosina\/#primaryimage"},"thumbnailUrl":"https:\/\/canal7slp.tv\/2022\/wp-content\/uploads\/2022\/04\/Froi03Nairo.jpg","datePublished":"2022-04-25T21:56:20+00:00","breadcrumb":{"@id":"https:\/\/canal7slp.tv\/2022\/el-ciclista-internacional-nairo-quintana-se-encuentra-en-la-capital-potosina\/#breadcrumb"},"inLanguage":"es","potentialAction":[{"@type":"ReadAction","target":["https:\/\/canal7slp.tv\/2022\/el-ciclista-internacional-nairo-quintana-se-encuentra-en-la-capital-potosina\/"]}]},{"@type":"ImageObject","inLanguage":"es","@id":"https:\/\/canal7slp.tv\/2022\/el-ciclista-internacional-nairo-quintana-se-encuentra-en-la-capital-potosina\/#primaryimage","url":"https:\/\/canal7slp.tv\/2022\/wp-content\/uploads\/2022\/04\/Froi03Nairo.jpg","contentUrl":"https:\/\/canal7slp.tv\/2022\/wp-content\/uploads\/2022\/04\/Froi03Nairo.jpg","width":888,"height":500},{"@type":"BreadcrumbList","@id":"https:\/\/canal7slp.tv\/2022\/el-ciclista-internacional-nairo-quintana-se-encuentra-en-la-capital-potosina\/#breadcrumb","itemListElement":[{"@type":"ListItem","position":1,"name":"Portada","item":"https:\/\/canal7slp.tv\/2022\/"},{"@type":"ListItem","position":2,"name":"El ciclista internacional Nairo Quintana se encuentra en la capital potosina."}]},{"@type":"WebSite","@id":"https:\/\/canal7slp.tv\/2022\/#website","url":"https:\/\/canal7slp.tv\/2022\/","name":"N7 - Noticieros Canal 7","description":"Somos Televisi\u00f3n","publisher":{"@id":"https:\/\/canal7slp.tv\/2022\/#organization"},"potentialAction":[{"@type":"SearchAction","target":{"@type":"EntryPoint","urlTemplate":"https:\/\/canal7slp.tv\/2022\/?s={search_term_string}"},"query-input":{"@type":"PropertyValueSpecification","valueRequired":true,"valueName":"search_term_string"}}],"inLanguage":"es"},{"@type":"Organization","@id":"https:\/\/canal7slp.tv\/2022\/#organization","name":"Noticieros Canal 7","url":"https:\/\/canal7slp.tv\/2022\/","logo":{"@type":"ImageObject","inLanguage":"es","@id":"https:\/\/canal7slp.tv\/2022\/#\/schema\/logo\/image\/","url":"https:\/\/canal7slp.tv\/2022\/wp-content\/uploads\/2021\/01\/logo-noticieros@2x.png","contentUrl":"https:\/\/canal7slp.tv\/2022\/wp-content\/uploads\/2021\/01\/logo-noticieros@2x.png","width":1017,"height":268,"caption":"Noticieros Canal 7"},"image":{"@id":"https:\/\/canal7slp.tv\/2022\/#\/schema\/logo\/image\/"},"sameAs":["https:\/\/www.facebook.com\/noticieroscanalsiete","https:\/\/x.com\/NOTICIEROS7","https:\/\/www.instagram.com\/canal7_slp","https:\/\/www.youtube.com\/channel\/UCliiYs-gP3JfJeqdPrNdd5A"]},{"@type":"Person","@id":"https:\/\/canal7slp.tv\/2022\/#\/schema\/person\/429704152a21f5f856ce29aa69a238da","name":"Edici\u00f3n Web","image":{"@type":"ImageObject","inLanguage":"es","@id":"https:\/\/secure.gravatar.com\/avatar\/eee448fc3f7164808013b816ba91ac7e43bbe82a70bebac296f8bc6f0addaa1a?s=96&d=mm&r=g","url":"https:\/\/secure.gravatar.com\/avatar\/eee448fc3f7164808013b816ba91ac7e43bbe82a70bebac296f8bc6f0addaa1a?s=96&d=mm&r=g","contentUrl":"https:\/\/secure.gravatar.com\/avatar\/eee448fc3f7164808013b816ba91ac7e43bbe82a70bebac296f8bc6f0addaa1a?s=96&d=mm&r=g","caption":"Edici\u00f3n Web"},"url":"https:\/\/canal7slp.tv\/2022\/author\/edicionweb\/"}]}},"amp_enabled":true,"_links":{"self":[{"href":"https:\/\/canal7slp.tv\/2022\/wp-json\/wp\/v2\/posts\/58246","targetHints":{"allow":["GET"]}}],"collection":[{"href":"https:\/\/canal7slp.tv\/2022\/wp-json\/wp\/v2\/posts"}],"about":[{"href":"https:\/\/canal7slp.tv\/2022\/wp-json\/wp\/v2\/types\/post"}],"author":[{"embeddable":true,"href":"https:\/\/canal7slp.tv\/2022\/wp-json\/wp\/v2\/users\/2"}],"replies":[{"embeddable":true,"href":"https:\/\/canal7slp.tv\/2022\/wp-json\/wp\/v2\/comments?post=58246"}],"version-history":[{"count":2,"href":"https:\/\/canal7slp.tv\/2022\/wp-json\/wp\/v2\/posts\/58246\/revisions"}],"predecessor-version":[{"id":58255,"href":"https:\/\/canal7slp.tv\/2022\/wp-json\/wp\/v2\/posts\/58246\/revisions\/58255"}],"wp:featuredmedia":[{"embeddable":true,"href":"https:\/\/canal7slp.tv\/2022\/wp-json\/wp\/v2\/media\/58254"}],"wp:attachment":[{"href":"https:\/\/canal7slp.tv\/2022\/wp-json\/wp\/v2\/media?parent=58246"}],"wp:term":[{"taxonomy":"category","embeddable":true,"href":"https:\/\/canal7slp.tv\/2022\/wp-json\/wp\/v2\/categories?post=58246"},{"taxonomy":"post_tag","embeddable":true,"href":"https:\/\/canal7slp.tv\/2022\/wp-json\/wp\/v2\/tags?post=58246"}],"curies":[{"name":"wp","href":"https:\/\/api.w.org\/{rel}","templated":true}]}}