{"id":58233,"date":"2022-04-25T17:26:07","date_gmt":"2022-04-25T23:26:07","guid":{"rendered":"https:\/\/canal7slp.tv\/2022\/?p=58233"},"modified":"2022-04-25T17:26:07","modified_gmt":"2022-04-25T23:26:07","slug":"preocupa-a-federacion-inseguridad-que-gana-terreno-en-diversas-entidades","status":"publish","type":"post","link":"https:\/\/canal7slp.tv\/2022\/preocupa-a-federacion-inseguridad-que-gana-terreno-en-diversas-entidades\/","title":{"rendered":"Preocupa a Federaci\u00f3n inseguridad que gana terreno en diversas entidades."},"content":{"rendered":"<ul>\n<li>Ello motiva el compromiso de construcci\u00f3n de cuarteles de Guardia Nacional en SLP, afirma Ejecutivo Local.<\/li>\n<\/ul>\n<p style=\"text-align: justify;\">SLP.- De acuerdo con el mandatario estatal, Jos\u00e9 Ricardo Gallardo Cardona, durante su reuni\u00f3n con el presidente de la Rep\u00fablica se le solicit\u00f3 no retirar elementos de la Guardia Nacional asignados en San Luis Potos\u00ed para reforzar la seguridad de otros estados.<\/p>\n<p style=\"text-align: justify;\">Y es que se\u00f1al\u00f3 que una de las principales preocupaciones de Andr\u00e9s Manuel L\u00f3pez Obrador es precisamente el tema de la inseguridad que ha ganado terreno en entidades como Zacatecas, Michoac\u00e1n, Colima, Nuevo Le\u00f3n o Guanajuato.<\/p>\n<p style=\"text-align: justify;\">\u00abLo que nosotros pedimos y solicitamos es que no se lleven elementos de San Luis Potos\u00ed para llevarlos a d\u00f3nde est\u00e1n los conflictos porque eso nos deja en desventaja aqu\u00ed en San Luis Potos\u00ed y nos puede crecer la delincuencia\u00bb, explic\u00f3<\/p>\n<p style=\"text-align: justify;\">En entrevista, L\u00f3pez Obrador adelant\u00f3 que se reforzar\u00e1n todos los cuarteles de la misma Guardia Nacional que actualmente existen en todo el territorio; este tema tambi\u00e9n fue abordado por Gallardo Cardona.<\/p>\n<p style=\"text-align: justify;\">\u00abVa a ser un fortalecimiento total porque al momento de que empecemos con la construcci\u00f3n de los nuevos cuarteles de la guardia tendr\u00e1n que llegar por a fuerzas m\u00e1s elementos en cuanto a cada vez que se abre un cuartel. En ese sentido sigue en pie la llegada de los 400 elementos de la Guardia Nacional que eso nos vuelve a poner en un tema de mejor seguridad\u00bb, dijo.<\/p>\n<p style=\"text-align: justify;\">En ese sentido, indic\u00f3 que la entidad potosina actualmente se encuentra catalogado en un nivel \u00abmedio-bajo\u00bb en cuanto a los \u00edndices de delincuencia, de ah\u00ed la necesidad de fortalecer la seguridad con el objetivo de mejorar la situaci\u00f3n.<\/p>\n<p style=\"text-align: justify;\">Por: Jos\u00e9 Luis V\u00e1zquez<\/p>\n","protected":false},"excerpt":{"rendered":"<p>Ello motiva el compromiso de construcci\u00f3n de cuarteles de Guardia Nacional en SLP, afirma Ejecutivo Local. SLP.- De acuerdo con el mandatario estatal, Jos\u00e9 Ricardo Gallardo Cardona, durante su reuni\u00f3n con el presidente de la Rep\u00fablica se le solicit\u00f3 no retirar elementos de la Guardia Nacional asignados en San Luis Potos\u00ed para reforzar la seguridad de otros estados. Y es que se\u00f1al\u00f3 que una de las principales preocupaciones de Andr\u00e9s Manuel L\u00f3pez Obrador es precisamente el tema de la inseguridad que ha ganado terreno en entidades como Zacatecas, Michoac\u00e1n, Colima, Nuevo Le\u00f3n o Guanajuato. \u00abLo que nosotros pedimos y solicitamos [&hellip;]<\/p>\n","protected":false},"author":2,"featured_media":58259,"comment_status":"closed","ping_status":"closed","sticky":false,"template":"","format":"video","meta":{"footnotes":""},"categories":[5,510,45],"tags":[],"class_list":["post-58233","post","type-post","status-publish","format-video","has-post-thumbnail","hentry","category-destacadas","category-gobedoslp","category-localesyregionales","post_format-post-format-video","post--single"],"yoast_head":"<!-- This site is optimized with the Yoast SEO plugin v27.4 - https:\/\/yoast.com\/product\/yoast-seo-wordpress\/ -->\n<title>Preocupa a Federaci\u00f3n inseguridad que gana terreno en diversas entidades. - Canal 7 SLP - 2022<\/title>\n<meta name=\"robots\" content=\"index, follow, max-snippet:-1, max-image-preview:large, max-video-preview:-1\" \/>\n<link rel=\"canonical\" href=\"https:\/\/canal7slp.tv\/2022\/preocupa-a-federacion-inseguridad-que-gana-terreno-en-diversas-entidades\/\" \/>\n<meta property=\"og:locale\" content=\"es_ES\" \/>\n<meta property=\"og:type\" content=\"article\" \/>\n<meta property=\"og:title\" content=\"Preocupa a Federaci\u00f3n inseguridad que gana terreno en diversas entidades. - Canal 7 SLP - 2022\" \/>\n<meta property=\"og:description\" content=\"Ello motiva el compromiso de construcci\u00f3n de cuarteles de Guardia Nacional en SLP, afirma Ejecutivo Local. SLP.- De acuerdo con el mandatario estatal, Jos\u00e9 Ricardo Gallardo Cardona, durante su reuni\u00f3n con el presidente de la Rep\u00fablica se le solicit\u00f3 no retirar elementos de la Guardia Nacional asignados en San Luis Potos\u00ed para reforzar la seguridad de otros estados. Y es que se\u00f1al\u00f3 que una de las principales preocupaciones de Andr\u00e9s Manuel L\u00f3pez Obrador es precisamente el tema de la inseguridad que ha ganado terreno en entidades como Zacatecas, Michoac\u00e1n, Colima, Nuevo Le\u00f3n o Guanajuato. \u00abLo que nosotros pedimos y solicitamos [&hellip;]\" \/>\n<meta property=\"og:url\" content=\"https:\/\/canal7slp.tv\/2022\/preocupa-a-federacion-inseguridad-que-gana-terreno-en-diversas-entidades\/\" \/>\n<meta property=\"og:site_name\" content=\"Canal 7 SLP - 2022\" \/>\n<meta property=\"article:publisher\" content=\"https:\/\/www.facebook.com\/noticieroscanalsiete\" \/>\n<meta property=\"article:published_time\" content=\"2022-04-25T23:26:07+00:00\" \/>\n<meta property=\"og:image\" content=\"https:\/\/canal7slp.tv\/2022\/wp-content\/uploads\/2022\/04\/Vazquez02Seguridad.jpg\" \/>\n\t<meta property=\"og:image:width\" content=\"888\" \/>\n\t<meta property=\"og:image:height\" content=\"500\" \/>\n\t<meta property=\"og:image:type\" content=\"image\/jpeg\" \/>\n<meta name=\"author\" content=\"Edici\u00f3n Web\" \/>\n<meta name=\"twitter:card\" content=\"summary_large_image\" \/>\n<meta name=\"twitter:creator\" content=\"@NOTICIEROS7\" \/>\n<meta name=\"twitter:site\" content=\"@NOTICIEROS7\" \/>\n<meta name=\"twitter:label1\" content=\"Escrito por\" \/>\n\t<meta name=\"twitter:data1\" content=\"Edici\u00f3n Web\" \/>\n\t<meta name=\"twitter:label2\" content=\"Tiempo de lectura\" \/>\n\t<meta name=\"twitter:data2\" content=\"2 minutos\" \/>\n<script type=\"application\/ld+json\" class=\"yoast-schema-graph\">{\"@context\":\"https:\\\/\\\/schema.org\",\"@graph\":[{\"@type\":\"Article\",\"@id\":\"https:\\\/\\\/canal7slp.tv\\\/2022\\\/preocupa-a-federacion-inseguridad-que-gana-terreno-en-diversas-entidades\\\/#article\",\"isPartOf\":{\"@id\":\"https:\\\/\\\/canal7slp.tv\\\/2022\\\/preocupa-a-federacion-inseguridad-que-gana-terreno-en-diversas-entidades\\\/\"},\"author\":{\"name\":\"Edici\u00f3n Web\",\"@id\":\"https:\\\/\\\/canal7slp.tv\\\/2022\\\/#\\\/schema\\\/person\\\/429704152a21f5f856ce29aa69a238da\"},\"headline\":\"Preocupa a Federaci\u00f3n inseguridad que gana terreno en diversas entidades.\",\"datePublished\":\"2022-04-25T23:26:07+00:00\",\"mainEntityOfPage\":{\"@id\":\"https:\\\/\\\/canal7slp.tv\\\/2022\\\/preocupa-a-federacion-inseguridad-que-gana-terreno-en-diversas-entidades\\\/\"},\"wordCount\":306,\"publisher\":{\"@id\":\"https:\\\/\\\/canal7slp.tv\\\/2022\\\/#organization\"},\"image\":{\"@id\":\"https:\\\/\\\/canal7slp.tv\\\/2022\\\/preocupa-a-federacion-inseguridad-que-gana-terreno-en-diversas-entidades\\\/#primaryimage\"},\"thumbnailUrl\":\"https:\\\/\\\/canal7slp.tv\\\/2022\\\/wp-content\\\/uploads\\\/2022\\\/04\\\/Vazquez02Seguridad.jpg\",\"articleSection\":[\"DESTACADAS\",\"GOBEDOSLP\",\"LOCALES Y REGIONALES\"],\"inLanguage\":\"es\"},{\"@type\":\"WebPage\",\"@id\":\"https:\\\/\\\/canal7slp.tv\\\/2022\\\/preocupa-a-federacion-inseguridad-que-gana-terreno-en-diversas-entidades\\\/\",\"url\":\"https:\\\/\\\/canal7slp.tv\\\/2022\\\/preocupa-a-federacion-inseguridad-que-gana-terreno-en-diversas-entidades\\\/\",\"name\":\"Preocupa a Federaci\u00f3n inseguridad que gana terreno en diversas entidades. - Canal 7 SLP - 2022\",\"isPartOf\":{\"@id\":\"https:\\\/\\\/canal7slp.tv\\\/2022\\\/#website\"},\"primaryImageOfPage\":{\"@id\":\"https:\\\/\\\/canal7slp.tv\\\/2022\\\/preocupa-a-federacion-inseguridad-que-gana-terreno-en-diversas-entidades\\\/#primaryimage\"},\"image\":{\"@id\":\"https:\\\/\\\/canal7slp.tv\\\/2022\\\/preocupa-a-federacion-inseguridad-que-gana-terreno-en-diversas-entidades\\\/#primaryimage\"},\"thumbnailUrl\":\"https:\\\/\\\/canal7slp.tv\\\/2022\\\/wp-content\\\/uploads\\\/2022\\\/04\\\/Vazquez02Seguridad.jpg\",\"datePublished\":\"2022-04-25T23:26:07+00:00\",\"breadcrumb\":{\"@id\":\"https:\\\/\\\/canal7slp.tv\\\/2022\\\/preocupa-a-federacion-inseguridad-que-gana-terreno-en-diversas-entidades\\\/#breadcrumb\"},\"inLanguage\":\"es\",\"potentialAction\":[{\"@type\":\"ReadAction\",\"target\":[\"https:\\\/\\\/canal7slp.tv\\\/2022\\\/preocupa-a-federacion-inseguridad-que-gana-terreno-en-diversas-entidades\\\/\"]}]},{\"@type\":\"ImageObject\",\"inLanguage\":\"es\",\"@id\":\"https:\\\/\\\/canal7slp.tv\\\/2022\\\/preocupa-a-federacion-inseguridad-que-gana-terreno-en-diversas-entidades\\\/#primaryimage\",\"url\":\"https:\\\/\\\/canal7slp.tv\\\/2022\\\/wp-content\\\/uploads\\\/2022\\\/04\\\/Vazquez02Seguridad.jpg\",\"contentUrl\":\"https:\\\/\\\/canal7slp.tv\\\/2022\\\/wp-content\\\/uploads\\\/2022\\\/04\\\/Vazquez02Seguridad.jpg\",\"width\":888,\"height\":500},{\"@type\":\"BreadcrumbList\",\"@id\":\"https:\\\/\\\/canal7slp.tv\\\/2022\\\/preocupa-a-federacion-inseguridad-que-gana-terreno-en-diversas-entidades\\\/#breadcrumb\",\"itemListElement\":[{\"@type\":\"ListItem\",\"position\":1,\"name\":\"Portada\",\"item\":\"https:\\\/\\\/canal7slp.tv\\\/2022\\\/\"},{\"@type\":\"ListItem\",\"position\":2,\"name\":\"Preocupa a Federaci\u00f3n inseguridad que gana terreno en diversas entidades.\"}]},{\"@type\":\"WebSite\",\"@id\":\"https:\\\/\\\/canal7slp.tv\\\/2022\\\/#website\",\"url\":\"https:\\\/\\\/canal7slp.tv\\\/2022\\\/\",\"name\":\"N7 - Noticieros Canal 7\",\"description\":\"Somos Televisi\u00f3n\",\"publisher\":{\"@id\":\"https:\\\/\\\/canal7slp.tv\\\/2022\\\/#organization\"},\"potentialAction\":[{\"@type\":\"SearchAction\",\"target\":{\"@type\":\"EntryPoint\",\"urlTemplate\":\"https:\\\/\\\/canal7slp.tv\\\/2022\\\/?s={search_term_string}\"},\"query-input\":{\"@type\":\"PropertyValueSpecification\",\"valueRequired\":true,\"valueName\":\"search_term_string\"}}],\"inLanguage\":\"es\"},{\"@type\":\"Organization\",\"@id\":\"https:\\\/\\\/canal7slp.tv\\\/2022\\\/#organization\",\"name\":\"Noticieros Canal 7\",\"url\":\"https:\\\/\\\/canal7slp.tv\\\/2022\\\/\",\"logo\":{\"@type\":\"ImageObject\",\"inLanguage\":\"es\",\"@id\":\"https:\\\/\\\/canal7slp.tv\\\/2022\\\/#\\\/schema\\\/logo\\\/image\\\/\",\"url\":\"https:\\\/\\\/canal7slp.tv\\\/2022\\\/wp-content\\\/uploads\\\/2021\\\/01\\\/logo-noticieros@2x.png\",\"contentUrl\":\"https:\\\/\\\/canal7slp.tv\\\/2022\\\/wp-content\\\/uploads\\\/2021\\\/01\\\/logo-noticieros@2x.png\",\"width\":1017,\"height\":268,\"caption\":\"Noticieros Canal 7\"},\"image\":{\"@id\":\"https:\\\/\\\/canal7slp.tv\\\/2022\\\/#\\\/schema\\\/logo\\\/image\\\/\"},\"sameAs\":[\"https:\\\/\\\/www.facebook.com\\\/noticieroscanalsiete\",\"https:\\\/\\\/x.com\\\/NOTICIEROS7\",\"https:\\\/\\\/www.instagram.com\\\/canal7_slp\",\"https:\\\/\\\/www.youtube.com\\\/channel\\\/UCliiYs-gP3JfJeqdPrNdd5A\"]},{\"@type\":\"Person\",\"@id\":\"https:\\\/\\\/canal7slp.tv\\\/2022\\\/#\\\/schema\\\/person\\\/429704152a21f5f856ce29aa69a238da\",\"name\":\"Edici\u00f3n Web\",\"image\":{\"@type\":\"ImageObject\",\"inLanguage\":\"es\",\"@id\":\"https:\\\/\\\/secure.gravatar.com\\\/avatar\\\/eee448fc3f7164808013b816ba91ac7e43bbe82a70bebac296f8bc6f0addaa1a?s=96&d=mm&r=g\",\"url\":\"https:\\\/\\\/secure.gravatar.com\\\/avatar\\\/eee448fc3f7164808013b816ba91ac7e43bbe82a70bebac296f8bc6f0addaa1a?s=96&d=mm&r=g\",\"contentUrl\":\"https:\\\/\\\/secure.gravatar.com\\\/avatar\\\/eee448fc3f7164808013b816ba91ac7e43bbe82a70bebac296f8bc6f0addaa1a?s=96&d=mm&r=g\",\"caption\":\"Edici\u00f3n Web\"},\"url\":\"https:\\\/\\\/canal7slp.tv\\\/2022\\\/author\\\/edicionweb\\\/\"}]}<\/script>\n<!-- \/ Yoast SEO plugin. -->","yoast_head_json":{"title":"Preocupa a Federaci\u00f3n inseguridad que gana terreno en diversas entidades. - Canal 7 SLP - 2022","robots":{"index":"index","follow":"follow","max-snippet":"max-snippet:-1","max-image-preview":"max-image-preview:large","max-video-preview":"max-video-preview:-1"},"canonical":"https:\/\/canal7slp.tv\/2022\/preocupa-a-federacion-inseguridad-que-gana-terreno-en-diversas-entidades\/","og_locale":"es_ES","og_type":"article","og_title":"Preocupa a Federaci\u00f3n inseguridad que gana terreno en diversas entidades. - Canal 7 SLP - 2022","og_description":"Ello motiva el compromiso de construcci\u00f3n de cuarteles de Guardia Nacional en SLP, afirma Ejecutivo Local. SLP.- De acuerdo con el mandatario estatal, Jos\u00e9 Ricardo Gallardo Cardona, durante su reuni\u00f3n con el presidente de la Rep\u00fablica se le solicit\u00f3 no retirar elementos de la Guardia Nacional asignados en San Luis Potos\u00ed para reforzar la seguridad de otros estados. Y es que se\u00f1al\u00f3 que una de las principales preocupaciones de Andr\u00e9s Manuel L\u00f3pez Obrador es precisamente el tema de la inseguridad que ha ganado terreno en entidades como Zacatecas, Michoac\u00e1n, Colima, Nuevo Le\u00f3n o Guanajuato. \u00abLo que nosotros pedimos y solicitamos [&hellip;]","og_url":"https:\/\/canal7slp.tv\/2022\/preocupa-a-federacion-inseguridad-que-gana-terreno-en-diversas-entidades\/","og_site_name":"Canal 7 SLP - 2022","article_publisher":"https:\/\/www.facebook.com\/noticieroscanalsiete","article_published_time":"2022-04-25T23:26:07+00:00","og_image":[{"width":888,"height":500,"url":"https:\/\/canal7slp.tv\/2022\/wp-content\/uploads\/2022\/04\/Vazquez02Seguridad.jpg","type":"image\/jpeg"}],"author":"Edici\u00f3n Web","twitter_card":"summary_large_image","twitter_creator":"@NOTICIEROS7","twitter_site":"@NOTICIEROS7","twitter_misc":{"Escrito por":"Edici\u00f3n Web","Tiempo de lectura":"2 minutos"},"schema":{"@context":"https:\/\/schema.org","@graph":[{"@type":"Article","@id":"https:\/\/canal7slp.tv\/2022\/preocupa-a-federacion-inseguridad-que-gana-terreno-en-diversas-entidades\/#article","isPartOf":{"@id":"https:\/\/canal7slp.tv\/2022\/preocupa-a-federacion-inseguridad-que-gana-terreno-en-diversas-entidades\/"},"author":{"name":"Edici\u00f3n Web","@id":"https:\/\/canal7slp.tv\/2022\/#\/schema\/person\/429704152a21f5f856ce29aa69a238da"},"headline":"Preocupa a Federaci\u00f3n inseguridad que gana terreno en diversas entidades.","datePublished":"2022-04-25T23:26:07+00:00","mainEntityOfPage":{"@id":"https:\/\/canal7slp.tv\/2022\/preocupa-a-federacion-inseguridad-que-gana-terreno-en-diversas-entidades\/"},"wordCount":306,"publisher":{"@id":"https:\/\/canal7slp.tv\/2022\/#organization"},"image":{"@id":"https:\/\/canal7slp.tv\/2022\/preocupa-a-federacion-inseguridad-que-gana-terreno-en-diversas-entidades\/#primaryimage"},"thumbnailUrl":"https:\/\/canal7slp.tv\/2022\/wp-content\/uploads\/2022\/04\/Vazquez02Seguridad.jpg","articleSection":["DESTACADAS","GOBEDOSLP","LOCALES Y REGIONALES"],"inLanguage":"es"},{"@type":"WebPage","@id":"https:\/\/canal7slp.tv\/2022\/preocupa-a-federacion-inseguridad-que-gana-terreno-en-diversas-entidades\/","url":"https:\/\/canal7slp.tv\/2022\/preocupa-a-federacion-inseguridad-que-gana-terreno-en-diversas-entidades\/","name":"Preocupa a Federaci\u00f3n inseguridad que gana terreno en diversas entidades. - Canal 7 SLP - 2022","isPartOf":{"@id":"https:\/\/canal7slp.tv\/2022\/#website"},"primaryImageOfPage":{"@id":"https:\/\/canal7slp.tv\/2022\/preocupa-a-federacion-inseguridad-que-gana-terreno-en-diversas-entidades\/#primaryimage"},"image":{"@id":"https:\/\/canal7slp.tv\/2022\/preocupa-a-federacion-inseguridad-que-gana-terreno-en-diversas-entidades\/#primaryimage"},"thumbnailUrl":"https:\/\/canal7slp.tv\/2022\/wp-content\/uploads\/2022\/04\/Vazquez02Seguridad.jpg","datePublished":"2022-04-25T23:26:07+00:00","breadcrumb":{"@id":"https:\/\/canal7slp.tv\/2022\/preocupa-a-federacion-inseguridad-que-gana-terreno-en-diversas-entidades\/#breadcrumb"},"inLanguage":"es","potentialAction":[{"@type":"ReadAction","target":["https:\/\/canal7slp.tv\/2022\/preocupa-a-federacion-inseguridad-que-gana-terreno-en-diversas-entidades\/"]}]},{"@type":"ImageObject","inLanguage":"es","@id":"https:\/\/canal7slp.tv\/2022\/preocupa-a-federacion-inseguridad-que-gana-terreno-en-diversas-entidades\/#primaryimage","url":"https:\/\/canal7slp.tv\/2022\/wp-content\/uploads\/2022\/04\/Vazquez02Seguridad.jpg","contentUrl":"https:\/\/canal7slp.tv\/2022\/wp-content\/uploads\/2022\/04\/Vazquez02Seguridad.jpg","width":888,"height":500},{"@type":"BreadcrumbList","@id":"https:\/\/canal7slp.tv\/2022\/preocupa-a-federacion-inseguridad-que-gana-terreno-en-diversas-entidades\/#breadcrumb","itemListElement":[{"@type":"ListItem","position":1,"name":"Portada","item":"https:\/\/canal7slp.tv\/2022\/"},{"@type":"ListItem","position":2,"name":"Preocupa a Federaci\u00f3n inseguridad que gana terreno en diversas entidades."}]},{"@type":"WebSite","@id":"https:\/\/canal7slp.tv\/2022\/#website","url":"https:\/\/canal7slp.tv\/2022\/","name":"N7 - Noticieros Canal 7","description":"Somos Televisi\u00f3n","publisher":{"@id":"https:\/\/canal7slp.tv\/2022\/#organization"},"potentialAction":[{"@type":"SearchAction","target":{"@type":"EntryPoint","urlTemplate":"https:\/\/canal7slp.tv\/2022\/?s={search_term_string}"},"query-input":{"@type":"PropertyValueSpecification","valueRequired":true,"valueName":"search_term_string"}}],"inLanguage":"es"},{"@type":"Organization","@id":"https:\/\/canal7slp.tv\/2022\/#organization","name":"Noticieros Canal 7","url":"https:\/\/canal7slp.tv\/2022\/","logo":{"@type":"ImageObject","inLanguage":"es","@id":"https:\/\/canal7slp.tv\/2022\/#\/schema\/logo\/image\/","url":"https:\/\/canal7slp.tv\/2022\/wp-content\/uploads\/2021\/01\/logo-noticieros@2x.png","contentUrl":"https:\/\/canal7slp.tv\/2022\/wp-content\/uploads\/2021\/01\/logo-noticieros@2x.png","width":1017,"height":268,"caption":"Noticieros Canal 7"},"image":{"@id":"https:\/\/canal7slp.tv\/2022\/#\/schema\/logo\/image\/"},"sameAs":["https:\/\/www.facebook.com\/noticieroscanalsiete","https:\/\/x.com\/NOTICIEROS7","https:\/\/www.instagram.com\/canal7_slp","https:\/\/www.youtube.com\/channel\/UCliiYs-gP3JfJeqdPrNdd5A"]},{"@type":"Person","@id":"https:\/\/canal7slp.tv\/2022\/#\/schema\/person\/429704152a21f5f856ce29aa69a238da","name":"Edici\u00f3n Web","image":{"@type":"ImageObject","inLanguage":"es","@id":"https:\/\/secure.gravatar.com\/avatar\/eee448fc3f7164808013b816ba91ac7e43bbe82a70bebac296f8bc6f0addaa1a?s=96&d=mm&r=g","url":"https:\/\/secure.gravatar.com\/avatar\/eee448fc3f7164808013b816ba91ac7e43bbe82a70bebac296f8bc6f0addaa1a?s=96&d=mm&r=g","contentUrl":"https:\/\/secure.gravatar.com\/avatar\/eee448fc3f7164808013b816ba91ac7e43bbe82a70bebac296f8bc6f0addaa1a?s=96&d=mm&r=g","caption":"Edici\u00f3n Web"},"url":"https:\/\/canal7slp.tv\/2022\/author\/edicionweb\/"}]}},"amp_enabled":true,"_links":{"self":[{"href":"https:\/\/canal7slp.tv\/2022\/wp-json\/wp\/v2\/posts\/58233","targetHints":{"allow":["GET"]}}],"collection":[{"href":"https:\/\/canal7slp.tv\/2022\/wp-json\/wp\/v2\/posts"}],"about":[{"href":"https:\/\/canal7slp.tv\/2022\/wp-json\/wp\/v2\/types\/post"}],"author":[{"embeddable":true,"href":"https:\/\/canal7slp.tv\/2022\/wp-json\/wp\/v2\/users\/2"}],"replies":[{"embeddable":true,"href":"https:\/\/canal7slp.tv\/2022\/wp-json\/wp\/v2\/comments?post=58233"}],"version-history":[{"count":3,"href":"https:\/\/canal7slp.tv\/2022\/wp-json\/wp\/v2\/posts\/58233\/revisions"}],"predecessor-version":[{"id":58260,"href":"https:\/\/canal7slp.tv\/2022\/wp-json\/wp\/v2\/posts\/58233\/revisions\/58260"}],"wp:featuredmedia":[{"embeddable":true,"href":"https:\/\/canal7slp.tv\/2022\/wp-json\/wp\/v2\/media\/58259"}],"wp:attachment":[{"href":"https:\/\/canal7slp.tv\/2022\/wp-json\/wp\/v2\/media?parent=58233"}],"wp:term":[{"taxonomy":"category","embeddable":true,"href":"https:\/\/canal7slp.tv\/2022\/wp-json\/wp\/v2\/categories?post=58233"},{"taxonomy":"post_tag","embeddable":true,"href":"https:\/\/canal7slp.tv\/2022\/wp-json\/wp\/v2\/tags?post=58233"}],"curies":[{"name":"wp","href":"https:\/\/api.w.org\/{rel}","templated":true}]}}