{"id":58210,"date":"2022-04-25T14:51:13","date_gmt":"2022-04-25T20:51:13","guid":{"rendered":"https:\/\/canal7slp.tv\/2022\/?p=58210"},"modified":"2022-04-25T14:51:13","modified_gmt":"2022-04-25T20:51:13","slug":"scjn-declara-la-invalidez-del-panaut","status":"publish","type":"post","link":"https:\/\/canal7slp.tv\/2022\/scjn-declara-la-invalidez-del-panaut\/","title":{"rendered":"SCJN declara la invalidez del PANAUT"},"content":{"rendered":"<p style=\"text-align: justify;\">M\u00e9xico.- El Instituto Nacional de Transparencia, Acceso a la Informaci\u00f3n y Protecci\u00f3n de Datos Personales (INAI), inform\u00f3 que la Suprema Corte de Justicia de la Naci\u00f3n (SCJN) invalid\u00f3 la totalidad del decreto de reformas para la creaci\u00f3n del Padr\u00f3n Nacional de Usuarios de Telefon\u00eda M\u00f3vil (PANAUT).<\/p>\n<blockquote class=\"twitter-tweet\" data-width=\"550\" data-dnt=\"true\">\n<p lang=\"es\" dir=\"ltr\">El Pleno del INAI reconoce la determinaci\u00f3n de la Suprema Corte de Justicia de la Naci\u00f3n (<a href=\"https:\/\/twitter.com\/SCJN?ref_src=twsrc%5Etfw\">@SCJN<\/a>) sobre la Acci\u00f3n de inconstitucionalidad 82\/2021 y su acumulada 86\/2021, que declara la invalidez del Padr\u00f3n Nacional de Usuarios de Telefon\u00eda M\u00f3vil <a href=\"https:\/\/twitter.com\/hashtag\/PANAUT?src=hash&amp;ref_src=twsrc%5Etfw\">#PANAUT<\/a>. <a href=\"https:\/\/t.co\/eRzLPkGlNj\">pic.twitter.com\/eRzLPkGlNj<\/a><\/p>\n<p>&mdash; INAI (@INAImexico) <a href=\"https:\/\/twitter.com\/INAImexico\/status\/1518668060445618178?ref_src=twsrc%5Etfw\">April 25, 2022<\/a><\/p><\/blockquote>\n<p><script async src=\"https:\/\/platform.twitter.com\/widgets.js\" charset=\"utf-8\"><\/script><\/p>\n<p style=\"text-align: justify;\">Cabe se\u00f1alar que el PANAUT buscaba vincular los datos personales y biom\u00e9tricos a una una tarjeta SIM.<\/p>\n<p style=\"text-align: justify;\">Por su parte, el INAI celebr\u00f3 que con esta acci\u00f3n se salvaguarde la privacidad, intimidad y los datos personales de las mexicanas y los mexicanos.<\/p>\n<p style=\"text-align: justify;\">\u201cEl Pleno del INAI reconoce la determinaci\u00f3n de la Suprema Corte de Justicia de la Naci\u00f3n (@SCJN) sobre la Acci\u00f3n de inconstitucionalidad 82\/2021 y su acumulada 86\/2021, que declara la invalidez del Padr\u00f3n Nacional de Usuarios de Telefon\u00eda M\u00f3vil #PANAUT.\u201d, detall\u00f3 el Instituto en Redes Sociales.<\/p>\n","protected":false},"excerpt":{"rendered":"<p>M\u00e9xico.- El Instituto Nacional de Transparencia, Acceso a la Informaci\u00f3n y Protecci\u00f3n de Datos Personales (INAI), inform\u00f3 que la Suprema Corte de Justicia de la Naci\u00f3n (SCJN) invalid\u00f3 la totalidad del decreto de reformas para la creaci\u00f3n del Padr\u00f3n Nacional de Usuarios de Telefon\u00eda M\u00f3vil (PANAUT). El Pleno del INAI reconoce la determinaci\u00f3n de la Suprema Corte de Justicia de la Naci\u00f3n (@SCJN) sobre la Acci\u00f3n de inconstitucionalidad 82\/2021 y su acumulada 86\/2021, que declara la invalidez del Padr\u00f3n Nacional de Usuarios de Telefon\u00eda M\u00f3vil #PANAUT. pic.twitter.com\/eRzLPkGlNj &mdash; INAI (@INAImexico) April 25, 2022 Cabe se\u00f1alar que el PANAUT buscaba vincular [&hellip;]<\/p>\n","protected":false},"author":2,"featured_media":58222,"comment_status":"closed","ping_status":"closed","sticky":false,"template":"","format":"standard","meta":{"footnotes":""},"categories":[46],"tags":[],"class_list":["post-58210","post","type-post","status-publish","format-standard","has-post-thumbnail","hentry","category-nacional","post--single"],"yoast_head":"<!-- This site is optimized with the Yoast SEO plugin v27.4 - https:\/\/yoast.com\/product\/yoast-seo-wordpress\/ -->\n<title>SCJN declara la invalidez del PANAUT - Canal 7 SLP - 2022<\/title>\n<meta name=\"robots\" content=\"index, follow, max-snippet:-1, max-image-preview:large, max-video-preview:-1\" \/>\n<link rel=\"canonical\" href=\"https:\/\/canal7slp.tv\/2022\/scjn-declara-la-invalidez-del-panaut\/\" \/>\n<meta property=\"og:locale\" content=\"es_ES\" \/>\n<meta property=\"og:type\" content=\"article\" \/>\n<meta property=\"og:title\" content=\"SCJN declara la invalidez del PANAUT - Canal 7 SLP - 2022\" \/>\n<meta property=\"og:description\" content=\"M\u00e9xico.- El Instituto Nacional de Transparencia, Acceso a la Informaci\u00f3n y Protecci\u00f3n de Datos Personales (INAI), inform\u00f3 que la Suprema Corte de Justicia de la Naci\u00f3n (SCJN) invalid\u00f3 la totalidad del decreto de reformas para la creaci\u00f3n del Padr\u00f3n Nacional de Usuarios de Telefon\u00eda M\u00f3vil (PANAUT). El Pleno del INAI reconoce la determinaci\u00f3n de la Suprema Corte de Justicia de la Naci\u00f3n (@SCJN) sobre la Acci\u00f3n de inconstitucionalidad 82\/2021 y su acumulada 86\/2021, que declara la invalidez del Padr\u00f3n Nacional de Usuarios de Telefon\u00eda M\u00f3vil #PANAUT. pic.twitter.com\/eRzLPkGlNj &mdash; INAI (@INAImexico) April 25, 2022 Cabe se\u00f1alar que el PANAUT buscaba vincular [&hellip;]\" \/>\n<meta property=\"og:url\" content=\"https:\/\/canal7slp.tv\/2022\/scjn-declara-la-invalidez-del-panaut\/\" \/>\n<meta property=\"og:site_name\" content=\"Canal 7 SLP - 2022\" \/>\n<meta property=\"article:publisher\" content=\"https:\/\/www.facebook.com\/noticieroscanalsiete\" \/>\n<meta property=\"article:published_time\" content=\"2022-04-25T20:51:13+00:00\" \/>\n<meta property=\"og:image\" content=\"https:\/\/canal7slp.tv\/2022\/wp-content\/uploads\/2022\/04\/03-22.jpg\" \/>\n\t<meta property=\"og:image:width\" content=\"780\" \/>\n\t<meta property=\"og:image:height\" content=\"470\" \/>\n\t<meta property=\"og:image:type\" content=\"image\/jpeg\" \/>\n<meta name=\"author\" content=\"Edici\u00f3n Web\" \/>\n<meta name=\"twitter:card\" content=\"summary_large_image\" \/>\n<meta name=\"twitter:creator\" content=\"@NOTICIEROS7\" \/>\n<meta name=\"twitter:site\" content=\"@NOTICIEROS7\" \/>\n<meta name=\"twitter:label1\" content=\"Escrito por\" \/>\n\t<meta name=\"twitter:data1\" content=\"Edici\u00f3n Web\" \/>\n\t<meta name=\"twitter:label2\" content=\"Tiempo de lectura\" \/>\n\t<meta name=\"twitter:data2\" content=\"1 minuto\" \/>\n<script type=\"application\/ld+json\" class=\"yoast-schema-graph\">{\"@context\":\"https:\\\/\\\/schema.org\",\"@graph\":[{\"@type\":\"Article\",\"@id\":\"https:\\\/\\\/canal7slp.tv\\\/2022\\\/scjn-declara-la-invalidez-del-panaut\\\/#article\",\"isPartOf\":{\"@id\":\"https:\\\/\\\/canal7slp.tv\\\/2022\\\/scjn-declara-la-invalidez-del-panaut\\\/\"},\"author\":{\"name\":\"Edici\u00f3n Web\",\"@id\":\"https:\\\/\\\/canal7slp.tv\\\/2022\\\/#\\\/schema\\\/person\\\/429704152a21f5f856ce29aa69a238da\"},\"headline\":\"SCJN declara la invalidez del PANAUT\",\"datePublished\":\"2022-04-25T20:51:13+00:00\",\"mainEntityOfPage\":{\"@id\":\"https:\\\/\\\/canal7slp.tv\\\/2022\\\/scjn-declara-la-invalidez-del-panaut\\\/\"},\"wordCount\":167,\"publisher\":{\"@id\":\"https:\\\/\\\/canal7slp.tv\\\/2022\\\/#organization\"},\"image\":{\"@id\":\"https:\\\/\\\/canal7slp.tv\\\/2022\\\/scjn-declara-la-invalidez-del-panaut\\\/#primaryimage\"},\"thumbnailUrl\":\"https:\\\/\\\/canal7slp.tv\\\/2022\\\/wp-content\\\/uploads\\\/2022\\\/04\\\/03-22.jpg\",\"articleSection\":[\"NACIONALES\"],\"inLanguage\":\"es\"},{\"@type\":\"WebPage\",\"@id\":\"https:\\\/\\\/canal7slp.tv\\\/2022\\\/scjn-declara-la-invalidez-del-panaut\\\/\",\"url\":\"https:\\\/\\\/canal7slp.tv\\\/2022\\\/scjn-declara-la-invalidez-del-panaut\\\/\",\"name\":\"SCJN declara la invalidez del PANAUT - Canal 7 SLP - 2022\",\"isPartOf\":{\"@id\":\"https:\\\/\\\/canal7slp.tv\\\/2022\\\/#website\"},\"primaryImageOfPage\":{\"@id\":\"https:\\\/\\\/canal7slp.tv\\\/2022\\\/scjn-declara-la-invalidez-del-panaut\\\/#primaryimage\"},\"image\":{\"@id\":\"https:\\\/\\\/canal7slp.tv\\\/2022\\\/scjn-declara-la-invalidez-del-panaut\\\/#primaryimage\"},\"thumbnailUrl\":\"https:\\\/\\\/canal7slp.tv\\\/2022\\\/wp-content\\\/uploads\\\/2022\\\/04\\\/03-22.jpg\",\"datePublished\":\"2022-04-25T20:51:13+00:00\",\"breadcrumb\":{\"@id\":\"https:\\\/\\\/canal7slp.tv\\\/2022\\\/scjn-declara-la-invalidez-del-panaut\\\/#breadcrumb\"},\"inLanguage\":\"es\",\"potentialAction\":[{\"@type\":\"ReadAction\",\"target\":[\"https:\\\/\\\/canal7slp.tv\\\/2022\\\/scjn-declara-la-invalidez-del-panaut\\\/\"]}]},{\"@type\":\"ImageObject\",\"inLanguage\":\"es\",\"@id\":\"https:\\\/\\\/canal7slp.tv\\\/2022\\\/scjn-declara-la-invalidez-del-panaut\\\/#primaryimage\",\"url\":\"https:\\\/\\\/canal7slp.tv\\\/2022\\\/wp-content\\\/uploads\\\/2022\\\/04\\\/03-22.jpg\",\"contentUrl\":\"https:\\\/\\\/canal7slp.tv\\\/2022\\\/wp-content\\\/uploads\\\/2022\\\/04\\\/03-22.jpg\",\"width\":780,\"height\":470},{\"@type\":\"BreadcrumbList\",\"@id\":\"https:\\\/\\\/canal7slp.tv\\\/2022\\\/scjn-declara-la-invalidez-del-panaut\\\/#breadcrumb\",\"itemListElement\":[{\"@type\":\"ListItem\",\"position\":1,\"name\":\"Portada\",\"item\":\"https:\\\/\\\/canal7slp.tv\\\/2022\\\/\"},{\"@type\":\"ListItem\",\"position\":2,\"name\":\"SCJN declara la invalidez del PANAUT\"}]},{\"@type\":\"WebSite\",\"@id\":\"https:\\\/\\\/canal7slp.tv\\\/2022\\\/#website\",\"url\":\"https:\\\/\\\/canal7slp.tv\\\/2022\\\/\",\"name\":\"N7 - Noticieros Canal 7\",\"description\":\"Somos Televisi\u00f3n\",\"publisher\":{\"@id\":\"https:\\\/\\\/canal7slp.tv\\\/2022\\\/#organization\"},\"potentialAction\":[{\"@type\":\"SearchAction\",\"target\":{\"@type\":\"EntryPoint\",\"urlTemplate\":\"https:\\\/\\\/canal7slp.tv\\\/2022\\\/?s={search_term_string}\"},\"query-input\":{\"@type\":\"PropertyValueSpecification\",\"valueRequired\":true,\"valueName\":\"search_term_string\"}}],\"inLanguage\":\"es\"},{\"@type\":\"Organization\",\"@id\":\"https:\\\/\\\/canal7slp.tv\\\/2022\\\/#organization\",\"name\":\"Noticieros Canal 7\",\"url\":\"https:\\\/\\\/canal7slp.tv\\\/2022\\\/\",\"logo\":{\"@type\":\"ImageObject\",\"inLanguage\":\"es\",\"@id\":\"https:\\\/\\\/canal7slp.tv\\\/2022\\\/#\\\/schema\\\/logo\\\/image\\\/\",\"url\":\"https:\\\/\\\/canal7slp.tv\\\/2022\\\/wp-content\\\/uploads\\\/2021\\\/01\\\/logo-noticieros@2x.png\",\"contentUrl\":\"https:\\\/\\\/canal7slp.tv\\\/2022\\\/wp-content\\\/uploads\\\/2021\\\/01\\\/logo-noticieros@2x.png\",\"width\":1017,\"height\":268,\"caption\":\"Noticieros Canal 7\"},\"image\":{\"@id\":\"https:\\\/\\\/canal7slp.tv\\\/2022\\\/#\\\/schema\\\/logo\\\/image\\\/\"},\"sameAs\":[\"https:\\\/\\\/www.facebook.com\\\/noticieroscanalsiete\",\"https:\\\/\\\/x.com\\\/NOTICIEROS7\",\"https:\\\/\\\/www.instagram.com\\\/canal7_slp\",\"https:\\\/\\\/www.youtube.com\\\/channel\\\/UCliiYs-gP3JfJeqdPrNdd5A\"]},{\"@type\":\"Person\",\"@id\":\"https:\\\/\\\/canal7slp.tv\\\/2022\\\/#\\\/schema\\\/person\\\/429704152a21f5f856ce29aa69a238da\",\"name\":\"Edici\u00f3n Web\",\"image\":{\"@type\":\"ImageObject\",\"inLanguage\":\"es\",\"@id\":\"https:\\\/\\\/secure.gravatar.com\\\/avatar\\\/eee448fc3f7164808013b816ba91ac7e43bbe82a70bebac296f8bc6f0addaa1a?s=96&d=mm&r=g\",\"url\":\"https:\\\/\\\/secure.gravatar.com\\\/avatar\\\/eee448fc3f7164808013b816ba91ac7e43bbe82a70bebac296f8bc6f0addaa1a?s=96&d=mm&r=g\",\"contentUrl\":\"https:\\\/\\\/secure.gravatar.com\\\/avatar\\\/eee448fc3f7164808013b816ba91ac7e43bbe82a70bebac296f8bc6f0addaa1a?s=96&d=mm&r=g\",\"caption\":\"Edici\u00f3n Web\"},\"url\":\"https:\\\/\\\/canal7slp.tv\\\/2022\\\/author\\\/edicionweb\\\/\"}]}<\/script>\n<!-- \/ Yoast SEO plugin. -->","yoast_head_json":{"title":"SCJN declara la invalidez del PANAUT - Canal 7 SLP - 2022","robots":{"index":"index","follow":"follow","max-snippet":"max-snippet:-1","max-image-preview":"max-image-preview:large","max-video-preview":"max-video-preview:-1"},"canonical":"https:\/\/canal7slp.tv\/2022\/scjn-declara-la-invalidez-del-panaut\/","og_locale":"es_ES","og_type":"article","og_title":"SCJN declara la invalidez del PANAUT - Canal 7 SLP - 2022","og_description":"M\u00e9xico.- El Instituto Nacional de Transparencia, Acceso a la Informaci\u00f3n y Protecci\u00f3n de Datos Personales (INAI), inform\u00f3 que la Suprema Corte de Justicia de la Naci\u00f3n (SCJN) invalid\u00f3 la totalidad del decreto de reformas para la creaci\u00f3n del Padr\u00f3n Nacional de Usuarios de Telefon\u00eda M\u00f3vil (PANAUT). El Pleno del INAI reconoce la determinaci\u00f3n de la Suprema Corte de Justicia de la Naci\u00f3n (@SCJN) sobre la Acci\u00f3n de inconstitucionalidad 82\/2021 y su acumulada 86\/2021, que declara la invalidez del Padr\u00f3n Nacional de Usuarios de Telefon\u00eda M\u00f3vil #PANAUT. pic.twitter.com\/eRzLPkGlNj &mdash; INAI (@INAImexico) April 25, 2022 Cabe se\u00f1alar que el PANAUT buscaba vincular [&hellip;]","og_url":"https:\/\/canal7slp.tv\/2022\/scjn-declara-la-invalidez-del-panaut\/","og_site_name":"Canal 7 SLP - 2022","article_publisher":"https:\/\/www.facebook.com\/noticieroscanalsiete","article_published_time":"2022-04-25T20:51:13+00:00","og_image":[{"width":780,"height":470,"url":"https:\/\/canal7slp.tv\/2022\/wp-content\/uploads\/2022\/04\/03-22.jpg","type":"image\/jpeg"}],"author":"Edici\u00f3n Web","twitter_card":"summary_large_image","twitter_creator":"@NOTICIEROS7","twitter_site":"@NOTICIEROS7","twitter_misc":{"Escrito por":"Edici\u00f3n Web","Tiempo de lectura":"1 minuto"},"schema":{"@context":"https:\/\/schema.org","@graph":[{"@type":"Article","@id":"https:\/\/canal7slp.tv\/2022\/scjn-declara-la-invalidez-del-panaut\/#article","isPartOf":{"@id":"https:\/\/canal7slp.tv\/2022\/scjn-declara-la-invalidez-del-panaut\/"},"author":{"name":"Edici\u00f3n Web","@id":"https:\/\/canal7slp.tv\/2022\/#\/schema\/person\/429704152a21f5f856ce29aa69a238da"},"headline":"SCJN declara la invalidez del PANAUT","datePublished":"2022-04-25T20:51:13+00:00","mainEntityOfPage":{"@id":"https:\/\/canal7slp.tv\/2022\/scjn-declara-la-invalidez-del-panaut\/"},"wordCount":167,"publisher":{"@id":"https:\/\/canal7slp.tv\/2022\/#organization"},"image":{"@id":"https:\/\/canal7slp.tv\/2022\/scjn-declara-la-invalidez-del-panaut\/#primaryimage"},"thumbnailUrl":"https:\/\/canal7slp.tv\/2022\/wp-content\/uploads\/2022\/04\/03-22.jpg","articleSection":["NACIONALES"],"inLanguage":"es"},{"@type":"WebPage","@id":"https:\/\/canal7slp.tv\/2022\/scjn-declara-la-invalidez-del-panaut\/","url":"https:\/\/canal7slp.tv\/2022\/scjn-declara-la-invalidez-del-panaut\/","name":"SCJN declara la invalidez del PANAUT - Canal 7 SLP - 2022","isPartOf":{"@id":"https:\/\/canal7slp.tv\/2022\/#website"},"primaryImageOfPage":{"@id":"https:\/\/canal7slp.tv\/2022\/scjn-declara-la-invalidez-del-panaut\/#primaryimage"},"image":{"@id":"https:\/\/canal7slp.tv\/2022\/scjn-declara-la-invalidez-del-panaut\/#primaryimage"},"thumbnailUrl":"https:\/\/canal7slp.tv\/2022\/wp-content\/uploads\/2022\/04\/03-22.jpg","datePublished":"2022-04-25T20:51:13+00:00","breadcrumb":{"@id":"https:\/\/canal7slp.tv\/2022\/scjn-declara-la-invalidez-del-panaut\/#breadcrumb"},"inLanguage":"es","potentialAction":[{"@type":"ReadAction","target":["https:\/\/canal7slp.tv\/2022\/scjn-declara-la-invalidez-del-panaut\/"]}]},{"@type":"ImageObject","inLanguage":"es","@id":"https:\/\/canal7slp.tv\/2022\/scjn-declara-la-invalidez-del-panaut\/#primaryimage","url":"https:\/\/canal7slp.tv\/2022\/wp-content\/uploads\/2022\/04\/03-22.jpg","contentUrl":"https:\/\/canal7slp.tv\/2022\/wp-content\/uploads\/2022\/04\/03-22.jpg","width":780,"height":470},{"@type":"BreadcrumbList","@id":"https:\/\/canal7slp.tv\/2022\/scjn-declara-la-invalidez-del-panaut\/#breadcrumb","itemListElement":[{"@type":"ListItem","position":1,"name":"Portada","item":"https:\/\/canal7slp.tv\/2022\/"},{"@type":"ListItem","position":2,"name":"SCJN declara la invalidez del PANAUT"}]},{"@type":"WebSite","@id":"https:\/\/canal7slp.tv\/2022\/#website","url":"https:\/\/canal7slp.tv\/2022\/","name":"N7 - Noticieros Canal 7","description":"Somos Televisi\u00f3n","publisher":{"@id":"https:\/\/canal7slp.tv\/2022\/#organization"},"potentialAction":[{"@type":"SearchAction","target":{"@type":"EntryPoint","urlTemplate":"https:\/\/canal7slp.tv\/2022\/?s={search_term_string}"},"query-input":{"@type":"PropertyValueSpecification","valueRequired":true,"valueName":"search_term_string"}}],"inLanguage":"es"},{"@type":"Organization","@id":"https:\/\/canal7slp.tv\/2022\/#organization","name":"Noticieros Canal 7","url":"https:\/\/canal7slp.tv\/2022\/","logo":{"@type":"ImageObject","inLanguage":"es","@id":"https:\/\/canal7slp.tv\/2022\/#\/schema\/logo\/image\/","url":"https:\/\/canal7slp.tv\/2022\/wp-content\/uploads\/2021\/01\/logo-noticieros@2x.png","contentUrl":"https:\/\/canal7slp.tv\/2022\/wp-content\/uploads\/2021\/01\/logo-noticieros@2x.png","width":1017,"height":268,"caption":"Noticieros Canal 7"},"image":{"@id":"https:\/\/canal7slp.tv\/2022\/#\/schema\/logo\/image\/"},"sameAs":["https:\/\/www.facebook.com\/noticieroscanalsiete","https:\/\/x.com\/NOTICIEROS7","https:\/\/www.instagram.com\/canal7_slp","https:\/\/www.youtube.com\/channel\/UCliiYs-gP3JfJeqdPrNdd5A"]},{"@type":"Person","@id":"https:\/\/canal7slp.tv\/2022\/#\/schema\/person\/429704152a21f5f856ce29aa69a238da","name":"Edici\u00f3n Web","image":{"@type":"ImageObject","inLanguage":"es","@id":"https:\/\/secure.gravatar.com\/avatar\/eee448fc3f7164808013b816ba91ac7e43bbe82a70bebac296f8bc6f0addaa1a?s=96&d=mm&r=g","url":"https:\/\/secure.gravatar.com\/avatar\/eee448fc3f7164808013b816ba91ac7e43bbe82a70bebac296f8bc6f0addaa1a?s=96&d=mm&r=g","contentUrl":"https:\/\/secure.gravatar.com\/avatar\/eee448fc3f7164808013b816ba91ac7e43bbe82a70bebac296f8bc6f0addaa1a?s=96&d=mm&r=g","caption":"Edici\u00f3n Web"},"url":"https:\/\/canal7slp.tv\/2022\/author\/edicionweb\/"}]}},"amp_enabled":true,"_links":{"self":[{"href":"https:\/\/canal7slp.tv\/2022\/wp-json\/wp\/v2\/posts\/58210","targetHints":{"allow":["GET"]}}],"collection":[{"href":"https:\/\/canal7slp.tv\/2022\/wp-json\/wp\/v2\/posts"}],"about":[{"href":"https:\/\/canal7slp.tv\/2022\/wp-json\/wp\/v2\/types\/post"}],"author":[{"embeddable":true,"href":"https:\/\/canal7slp.tv\/2022\/wp-json\/wp\/v2\/users\/2"}],"replies":[{"embeddable":true,"href":"https:\/\/canal7slp.tv\/2022\/wp-json\/wp\/v2\/comments?post=58210"}],"version-history":[{"count":3,"href":"https:\/\/canal7slp.tv\/2022\/wp-json\/wp\/v2\/posts\/58210\/revisions"}],"predecessor-version":[{"id":58231,"href":"https:\/\/canal7slp.tv\/2022\/wp-json\/wp\/v2\/posts\/58210\/revisions\/58231"}],"wp:featuredmedia":[{"embeddable":true,"href":"https:\/\/canal7slp.tv\/2022\/wp-json\/wp\/v2\/media\/58222"}],"wp:attachment":[{"href":"https:\/\/canal7slp.tv\/2022\/wp-json\/wp\/v2\/media?parent=58210"}],"wp:term":[{"taxonomy":"category","embeddable":true,"href":"https:\/\/canal7slp.tv\/2022\/wp-json\/wp\/v2\/categories?post=58210"},{"taxonomy":"post_tag","embeddable":true,"href":"https:\/\/canal7slp.tv\/2022\/wp-json\/wp\/v2\/tags?post=58210"}],"curies":[{"name":"wp","href":"https:\/\/api.w.org\/{rel}","templated":true}]}}