{"id":57985,"date":"2022-04-21T22:13:20","date_gmt":"2022-04-22T04:13:20","guid":{"rendered":"https:\/\/canal7slp.tv\/2022\/?p=57985"},"modified":"2022-04-21T22:13:55","modified_gmt":"2022-04-22T04:13:55","slug":"ayuntamiento-capitalino-preve-realizar-festival-del-folklore","status":"publish","type":"post","link":"https:\/\/canal7slp.tv\/2022\/ayuntamiento-capitalino-preve-realizar-festival-del-folklore\/","title":{"rendered":"Ayuntamiento Capitalino prev\u00e9 realizar Festival del Folklore."},"content":{"rendered":"<p style=\"text-align: justify;\">SLP.- Autoridades de la Capital se preparan para efectuar otro festival antes que 2022 concluya. Se tratar\u00eda del Festival del Folklore, cuyo alcance ser\u00eda internacional.<\/p>\n<p style=\"text-align: justify;\">Cuando el Festival San Luis en Primavera arranc\u00f3, desde la Organizaci\u00f3n de las Naciones Unidas para la Educaci\u00f3n, la Ciencia y la Cultura se hizo referencia de un nuevo evento pensado en el territorio pero en la recta final del a\u00f1o.<\/p>\n<p style=\"text-align: justify;\">El presidente municipal, Enrique Galindo Ceballos ahond\u00f3 en las proyecciones para la administraci\u00f3n.<\/p>\n<p style=\"text-align: justify;\">Se\u00f1al\u00f3 que visitantes han dado el visto bueno a las actividades impulsadas en la materia.<\/p>\n<p>Galindo Ceballos hizo \u00e9nfasis en que junto la UNESCO se aborda el esquema de planeaci\u00f3n, para consolidarle.<\/p>\n<p style=\"text-align: justify;\">Por: Paulina Rodr\u00edguez<\/p>\n","protected":false},"excerpt":{"rendered":"<p>SLP.- Autoridades de la Capital se preparan para efectuar otro festival antes que 2022 concluya. Se tratar\u00eda del Festival del Folklore, cuyo alcance ser\u00eda internacional. Cuando el Festival San Luis en Primavera arranc\u00f3, desde la Organizaci\u00f3n de las Naciones Unidas para la Educaci\u00f3n, la Ciencia y la Cultura se hizo referencia de un nuevo evento pensado en el territorio pero en la recta final del a\u00f1o. El presidente municipal, Enrique Galindo Ceballos ahond\u00f3 en las proyecciones para la administraci\u00f3n. Se\u00f1al\u00f3 que visitantes han dado el visto bueno a las actividades impulsadas en la materia. Galindo Ceballos hizo \u00e9nfasis en que [&hellip;]<\/p>\n","protected":false},"author":2,"featured_media":57994,"comment_status":"closed","ping_status":"closed","sticky":false,"template":"","format":"video","meta":{"footnotes":""},"categories":[66,5,45],"tags":[],"class_list":["post-57985","post","type-post","status-publish","format-video","has-post-thumbnail","hentry","category-ayoslp","category-destacadas","category-localesyregionales","post_format-post-format-video","post--single"],"yoast_head":"<!-- This site is optimized with the Yoast SEO plugin v27.4 - https:\/\/yoast.com\/product\/yoast-seo-wordpress\/ -->\n<title>Ayuntamiento Capitalino prev\u00e9 realizar Festival del Folklore. - Canal 7 SLP - 2022<\/title>\n<meta name=\"robots\" content=\"index, follow, max-snippet:-1, max-image-preview:large, max-video-preview:-1\" \/>\n<link rel=\"canonical\" href=\"https:\/\/canal7slp.tv\/2022\/ayuntamiento-capitalino-preve-realizar-festival-del-folklore\/\" \/>\n<meta property=\"og:locale\" content=\"es_ES\" \/>\n<meta property=\"og:type\" content=\"article\" \/>\n<meta property=\"og:title\" content=\"Ayuntamiento Capitalino prev\u00e9 realizar Festival del Folklore. - Canal 7 SLP - 2022\" \/>\n<meta property=\"og:description\" content=\"SLP.- Autoridades de la Capital se preparan para efectuar otro festival antes que 2022 concluya. Se tratar\u00eda del Festival del Folklore, cuyo alcance ser\u00eda internacional. Cuando el Festival San Luis en Primavera arranc\u00f3, desde la Organizaci\u00f3n de las Naciones Unidas para la Educaci\u00f3n, la Ciencia y la Cultura se hizo referencia de un nuevo evento pensado en el territorio pero en la recta final del a\u00f1o. El presidente municipal, Enrique Galindo Ceballos ahond\u00f3 en las proyecciones para la administraci\u00f3n. Se\u00f1al\u00f3 que visitantes han dado el visto bueno a las actividades impulsadas en la materia. Galindo Ceballos hizo \u00e9nfasis en que [&hellip;]\" \/>\n<meta property=\"og:url\" content=\"https:\/\/canal7slp.tv\/2022\/ayuntamiento-capitalino-preve-realizar-festival-del-folklore\/\" \/>\n<meta property=\"og:site_name\" content=\"Canal 7 SLP - 2022\" \/>\n<meta property=\"article:publisher\" content=\"https:\/\/www.facebook.com\/noticieroscanalsiete\" \/>\n<meta property=\"article:published_time\" content=\"2022-04-22T04:13:20+00:00\" \/>\n<meta property=\"article:modified_time\" content=\"2022-04-22T04:13:55+00:00\" \/>\n<meta property=\"og:image\" content=\"https:\/\/canal7slp.tv\/2022\/wp-content\/uploads\/2022\/04\/Pau03Folklore.jpg\" \/>\n\t<meta property=\"og:image:width\" content=\"888\" \/>\n\t<meta property=\"og:image:height\" content=\"500\" \/>\n\t<meta property=\"og:image:type\" content=\"image\/jpeg\" \/>\n<meta name=\"author\" content=\"Edici\u00f3n Web\" \/>\n<meta name=\"twitter:card\" content=\"summary_large_image\" \/>\n<meta name=\"twitter:creator\" content=\"@NOTICIEROS7\" \/>\n<meta name=\"twitter:site\" content=\"@NOTICIEROS7\" \/>\n<meta name=\"twitter:label1\" content=\"Escrito por\" \/>\n\t<meta name=\"twitter:data1\" content=\"Edici\u00f3n Web\" \/>\n\t<meta name=\"twitter:label2\" content=\"Tiempo de lectura\" \/>\n\t<meta name=\"twitter:data2\" content=\"1 minuto\" \/>\n<script type=\"application\/ld+json\" class=\"yoast-schema-graph\">{\"@context\":\"https:\\\/\\\/schema.org\",\"@graph\":[{\"@type\":\"Article\",\"@id\":\"https:\\\/\\\/canal7slp.tv\\\/2022\\\/ayuntamiento-capitalino-preve-realizar-festival-del-folklore\\\/#article\",\"isPartOf\":{\"@id\":\"https:\\\/\\\/canal7slp.tv\\\/2022\\\/ayuntamiento-capitalino-preve-realizar-festival-del-folklore\\\/\"},\"author\":{\"name\":\"Edici\u00f3n Web\",\"@id\":\"https:\\\/\\\/canal7slp.tv\\\/2022\\\/#\\\/schema\\\/person\\\/429704152a21f5f856ce29aa69a238da\"},\"headline\":\"Ayuntamiento Capitalino prev\u00e9 realizar Festival del Folklore.\",\"datePublished\":\"2022-04-22T04:13:20+00:00\",\"dateModified\":\"2022-04-22T04:13:55+00:00\",\"mainEntityOfPage\":{\"@id\":\"https:\\\/\\\/canal7slp.tv\\\/2022\\\/ayuntamiento-capitalino-preve-realizar-festival-del-folklore\\\/\"},\"wordCount\":130,\"publisher\":{\"@id\":\"https:\\\/\\\/canal7slp.tv\\\/2022\\\/#organization\"},\"image\":{\"@id\":\"https:\\\/\\\/canal7slp.tv\\\/2022\\\/ayuntamiento-capitalino-preve-realizar-festival-del-folklore\\\/#primaryimage\"},\"thumbnailUrl\":\"https:\\\/\\\/canal7slp.tv\\\/2022\\\/wp-content\\\/uploads\\\/2022\\\/04\\\/Pau03Folklore.jpg\",\"articleSection\":[\"AYOSLP\",\"DESTACADAS\",\"LOCALES Y REGIONALES\"],\"inLanguage\":\"es\"},{\"@type\":\"WebPage\",\"@id\":\"https:\\\/\\\/canal7slp.tv\\\/2022\\\/ayuntamiento-capitalino-preve-realizar-festival-del-folklore\\\/\",\"url\":\"https:\\\/\\\/canal7slp.tv\\\/2022\\\/ayuntamiento-capitalino-preve-realizar-festival-del-folklore\\\/\",\"name\":\"Ayuntamiento Capitalino prev\u00e9 realizar Festival del Folklore. - Canal 7 SLP - 2022\",\"isPartOf\":{\"@id\":\"https:\\\/\\\/canal7slp.tv\\\/2022\\\/#website\"},\"primaryImageOfPage\":{\"@id\":\"https:\\\/\\\/canal7slp.tv\\\/2022\\\/ayuntamiento-capitalino-preve-realizar-festival-del-folklore\\\/#primaryimage\"},\"image\":{\"@id\":\"https:\\\/\\\/canal7slp.tv\\\/2022\\\/ayuntamiento-capitalino-preve-realizar-festival-del-folklore\\\/#primaryimage\"},\"thumbnailUrl\":\"https:\\\/\\\/canal7slp.tv\\\/2022\\\/wp-content\\\/uploads\\\/2022\\\/04\\\/Pau03Folklore.jpg\",\"datePublished\":\"2022-04-22T04:13:20+00:00\",\"dateModified\":\"2022-04-22T04:13:55+00:00\",\"breadcrumb\":{\"@id\":\"https:\\\/\\\/canal7slp.tv\\\/2022\\\/ayuntamiento-capitalino-preve-realizar-festival-del-folklore\\\/#breadcrumb\"},\"inLanguage\":\"es\",\"potentialAction\":[{\"@type\":\"ReadAction\",\"target\":[\"https:\\\/\\\/canal7slp.tv\\\/2022\\\/ayuntamiento-capitalino-preve-realizar-festival-del-folklore\\\/\"]}]},{\"@type\":\"ImageObject\",\"inLanguage\":\"es\",\"@id\":\"https:\\\/\\\/canal7slp.tv\\\/2022\\\/ayuntamiento-capitalino-preve-realizar-festival-del-folklore\\\/#primaryimage\",\"url\":\"https:\\\/\\\/canal7slp.tv\\\/2022\\\/wp-content\\\/uploads\\\/2022\\\/04\\\/Pau03Folklore.jpg\",\"contentUrl\":\"https:\\\/\\\/canal7slp.tv\\\/2022\\\/wp-content\\\/uploads\\\/2022\\\/04\\\/Pau03Folklore.jpg\",\"width\":888,\"height\":500},{\"@type\":\"BreadcrumbList\",\"@id\":\"https:\\\/\\\/canal7slp.tv\\\/2022\\\/ayuntamiento-capitalino-preve-realizar-festival-del-folklore\\\/#breadcrumb\",\"itemListElement\":[{\"@type\":\"ListItem\",\"position\":1,\"name\":\"Portada\",\"item\":\"https:\\\/\\\/canal7slp.tv\\\/2022\\\/\"},{\"@type\":\"ListItem\",\"position\":2,\"name\":\"Ayuntamiento Capitalino prev\u00e9 realizar Festival del Folklore.\"}]},{\"@type\":\"WebSite\",\"@id\":\"https:\\\/\\\/canal7slp.tv\\\/2022\\\/#website\",\"url\":\"https:\\\/\\\/canal7slp.tv\\\/2022\\\/\",\"name\":\"N7 - Noticieros Canal 7\",\"description\":\"Somos Televisi\u00f3n\",\"publisher\":{\"@id\":\"https:\\\/\\\/canal7slp.tv\\\/2022\\\/#organization\"},\"potentialAction\":[{\"@type\":\"SearchAction\",\"target\":{\"@type\":\"EntryPoint\",\"urlTemplate\":\"https:\\\/\\\/canal7slp.tv\\\/2022\\\/?s={search_term_string}\"},\"query-input\":{\"@type\":\"PropertyValueSpecification\",\"valueRequired\":true,\"valueName\":\"search_term_string\"}}],\"inLanguage\":\"es\"},{\"@type\":\"Organization\",\"@id\":\"https:\\\/\\\/canal7slp.tv\\\/2022\\\/#organization\",\"name\":\"Noticieros Canal 7\",\"url\":\"https:\\\/\\\/canal7slp.tv\\\/2022\\\/\",\"logo\":{\"@type\":\"ImageObject\",\"inLanguage\":\"es\",\"@id\":\"https:\\\/\\\/canal7slp.tv\\\/2022\\\/#\\\/schema\\\/logo\\\/image\\\/\",\"url\":\"https:\\\/\\\/canal7slp.tv\\\/2022\\\/wp-content\\\/uploads\\\/2021\\\/01\\\/logo-noticieros@2x.png\",\"contentUrl\":\"https:\\\/\\\/canal7slp.tv\\\/2022\\\/wp-content\\\/uploads\\\/2021\\\/01\\\/logo-noticieros@2x.png\",\"width\":1017,\"height\":268,\"caption\":\"Noticieros Canal 7\"},\"image\":{\"@id\":\"https:\\\/\\\/canal7slp.tv\\\/2022\\\/#\\\/schema\\\/logo\\\/image\\\/\"},\"sameAs\":[\"https:\\\/\\\/www.facebook.com\\\/noticieroscanalsiete\",\"https:\\\/\\\/x.com\\\/NOTICIEROS7\",\"https:\\\/\\\/www.instagram.com\\\/canal7_slp\",\"https:\\\/\\\/www.youtube.com\\\/channel\\\/UCliiYs-gP3JfJeqdPrNdd5A\"]},{\"@type\":\"Person\",\"@id\":\"https:\\\/\\\/canal7slp.tv\\\/2022\\\/#\\\/schema\\\/person\\\/429704152a21f5f856ce29aa69a238da\",\"name\":\"Edici\u00f3n Web\",\"image\":{\"@type\":\"ImageObject\",\"inLanguage\":\"es\",\"@id\":\"https:\\\/\\\/secure.gravatar.com\\\/avatar\\\/eee448fc3f7164808013b816ba91ac7e43bbe82a70bebac296f8bc6f0addaa1a?s=96&d=mm&r=g\",\"url\":\"https:\\\/\\\/secure.gravatar.com\\\/avatar\\\/eee448fc3f7164808013b816ba91ac7e43bbe82a70bebac296f8bc6f0addaa1a?s=96&d=mm&r=g\",\"contentUrl\":\"https:\\\/\\\/secure.gravatar.com\\\/avatar\\\/eee448fc3f7164808013b816ba91ac7e43bbe82a70bebac296f8bc6f0addaa1a?s=96&d=mm&r=g\",\"caption\":\"Edici\u00f3n Web\"},\"url\":\"https:\\\/\\\/canal7slp.tv\\\/2022\\\/author\\\/edicionweb\\\/\"}]}<\/script>\n<!-- \/ Yoast SEO plugin. -->","yoast_head_json":{"title":"Ayuntamiento Capitalino prev\u00e9 realizar Festival del Folklore. - Canal 7 SLP - 2022","robots":{"index":"index","follow":"follow","max-snippet":"max-snippet:-1","max-image-preview":"max-image-preview:large","max-video-preview":"max-video-preview:-1"},"canonical":"https:\/\/canal7slp.tv\/2022\/ayuntamiento-capitalino-preve-realizar-festival-del-folklore\/","og_locale":"es_ES","og_type":"article","og_title":"Ayuntamiento Capitalino prev\u00e9 realizar Festival del Folklore. - Canal 7 SLP - 2022","og_description":"SLP.- Autoridades de la Capital se preparan para efectuar otro festival antes que 2022 concluya. Se tratar\u00eda del Festival del Folklore, cuyo alcance ser\u00eda internacional. Cuando el Festival San Luis en Primavera arranc\u00f3, desde la Organizaci\u00f3n de las Naciones Unidas para la Educaci\u00f3n, la Ciencia y la Cultura se hizo referencia de un nuevo evento pensado en el territorio pero en la recta final del a\u00f1o. El presidente municipal, Enrique Galindo Ceballos ahond\u00f3 en las proyecciones para la administraci\u00f3n. Se\u00f1al\u00f3 que visitantes han dado el visto bueno a las actividades impulsadas en la materia. Galindo Ceballos hizo \u00e9nfasis en que [&hellip;]","og_url":"https:\/\/canal7slp.tv\/2022\/ayuntamiento-capitalino-preve-realizar-festival-del-folklore\/","og_site_name":"Canal 7 SLP - 2022","article_publisher":"https:\/\/www.facebook.com\/noticieroscanalsiete","article_published_time":"2022-04-22T04:13:20+00:00","article_modified_time":"2022-04-22T04:13:55+00:00","og_image":[{"width":888,"height":500,"url":"https:\/\/canal7slp.tv\/2022\/wp-content\/uploads\/2022\/04\/Pau03Folklore.jpg","type":"image\/jpeg"}],"author":"Edici\u00f3n Web","twitter_card":"summary_large_image","twitter_creator":"@NOTICIEROS7","twitter_site":"@NOTICIEROS7","twitter_misc":{"Escrito por":"Edici\u00f3n Web","Tiempo de lectura":"1 minuto"},"schema":{"@context":"https:\/\/schema.org","@graph":[{"@type":"Article","@id":"https:\/\/canal7slp.tv\/2022\/ayuntamiento-capitalino-preve-realizar-festival-del-folklore\/#article","isPartOf":{"@id":"https:\/\/canal7slp.tv\/2022\/ayuntamiento-capitalino-preve-realizar-festival-del-folklore\/"},"author":{"name":"Edici\u00f3n Web","@id":"https:\/\/canal7slp.tv\/2022\/#\/schema\/person\/429704152a21f5f856ce29aa69a238da"},"headline":"Ayuntamiento Capitalino prev\u00e9 realizar Festival del Folklore.","datePublished":"2022-04-22T04:13:20+00:00","dateModified":"2022-04-22T04:13:55+00:00","mainEntityOfPage":{"@id":"https:\/\/canal7slp.tv\/2022\/ayuntamiento-capitalino-preve-realizar-festival-del-folklore\/"},"wordCount":130,"publisher":{"@id":"https:\/\/canal7slp.tv\/2022\/#organization"},"image":{"@id":"https:\/\/canal7slp.tv\/2022\/ayuntamiento-capitalino-preve-realizar-festival-del-folklore\/#primaryimage"},"thumbnailUrl":"https:\/\/canal7slp.tv\/2022\/wp-content\/uploads\/2022\/04\/Pau03Folklore.jpg","articleSection":["AYOSLP","DESTACADAS","LOCALES Y REGIONALES"],"inLanguage":"es"},{"@type":"WebPage","@id":"https:\/\/canal7slp.tv\/2022\/ayuntamiento-capitalino-preve-realizar-festival-del-folklore\/","url":"https:\/\/canal7slp.tv\/2022\/ayuntamiento-capitalino-preve-realizar-festival-del-folklore\/","name":"Ayuntamiento Capitalino prev\u00e9 realizar Festival del Folklore. - Canal 7 SLP - 2022","isPartOf":{"@id":"https:\/\/canal7slp.tv\/2022\/#website"},"primaryImageOfPage":{"@id":"https:\/\/canal7slp.tv\/2022\/ayuntamiento-capitalino-preve-realizar-festival-del-folklore\/#primaryimage"},"image":{"@id":"https:\/\/canal7slp.tv\/2022\/ayuntamiento-capitalino-preve-realizar-festival-del-folklore\/#primaryimage"},"thumbnailUrl":"https:\/\/canal7slp.tv\/2022\/wp-content\/uploads\/2022\/04\/Pau03Folklore.jpg","datePublished":"2022-04-22T04:13:20+00:00","dateModified":"2022-04-22T04:13:55+00:00","breadcrumb":{"@id":"https:\/\/canal7slp.tv\/2022\/ayuntamiento-capitalino-preve-realizar-festival-del-folklore\/#breadcrumb"},"inLanguage":"es","potentialAction":[{"@type":"ReadAction","target":["https:\/\/canal7slp.tv\/2022\/ayuntamiento-capitalino-preve-realizar-festival-del-folklore\/"]}]},{"@type":"ImageObject","inLanguage":"es","@id":"https:\/\/canal7slp.tv\/2022\/ayuntamiento-capitalino-preve-realizar-festival-del-folklore\/#primaryimage","url":"https:\/\/canal7slp.tv\/2022\/wp-content\/uploads\/2022\/04\/Pau03Folklore.jpg","contentUrl":"https:\/\/canal7slp.tv\/2022\/wp-content\/uploads\/2022\/04\/Pau03Folklore.jpg","width":888,"height":500},{"@type":"BreadcrumbList","@id":"https:\/\/canal7slp.tv\/2022\/ayuntamiento-capitalino-preve-realizar-festival-del-folklore\/#breadcrumb","itemListElement":[{"@type":"ListItem","position":1,"name":"Portada","item":"https:\/\/canal7slp.tv\/2022\/"},{"@type":"ListItem","position":2,"name":"Ayuntamiento Capitalino prev\u00e9 realizar Festival del Folklore."}]},{"@type":"WebSite","@id":"https:\/\/canal7slp.tv\/2022\/#website","url":"https:\/\/canal7slp.tv\/2022\/","name":"N7 - Noticieros Canal 7","description":"Somos Televisi\u00f3n","publisher":{"@id":"https:\/\/canal7slp.tv\/2022\/#organization"},"potentialAction":[{"@type":"SearchAction","target":{"@type":"EntryPoint","urlTemplate":"https:\/\/canal7slp.tv\/2022\/?s={search_term_string}"},"query-input":{"@type":"PropertyValueSpecification","valueRequired":true,"valueName":"search_term_string"}}],"inLanguage":"es"},{"@type":"Organization","@id":"https:\/\/canal7slp.tv\/2022\/#organization","name":"Noticieros Canal 7","url":"https:\/\/canal7slp.tv\/2022\/","logo":{"@type":"ImageObject","inLanguage":"es","@id":"https:\/\/canal7slp.tv\/2022\/#\/schema\/logo\/image\/","url":"https:\/\/canal7slp.tv\/2022\/wp-content\/uploads\/2021\/01\/logo-noticieros@2x.png","contentUrl":"https:\/\/canal7slp.tv\/2022\/wp-content\/uploads\/2021\/01\/logo-noticieros@2x.png","width":1017,"height":268,"caption":"Noticieros Canal 7"},"image":{"@id":"https:\/\/canal7slp.tv\/2022\/#\/schema\/logo\/image\/"},"sameAs":["https:\/\/www.facebook.com\/noticieroscanalsiete","https:\/\/x.com\/NOTICIEROS7","https:\/\/www.instagram.com\/canal7_slp","https:\/\/www.youtube.com\/channel\/UCliiYs-gP3JfJeqdPrNdd5A"]},{"@type":"Person","@id":"https:\/\/canal7slp.tv\/2022\/#\/schema\/person\/429704152a21f5f856ce29aa69a238da","name":"Edici\u00f3n Web","image":{"@type":"ImageObject","inLanguage":"es","@id":"https:\/\/secure.gravatar.com\/avatar\/eee448fc3f7164808013b816ba91ac7e43bbe82a70bebac296f8bc6f0addaa1a?s=96&d=mm&r=g","url":"https:\/\/secure.gravatar.com\/avatar\/eee448fc3f7164808013b816ba91ac7e43bbe82a70bebac296f8bc6f0addaa1a?s=96&d=mm&r=g","contentUrl":"https:\/\/secure.gravatar.com\/avatar\/eee448fc3f7164808013b816ba91ac7e43bbe82a70bebac296f8bc6f0addaa1a?s=96&d=mm&r=g","caption":"Edici\u00f3n Web"},"url":"https:\/\/canal7slp.tv\/2022\/author\/edicionweb\/"}]}},"amp_enabled":true,"_links":{"self":[{"href":"https:\/\/canal7slp.tv\/2022\/wp-json\/wp\/v2\/posts\/57985","targetHints":{"allow":["GET"]}}],"collection":[{"href":"https:\/\/canal7slp.tv\/2022\/wp-json\/wp\/v2\/posts"}],"about":[{"href":"https:\/\/canal7slp.tv\/2022\/wp-json\/wp\/v2\/types\/post"}],"author":[{"embeddable":true,"href":"https:\/\/canal7slp.tv\/2022\/wp-json\/wp\/v2\/users\/2"}],"replies":[{"embeddable":true,"href":"https:\/\/canal7slp.tv\/2022\/wp-json\/wp\/v2\/comments?post=57985"}],"version-history":[{"count":2,"href":"https:\/\/canal7slp.tv\/2022\/wp-json\/wp\/v2\/posts\/57985\/revisions"}],"predecessor-version":[{"id":57996,"href":"https:\/\/canal7slp.tv\/2022\/wp-json\/wp\/v2\/posts\/57985\/revisions\/57996"}],"wp:featuredmedia":[{"embeddable":true,"href":"https:\/\/canal7slp.tv\/2022\/wp-json\/wp\/v2\/media\/57994"}],"wp:attachment":[{"href":"https:\/\/canal7slp.tv\/2022\/wp-json\/wp\/v2\/media?parent=57985"}],"wp:term":[{"taxonomy":"category","embeddable":true,"href":"https:\/\/canal7slp.tv\/2022\/wp-json\/wp\/v2\/categories?post=57985"},{"taxonomy":"post_tag","embeddable":true,"href":"https:\/\/canal7slp.tv\/2022\/wp-json\/wp\/v2\/tags?post=57985"}],"curies":[{"name":"wp","href":"https:\/\/api.w.org\/{rel}","templated":true}]}}