{"id":57974,"date":"2022-04-21T19:30:03","date_gmt":"2022-04-22T01:30:03","guid":{"rendered":"https:\/\/canal7slp.tv\/2022\/?p=57974"},"modified":"2022-04-21T19:30:03","modified_gmt":"2022-04-22T01:30:03","slug":"proyectan-reordenamiento-en-el-centro-tras-invasion-del-comercio","status":"publish","type":"post","link":"https:\/\/canal7slp.tv\/2022\/proyectan-reordenamiento-en-el-centro-tras-invasion-del-comercio\/","title":{"rendered":"Proyectan reordenamiento en el centro tras invasi\u00f3n del comercio."},"content":{"rendered":"<p style=\"text-align: justify;\">Matehuala.-\u00a0En entrevista para Noticieros Canal Siete, el Director de Comercio del Ayuntamiento de Matehuala, Enrique Olivares, asegur\u00f3 que se tiene planeado un reordenamiento en la zona centro de la ciudad, esto despu\u00e9s de que tanto comerciantes ambulantes como establecidos, han invadido espacios peatonales.<\/p>\n<p style=\"text-align: justify;\">\u201cQueremos despejar \u00e1reas, las banquetas del centro de la ciudad, hay comerciantes que las tienen totalmente obstruidas, entonces aqu\u00ed queremos priorizar la circulaci\u00f3n de las personas de la tercera edad, de los discapacitados, de las mujeres embarazadas, los pasillos alrededor de Catedral o del Mercado Arista ya que algunos comerciantes los tienen totalmente captados\u201d, dijo.<\/p>\n<p style=\"text-align: justify;\">Olivares asegur\u00f3 que se tiene que buscar el orden por el bien com\u00fan, \u201clo que se le menciona al comerciante es que nosotros como autoridad tenemos que vigilar y darle prioridad a la ciudadan\u00eda, lo que tiene que ver en \u00e1reas peatonales\u201d.<\/p>\n<p style=\"text-align: justify;\">En referencia a los altos cobros que se hab\u00edan suscitado por parte de la administraci\u00f3n hacia los comerciantes, asegur\u00f3 que s\u00ed existi\u00f3 un caso, pero aislado, \u201cse chec\u00f3 ya esa situaci\u00f3n, efectivamente s\u00ed hab\u00eda un error ah\u00ed de cobro por parte del Ayuntamiento, el cual ya se subsan\u00f3 y se le realiz\u00f3 el ajuste a este comerciante\u201d.<\/p>\n<p style=\"text-align: justify;\">Por: Jes\u00fas Valencia<\/p>\n","protected":false},"excerpt":{"rendered":"<p>Matehuala.-\u00a0En entrevista para Noticieros Canal Siete, el Director de Comercio del Ayuntamiento de Matehuala, Enrique Olivares, asegur\u00f3 que se tiene planeado un reordenamiento en la zona centro de la ciudad, esto despu\u00e9s de que tanto comerciantes ambulantes como establecidos, han invadido espacios peatonales. \u201cQueremos despejar \u00e1reas, las banquetas del centro de la ciudad, hay comerciantes que las tienen totalmente obstruidas, entonces aqu\u00ed queremos priorizar la circulaci\u00f3n de las personas de la tercera edad, de los discapacitados, de las mujeres embarazadas, los pasillos alrededor de Catedral o del Mercado Arista ya que algunos comerciantes los tienen totalmente captados\u201d, dijo. Olivares asegur\u00f3 [&hellip;]<\/p>\n","protected":false},"author":2,"featured_media":57980,"comment_status":"closed","ping_status":"closed","sticky":false,"template":"","format":"video","meta":{"footnotes":""},"categories":[5,43],"tags":[],"class_list":["post-57974","post","type-post","status-publish","format-video","has-post-thumbnail","hentry","category-destacadas","category-interior","post_format-post-format-video","post--single"],"yoast_head":"<!-- This site is optimized with the Yoast SEO plugin v27.4 - https:\/\/yoast.com\/product\/yoast-seo-wordpress\/ -->\n<title>Proyectan reordenamiento en el centro tras invasi\u00f3n del comercio. - Canal 7 SLP - 2022<\/title>\n<meta name=\"robots\" content=\"index, follow, max-snippet:-1, max-image-preview:large, max-video-preview:-1\" \/>\n<link rel=\"canonical\" href=\"https:\/\/canal7slp.tv\/2022\/proyectan-reordenamiento-en-el-centro-tras-invasion-del-comercio\/\" \/>\n<meta property=\"og:locale\" content=\"es_ES\" \/>\n<meta property=\"og:type\" content=\"article\" \/>\n<meta property=\"og:title\" content=\"Proyectan reordenamiento en el centro tras invasi\u00f3n del comercio. - Canal 7 SLP - 2022\" \/>\n<meta property=\"og:description\" content=\"Matehuala.-\u00a0En entrevista para Noticieros Canal Siete, el Director de Comercio del Ayuntamiento de Matehuala, Enrique Olivares, asegur\u00f3 que se tiene planeado un reordenamiento en la zona centro de la ciudad, esto despu\u00e9s de que tanto comerciantes ambulantes como establecidos, han invadido espacios peatonales. \u201cQueremos despejar \u00e1reas, las banquetas del centro de la ciudad, hay comerciantes que las tienen totalmente obstruidas, entonces aqu\u00ed queremos priorizar la circulaci\u00f3n de las personas de la tercera edad, de los discapacitados, de las mujeres embarazadas, los pasillos alrededor de Catedral o del Mercado Arista ya que algunos comerciantes los tienen totalmente captados\u201d, dijo. Olivares asegur\u00f3 [&hellip;]\" \/>\n<meta property=\"og:url\" content=\"https:\/\/canal7slp.tv\/2022\/proyectan-reordenamiento-en-el-centro-tras-invasion-del-comercio\/\" \/>\n<meta property=\"og:site_name\" content=\"Canal 7 SLP - 2022\" \/>\n<meta property=\"article:publisher\" content=\"https:\/\/www.facebook.com\/noticieroscanalsiete\" \/>\n<meta property=\"article:published_time\" content=\"2022-04-22T01:30:03+00:00\" \/>\n<meta property=\"og:image\" content=\"https:\/\/canal7slp.tv\/2022\/wp-content\/uploads\/2022\/04\/Valencia01Ordenamiento.jpg\" \/>\n\t<meta property=\"og:image:width\" content=\"909\" \/>\n\t<meta property=\"og:image:height\" content=\"500\" \/>\n\t<meta property=\"og:image:type\" content=\"image\/jpeg\" \/>\n<meta name=\"author\" content=\"Edici\u00f3n Web\" \/>\n<meta name=\"twitter:card\" content=\"summary_large_image\" \/>\n<meta name=\"twitter:creator\" content=\"@NOTICIEROS7\" \/>\n<meta name=\"twitter:site\" content=\"@NOTICIEROS7\" \/>\n<meta name=\"twitter:label1\" content=\"Escrito por\" \/>\n\t<meta name=\"twitter:data1\" content=\"Edici\u00f3n Web\" \/>\n\t<meta name=\"twitter:label2\" content=\"Tiempo de lectura\" \/>\n\t<meta name=\"twitter:data2\" content=\"1 minuto\" \/>\n<script type=\"application\/ld+json\" class=\"yoast-schema-graph\">{\"@context\":\"https:\\\/\\\/schema.org\",\"@graph\":[{\"@type\":\"Article\",\"@id\":\"https:\\\/\\\/canal7slp.tv\\\/2022\\\/proyectan-reordenamiento-en-el-centro-tras-invasion-del-comercio\\\/#article\",\"isPartOf\":{\"@id\":\"https:\\\/\\\/canal7slp.tv\\\/2022\\\/proyectan-reordenamiento-en-el-centro-tras-invasion-del-comercio\\\/\"},\"author\":{\"name\":\"Edici\u00f3n Web\",\"@id\":\"https:\\\/\\\/canal7slp.tv\\\/2022\\\/#\\\/schema\\\/person\\\/429704152a21f5f856ce29aa69a238da\"},\"headline\":\"Proyectan reordenamiento en el centro tras invasi\u00f3n del comercio.\",\"datePublished\":\"2022-04-22T01:30:03+00:00\",\"mainEntityOfPage\":{\"@id\":\"https:\\\/\\\/canal7slp.tv\\\/2022\\\/proyectan-reordenamiento-en-el-centro-tras-invasion-del-comercio\\\/\"},\"wordCount\":221,\"publisher\":{\"@id\":\"https:\\\/\\\/canal7slp.tv\\\/2022\\\/#organization\"},\"image\":{\"@id\":\"https:\\\/\\\/canal7slp.tv\\\/2022\\\/proyectan-reordenamiento-en-el-centro-tras-invasion-del-comercio\\\/#primaryimage\"},\"thumbnailUrl\":\"https:\\\/\\\/canal7slp.tv\\\/2022\\\/wp-content\\\/uploads\\\/2022\\\/04\\\/Valencia01Ordenamiento.jpg\",\"articleSection\":[\"DESTACADAS\",\"INTERIOR DEL ESTADO\"],\"inLanguage\":\"es\"},{\"@type\":\"WebPage\",\"@id\":\"https:\\\/\\\/canal7slp.tv\\\/2022\\\/proyectan-reordenamiento-en-el-centro-tras-invasion-del-comercio\\\/\",\"url\":\"https:\\\/\\\/canal7slp.tv\\\/2022\\\/proyectan-reordenamiento-en-el-centro-tras-invasion-del-comercio\\\/\",\"name\":\"Proyectan reordenamiento en el centro tras invasi\u00f3n del comercio. - Canal 7 SLP - 2022\",\"isPartOf\":{\"@id\":\"https:\\\/\\\/canal7slp.tv\\\/2022\\\/#website\"},\"primaryImageOfPage\":{\"@id\":\"https:\\\/\\\/canal7slp.tv\\\/2022\\\/proyectan-reordenamiento-en-el-centro-tras-invasion-del-comercio\\\/#primaryimage\"},\"image\":{\"@id\":\"https:\\\/\\\/canal7slp.tv\\\/2022\\\/proyectan-reordenamiento-en-el-centro-tras-invasion-del-comercio\\\/#primaryimage\"},\"thumbnailUrl\":\"https:\\\/\\\/canal7slp.tv\\\/2022\\\/wp-content\\\/uploads\\\/2022\\\/04\\\/Valencia01Ordenamiento.jpg\",\"datePublished\":\"2022-04-22T01:30:03+00:00\",\"breadcrumb\":{\"@id\":\"https:\\\/\\\/canal7slp.tv\\\/2022\\\/proyectan-reordenamiento-en-el-centro-tras-invasion-del-comercio\\\/#breadcrumb\"},\"inLanguage\":\"es\",\"potentialAction\":[{\"@type\":\"ReadAction\",\"target\":[\"https:\\\/\\\/canal7slp.tv\\\/2022\\\/proyectan-reordenamiento-en-el-centro-tras-invasion-del-comercio\\\/\"]}]},{\"@type\":\"ImageObject\",\"inLanguage\":\"es\",\"@id\":\"https:\\\/\\\/canal7slp.tv\\\/2022\\\/proyectan-reordenamiento-en-el-centro-tras-invasion-del-comercio\\\/#primaryimage\",\"url\":\"https:\\\/\\\/canal7slp.tv\\\/2022\\\/wp-content\\\/uploads\\\/2022\\\/04\\\/Valencia01Ordenamiento.jpg\",\"contentUrl\":\"https:\\\/\\\/canal7slp.tv\\\/2022\\\/wp-content\\\/uploads\\\/2022\\\/04\\\/Valencia01Ordenamiento.jpg\",\"width\":909,\"height\":500},{\"@type\":\"BreadcrumbList\",\"@id\":\"https:\\\/\\\/canal7slp.tv\\\/2022\\\/proyectan-reordenamiento-en-el-centro-tras-invasion-del-comercio\\\/#breadcrumb\",\"itemListElement\":[{\"@type\":\"ListItem\",\"position\":1,\"name\":\"Portada\",\"item\":\"https:\\\/\\\/canal7slp.tv\\\/2022\\\/\"},{\"@type\":\"ListItem\",\"position\":2,\"name\":\"Proyectan reordenamiento en el centro tras invasi\u00f3n del comercio.\"}]},{\"@type\":\"WebSite\",\"@id\":\"https:\\\/\\\/canal7slp.tv\\\/2022\\\/#website\",\"url\":\"https:\\\/\\\/canal7slp.tv\\\/2022\\\/\",\"name\":\"N7 - Noticieros Canal 7\",\"description\":\"Somos Televisi\u00f3n\",\"publisher\":{\"@id\":\"https:\\\/\\\/canal7slp.tv\\\/2022\\\/#organization\"},\"potentialAction\":[{\"@type\":\"SearchAction\",\"target\":{\"@type\":\"EntryPoint\",\"urlTemplate\":\"https:\\\/\\\/canal7slp.tv\\\/2022\\\/?s={search_term_string}\"},\"query-input\":{\"@type\":\"PropertyValueSpecification\",\"valueRequired\":true,\"valueName\":\"search_term_string\"}}],\"inLanguage\":\"es\"},{\"@type\":\"Organization\",\"@id\":\"https:\\\/\\\/canal7slp.tv\\\/2022\\\/#organization\",\"name\":\"Noticieros Canal 7\",\"url\":\"https:\\\/\\\/canal7slp.tv\\\/2022\\\/\",\"logo\":{\"@type\":\"ImageObject\",\"inLanguage\":\"es\",\"@id\":\"https:\\\/\\\/canal7slp.tv\\\/2022\\\/#\\\/schema\\\/logo\\\/image\\\/\",\"url\":\"https:\\\/\\\/canal7slp.tv\\\/2022\\\/wp-content\\\/uploads\\\/2021\\\/01\\\/logo-noticieros@2x.png\",\"contentUrl\":\"https:\\\/\\\/canal7slp.tv\\\/2022\\\/wp-content\\\/uploads\\\/2021\\\/01\\\/logo-noticieros@2x.png\",\"width\":1017,\"height\":268,\"caption\":\"Noticieros Canal 7\"},\"image\":{\"@id\":\"https:\\\/\\\/canal7slp.tv\\\/2022\\\/#\\\/schema\\\/logo\\\/image\\\/\"},\"sameAs\":[\"https:\\\/\\\/www.facebook.com\\\/noticieroscanalsiete\",\"https:\\\/\\\/x.com\\\/NOTICIEROS7\",\"https:\\\/\\\/www.instagram.com\\\/canal7_slp\",\"https:\\\/\\\/www.youtube.com\\\/channel\\\/UCliiYs-gP3JfJeqdPrNdd5A\"]},{\"@type\":\"Person\",\"@id\":\"https:\\\/\\\/canal7slp.tv\\\/2022\\\/#\\\/schema\\\/person\\\/429704152a21f5f856ce29aa69a238da\",\"name\":\"Edici\u00f3n Web\",\"image\":{\"@type\":\"ImageObject\",\"inLanguage\":\"es\",\"@id\":\"https:\\\/\\\/secure.gravatar.com\\\/avatar\\\/eee448fc3f7164808013b816ba91ac7e43bbe82a70bebac296f8bc6f0addaa1a?s=96&d=mm&r=g\",\"url\":\"https:\\\/\\\/secure.gravatar.com\\\/avatar\\\/eee448fc3f7164808013b816ba91ac7e43bbe82a70bebac296f8bc6f0addaa1a?s=96&d=mm&r=g\",\"contentUrl\":\"https:\\\/\\\/secure.gravatar.com\\\/avatar\\\/eee448fc3f7164808013b816ba91ac7e43bbe82a70bebac296f8bc6f0addaa1a?s=96&d=mm&r=g\",\"caption\":\"Edici\u00f3n Web\"},\"url\":\"https:\\\/\\\/canal7slp.tv\\\/2022\\\/author\\\/edicionweb\\\/\"}]}<\/script>\n<!-- \/ Yoast SEO plugin. -->","yoast_head_json":{"title":"Proyectan reordenamiento en el centro tras invasi\u00f3n del comercio. - Canal 7 SLP - 2022","robots":{"index":"index","follow":"follow","max-snippet":"max-snippet:-1","max-image-preview":"max-image-preview:large","max-video-preview":"max-video-preview:-1"},"canonical":"https:\/\/canal7slp.tv\/2022\/proyectan-reordenamiento-en-el-centro-tras-invasion-del-comercio\/","og_locale":"es_ES","og_type":"article","og_title":"Proyectan reordenamiento en el centro tras invasi\u00f3n del comercio. - Canal 7 SLP - 2022","og_description":"Matehuala.-\u00a0En entrevista para Noticieros Canal Siete, el Director de Comercio del Ayuntamiento de Matehuala, Enrique Olivares, asegur\u00f3 que se tiene planeado un reordenamiento en la zona centro de la ciudad, esto despu\u00e9s de que tanto comerciantes ambulantes como establecidos, han invadido espacios peatonales. \u201cQueremos despejar \u00e1reas, las banquetas del centro de la ciudad, hay comerciantes que las tienen totalmente obstruidas, entonces aqu\u00ed queremos priorizar la circulaci\u00f3n de las personas de la tercera edad, de los discapacitados, de las mujeres embarazadas, los pasillos alrededor de Catedral o del Mercado Arista ya que algunos comerciantes los tienen totalmente captados\u201d, dijo. Olivares asegur\u00f3 [&hellip;]","og_url":"https:\/\/canal7slp.tv\/2022\/proyectan-reordenamiento-en-el-centro-tras-invasion-del-comercio\/","og_site_name":"Canal 7 SLP - 2022","article_publisher":"https:\/\/www.facebook.com\/noticieroscanalsiete","article_published_time":"2022-04-22T01:30:03+00:00","og_image":[{"width":909,"height":500,"url":"https:\/\/canal7slp.tv\/2022\/wp-content\/uploads\/2022\/04\/Valencia01Ordenamiento.jpg","type":"image\/jpeg"}],"author":"Edici\u00f3n Web","twitter_card":"summary_large_image","twitter_creator":"@NOTICIEROS7","twitter_site":"@NOTICIEROS7","twitter_misc":{"Escrito por":"Edici\u00f3n Web","Tiempo de lectura":"1 minuto"},"schema":{"@context":"https:\/\/schema.org","@graph":[{"@type":"Article","@id":"https:\/\/canal7slp.tv\/2022\/proyectan-reordenamiento-en-el-centro-tras-invasion-del-comercio\/#article","isPartOf":{"@id":"https:\/\/canal7slp.tv\/2022\/proyectan-reordenamiento-en-el-centro-tras-invasion-del-comercio\/"},"author":{"name":"Edici\u00f3n Web","@id":"https:\/\/canal7slp.tv\/2022\/#\/schema\/person\/429704152a21f5f856ce29aa69a238da"},"headline":"Proyectan reordenamiento en el centro tras invasi\u00f3n del comercio.","datePublished":"2022-04-22T01:30:03+00:00","mainEntityOfPage":{"@id":"https:\/\/canal7slp.tv\/2022\/proyectan-reordenamiento-en-el-centro-tras-invasion-del-comercio\/"},"wordCount":221,"publisher":{"@id":"https:\/\/canal7slp.tv\/2022\/#organization"},"image":{"@id":"https:\/\/canal7slp.tv\/2022\/proyectan-reordenamiento-en-el-centro-tras-invasion-del-comercio\/#primaryimage"},"thumbnailUrl":"https:\/\/canal7slp.tv\/2022\/wp-content\/uploads\/2022\/04\/Valencia01Ordenamiento.jpg","articleSection":["DESTACADAS","INTERIOR DEL ESTADO"],"inLanguage":"es"},{"@type":"WebPage","@id":"https:\/\/canal7slp.tv\/2022\/proyectan-reordenamiento-en-el-centro-tras-invasion-del-comercio\/","url":"https:\/\/canal7slp.tv\/2022\/proyectan-reordenamiento-en-el-centro-tras-invasion-del-comercio\/","name":"Proyectan reordenamiento en el centro tras invasi\u00f3n del comercio. - Canal 7 SLP - 2022","isPartOf":{"@id":"https:\/\/canal7slp.tv\/2022\/#website"},"primaryImageOfPage":{"@id":"https:\/\/canal7slp.tv\/2022\/proyectan-reordenamiento-en-el-centro-tras-invasion-del-comercio\/#primaryimage"},"image":{"@id":"https:\/\/canal7slp.tv\/2022\/proyectan-reordenamiento-en-el-centro-tras-invasion-del-comercio\/#primaryimage"},"thumbnailUrl":"https:\/\/canal7slp.tv\/2022\/wp-content\/uploads\/2022\/04\/Valencia01Ordenamiento.jpg","datePublished":"2022-04-22T01:30:03+00:00","breadcrumb":{"@id":"https:\/\/canal7slp.tv\/2022\/proyectan-reordenamiento-en-el-centro-tras-invasion-del-comercio\/#breadcrumb"},"inLanguage":"es","potentialAction":[{"@type":"ReadAction","target":["https:\/\/canal7slp.tv\/2022\/proyectan-reordenamiento-en-el-centro-tras-invasion-del-comercio\/"]}]},{"@type":"ImageObject","inLanguage":"es","@id":"https:\/\/canal7slp.tv\/2022\/proyectan-reordenamiento-en-el-centro-tras-invasion-del-comercio\/#primaryimage","url":"https:\/\/canal7slp.tv\/2022\/wp-content\/uploads\/2022\/04\/Valencia01Ordenamiento.jpg","contentUrl":"https:\/\/canal7slp.tv\/2022\/wp-content\/uploads\/2022\/04\/Valencia01Ordenamiento.jpg","width":909,"height":500},{"@type":"BreadcrumbList","@id":"https:\/\/canal7slp.tv\/2022\/proyectan-reordenamiento-en-el-centro-tras-invasion-del-comercio\/#breadcrumb","itemListElement":[{"@type":"ListItem","position":1,"name":"Portada","item":"https:\/\/canal7slp.tv\/2022\/"},{"@type":"ListItem","position":2,"name":"Proyectan reordenamiento en el centro tras invasi\u00f3n del comercio."}]},{"@type":"WebSite","@id":"https:\/\/canal7slp.tv\/2022\/#website","url":"https:\/\/canal7slp.tv\/2022\/","name":"N7 - Noticieros Canal 7","description":"Somos Televisi\u00f3n","publisher":{"@id":"https:\/\/canal7slp.tv\/2022\/#organization"},"potentialAction":[{"@type":"SearchAction","target":{"@type":"EntryPoint","urlTemplate":"https:\/\/canal7slp.tv\/2022\/?s={search_term_string}"},"query-input":{"@type":"PropertyValueSpecification","valueRequired":true,"valueName":"search_term_string"}}],"inLanguage":"es"},{"@type":"Organization","@id":"https:\/\/canal7slp.tv\/2022\/#organization","name":"Noticieros Canal 7","url":"https:\/\/canal7slp.tv\/2022\/","logo":{"@type":"ImageObject","inLanguage":"es","@id":"https:\/\/canal7slp.tv\/2022\/#\/schema\/logo\/image\/","url":"https:\/\/canal7slp.tv\/2022\/wp-content\/uploads\/2021\/01\/logo-noticieros@2x.png","contentUrl":"https:\/\/canal7slp.tv\/2022\/wp-content\/uploads\/2021\/01\/logo-noticieros@2x.png","width":1017,"height":268,"caption":"Noticieros Canal 7"},"image":{"@id":"https:\/\/canal7slp.tv\/2022\/#\/schema\/logo\/image\/"},"sameAs":["https:\/\/www.facebook.com\/noticieroscanalsiete","https:\/\/x.com\/NOTICIEROS7","https:\/\/www.instagram.com\/canal7_slp","https:\/\/www.youtube.com\/channel\/UCliiYs-gP3JfJeqdPrNdd5A"]},{"@type":"Person","@id":"https:\/\/canal7slp.tv\/2022\/#\/schema\/person\/429704152a21f5f856ce29aa69a238da","name":"Edici\u00f3n Web","image":{"@type":"ImageObject","inLanguage":"es","@id":"https:\/\/secure.gravatar.com\/avatar\/eee448fc3f7164808013b816ba91ac7e43bbe82a70bebac296f8bc6f0addaa1a?s=96&d=mm&r=g","url":"https:\/\/secure.gravatar.com\/avatar\/eee448fc3f7164808013b816ba91ac7e43bbe82a70bebac296f8bc6f0addaa1a?s=96&d=mm&r=g","contentUrl":"https:\/\/secure.gravatar.com\/avatar\/eee448fc3f7164808013b816ba91ac7e43bbe82a70bebac296f8bc6f0addaa1a?s=96&d=mm&r=g","caption":"Edici\u00f3n Web"},"url":"https:\/\/canal7slp.tv\/2022\/author\/edicionweb\/"}]}},"amp_enabled":true,"_links":{"self":[{"href":"https:\/\/canal7slp.tv\/2022\/wp-json\/wp\/v2\/posts\/57974","targetHints":{"allow":["GET"]}}],"collection":[{"href":"https:\/\/canal7slp.tv\/2022\/wp-json\/wp\/v2\/posts"}],"about":[{"href":"https:\/\/canal7slp.tv\/2022\/wp-json\/wp\/v2\/types\/post"}],"author":[{"embeddable":true,"href":"https:\/\/canal7slp.tv\/2022\/wp-json\/wp\/v2\/users\/2"}],"replies":[{"embeddable":true,"href":"https:\/\/canal7slp.tv\/2022\/wp-json\/wp\/v2\/comments?post=57974"}],"version-history":[{"count":2,"href":"https:\/\/canal7slp.tv\/2022\/wp-json\/wp\/v2\/posts\/57974\/revisions"}],"predecessor-version":[{"id":57978,"href":"https:\/\/canal7slp.tv\/2022\/wp-json\/wp\/v2\/posts\/57974\/revisions\/57978"}],"wp:featuredmedia":[{"embeddable":true,"href":"https:\/\/canal7slp.tv\/2022\/wp-json\/wp\/v2\/media\/57980"}],"wp:attachment":[{"href":"https:\/\/canal7slp.tv\/2022\/wp-json\/wp\/v2\/media?parent=57974"}],"wp:term":[{"taxonomy":"category","embeddable":true,"href":"https:\/\/canal7slp.tv\/2022\/wp-json\/wp\/v2\/categories?post=57974"},{"taxonomy":"post_tag","embeddable":true,"href":"https:\/\/canal7slp.tv\/2022\/wp-json\/wp\/v2\/tags?post=57974"}],"curies":[{"name":"wp","href":"https:\/\/api.w.org\/{rel}","templated":true}]}}