{"id":57970,"date":"2022-04-21T18:16:32","date_gmt":"2022-04-22T00:16:32","guid":{"rendered":"https:\/\/canal7slp.tv\/2022\/?p=57970"},"modified":"2022-04-21T18:16:32","modified_gmt":"2022-04-22T00:16:32","slug":"extitular-de-la-secretaria-de-salud-habria-vuelto-al-hospital","status":"publish","type":"post","link":"https:\/\/canal7slp.tv\/2022\/extitular-de-la-secretaria-de-salud-habria-vuelto-al-hospital\/","title":{"rendered":"Extitular de la Secretar\u00eda de Salud habr\u00eda vuelto al hospital."},"content":{"rendered":"<ul>\n<li style=\"text-align: justify;\">Trasciende que de nueva cuenta requiri\u00f3 cuidado del personal.<\/li>\n<\/ul>\n<p style=\"text-align: justify;\">SLP.- La extitular de la Secretar\u00eda de Salud, M\u00f3nica N. aparentemente ha vuelto al Hospital del Ni\u00f1o y la Mujer.<\/p>\n<p style=\"text-align: justify;\">Lo anterior supuestamente por complicaciones que ameritan la atenci\u00f3n de personal en el complejo mencionado.<\/p>\n<p style=\"text-align: justify;\">Esta semana autoridades reportaron que se le dio de alta y regres\u00f3 al penal de La Pila.<\/p>\n<p style=\"text-align: justify;\">Sin embargo, extraoficialmente se mencion\u00f3 que un dispositivo de vigilancia reanud\u00f3 en las inmediaciones del hospital, por el regreso de la exfuncionaria de la administraci\u00f3n estatal pasada.<\/p>\n","protected":false},"excerpt":{"rendered":"<p>Trasciende que de nueva cuenta requiri\u00f3 cuidado del personal. SLP.- La extitular de la Secretar\u00eda de Salud, M\u00f3nica N. aparentemente ha vuelto al Hospital del Ni\u00f1o y la Mujer. Lo anterior supuestamente por complicaciones que ameritan la atenci\u00f3n de personal en el complejo mencionado. Esta semana autoridades reportaron que se le dio de alta y regres\u00f3 al penal de La Pila. Sin embargo, extraoficialmente se mencion\u00f3 que un dispositivo de vigilancia reanud\u00f3 en las inmediaciones del hospital, por el regreso de la exfuncionaria de la administraci\u00f3n estatal pasada.<\/p>\n","protected":false},"author":2,"featured_media":57971,"comment_status":"closed","ping_status":"closed","sticky":false,"template":"","format":"standard","meta":{"footnotes":""},"categories":[45],"tags":[],"class_list":["post-57970","post","type-post","status-publish","format-standard","has-post-thumbnail","hentry","category-localesyregionales","post--single"],"yoast_head":"<!-- This site is optimized with the Yoast SEO plugin v27.4 - https:\/\/yoast.com\/product\/yoast-seo-wordpress\/ -->\n<title>Extitular de la Secretar\u00eda de Salud habr\u00eda vuelto al hospital. - Canal 7 SLP - 2022<\/title>\n<meta name=\"robots\" content=\"index, follow, max-snippet:-1, max-image-preview:large, max-video-preview:-1\" \/>\n<link rel=\"canonical\" href=\"https:\/\/canal7slp.tv\/2022\/extitular-de-la-secretaria-de-salud-habria-vuelto-al-hospital\/\" \/>\n<meta property=\"og:locale\" content=\"es_ES\" \/>\n<meta property=\"og:type\" content=\"article\" \/>\n<meta property=\"og:title\" content=\"Extitular de la Secretar\u00eda de Salud habr\u00eda vuelto al hospital. - Canal 7 SLP - 2022\" \/>\n<meta property=\"og:description\" content=\"Trasciende que de nueva cuenta requiri\u00f3 cuidado del personal. SLP.- La extitular de la Secretar\u00eda de Salud, M\u00f3nica N. aparentemente ha vuelto al Hospital del Ni\u00f1o y la Mujer. Lo anterior supuestamente por complicaciones que ameritan la atenci\u00f3n de personal en el complejo mencionado. Esta semana autoridades reportaron que se le dio de alta y regres\u00f3 al penal de La Pila. Sin embargo, extraoficialmente se mencion\u00f3 que un dispositivo de vigilancia reanud\u00f3 en las inmediaciones del hospital, por el regreso de la exfuncionaria de la administraci\u00f3n estatal pasada.\" \/>\n<meta property=\"og:url\" content=\"https:\/\/canal7slp.tv\/2022\/extitular-de-la-secretaria-de-salud-habria-vuelto-al-hospital\/\" \/>\n<meta property=\"og:site_name\" content=\"Canal 7 SLP - 2022\" \/>\n<meta property=\"article:publisher\" content=\"https:\/\/www.facebook.com\/noticieroscanalsiete\" \/>\n<meta property=\"article:published_time\" content=\"2022-04-22T00:16:32+00:00\" \/>\n<meta property=\"og:image\" content=\"https:\/\/canal7slp.tv\/2022\/wp-content\/uploads\/2022\/04\/Hospital2.jpg\" \/>\n\t<meta property=\"og:image:width\" content=\"1000\" \/>\n\t<meta property=\"og:image:height\" content=\"582\" \/>\n\t<meta property=\"og:image:type\" content=\"image\/jpeg\" \/>\n<meta name=\"author\" content=\"Edici\u00f3n Web\" \/>\n<meta name=\"twitter:card\" content=\"summary_large_image\" \/>\n<meta name=\"twitter:creator\" content=\"@NOTICIEROS7\" \/>\n<meta name=\"twitter:site\" content=\"@NOTICIEROS7\" \/>\n<meta name=\"twitter:label1\" content=\"Escrito por\" \/>\n\t<meta name=\"twitter:data1\" content=\"Edici\u00f3n Web\" \/>\n\t<meta name=\"twitter:label2\" content=\"Tiempo de lectura\" \/>\n\t<meta name=\"twitter:data2\" content=\"1 minuto\" \/>\n<script type=\"application\/ld+json\" class=\"yoast-schema-graph\">{\"@context\":\"https:\\\/\\\/schema.org\",\"@graph\":[{\"@type\":\"Article\",\"@id\":\"https:\\\/\\\/canal7slp.tv\\\/2022\\\/extitular-de-la-secretaria-de-salud-habria-vuelto-al-hospital\\\/#article\",\"isPartOf\":{\"@id\":\"https:\\\/\\\/canal7slp.tv\\\/2022\\\/extitular-de-la-secretaria-de-salud-habria-vuelto-al-hospital\\\/\"},\"author\":{\"name\":\"Edici\u00f3n Web\",\"@id\":\"https:\\\/\\\/canal7slp.tv\\\/2022\\\/#\\\/schema\\\/person\\\/429704152a21f5f856ce29aa69a238da\"},\"headline\":\"Extitular de la Secretar\u00eda de Salud habr\u00eda vuelto al hospital.\",\"datePublished\":\"2022-04-22T00:16:32+00:00\",\"mainEntityOfPage\":{\"@id\":\"https:\\\/\\\/canal7slp.tv\\\/2022\\\/extitular-de-la-secretaria-de-salud-habria-vuelto-al-hospital\\\/\"},\"wordCount\":106,\"publisher\":{\"@id\":\"https:\\\/\\\/canal7slp.tv\\\/2022\\\/#organization\"},\"image\":{\"@id\":\"https:\\\/\\\/canal7slp.tv\\\/2022\\\/extitular-de-la-secretaria-de-salud-habria-vuelto-al-hospital\\\/#primaryimage\"},\"thumbnailUrl\":\"https:\\\/\\\/canal7slp.tv\\\/2022\\\/wp-content\\\/uploads\\\/2022\\\/04\\\/Hospital2.jpg\",\"articleSection\":[\"LOCALES Y REGIONALES\"],\"inLanguage\":\"es\"},{\"@type\":\"WebPage\",\"@id\":\"https:\\\/\\\/canal7slp.tv\\\/2022\\\/extitular-de-la-secretaria-de-salud-habria-vuelto-al-hospital\\\/\",\"url\":\"https:\\\/\\\/canal7slp.tv\\\/2022\\\/extitular-de-la-secretaria-de-salud-habria-vuelto-al-hospital\\\/\",\"name\":\"Extitular de la Secretar\u00eda de Salud habr\u00eda vuelto al hospital. - Canal 7 SLP - 2022\",\"isPartOf\":{\"@id\":\"https:\\\/\\\/canal7slp.tv\\\/2022\\\/#website\"},\"primaryImageOfPage\":{\"@id\":\"https:\\\/\\\/canal7slp.tv\\\/2022\\\/extitular-de-la-secretaria-de-salud-habria-vuelto-al-hospital\\\/#primaryimage\"},\"image\":{\"@id\":\"https:\\\/\\\/canal7slp.tv\\\/2022\\\/extitular-de-la-secretaria-de-salud-habria-vuelto-al-hospital\\\/#primaryimage\"},\"thumbnailUrl\":\"https:\\\/\\\/canal7slp.tv\\\/2022\\\/wp-content\\\/uploads\\\/2022\\\/04\\\/Hospital2.jpg\",\"datePublished\":\"2022-04-22T00:16:32+00:00\",\"breadcrumb\":{\"@id\":\"https:\\\/\\\/canal7slp.tv\\\/2022\\\/extitular-de-la-secretaria-de-salud-habria-vuelto-al-hospital\\\/#breadcrumb\"},\"inLanguage\":\"es\",\"potentialAction\":[{\"@type\":\"ReadAction\",\"target\":[\"https:\\\/\\\/canal7slp.tv\\\/2022\\\/extitular-de-la-secretaria-de-salud-habria-vuelto-al-hospital\\\/\"]}]},{\"@type\":\"ImageObject\",\"inLanguage\":\"es\",\"@id\":\"https:\\\/\\\/canal7slp.tv\\\/2022\\\/extitular-de-la-secretaria-de-salud-habria-vuelto-al-hospital\\\/#primaryimage\",\"url\":\"https:\\\/\\\/canal7slp.tv\\\/2022\\\/wp-content\\\/uploads\\\/2022\\\/04\\\/Hospital2.jpg\",\"contentUrl\":\"https:\\\/\\\/canal7slp.tv\\\/2022\\\/wp-content\\\/uploads\\\/2022\\\/04\\\/Hospital2.jpg\",\"width\":1000,\"height\":582,\"caption\":\"Llama la Secretar\u00eda de Salud a las mujeres embarazadas a mantener un mayor control prenatal.\"},{\"@type\":\"BreadcrumbList\",\"@id\":\"https:\\\/\\\/canal7slp.tv\\\/2022\\\/extitular-de-la-secretaria-de-salud-habria-vuelto-al-hospital\\\/#breadcrumb\",\"itemListElement\":[{\"@type\":\"ListItem\",\"position\":1,\"name\":\"Portada\",\"item\":\"https:\\\/\\\/canal7slp.tv\\\/2022\\\/\"},{\"@type\":\"ListItem\",\"position\":2,\"name\":\"Extitular de la Secretar\u00eda de Salud habr\u00eda vuelto al hospital.\"}]},{\"@type\":\"WebSite\",\"@id\":\"https:\\\/\\\/canal7slp.tv\\\/2022\\\/#website\",\"url\":\"https:\\\/\\\/canal7slp.tv\\\/2022\\\/\",\"name\":\"N7 - Noticieros Canal 7\",\"description\":\"Somos Televisi\u00f3n\",\"publisher\":{\"@id\":\"https:\\\/\\\/canal7slp.tv\\\/2022\\\/#organization\"},\"potentialAction\":[{\"@type\":\"SearchAction\",\"target\":{\"@type\":\"EntryPoint\",\"urlTemplate\":\"https:\\\/\\\/canal7slp.tv\\\/2022\\\/?s={search_term_string}\"},\"query-input\":{\"@type\":\"PropertyValueSpecification\",\"valueRequired\":true,\"valueName\":\"search_term_string\"}}],\"inLanguage\":\"es\"},{\"@type\":\"Organization\",\"@id\":\"https:\\\/\\\/canal7slp.tv\\\/2022\\\/#organization\",\"name\":\"Noticieros Canal 7\",\"url\":\"https:\\\/\\\/canal7slp.tv\\\/2022\\\/\",\"logo\":{\"@type\":\"ImageObject\",\"inLanguage\":\"es\",\"@id\":\"https:\\\/\\\/canal7slp.tv\\\/2022\\\/#\\\/schema\\\/logo\\\/image\\\/\",\"url\":\"https:\\\/\\\/canal7slp.tv\\\/2022\\\/wp-content\\\/uploads\\\/2021\\\/01\\\/logo-noticieros@2x.png\",\"contentUrl\":\"https:\\\/\\\/canal7slp.tv\\\/2022\\\/wp-content\\\/uploads\\\/2021\\\/01\\\/logo-noticieros@2x.png\",\"width\":1017,\"height\":268,\"caption\":\"Noticieros Canal 7\"},\"image\":{\"@id\":\"https:\\\/\\\/canal7slp.tv\\\/2022\\\/#\\\/schema\\\/logo\\\/image\\\/\"},\"sameAs\":[\"https:\\\/\\\/www.facebook.com\\\/noticieroscanalsiete\",\"https:\\\/\\\/x.com\\\/NOTICIEROS7\",\"https:\\\/\\\/www.instagram.com\\\/canal7_slp\",\"https:\\\/\\\/www.youtube.com\\\/channel\\\/UCliiYs-gP3JfJeqdPrNdd5A\"]},{\"@type\":\"Person\",\"@id\":\"https:\\\/\\\/canal7slp.tv\\\/2022\\\/#\\\/schema\\\/person\\\/429704152a21f5f856ce29aa69a238da\",\"name\":\"Edici\u00f3n Web\",\"image\":{\"@type\":\"ImageObject\",\"inLanguage\":\"es\",\"@id\":\"https:\\\/\\\/secure.gravatar.com\\\/avatar\\\/eee448fc3f7164808013b816ba91ac7e43bbe82a70bebac296f8bc6f0addaa1a?s=96&d=mm&r=g\",\"url\":\"https:\\\/\\\/secure.gravatar.com\\\/avatar\\\/eee448fc3f7164808013b816ba91ac7e43bbe82a70bebac296f8bc6f0addaa1a?s=96&d=mm&r=g\",\"contentUrl\":\"https:\\\/\\\/secure.gravatar.com\\\/avatar\\\/eee448fc3f7164808013b816ba91ac7e43bbe82a70bebac296f8bc6f0addaa1a?s=96&d=mm&r=g\",\"caption\":\"Edici\u00f3n Web\"},\"url\":\"https:\\\/\\\/canal7slp.tv\\\/2022\\\/author\\\/edicionweb\\\/\"}]}<\/script>\n<!-- \/ Yoast SEO plugin. -->","yoast_head_json":{"title":"Extitular de la Secretar\u00eda de Salud habr\u00eda vuelto al hospital. - Canal 7 SLP - 2022","robots":{"index":"index","follow":"follow","max-snippet":"max-snippet:-1","max-image-preview":"max-image-preview:large","max-video-preview":"max-video-preview:-1"},"canonical":"https:\/\/canal7slp.tv\/2022\/extitular-de-la-secretaria-de-salud-habria-vuelto-al-hospital\/","og_locale":"es_ES","og_type":"article","og_title":"Extitular de la Secretar\u00eda de Salud habr\u00eda vuelto al hospital. - Canal 7 SLP - 2022","og_description":"Trasciende que de nueva cuenta requiri\u00f3 cuidado del personal. SLP.- La extitular de la Secretar\u00eda de Salud, M\u00f3nica N. aparentemente ha vuelto al Hospital del Ni\u00f1o y la Mujer. Lo anterior supuestamente por complicaciones que ameritan la atenci\u00f3n de personal en el complejo mencionado. Esta semana autoridades reportaron que se le dio de alta y regres\u00f3 al penal de La Pila. Sin embargo, extraoficialmente se mencion\u00f3 que un dispositivo de vigilancia reanud\u00f3 en las inmediaciones del hospital, por el regreso de la exfuncionaria de la administraci\u00f3n estatal pasada.","og_url":"https:\/\/canal7slp.tv\/2022\/extitular-de-la-secretaria-de-salud-habria-vuelto-al-hospital\/","og_site_name":"Canal 7 SLP - 2022","article_publisher":"https:\/\/www.facebook.com\/noticieroscanalsiete","article_published_time":"2022-04-22T00:16:32+00:00","og_image":[{"width":1000,"height":582,"url":"https:\/\/canal7slp.tv\/2022\/wp-content\/uploads\/2022\/04\/Hospital2.jpg","type":"image\/jpeg"}],"author":"Edici\u00f3n Web","twitter_card":"summary_large_image","twitter_creator":"@NOTICIEROS7","twitter_site":"@NOTICIEROS7","twitter_misc":{"Escrito por":"Edici\u00f3n Web","Tiempo de lectura":"1 minuto"},"schema":{"@context":"https:\/\/schema.org","@graph":[{"@type":"Article","@id":"https:\/\/canal7slp.tv\/2022\/extitular-de-la-secretaria-de-salud-habria-vuelto-al-hospital\/#article","isPartOf":{"@id":"https:\/\/canal7slp.tv\/2022\/extitular-de-la-secretaria-de-salud-habria-vuelto-al-hospital\/"},"author":{"name":"Edici\u00f3n Web","@id":"https:\/\/canal7slp.tv\/2022\/#\/schema\/person\/429704152a21f5f856ce29aa69a238da"},"headline":"Extitular de la Secretar\u00eda de Salud habr\u00eda vuelto al hospital.","datePublished":"2022-04-22T00:16:32+00:00","mainEntityOfPage":{"@id":"https:\/\/canal7slp.tv\/2022\/extitular-de-la-secretaria-de-salud-habria-vuelto-al-hospital\/"},"wordCount":106,"publisher":{"@id":"https:\/\/canal7slp.tv\/2022\/#organization"},"image":{"@id":"https:\/\/canal7slp.tv\/2022\/extitular-de-la-secretaria-de-salud-habria-vuelto-al-hospital\/#primaryimage"},"thumbnailUrl":"https:\/\/canal7slp.tv\/2022\/wp-content\/uploads\/2022\/04\/Hospital2.jpg","articleSection":["LOCALES Y REGIONALES"],"inLanguage":"es"},{"@type":"WebPage","@id":"https:\/\/canal7slp.tv\/2022\/extitular-de-la-secretaria-de-salud-habria-vuelto-al-hospital\/","url":"https:\/\/canal7slp.tv\/2022\/extitular-de-la-secretaria-de-salud-habria-vuelto-al-hospital\/","name":"Extitular de la Secretar\u00eda de Salud habr\u00eda vuelto al hospital. - Canal 7 SLP - 2022","isPartOf":{"@id":"https:\/\/canal7slp.tv\/2022\/#website"},"primaryImageOfPage":{"@id":"https:\/\/canal7slp.tv\/2022\/extitular-de-la-secretaria-de-salud-habria-vuelto-al-hospital\/#primaryimage"},"image":{"@id":"https:\/\/canal7slp.tv\/2022\/extitular-de-la-secretaria-de-salud-habria-vuelto-al-hospital\/#primaryimage"},"thumbnailUrl":"https:\/\/canal7slp.tv\/2022\/wp-content\/uploads\/2022\/04\/Hospital2.jpg","datePublished":"2022-04-22T00:16:32+00:00","breadcrumb":{"@id":"https:\/\/canal7slp.tv\/2022\/extitular-de-la-secretaria-de-salud-habria-vuelto-al-hospital\/#breadcrumb"},"inLanguage":"es","potentialAction":[{"@type":"ReadAction","target":["https:\/\/canal7slp.tv\/2022\/extitular-de-la-secretaria-de-salud-habria-vuelto-al-hospital\/"]}]},{"@type":"ImageObject","inLanguage":"es","@id":"https:\/\/canal7slp.tv\/2022\/extitular-de-la-secretaria-de-salud-habria-vuelto-al-hospital\/#primaryimage","url":"https:\/\/canal7slp.tv\/2022\/wp-content\/uploads\/2022\/04\/Hospital2.jpg","contentUrl":"https:\/\/canal7slp.tv\/2022\/wp-content\/uploads\/2022\/04\/Hospital2.jpg","width":1000,"height":582,"caption":"Llama la Secretar\u00eda de Salud a las mujeres embarazadas a mantener un mayor control prenatal."},{"@type":"BreadcrumbList","@id":"https:\/\/canal7slp.tv\/2022\/extitular-de-la-secretaria-de-salud-habria-vuelto-al-hospital\/#breadcrumb","itemListElement":[{"@type":"ListItem","position":1,"name":"Portada","item":"https:\/\/canal7slp.tv\/2022\/"},{"@type":"ListItem","position":2,"name":"Extitular de la Secretar\u00eda de Salud habr\u00eda vuelto al hospital."}]},{"@type":"WebSite","@id":"https:\/\/canal7slp.tv\/2022\/#website","url":"https:\/\/canal7slp.tv\/2022\/","name":"N7 - Noticieros Canal 7","description":"Somos Televisi\u00f3n","publisher":{"@id":"https:\/\/canal7slp.tv\/2022\/#organization"},"potentialAction":[{"@type":"SearchAction","target":{"@type":"EntryPoint","urlTemplate":"https:\/\/canal7slp.tv\/2022\/?s={search_term_string}"},"query-input":{"@type":"PropertyValueSpecification","valueRequired":true,"valueName":"search_term_string"}}],"inLanguage":"es"},{"@type":"Organization","@id":"https:\/\/canal7slp.tv\/2022\/#organization","name":"Noticieros Canal 7","url":"https:\/\/canal7slp.tv\/2022\/","logo":{"@type":"ImageObject","inLanguage":"es","@id":"https:\/\/canal7slp.tv\/2022\/#\/schema\/logo\/image\/","url":"https:\/\/canal7slp.tv\/2022\/wp-content\/uploads\/2021\/01\/logo-noticieros@2x.png","contentUrl":"https:\/\/canal7slp.tv\/2022\/wp-content\/uploads\/2021\/01\/logo-noticieros@2x.png","width":1017,"height":268,"caption":"Noticieros Canal 7"},"image":{"@id":"https:\/\/canal7slp.tv\/2022\/#\/schema\/logo\/image\/"},"sameAs":["https:\/\/www.facebook.com\/noticieroscanalsiete","https:\/\/x.com\/NOTICIEROS7","https:\/\/www.instagram.com\/canal7_slp","https:\/\/www.youtube.com\/channel\/UCliiYs-gP3JfJeqdPrNdd5A"]},{"@type":"Person","@id":"https:\/\/canal7slp.tv\/2022\/#\/schema\/person\/429704152a21f5f856ce29aa69a238da","name":"Edici\u00f3n Web","image":{"@type":"ImageObject","inLanguage":"es","@id":"https:\/\/secure.gravatar.com\/avatar\/eee448fc3f7164808013b816ba91ac7e43bbe82a70bebac296f8bc6f0addaa1a?s=96&d=mm&r=g","url":"https:\/\/secure.gravatar.com\/avatar\/eee448fc3f7164808013b816ba91ac7e43bbe82a70bebac296f8bc6f0addaa1a?s=96&d=mm&r=g","contentUrl":"https:\/\/secure.gravatar.com\/avatar\/eee448fc3f7164808013b816ba91ac7e43bbe82a70bebac296f8bc6f0addaa1a?s=96&d=mm&r=g","caption":"Edici\u00f3n Web"},"url":"https:\/\/canal7slp.tv\/2022\/author\/edicionweb\/"}]}},"amp_enabled":true,"_links":{"self":[{"href":"https:\/\/canal7slp.tv\/2022\/wp-json\/wp\/v2\/posts\/57970","targetHints":{"allow":["GET"]}}],"collection":[{"href":"https:\/\/canal7slp.tv\/2022\/wp-json\/wp\/v2\/posts"}],"about":[{"href":"https:\/\/canal7slp.tv\/2022\/wp-json\/wp\/v2\/types\/post"}],"author":[{"embeddable":true,"href":"https:\/\/canal7slp.tv\/2022\/wp-json\/wp\/v2\/users\/2"}],"replies":[{"embeddable":true,"href":"https:\/\/canal7slp.tv\/2022\/wp-json\/wp\/v2\/comments?post=57970"}],"version-history":[{"count":1,"href":"https:\/\/canal7slp.tv\/2022\/wp-json\/wp\/v2\/posts\/57970\/revisions"}],"predecessor-version":[{"id":57972,"href":"https:\/\/canal7slp.tv\/2022\/wp-json\/wp\/v2\/posts\/57970\/revisions\/57972"}],"wp:featuredmedia":[{"embeddable":true,"href":"https:\/\/canal7slp.tv\/2022\/wp-json\/wp\/v2\/media\/57971"}],"wp:attachment":[{"href":"https:\/\/canal7slp.tv\/2022\/wp-json\/wp\/v2\/media?parent=57970"}],"wp:term":[{"taxonomy":"category","embeddable":true,"href":"https:\/\/canal7slp.tv\/2022\/wp-json\/wp\/v2\/categories?post=57970"},{"taxonomy":"post_tag","embeddable":true,"href":"https:\/\/canal7slp.tv\/2022\/wp-json\/wp\/v2\/tags?post=57970"}],"curies":[{"name":"wp","href":"https:\/\/api.w.org\/{rel}","templated":true}]}}