{"id":57939,"date":"2022-04-21T15:55:56","date_gmt":"2022-04-21T21:55:56","guid":{"rendered":"https:\/\/canal7slp.tv\/2022\/?p=57939"},"modified":"2022-04-21T15:55:56","modified_gmt":"2022-04-21T21:55:56","slug":"espera-legislador-que-detenciones-de-exfuncionarios-obedezcan-a-la-busqueda-de-justicia-no-persecucion","status":"publish","type":"post","link":"https:\/\/canal7slp.tv\/2022\/espera-legislador-que-detenciones-de-exfuncionarios-obedezcan-a-la-busqueda-de-justicia-no-persecucion\/","title":{"rendered":"Espera legislador que detenciones de exfuncionarios obedezcan a la b\u00fasqueda de justicia, no persecuci\u00f3n."},"content":{"rendered":"<p style=\"text-align: justify;\">SLP.- En entrevista, el diputado federal, Jos\u00e9 Antonio Zapata Meraz, espera que se tenga a la mira a cualquier funcionario que incurra en irregularidades, ya sean de las pasadas administraciones o de la que se encuentra actualmente en San Luis Potos\u00ed.<\/p>\n<p style=\"text-align: justify;\">Dichas declaraciones surgen luego de cuestionarle sobre las detenciones que se han realizado en las \u00faltimas semanas en contra de ex funcionarios carreristas, entre ellas la del es secretario de seguridad, Jaime N., o la de la ex secretaria de salud, M\u00f3nica N.<\/p>\n<p style=\"text-align: justify;\">\u00abOjal\u00e1 se haga lo propio con absolutamente todos los funcionarios que tengan alg\u00fan supuesto uso indebido de la funci\u00f3n p\u00fablica o del recurso p\u00fablico en todos los aspectos, no solo en la administraci\u00f3n anterior sino tambi\u00e9n de la administraci\u00f3n qu\u00e9 est\u00e1 corriendo. Debemos de vivir en un estado de derecho que permite a los ciudadanos tener certeza de que qui\u00e9n la hace la paga y no simple y sencillamente sea un tema pol\u00edtico, sino que pueda ser un tema realmente de certeza jur\u00eddica\u00bb, dijo.<\/p>\n<p style=\"text-align: justify;\">De hecho, hizo un llamado a las instituciones para recuperar la confianza de la poblaci\u00f3n en cuanto al tema de la impunidad.<\/p>\n<p style=\"text-align: justify;\">\u00abEs un tema donde las y los potosinos tengamos la certeza de que se est\u00e1 llevando las revisiones en la Auditor\u00eda Superior del Estado tal y como son; que la Fiscal\u00eda est\u00e9 realizando y haciendo su trabajo de investigaci\u00f3n y que quien haya cometido un delito pues sea castigado\u00bb, agreg\u00f3.<\/p>\n<p style=\"text-align: justify;\">El congresista espera que no se este cometiendo una persecuci\u00f3n pol\u00edtica y que el fin de las autoridades sea lograr justicia.<\/p>\n<p style=\"text-align: justify;\">\u00abYo no pudiera determinar si est\u00e1 viendo una cacer\u00eda de brujas o no, eso lo determinar\u00e1 el propio proceso jur\u00eddico que lleve la ex funcionaria, yo s\u00ed creo y voy para que se pueda abonar en el estado de derecho que necesitamos los potosinos y qui\u00e9n realmente la haga la apagu\u00e9 y no sea un objeto de alguna persecuci\u00f3n como tal, que sea realmente un hecho de Justicia plena\u00bb, termin\u00f3.<\/p>\n<p style=\"text-align: justify;\">Por: Jos\u00e9 Luis V\u00e1zquez<\/p>\n","protected":false},"excerpt":{"rendered":"<p>SLP.- En entrevista, el diputado federal, Jos\u00e9 Antonio Zapata Meraz, espera que se tenga a la mira a cualquier funcionario que incurra en irregularidades, ya sean de las pasadas administraciones o de la que se encuentra actualmente en San Luis Potos\u00ed. Dichas declaraciones surgen luego de cuestionarle sobre las detenciones que se han realizado en las \u00faltimas semanas en contra de ex funcionarios carreristas, entre ellas la del es secretario de seguridad, Jaime N., o la de la ex secretaria de salud, M\u00f3nica N. \u00abOjal\u00e1 se haga lo propio con absolutamente todos los funcionarios que tengan alg\u00fan supuesto uso indebido [&hellip;]<\/p>\n","protected":false},"author":2,"featured_media":57956,"comment_status":"closed","ping_status":"closed","sticky":false,"template":"","format":"video","meta":{"footnotes":""},"categories":[5,45],"tags":[],"class_list":["post-57939","post","type-post","status-publish","format-video","has-post-thumbnail","hentry","category-destacadas","category-localesyregionales","post_format-post-format-video","post--single"],"yoast_head":"<!-- This site is optimized with the Yoast SEO plugin v27.4 - https:\/\/yoast.com\/product\/yoast-seo-wordpress\/ -->\n<title>Espera legislador que detenciones de exfuncionarios obedezcan a la b\u00fasqueda de justicia, no persecuci\u00f3n. - Canal 7 SLP - 2022<\/title>\n<meta name=\"robots\" content=\"index, follow, max-snippet:-1, max-image-preview:large, max-video-preview:-1\" \/>\n<link rel=\"canonical\" href=\"https:\/\/canal7slp.tv\/2022\/espera-legislador-que-detenciones-de-exfuncionarios-obedezcan-a-la-busqueda-de-justicia-no-persecucion\/\" \/>\n<meta property=\"og:locale\" content=\"es_ES\" \/>\n<meta property=\"og:type\" content=\"article\" \/>\n<meta property=\"og:title\" content=\"Espera legislador que detenciones de exfuncionarios obedezcan a la b\u00fasqueda de justicia, no persecuci\u00f3n. - Canal 7 SLP - 2022\" \/>\n<meta property=\"og:description\" content=\"SLP.- En entrevista, el diputado federal, Jos\u00e9 Antonio Zapata Meraz, espera que se tenga a la mira a cualquier funcionario que incurra en irregularidades, ya sean de las pasadas administraciones o de la que se encuentra actualmente en San Luis Potos\u00ed. Dichas declaraciones surgen luego de cuestionarle sobre las detenciones que se han realizado en las \u00faltimas semanas en contra de ex funcionarios carreristas, entre ellas la del es secretario de seguridad, Jaime N., o la de la ex secretaria de salud, M\u00f3nica N. \u00abOjal\u00e1 se haga lo propio con absolutamente todos los funcionarios que tengan alg\u00fan supuesto uso indebido [&hellip;]\" \/>\n<meta property=\"og:url\" content=\"https:\/\/canal7slp.tv\/2022\/espera-legislador-que-detenciones-de-exfuncionarios-obedezcan-a-la-busqueda-de-justicia-no-persecucion\/\" \/>\n<meta property=\"og:site_name\" content=\"Canal 7 SLP - 2022\" \/>\n<meta property=\"article:publisher\" content=\"https:\/\/www.facebook.com\/noticieroscanalsiete\" \/>\n<meta property=\"article:published_time\" content=\"2022-04-21T21:55:56+00:00\" \/>\n<meta property=\"og:image\" content=\"https:\/\/canal7slp.tv\/2022\/wp-content\/uploads\/2022\/04\/Vazquez03Detenciones.jpg\" \/>\n\t<meta property=\"og:image:width\" content=\"888\" \/>\n\t<meta property=\"og:image:height\" content=\"500\" \/>\n\t<meta property=\"og:image:type\" content=\"image\/jpeg\" \/>\n<meta name=\"author\" content=\"Edici\u00f3n Web\" \/>\n<meta name=\"twitter:card\" content=\"summary_large_image\" \/>\n<meta name=\"twitter:creator\" content=\"@NOTICIEROS7\" \/>\n<meta name=\"twitter:site\" content=\"@NOTICIEROS7\" \/>\n<meta name=\"twitter:label1\" content=\"Escrito por\" \/>\n\t<meta name=\"twitter:data1\" content=\"Edici\u00f3n Web\" \/>\n\t<meta name=\"twitter:label2\" content=\"Tiempo de lectura\" \/>\n\t<meta name=\"twitter:data2\" content=\"2 minutos\" \/>\n<script type=\"application\/ld+json\" class=\"yoast-schema-graph\">{\"@context\":\"https:\\\/\\\/schema.org\",\"@graph\":[{\"@type\":\"Article\",\"@id\":\"https:\\\/\\\/canal7slp.tv\\\/2022\\\/espera-legislador-que-detenciones-de-exfuncionarios-obedezcan-a-la-busqueda-de-justicia-no-persecucion\\\/#article\",\"isPartOf\":{\"@id\":\"https:\\\/\\\/canal7slp.tv\\\/2022\\\/espera-legislador-que-detenciones-de-exfuncionarios-obedezcan-a-la-busqueda-de-justicia-no-persecucion\\\/\"},\"author\":{\"name\":\"Edici\u00f3n Web\",\"@id\":\"https:\\\/\\\/canal7slp.tv\\\/2022\\\/#\\\/schema\\\/person\\\/429704152a21f5f856ce29aa69a238da\"},\"headline\":\"Espera legislador que detenciones de exfuncionarios obedezcan a la b\u00fasqueda de justicia, no persecuci\u00f3n.\",\"datePublished\":\"2022-04-21T21:55:56+00:00\",\"mainEntityOfPage\":{\"@id\":\"https:\\\/\\\/canal7slp.tv\\\/2022\\\/espera-legislador-que-detenciones-de-exfuncionarios-obedezcan-a-la-busqueda-de-justicia-no-persecucion\\\/\"},\"wordCount\":374,\"publisher\":{\"@id\":\"https:\\\/\\\/canal7slp.tv\\\/2022\\\/#organization\"},\"image\":{\"@id\":\"https:\\\/\\\/canal7slp.tv\\\/2022\\\/espera-legislador-que-detenciones-de-exfuncionarios-obedezcan-a-la-busqueda-de-justicia-no-persecucion\\\/#primaryimage\"},\"thumbnailUrl\":\"https:\\\/\\\/canal7slp.tv\\\/2022\\\/wp-content\\\/uploads\\\/2022\\\/04\\\/Vazquez03Detenciones.jpg\",\"articleSection\":[\"DESTACADAS\",\"LOCALES Y REGIONALES\"],\"inLanguage\":\"es\"},{\"@type\":\"WebPage\",\"@id\":\"https:\\\/\\\/canal7slp.tv\\\/2022\\\/espera-legislador-que-detenciones-de-exfuncionarios-obedezcan-a-la-busqueda-de-justicia-no-persecucion\\\/\",\"url\":\"https:\\\/\\\/canal7slp.tv\\\/2022\\\/espera-legislador-que-detenciones-de-exfuncionarios-obedezcan-a-la-busqueda-de-justicia-no-persecucion\\\/\",\"name\":\"Espera legislador que detenciones de exfuncionarios obedezcan a la b\u00fasqueda de justicia, no persecuci\u00f3n. - Canal 7 SLP - 2022\",\"isPartOf\":{\"@id\":\"https:\\\/\\\/canal7slp.tv\\\/2022\\\/#website\"},\"primaryImageOfPage\":{\"@id\":\"https:\\\/\\\/canal7slp.tv\\\/2022\\\/espera-legislador-que-detenciones-de-exfuncionarios-obedezcan-a-la-busqueda-de-justicia-no-persecucion\\\/#primaryimage\"},\"image\":{\"@id\":\"https:\\\/\\\/canal7slp.tv\\\/2022\\\/espera-legislador-que-detenciones-de-exfuncionarios-obedezcan-a-la-busqueda-de-justicia-no-persecucion\\\/#primaryimage\"},\"thumbnailUrl\":\"https:\\\/\\\/canal7slp.tv\\\/2022\\\/wp-content\\\/uploads\\\/2022\\\/04\\\/Vazquez03Detenciones.jpg\",\"datePublished\":\"2022-04-21T21:55:56+00:00\",\"breadcrumb\":{\"@id\":\"https:\\\/\\\/canal7slp.tv\\\/2022\\\/espera-legislador-que-detenciones-de-exfuncionarios-obedezcan-a-la-busqueda-de-justicia-no-persecucion\\\/#breadcrumb\"},\"inLanguage\":\"es\",\"potentialAction\":[{\"@type\":\"ReadAction\",\"target\":[\"https:\\\/\\\/canal7slp.tv\\\/2022\\\/espera-legislador-que-detenciones-de-exfuncionarios-obedezcan-a-la-busqueda-de-justicia-no-persecucion\\\/\"]}]},{\"@type\":\"ImageObject\",\"inLanguage\":\"es\",\"@id\":\"https:\\\/\\\/canal7slp.tv\\\/2022\\\/espera-legislador-que-detenciones-de-exfuncionarios-obedezcan-a-la-busqueda-de-justicia-no-persecucion\\\/#primaryimage\",\"url\":\"https:\\\/\\\/canal7slp.tv\\\/2022\\\/wp-content\\\/uploads\\\/2022\\\/04\\\/Vazquez03Detenciones.jpg\",\"contentUrl\":\"https:\\\/\\\/canal7slp.tv\\\/2022\\\/wp-content\\\/uploads\\\/2022\\\/04\\\/Vazquez03Detenciones.jpg\",\"width\":888,\"height\":500},{\"@type\":\"BreadcrumbList\",\"@id\":\"https:\\\/\\\/canal7slp.tv\\\/2022\\\/espera-legislador-que-detenciones-de-exfuncionarios-obedezcan-a-la-busqueda-de-justicia-no-persecucion\\\/#breadcrumb\",\"itemListElement\":[{\"@type\":\"ListItem\",\"position\":1,\"name\":\"Portada\",\"item\":\"https:\\\/\\\/canal7slp.tv\\\/2022\\\/\"},{\"@type\":\"ListItem\",\"position\":2,\"name\":\"Espera legislador que detenciones de exfuncionarios obedezcan a la b\u00fasqueda de justicia, no persecuci\u00f3n.\"}]},{\"@type\":\"WebSite\",\"@id\":\"https:\\\/\\\/canal7slp.tv\\\/2022\\\/#website\",\"url\":\"https:\\\/\\\/canal7slp.tv\\\/2022\\\/\",\"name\":\"N7 - Noticieros Canal 7\",\"description\":\"Somos Televisi\u00f3n\",\"publisher\":{\"@id\":\"https:\\\/\\\/canal7slp.tv\\\/2022\\\/#organization\"},\"potentialAction\":[{\"@type\":\"SearchAction\",\"target\":{\"@type\":\"EntryPoint\",\"urlTemplate\":\"https:\\\/\\\/canal7slp.tv\\\/2022\\\/?s={search_term_string}\"},\"query-input\":{\"@type\":\"PropertyValueSpecification\",\"valueRequired\":true,\"valueName\":\"search_term_string\"}}],\"inLanguage\":\"es\"},{\"@type\":\"Organization\",\"@id\":\"https:\\\/\\\/canal7slp.tv\\\/2022\\\/#organization\",\"name\":\"Noticieros Canal 7\",\"url\":\"https:\\\/\\\/canal7slp.tv\\\/2022\\\/\",\"logo\":{\"@type\":\"ImageObject\",\"inLanguage\":\"es\",\"@id\":\"https:\\\/\\\/canal7slp.tv\\\/2022\\\/#\\\/schema\\\/logo\\\/image\\\/\",\"url\":\"https:\\\/\\\/canal7slp.tv\\\/2022\\\/wp-content\\\/uploads\\\/2021\\\/01\\\/logo-noticieros@2x.png\",\"contentUrl\":\"https:\\\/\\\/canal7slp.tv\\\/2022\\\/wp-content\\\/uploads\\\/2021\\\/01\\\/logo-noticieros@2x.png\",\"width\":1017,\"height\":268,\"caption\":\"Noticieros Canal 7\"},\"image\":{\"@id\":\"https:\\\/\\\/canal7slp.tv\\\/2022\\\/#\\\/schema\\\/logo\\\/image\\\/\"},\"sameAs\":[\"https:\\\/\\\/www.facebook.com\\\/noticieroscanalsiete\",\"https:\\\/\\\/x.com\\\/NOTICIEROS7\",\"https:\\\/\\\/www.instagram.com\\\/canal7_slp\",\"https:\\\/\\\/www.youtube.com\\\/channel\\\/UCliiYs-gP3JfJeqdPrNdd5A\"]},{\"@type\":\"Person\",\"@id\":\"https:\\\/\\\/canal7slp.tv\\\/2022\\\/#\\\/schema\\\/person\\\/429704152a21f5f856ce29aa69a238da\",\"name\":\"Edici\u00f3n Web\",\"image\":{\"@type\":\"ImageObject\",\"inLanguage\":\"es\",\"@id\":\"https:\\\/\\\/secure.gravatar.com\\\/avatar\\\/eee448fc3f7164808013b816ba91ac7e43bbe82a70bebac296f8bc6f0addaa1a?s=96&d=mm&r=g\",\"url\":\"https:\\\/\\\/secure.gravatar.com\\\/avatar\\\/eee448fc3f7164808013b816ba91ac7e43bbe82a70bebac296f8bc6f0addaa1a?s=96&d=mm&r=g\",\"contentUrl\":\"https:\\\/\\\/secure.gravatar.com\\\/avatar\\\/eee448fc3f7164808013b816ba91ac7e43bbe82a70bebac296f8bc6f0addaa1a?s=96&d=mm&r=g\",\"caption\":\"Edici\u00f3n Web\"},\"url\":\"https:\\\/\\\/canal7slp.tv\\\/2022\\\/author\\\/edicionweb\\\/\"}]}<\/script>\n<!-- \/ Yoast SEO plugin. -->","yoast_head_json":{"title":"Espera legislador que detenciones de exfuncionarios obedezcan a la b\u00fasqueda de justicia, no persecuci\u00f3n. - Canal 7 SLP - 2022","robots":{"index":"index","follow":"follow","max-snippet":"max-snippet:-1","max-image-preview":"max-image-preview:large","max-video-preview":"max-video-preview:-1"},"canonical":"https:\/\/canal7slp.tv\/2022\/espera-legislador-que-detenciones-de-exfuncionarios-obedezcan-a-la-busqueda-de-justicia-no-persecucion\/","og_locale":"es_ES","og_type":"article","og_title":"Espera legislador que detenciones de exfuncionarios obedezcan a la b\u00fasqueda de justicia, no persecuci\u00f3n. - Canal 7 SLP - 2022","og_description":"SLP.- En entrevista, el diputado federal, Jos\u00e9 Antonio Zapata Meraz, espera que se tenga a la mira a cualquier funcionario que incurra en irregularidades, ya sean de las pasadas administraciones o de la que se encuentra actualmente en San Luis Potos\u00ed. Dichas declaraciones surgen luego de cuestionarle sobre las detenciones que se han realizado en las \u00faltimas semanas en contra de ex funcionarios carreristas, entre ellas la del es secretario de seguridad, Jaime N., o la de la ex secretaria de salud, M\u00f3nica N. \u00abOjal\u00e1 se haga lo propio con absolutamente todos los funcionarios que tengan alg\u00fan supuesto uso indebido [&hellip;]","og_url":"https:\/\/canal7slp.tv\/2022\/espera-legislador-que-detenciones-de-exfuncionarios-obedezcan-a-la-busqueda-de-justicia-no-persecucion\/","og_site_name":"Canal 7 SLP - 2022","article_publisher":"https:\/\/www.facebook.com\/noticieroscanalsiete","article_published_time":"2022-04-21T21:55:56+00:00","og_image":[{"width":888,"height":500,"url":"https:\/\/canal7slp.tv\/2022\/wp-content\/uploads\/2022\/04\/Vazquez03Detenciones.jpg","type":"image\/jpeg"}],"author":"Edici\u00f3n Web","twitter_card":"summary_large_image","twitter_creator":"@NOTICIEROS7","twitter_site":"@NOTICIEROS7","twitter_misc":{"Escrito por":"Edici\u00f3n Web","Tiempo de lectura":"2 minutos"},"schema":{"@context":"https:\/\/schema.org","@graph":[{"@type":"Article","@id":"https:\/\/canal7slp.tv\/2022\/espera-legislador-que-detenciones-de-exfuncionarios-obedezcan-a-la-busqueda-de-justicia-no-persecucion\/#article","isPartOf":{"@id":"https:\/\/canal7slp.tv\/2022\/espera-legislador-que-detenciones-de-exfuncionarios-obedezcan-a-la-busqueda-de-justicia-no-persecucion\/"},"author":{"name":"Edici\u00f3n Web","@id":"https:\/\/canal7slp.tv\/2022\/#\/schema\/person\/429704152a21f5f856ce29aa69a238da"},"headline":"Espera legislador que detenciones de exfuncionarios obedezcan a la b\u00fasqueda de justicia, no persecuci\u00f3n.","datePublished":"2022-04-21T21:55:56+00:00","mainEntityOfPage":{"@id":"https:\/\/canal7slp.tv\/2022\/espera-legislador-que-detenciones-de-exfuncionarios-obedezcan-a-la-busqueda-de-justicia-no-persecucion\/"},"wordCount":374,"publisher":{"@id":"https:\/\/canal7slp.tv\/2022\/#organization"},"image":{"@id":"https:\/\/canal7slp.tv\/2022\/espera-legislador-que-detenciones-de-exfuncionarios-obedezcan-a-la-busqueda-de-justicia-no-persecucion\/#primaryimage"},"thumbnailUrl":"https:\/\/canal7slp.tv\/2022\/wp-content\/uploads\/2022\/04\/Vazquez03Detenciones.jpg","articleSection":["DESTACADAS","LOCALES Y REGIONALES"],"inLanguage":"es"},{"@type":"WebPage","@id":"https:\/\/canal7slp.tv\/2022\/espera-legislador-que-detenciones-de-exfuncionarios-obedezcan-a-la-busqueda-de-justicia-no-persecucion\/","url":"https:\/\/canal7slp.tv\/2022\/espera-legislador-que-detenciones-de-exfuncionarios-obedezcan-a-la-busqueda-de-justicia-no-persecucion\/","name":"Espera legislador que detenciones de exfuncionarios obedezcan a la b\u00fasqueda de justicia, no persecuci\u00f3n. - Canal 7 SLP - 2022","isPartOf":{"@id":"https:\/\/canal7slp.tv\/2022\/#website"},"primaryImageOfPage":{"@id":"https:\/\/canal7slp.tv\/2022\/espera-legislador-que-detenciones-de-exfuncionarios-obedezcan-a-la-busqueda-de-justicia-no-persecucion\/#primaryimage"},"image":{"@id":"https:\/\/canal7slp.tv\/2022\/espera-legislador-que-detenciones-de-exfuncionarios-obedezcan-a-la-busqueda-de-justicia-no-persecucion\/#primaryimage"},"thumbnailUrl":"https:\/\/canal7slp.tv\/2022\/wp-content\/uploads\/2022\/04\/Vazquez03Detenciones.jpg","datePublished":"2022-04-21T21:55:56+00:00","breadcrumb":{"@id":"https:\/\/canal7slp.tv\/2022\/espera-legislador-que-detenciones-de-exfuncionarios-obedezcan-a-la-busqueda-de-justicia-no-persecucion\/#breadcrumb"},"inLanguage":"es","potentialAction":[{"@type":"ReadAction","target":["https:\/\/canal7slp.tv\/2022\/espera-legislador-que-detenciones-de-exfuncionarios-obedezcan-a-la-busqueda-de-justicia-no-persecucion\/"]}]},{"@type":"ImageObject","inLanguage":"es","@id":"https:\/\/canal7slp.tv\/2022\/espera-legislador-que-detenciones-de-exfuncionarios-obedezcan-a-la-busqueda-de-justicia-no-persecucion\/#primaryimage","url":"https:\/\/canal7slp.tv\/2022\/wp-content\/uploads\/2022\/04\/Vazquez03Detenciones.jpg","contentUrl":"https:\/\/canal7slp.tv\/2022\/wp-content\/uploads\/2022\/04\/Vazquez03Detenciones.jpg","width":888,"height":500},{"@type":"BreadcrumbList","@id":"https:\/\/canal7slp.tv\/2022\/espera-legislador-que-detenciones-de-exfuncionarios-obedezcan-a-la-busqueda-de-justicia-no-persecucion\/#breadcrumb","itemListElement":[{"@type":"ListItem","position":1,"name":"Portada","item":"https:\/\/canal7slp.tv\/2022\/"},{"@type":"ListItem","position":2,"name":"Espera legislador que detenciones de exfuncionarios obedezcan a la b\u00fasqueda de justicia, no persecuci\u00f3n."}]},{"@type":"WebSite","@id":"https:\/\/canal7slp.tv\/2022\/#website","url":"https:\/\/canal7slp.tv\/2022\/","name":"N7 - Noticieros Canal 7","description":"Somos Televisi\u00f3n","publisher":{"@id":"https:\/\/canal7slp.tv\/2022\/#organization"},"potentialAction":[{"@type":"SearchAction","target":{"@type":"EntryPoint","urlTemplate":"https:\/\/canal7slp.tv\/2022\/?s={search_term_string}"},"query-input":{"@type":"PropertyValueSpecification","valueRequired":true,"valueName":"search_term_string"}}],"inLanguage":"es"},{"@type":"Organization","@id":"https:\/\/canal7slp.tv\/2022\/#organization","name":"Noticieros Canal 7","url":"https:\/\/canal7slp.tv\/2022\/","logo":{"@type":"ImageObject","inLanguage":"es","@id":"https:\/\/canal7slp.tv\/2022\/#\/schema\/logo\/image\/","url":"https:\/\/canal7slp.tv\/2022\/wp-content\/uploads\/2021\/01\/logo-noticieros@2x.png","contentUrl":"https:\/\/canal7slp.tv\/2022\/wp-content\/uploads\/2021\/01\/logo-noticieros@2x.png","width":1017,"height":268,"caption":"Noticieros Canal 7"},"image":{"@id":"https:\/\/canal7slp.tv\/2022\/#\/schema\/logo\/image\/"},"sameAs":["https:\/\/www.facebook.com\/noticieroscanalsiete","https:\/\/x.com\/NOTICIEROS7","https:\/\/www.instagram.com\/canal7_slp","https:\/\/www.youtube.com\/channel\/UCliiYs-gP3JfJeqdPrNdd5A"]},{"@type":"Person","@id":"https:\/\/canal7slp.tv\/2022\/#\/schema\/person\/429704152a21f5f856ce29aa69a238da","name":"Edici\u00f3n Web","image":{"@type":"ImageObject","inLanguage":"es","@id":"https:\/\/secure.gravatar.com\/avatar\/eee448fc3f7164808013b816ba91ac7e43bbe82a70bebac296f8bc6f0addaa1a?s=96&d=mm&r=g","url":"https:\/\/secure.gravatar.com\/avatar\/eee448fc3f7164808013b816ba91ac7e43bbe82a70bebac296f8bc6f0addaa1a?s=96&d=mm&r=g","contentUrl":"https:\/\/secure.gravatar.com\/avatar\/eee448fc3f7164808013b816ba91ac7e43bbe82a70bebac296f8bc6f0addaa1a?s=96&d=mm&r=g","caption":"Edici\u00f3n Web"},"url":"https:\/\/canal7slp.tv\/2022\/author\/edicionweb\/"}]}},"amp_enabled":true,"_links":{"self":[{"href":"https:\/\/canal7slp.tv\/2022\/wp-json\/wp\/v2\/posts\/57939","targetHints":{"allow":["GET"]}}],"collection":[{"href":"https:\/\/canal7slp.tv\/2022\/wp-json\/wp\/v2\/posts"}],"about":[{"href":"https:\/\/canal7slp.tv\/2022\/wp-json\/wp\/v2\/types\/post"}],"author":[{"embeddable":true,"href":"https:\/\/canal7slp.tv\/2022\/wp-json\/wp\/v2\/users\/2"}],"replies":[{"embeddable":true,"href":"https:\/\/canal7slp.tv\/2022\/wp-json\/wp\/v2\/comments?post=57939"}],"version-history":[{"count":3,"href":"https:\/\/canal7slp.tv\/2022\/wp-json\/wp\/v2\/posts\/57939\/revisions"}],"predecessor-version":[{"id":57957,"href":"https:\/\/canal7slp.tv\/2022\/wp-json\/wp\/v2\/posts\/57939\/revisions\/57957"}],"wp:featuredmedia":[{"embeddable":true,"href":"https:\/\/canal7slp.tv\/2022\/wp-json\/wp\/v2\/media\/57956"}],"wp:attachment":[{"href":"https:\/\/canal7slp.tv\/2022\/wp-json\/wp\/v2\/media?parent=57939"}],"wp:term":[{"taxonomy":"category","embeddable":true,"href":"https:\/\/canal7slp.tv\/2022\/wp-json\/wp\/v2\/categories?post=57939"},{"taxonomy":"post_tag","embeddable":true,"href":"https:\/\/canal7slp.tv\/2022\/wp-json\/wp\/v2\/tags?post=57939"}],"curies":[{"name":"wp","href":"https:\/\/api.w.org\/{rel}","templated":true}]}}