{"id":57938,"date":"2022-04-21T14:54:33","date_gmt":"2022-04-21T20:54:33","guid":{"rendered":"https:\/\/canal7slp.tv\/2022\/?p=57938"},"modified":"2022-04-21T14:54:33","modified_gmt":"2022-04-21T20:54:33","slug":"gobierno-estatal-asegura-que-en-mayo-comienza-aplicacion-de-vacuna-pediatrica-contra-covid-19","status":"publish","type":"post","link":"https:\/\/canal7slp.tv\/2022\/gobierno-estatal-asegura-que-en-mayo-comienza-aplicacion-de-vacuna-pediatrica-contra-covid-19\/","title":{"rendered":"Gobierno Estatal asegura que en mayo comienza aplicaci\u00f3n de vacuna pedi\u00e1trica contra COVID-19."},"content":{"rendered":"<ul>\n<li>Sin embargo, desde el IMSS se advierte que no hay aviso por parte de la Federaci\u00f3n.<\/li>\n<\/ul>\n<p style=\"text-align: justify;\">SLP.- El gobernador de San Luis Potos\u00ed, Ricardo Gallardo Cardona, hizo uso de sus redes sociales para anunciar que en el mes de mayo se iniciar\u00e1 con la aplicaci\u00f3n de vacunas pedi\u00e1tricas contra la covid-19 para ni\u00f1as y ni\u00f1os de cinco a\u00f1os de edad en adelante.<\/p>\n<p style=\"text-align: justify;\">\u201cEn mayo gracias a la Secretar\u00eda de Salud del Estado, del Gobierno Federal que nos han estado apoyando mucho con el tema de vacunaci\u00f3n, ya logrado la adquisici\u00f3n de vacunas, empezaron a llegar, nos la mandar\u00e1 Gobierno Federal directamente a partir de mayo, vamos a estar vacunando a todos los ni\u00f1os a partir de 5 a\u00f1os\u201d, dijo.<\/p>\n<p style=\"text-align: justify;\">Pese a ello, el Instituto Mexicano del Seguro Social (IMSS), aclar\u00f3 que, hasta el momento, no se ha recibido ning\u00fan aviso al respecto por parte de la Secretar\u00eda de Salud a nivel federal, por lo que se asegur\u00f3 de haber alg\u00fan cambio se dar\u00e1 a conocer a la brevedad.<\/p>\n<p style=\"text-align: justify;\">De acuerdo con el ejecutivo estatal, la vacunaci\u00f3n contra el coronavirus en tierras potosinas ha tenido una respuesta positiva de la poblaci\u00f3n<\/p>\n<p style=\"text-align: justify;\">\u201cHemos logrado la vacunaci\u00f3n del 95% de las y los potosinos, es el segundo estado que cuenta con m\u00e1s vacunas puestas, gracias al trabajo de ustedes y de todos los potosinos, as\u00ed que es un aplauso para todos ustedes, que han acudido a los centros de vacunaci\u00f3n, (\u2026) a partir de mayo todos los peque\u00f1itos a vacunarse\u201d.<\/p>\n<p style=\"text-align: justify;\">En el tema de la vacunaci\u00f3n para menores de 5 a\u00f1os en adelante, continu\u00f3 al decir que se implementar\u00e1n distintas estrategias agilizar el proceso.<\/p>\n<p style=\"text-align: justify;\">\u201cVamos a tratar de colocar centros m\u00f3viles c\u00f3mo lo hicimos en el centro de convenciones, y otros lugares, para que los ni\u00f1os no se bajen de los carros, y podamos estar vacunando m\u00e1s r\u00e1pido, (\u2026) que todos los pap\u00e1s pueden llevar a sus hijos a partir de 5 a\u00f1os a vacunarse\u201d.<\/p>\n<p style=\"text-align: justify;\">Por: Jos\u00e9 Luis V\u00e1zquez<\/p>\n","protected":false},"excerpt":{"rendered":"<p>Sin embargo, desde el IMSS se advierte que no hay aviso por parte de la Federaci\u00f3n. SLP.- El gobernador de San Luis Potos\u00ed, Ricardo Gallardo Cardona, hizo uso de sus redes sociales para anunciar que en el mes de mayo se iniciar\u00e1 con la aplicaci\u00f3n de vacunas pedi\u00e1tricas contra la covid-19 para ni\u00f1as y ni\u00f1os de cinco a\u00f1os de edad en adelante. \u201cEn mayo gracias a la Secretar\u00eda de Salud del Estado, del Gobierno Federal que nos han estado apoyando mucho con el tema de vacunaci\u00f3n, ya logrado la adquisici\u00f3n de vacunas, empezaron a llegar, nos la mandar\u00e1 Gobierno Federal [&hellip;]<\/p>\n","protected":false},"author":2,"featured_media":57951,"comment_status":"closed","ping_status":"closed","sticky":false,"template":"","format":"video","meta":{"footnotes":""},"categories":[4,5,510,45],"tags":[],"class_list":["post-57938","post","type-post","status-publish","format-video","has-post-thumbnail","hentry","category-covid-19","category-destacadas","category-gobedoslp","category-localesyregionales","post_format-post-format-video","post--single"],"yoast_head":"<!-- This site is optimized with the Yoast SEO plugin v27.4 - https:\/\/yoast.com\/product\/yoast-seo-wordpress\/ -->\n<title>Gobierno Estatal asegura que en mayo comienza aplicaci\u00f3n de vacuna pedi\u00e1trica contra COVID-19. - Canal 7 SLP - 2022<\/title>\n<meta name=\"robots\" content=\"index, follow, max-snippet:-1, max-image-preview:large, max-video-preview:-1\" \/>\n<link rel=\"canonical\" href=\"https:\/\/canal7slp.tv\/2022\/gobierno-estatal-asegura-que-en-mayo-comienza-aplicacion-de-vacuna-pediatrica-contra-covid-19\/\" \/>\n<meta property=\"og:locale\" content=\"es_ES\" \/>\n<meta property=\"og:type\" content=\"article\" \/>\n<meta property=\"og:title\" content=\"Gobierno Estatal asegura que en mayo comienza aplicaci\u00f3n de vacuna pedi\u00e1trica contra COVID-19. - Canal 7 SLP - 2022\" \/>\n<meta property=\"og:description\" content=\"Sin embargo, desde el IMSS se advierte que no hay aviso por parte de la Federaci\u00f3n. SLP.- El gobernador de San Luis Potos\u00ed, Ricardo Gallardo Cardona, hizo uso de sus redes sociales para anunciar que en el mes de mayo se iniciar\u00e1 con la aplicaci\u00f3n de vacunas pedi\u00e1tricas contra la covid-19 para ni\u00f1as y ni\u00f1os de cinco a\u00f1os de edad en adelante. \u201cEn mayo gracias a la Secretar\u00eda de Salud del Estado, del Gobierno Federal que nos han estado apoyando mucho con el tema de vacunaci\u00f3n, ya logrado la adquisici\u00f3n de vacunas, empezaron a llegar, nos la mandar\u00e1 Gobierno Federal [&hellip;]\" \/>\n<meta property=\"og:url\" content=\"https:\/\/canal7slp.tv\/2022\/gobierno-estatal-asegura-que-en-mayo-comienza-aplicacion-de-vacuna-pediatrica-contra-covid-19\/\" \/>\n<meta property=\"og:site_name\" content=\"Canal 7 SLP - 2022\" \/>\n<meta property=\"article:publisher\" content=\"https:\/\/www.facebook.com\/noticieroscanalsiete\" \/>\n<meta property=\"article:published_time\" content=\"2022-04-21T20:54:33+00:00\" \/>\n<meta property=\"og:image\" content=\"https:\/\/canal7slp.tv\/2022\/wp-content\/uploads\/2022\/04\/Vazquez02VacunaNinios.jpg\" \/>\n\t<meta property=\"og:image:width\" content=\"888\" \/>\n\t<meta property=\"og:image:height\" content=\"500\" \/>\n\t<meta property=\"og:image:type\" content=\"image\/jpeg\" \/>\n<meta name=\"author\" content=\"Edici\u00f3n Web\" \/>\n<meta name=\"twitter:card\" content=\"summary_large_image\" \/>\n<meta name=\"twitter:creator\" content=\"@NOTICIEROS7\" \/>\n<meta name=\"twitter:site\" content=\"@NOTICIEROS7\" \/>\n<meta name=\"twitter:label1\" content=\"Escrito por\" \/>\n\t<meta name=\"twitter:data1\" content=\"Edici\u00f3n Web\" \/>\n\t<meta name=\"twitter:label2\" content=\"Tiempo de lectura\" \/>\n\t<meta name=\"twitter:data2\" content=\"2 minutos\" \/>\n<script type=\"application\/ld+json\" class=\"yoast-schema-graph\">{\"@context\":\"https:\\\/\\\/schema.org\",\"@graph\":[{\"@type\":\"Article\",\"@id\":\"https:\\\/\\\/canal7slp.tv\\\/2022\\\/gobierno-estatal-asegura-que-en-mayo-comienza-aplicacion-de-vacuna-pediatrica-contra-covid-19\\\/#article\",\"isPartOf\":{\"@id\":\"https:\\\/\\\/canal7slp.tv\\\/2022\\\/gobierno-estatal-asegura-que-en-mayo-comienza-aplicacion-de-vacuna-pediatrica-contra-covid-19\\\/\"},\"author\":{\"name\":\"Edici\u00f3n Web\",\"@id\":\"https:\\\/\\\/canal7slp.tv\\\/2022\\\/#\\\/schema\\\/person\\\/429704152a21f5f856ce29aa69a238da\"},\"headline\":\"Gobierno Estatal asegura que en mayo comienza aplicaci\u00f3n de vacuna pedi\u00e1trica contra COVID-19.\",\"datePublished\":\"2022-04-21T20:54:33+00:00\",\"mainEntityOfPage\":{\"@id\":\"https:\\\/\\\/canal7slp.tv\\\/2022\\\/gobierno-estatal-asegura-que-en-mayo-comienza-aplicacion-de-vacuna-pediatrica-contra-covid-19\\\/\"},\"wordCount\":367,\"publisher\":{\"@id\":\"https:\\\/\\\/canal7slp.tv\\\/2022\\\/#organization\"},\"image\":{\"@id\":\"https:\\\/\\\/canal7slp.tv\\\/2022\\\/gobierno-estatal-asegura-que-en-mayo-comienza-aplicacion-de-vacuna-pediatrica-contra-covid-19\\\/#primaryimage\"},\"thumbnailUrl\":\"https:\\\/\\\/canal7slp.tv\\\/2022\\\/wp-content\\\/uploads\\\/2022\\\/04\\\/Vazquez02VacunaNinios.jpg\",\"articleSection\":[\"COVID-19\",\"DESTACADAS\",\"GOBEDOSLP\",\"LOCALES Y REGIONALES\"],\"inLanguage\":\"es\"},{\"@type\":\"WebPage\",\"@id\":\"https:\\\/\\\/canal7slp.tv\\\/2022\\\/gobierno-estatal-asegura-que-en-mayo-comienza-aplicacion-de-vacuna-pediatrica-contra-covid-19\\\/\",\"url\":\"https:\\\/\\\/canal7slp.tv\\\/2022\\\/gobierno-estatal-asegura-que-en-mayo-comienza-aplicacion-de-vacuna-pediatrica-contra-covid-19\\\/\",\"name\":\"Gobierno Estatal asegura que en mayo comienza aplicaci\u00f3n de vacuna pedi\u00e1trica contra COVID-19. - Canal 7 SLP - 2022\",\"isPartOf\":{\"@id\":\"https:\\\/\\\/canal7slp.tv\\\/2022\\\/#website\"},\"primaryImageOfPage\":{\"@id\":\"https:\\\/\\\/canal7slp.tv\\\/2022\\\/gobierno-estatal-asegura-que-en-mayo-comienza-aplicacion-de-vacuna-pediatrica-contra-covid-19\\\/#primaryimage\"},\"image\":{\"@id\":\"https:\\\/\\\/canal7slp.tv\\\/2022\\\/gobierno-estatal-asegura-que-en-mayo-comienza-aplicacion-de-vacuna-pediatrica-contra-covid-19\\\/#primaryimage\"},\"thumbnailUrl\":\"https:\\\/\\\/canal7slp.tv\\\/2022\\\/wp-content\\\/uploads\\\/2022\\\/04\\\/Vazquez02VacunaNinios.jpg\",\"datePublished\":\"2022-04-21T20:54:33+00:00\",\"breadcrumb\":{\"@id\":\"https:\\\/\\\/canal7slp.tv\\\/2022\\\/gobierno-estatal-asegura-que-en-mayo-comienza-aplicacion-de-vacuna-pediatrica-contra-covid-19\\\/#breadcrumb\"},\"inLanguage\":\"es\",\"potentialAction\":[{\"@type\":\"ReadAction\",\"target\":[\"https:\\\/\\\/canal7slp.tv\\\/2022\\\/gobierno-estatal-asegura-que-en-mayo-comienza-aplicacion-de-vacuna-pediatrica-contra-covid-19\\\/\"]}]},{\"@type\":\"ImageObject\",\"inLanguage\":\"es\",\"@id\":\"https:\\\/\\\/canal7slp.tv\\\/2022\\\/gobierno-estatal-asegura-que-en-mayo-comienza-aplicacion-de-vacuna-pediatrica-contra-covid-19\\\/#primaryimage\",\"url\":\"https:\\\/\\\/canal7slp.tv\\\/2022\\\/wp-content\\\/uploads\\\/2022\\\/04\\\/Vazquez02VacunaNinios.jpg\",\"contentUrl\":\"https:\\\/\\\/canal7slp.tv\\\/2022\\\/wp-content\\\/uploads\\\/2022\\\/04\\\/Vazquez02VacunaNinios.jpg\",\"width\":888,\"height\":500},{\"@type\":\"BreadcrumbList\",\"@id\":\"https:\\\/\\\/canal7slp.tv\\\/2022\\\/gobierno-estatal-asegura-que-en-mayo-comienza-aplicacion-de-vacuna-pediatrica-contra-covid-19\\\/#breadcrumb\",\"itemListElement\":[{\"@type\":\"ListItem\",\"position\":1,\"name\":\"Portada\",\"item\":\"https:\\\/\\\/canal7slp.tv\\\/2022\\\/\"},{\"@type\":\"ListItem\",\"position\":2,\"name\":\"Gobierno Estatal asegura que en mayo comienza aplicaci\u00f3n de vacuna pedi\u00e1trica contra COVID-19.\"}]},{\"@type\":\"WebSite\",\"@id\":\"https:\\\/\\\/canal7slp.tv\\\/2022\\\/#website\",\"url\":\"https:\\\/\\\/canal7slp.tv\\\/2022\\\/\",\"name\":\"N7 - Noticieros Canal 7\",\"description\":\"Somos Televisi\u00f3n\",\"publisher\":{\"@id\":\"https:\\\/\\\/canal7slp.tv\\\/2022\\\/#organization\"},\"potentialAction\":[{\"@type\":\"SearchAction\",\"target\":{\"@type\":\"EntryPoint\",\"urlTemplate\":\"https:\\\/\\\/canal7slp.tv\\\/2022\\\/?s={search_term_string}\"},\"query-input\":{\"@type\":\"PropertyValueSpecification\",\"valueRequired\":true,\"valueName\":\"search_term_string\"}}],\"inLanguage\":\"es\"},{\"@type\":\"Organization\",\"@id\":\"https:\\\/\\\/canal7slp.tv\\\/2022\\\/#organization\",\"name\":\"Noticieros Canal 7\",\"url\":\"https:\\\/\\\/canal7slp.tv\\\/2022\\\/\",\"logo\":{\"@type\":\"ImageObject\",\"inLanguage\":\"es\",\"@id\":\"https:\\\/\\\/canal7slp.tv\\\/2022\\\/#\\\/schema\\\/logo\\\/image\\\/\",\"url\":\"https:\\\/\\\/canal7slp.tv\\\/2022\\\/wp-content\\\/uploads\\\/2021\\\/01\\\/logo-noticieros@2x.png\",\"contentUrl\":\"https:\\\/\\\/canal7slp.tv\\\/2022\\\/wp-content\\\/uploads\\\/2021\\\/01\\\/logo-noticieros@2x.png\",\"width\":1017,\"height\":268,\"caption\":\"Noticieros Canal 7\"},\"image\":{\"@id\":\"https:\\\/\\\/canal7slp.tv\\\/2022\\\/#\\\/schema\\\/logo\\\/image\\\/\"},\"sameAs\":[\"https:\\\/\\\/www.facebook.com\\\/noticieroscanalsiete\",\"https:\\\/\\\/x.com\\\/NOTICIEROS7\",\"https:\\\/\\\/www.instagram.com\\\/canal7_slp\",\"https:\\\/\\\/www.youtube.com\\\/channel\\\/UCliiYs-gP3JfJeqdPrNdd5A\"]},{\"@type\":\"Person\",\"@id\":\"https:\\\/\\\/canal7slp.tv\\\/2022\\\/#\\\/schema\\\/person\\\/429704152a21f5f856ce29aa69a238da\",\"name\":\"Edici\u00f3n Web\",\"image\":{\"@type\":\"ImageObject\",\"inLanguage\":\"es\",\"@id\":\"https:\\\/\\\/secure.gravatar.com\\\/avatar\\\/eee448fc3f7164808013b816ba91ac7e43bbe82a70bebac296f8bc6f0addaa1a?s=96&d=mm&r=g\",\"url\":\"https:\\\/\\\/secure.gravatar.com\\\/avatar\\\/eee448fc3f7164808013b816ba91ac7e43bbe82a70bebac296f8bc6f0addaa1a?s=96&d=mm&r=g\",\"contentUrl\":\"https:\\\/\\\/secure.gravatar.com\\\/avatar\\\/eee448fc3f7164808013b816ba91ac7e43bbe82a70bebac296f8bc6f0addaa1a?s=96&d=mm&r=g\",\"caption\":\"Edici\u00f3n Web\"},\"url\":\"https:\\\/\\\/canal7slp.tv\\\/2022\\\/author\\\/edicionweb\\\/\"}]}<\/script>\n<!-- \/ Yoast SEO plugin. -->","yoast_head_json":{"title":"Gobierno Estatal asegura que en mayo comienza aplicaci\u00f3n de vacuna pedi\u00e1trica contra COVID-19. - Canal 7 SLP - 2022","robots":{"index":"index","follow":"follow","max-snippet":"max-snippet:-1","max-image-preview":"max-image-preview:large","max-video-preview":"max-video-preview:-1"},"canonical":"https:\/\/canal7slp.tv\/2022\/gobierno-estatal-asegura-que-en-mayo-comienza-aplicacion-de-vacuna-pediatrica-contra-covid-19\/","og_locale":"es_ES","og_type":"article","og_title":"Gobierno Estatal asegura que en mayo comienza aplicaci\u00f3n de vacuna pedi\u00e1trica contra COVID-19. - Canal 7 SLP - 2022","og_description":"Sin embargo, desde el IMSS se advierte que no hay aviso por parte de la Federaci\u00f3n. SLP.- El gobernador de San Luis Potos\u00ed, Ricardo Gallardo Cardona, hizo uso de sus redes sociales para anunciar que en el mes de mayo se iniciar\u00e1 con la aplicaci\u00f3n de vacunas pedi\u00e1tricas contra la covid-19 para ni\u00f1as y ni\u00f1os de cinco a\u00f1os de edad en adelante. \u201cEn mayo gracias a la Secretar\u00eda de Salud del Estado, del Gobierno Federal que nos han estado apoyando mucho con el tema de vacunaci\u00f3n, ya logrado la adquisici\u00f3n de vacunas, empezaron a llegar, nos la mandar\u00e1 Gobierno Federal [&hellip;]","og_url":"https:\/\/canal7slp.tv\/2022\/gobierno-estatal-asegura-que-en-mayo-comienza-aplicacion-de-vacuna-pediatrica-contra-covid-19\/","og_site_name":"Canal 7 SLP - 2022","article_publisher":"https:\/\/www.facebook.com\/noticieroscanalsiete","article_published_time":"2022-04-21T20:54:33+00:00","og_image":[{"width":888,"height":500,"url":"https:\/\/canal7slp.tv\/2022\/wp-content\/uploads\/2022\/04\/Vazquez02VacunaNinios.jpg","type":"image\/jpeg"}],"author":"Edici\u00f3n Web","twitter_card":"summary_large_image","twitter_creator":"@NOTICIEROS7","twitter_site":"@NOTICIEROS7","twitter_misc":{"Escrito por":"Edici\u00f3n Web","Tiempo de lectura":"2 minutos"},"schema":{"@context":"https:\/\/schema.org","@graph":[{"@type":"Article","@id":"https:\/\/canal7slp.tv\/2022\/gobierno-estatal-asegura-que-en-mayo-comienza-aplicacion-de-vacuna-pediatrica-contra-covid-19\/#article","isPartOf":{"@id":"https:\/\/canal7slp.tv\/2022\/gobierno-estatal-asegura-que-en-mayo-comienza-aplicacion-de-vacuna-pediatrica-contra-covid-19\/"},"author":{"name":"Edici\u00f3n Web","@id":"https:\/\/canal7slp.tv\/2022\/#\/schema\/person\/429704152a21f5f856ce29aa69a238da"},"headline":"Gobierno Estatal asegura que en mayo comienza aplicaci\u00f3n de vacuna pedi\u00e1trica contra COVID-19.","datePublished":"2022-04-21T20:54:33+00:00","mainEntityOfPage":{"@id":"https:\/\/canal7slp.tv\/2022\/gobierno-estatal-asegura-que-en-mayo-comienza-aplicacion-de-vacuna-pediatrica-contra-covid-19\/"},"wordCount":367,"publisher":{"@id":"https:\/\/canal7slp.tv\/2022\/#organization"},"image":{"@id":"https:\/\/canal7slp.tv\/2022\/gobierno-estatal-asegura-que-en-mayo-comienza-aplicacion-de-vacuna-pediatrica-contra-covid-19\/#primaryimage"},"thumbnailUrl":"https:\/\/canal7slp.tv\/2022\/wp-content\/uploads\/2022\/04\/Vazquez02VacunaNinios.jpg","articleSection":["COVID-19","DESTACADAS","GOBEDOSLP","LOCALES Y REGIONALES"],"inLanguage":"es"},{"@type":"WebPage","@id":"https:\/\/canal7slp.tv\/2022\/gobierno-estatal-asegura-que-en-mayo-comienza-aplicacion-de-vacuna-pediatrica-contra-covid-19\/","url":"https:\/\/canal7slp.tv\/2022\/gobierno-estatal-asegura-que-en-mayo-comienza-aplicacion-de-vacuna-pediatrica-contra-covid-19\/","name":"Gobierno Estatal asegura que en mayo comienza aplicaci\u00f3n de vacuna pedi\u00e1trica contra COVID-19. - Canal 7 SLP - 2022","isPartOf":{"@id":"https:\/\/canal7slp.tv\/2022\/#website"},"primaryImageOfPage":{"@id":"https:\/\/canal7slp.tv\/2022\/gobierno-estatal-asegura-que-en-mayo-comienza-aplicacion-de-vacuna-pediatrica-contra-covid-19\/#primaryimage"},"image":{"@id":"https:\/\/canal7slp.tv\/2022\/gobierno-estatal-asegura-que-en-mayo-comienza-aplicacion-de-vacuna-pediatrica-contra-covid-19\/#primaryimage"},"thumbnailUrl":"https:\/\/canal7slp.tv\/2022\/wp-content\/uploads\/2022\/04\/Vazquez02VacunaNinios.jpg","datePublished":"2022-04-21T20:54:33+00:00","breadcrumb":{"@id":"https:\/\/canal7slp.tv\/2022\/gobierno-estatal-asegura-que-en-mayo-comienza-aplicacion-de-vacuna-pediatrica-contra-covid-19\/#breadcrumb"},"inLanguage":"es","potentialAction":[{"@type":"ReadAction","target":["https:\/\/canal7slp.tv\/2022\/gobierno-estatal-asegura-que-en-mayo-comienza-aplicacion-de-vacuna-pediatrica-contra-covid-19\/"]}]},{"@type":"ImageObject","inLanguage":"es","@id":"https:\/\/canal7slp.tv\/2022\/gobierno-estatal-asegura-que-en-mayo-comienza-aplicacion-de-vacuna-pediatrica-contra-covid-19\/#primaryimage","url":"https:\/\/canal7slp.tv\/2022\/wp-content\/uploads\/2022\/04\/Vazquez02VacunaNinios.jpg","contentUrl":"https:\/\/canal7slp.tv\/2022\/wp-content\/uploads\/2022\/04\/Vazquez02VacunaNinios.jpg","width":888,"height":500},{"@type":"BreadcrumbList","@id":"https:\/\/canal7slp.tv\/2022\/gobierno-estatal-asegura-que-en-mayo-comienza-aplicacion-de-vacuna-pediatrica-contra-covid-19\/#breadcrumb","itemListElement":[{"@type":"ListItem","position":1,"name":"Portada","item":"https:\/\/canal7slp.tv\/2022\/"},{"@type":"ListItem","position":2,"name":"Gobierno Estatal asegura que en mayo comienza aplicaci\u00f3n de vacuna pedi\u00e1trica contra COVID-19."}]},{"@type":"WebSite","@id":"https:\/\/canal7slp.tv\/2022\/#website","url":"https:\/\/canal7slp.tv\/2022\/","name":"N7 - Noticieros Canal 7","description":"Somos Televisi\u00f3n","publisher":{"@id":"https:\/\/canal7slp.tv\/2022\/#organization"},"potentialAction":[{"@type":"SearchAction","target":{"@type":"EntryPoint","urlTemplate":"https:\/\/canal7slp.tv\/2022\/?s={search_term_string}"},"query-input":{"@type":"PropertyValueSpecification","valueRequired":true,"valueName":"search_term_string"}}],"inLanguage":"es"},{"@type":"Organization","@id":"https:\/\/canal7slp.tv\/2022\/#organization","name":"Noticieros Canal 7","url":"https:\/\/canal7slp.tv\/2022\/","logo":{"@type":"ImageObject","inLanguage":"es","@id":"https:\/\/canal7slp.tv\/2022\/#\/schema\/logo\/image\/","url":"https:\/\/canal7slp.tv\/2022\/wp-content\/uploads\/2021\/01\/logo-noticieros@2x.png","contentUrl":"https:\/\/canal7slp.tv\/2022\/wp-content\/uploads\/2021\/01\/logo-noticieros@2x.png","width":1017,"height":268,"caption":"Noticieros Canal 7"},"image":{"@id":"https:\/\/canal7slp.tv\/2022\/#\/schema\/logo\/image\/"},"sameAs":["https:\/\/www.facebook.com\/noticieroscanalsiete","https:\/\/x.com\/NOTICIEROS7","https:\/\/www.instagram.com\/canal7_slp","https:\/\/www.youtube.com\/channel\/UCliiYs-gP3JfJeqdPrNdd5A"]},{"@type":"Person","@id":"https:\/\/canal7slp.tv\/2022\/#\/schema\/person\/429704152a21f5f856ce29aa69a238da","name":"Edici\u00f3n Web","image":{"@type":"ImageObject","inLanguage":"es","@id":"https:\/\/secure.gravatar.com\/avatar\/eee448fc3f7164808013b816ba91ac7e43bbe82a70bebac296f8bc6f0addaa1a?s=96&d=mm&r=g","url":"https:\/\/secure.gravatar.com\/avatar\/eee448fc3f7164808013b816ba91ac7e43bbe82a70bebac296f8bc6f0addaa1a?s=96&d=mm&r=g","contentUrl":"https:\/\/secure.gravatar.com\/avatar\/eee448fc3f7164808013b816ba91ac7e43bbe82a70bebac296f8bc6f0addaa1a?s=96&d=mm&r=g","caption":"Edici\u00f3n Web"},"url":"https:\/\/canal7slp.tv\/2022\/author\/edicionweb\/"}]}},"amp_enabled":true,"_links":{"self":[{"href":"https:\/\/canal7slp.tv\/2022\/wp-json\/wp\/v2\/posts\/57938","targetHints":{"allow":["GET"]}}],"collection":[{"href":"https:\/\/canal7slp.tv\/2022\/wp-json\/wp\/v2\/posts"}],"about":[{"href":"https:\/\/canal7slp.tv\/2022\/wp-json\/wp\/v2\/types\/post"}],"author":[{"embeddable":true,"href":"https:\/\/canal7slp.tv\/2022\/wp-json\/wp\/v2\/users\/2"}],"replies":[{"embeddable":true,"href":"https:\/\/canal7slp.tv\/2022\/wp-json\/wp\/v2\/comments?post=57938"}],"version-history":[{"count":4,"href":"https:\/\/canal7slp.tv\/2022\/wp-json\/wp\/v2\/posts\/57938\/revisions"}],"predecessor-version":[{"id":57953,"href":"https:\/\/canal7slp.tv\/2022\/wp-json\/wp\/v2\/posts\/57938\/revisions\/57953"}],"wp:featuredmedia":[{"embeddable":true,"href":"https:\/\/canal7slp.tv\/2022\/wp-json\/wp\/v2\/media\/57951"}],"wp:attachment":[{"href":"https:\/\/canal7slp.tv\/2022\/wp-json\/wp\/v2\/media?parent=57938"}],"wp:term":[{"taxonomy":"category","embeddable":true,"href":"https:\/\/canal7slp.tv\/2022\/wp-json\/wp\/v2\/categories?post=57938"},{"taxonomy":"post_tag","embeddable":true,"href":"https:\/\/canal7slp.tv\/2022\/wp-json\/wp\/v2\/tags?post=57938"}],"curies":[{"name":"wp","href":"https:\/\/api.w.org\/{rel}","templated":true}]}}