{"id":57937,"date":"2022-04-21T14:52:04","date_gmt":"2022-04-21T20:52:04","guid":{"rendered":"https:\/\/canal7slp.tv\/2022\/?p=57937"},"modified":"2022-04-21T14:52:04","modified_gmt":"2022-04-21T20:52:04","slug":"por-el-momento-no-se-contempla-segundo-refuerzo-contra-covid-19-en-slp","status":"publish","type":"post","link":"https:\/\/canal7slp.tv\/2022\/por-el-momento-no-se-contempla-segundo-refuerzo-contra-covid-19-en-slp\/","title":{"rendered":"Por el momento no se contempla segundo refuerzo contra COVID-19 en SLP."},"content":{"rendered":"<p style=\"text-align: justify;\">SLP.- Por medio de un comunicado oficial, los Servicios de Salud en el estado, aclararon que en San Luis Potos\u00ed todav\u00eda no se tiene contemplado la aplicaci\u00f3n de un segundo refuerzo contra el virus de la covid-19 para ning\u00fan grupo de edad.<\/p>\n<p style=\"text-align: justify;\">Detallan que solo en la Ciudad de M\u00e9xico el segundo refuerzo se aplica actualmente a personas adultas mayores con comorbilidades que hayan recibido su primer refuerzo antes del d\u00eda 19 de diciembre.<\/p>\n<p style=\"text-align: justify;\">En el documento se explica que en el estado potosino se tiene la instrucci\u00f3n de ampliar la cubertura se vacunaci\u00f3n por parte de las autoridades federales.<\/p>\n<p style=\"text-align: justify;\">Por ello, se habilitaron 52 sedes de inmunizaci\u00f3n en las siete jurisdicciones sanitarias que tiene San Luis Potos\u00ed, en donde se aplicar\u00e1n primeras y segundas dosis para personas mayores de 18 a\u00f1os, rezagados y a quienes ya requieran su primer refuerzo.<\/p>\n<p style=\"text-align: justify;\">Las mismas estar\u00e1n disponibles hasta este 22 de abril en un horario de 9 de la ma\u00f1ana a 3:30 de la tarde.<\/p>\n<p style=\"text-align: justify;\">Los interesados deber\u00e1n presentar su registro en mi vacuna.salud.gob.mx; comprobante de vacunaci\u00f3n de la segunda dosis para refuerzo o de la primera dosis para recibir la segunda; identificaci\u00f3n con fotograf\u00eda y la CURP actualizada.<\/p>\n<p style=\"text-align: justify;\">Por: Jos\u00e9 Luis V\u00e1zquez<\/p>\n","protected":false},"excerpt":{"rendered":"<p>SLP.- Por medio de un comunicado oficial, los Servicios de Salud en el estado, aclararon que en San Luis Potos\u00ed todav\u00eda no se tiene contemplado la aplicaci\u00f3n de un segundo refuerzo contra el virus de la covid-19 para ning\u00fan grupo de edad. Detallan que solo en la Ciudad de M\u00e9xico el segundo refuerzo se aplica actualmente a personas adultas mayores con comorbilidades que hayan recibido su primer refuerzo antes del d\u00eda 19 de diciembre. En el documento se explica que en el estado potosino se tiene la instrucci\u00f3n de ampliar la cubertura se vacunaci\u00f3n por parte de las autoridades federales. [&hellip;]<\/p>\n","protected":false},"author":2,"featured_media":57949,"comment_status":"closed","ping_status":"closed","sticky":false,"template":"","format":"video","meta":{"footnotes":""},"categories":[4,5,510,45],"tags":[],"class_list":["post-57937","post","type-post","status-publish","format-video","has-post-thumbnail","hentry","category-covid-19","category-destacadas","category-gobedoslp","category-localesyregionales","post_format-post-format-video","post--single"],"yoast_head":"<!-- This site is optimized with the Yoast SEO plugin v27.4 - https:\/\/yoast.com\/product\/yoast-seo-wordpress\/ -->\n<title>Por el momento no se contempla segundo refuerzo contra COVID-19 en SLP. - Canal 7 SLP - 2022<\/title>\n<meta name=\"robots\" content=\"index, follow, max-snippet:-1, max-image-preview:large, max-video-preview:-1\" \/>\n<link rel=\"canonical\" href=\"https:\/\/canal7slp.tv\/2022\/por-el-momento-no-se-contempla-segundo-refuerzo-contra-covid-19-en-slp\/\" \/>\n<meta property=\"og:locale\" content=\"es_ES\" \/>\n<meta property=\"og:type\" content=\"article\" \/>\n<meta property=\"og:title\" content=\"Por el momento no se contempla segundo refuerzo contra COVID-19 en SLP. - Canal 7 SLP - 2022\" \/>\n<meta property=\"og:description\" content=\"SLP.- Por medio de un comunicado oficial, los Servicios de Salud en el estado, aclararon que en San Luis Potos\u00ed todav\u00eda no se tiene contemplado la aplicaci\u00f3n de un segundo refuerzo contra el virus de la covid-19 para ning\u00fan grupo de edad. Detallan que solo en la Ciudad de M\u00e9xico el segundo refuerzo se aplica actualmente a personas adultas mayores con comorbilidades que hayan recibido su primer refuerzo antes del d\u00eda 19 de diciembre. En el documento se explica que en el estado potosino se tiene la instrucci\u00f3n de ampliar la cubertura se vacunaci\u00f3n por parte de las autoridades federales. [&hellip;]\" \/>\n<meta property=\"og:url\" content=\"https:\/\/canal7slp.tv\/2022\/por-el-momento-no-se-contempla-segundo-refuerzo-contra-covid-19-en-slp\/\" \/>\n<meta property=\"og:site_name\" content=\"Canal 7 SLP - 2022\" \/>\n<meta property=\"article:publisher\" content=\"https:\/\/www.facebook.com\/noticieroscanalsiete\" \/>\n<meta property=\"article:published_time\" content=\"2022-04-21T20:52:04+00:00\" \/>\n<meta property=\"og:image\" content=\"https:\/\/canal7slp.tv\/2022\/wp-content\/uploads\/2022\/04\/Vazquez01VacunaRefuerzo.jpg\" \/>\n\t<meta property=\"og:image:width\" content=\"888\" \/>\n\t<meta property=\"og:image:height\" content=\"500\" \/>\n\t<meta property=\"og:image:type\" content=\"image\/jpeg\" \/>\n<meta name=\"author\" content=\"Edici\u00f3n Web\" \/>\n<meta name=\"twitter:card\" content=\"summary_large_image\" \/>\n<meta name=\"twitter:creator\" content=\"@NOTICIEROS7\" \/>\n<meta name=\"twitter:site\" content=\"@NOTICIEROS7\" \/>\n<meta name=\"twitter:label1\" content=\"Escrito por\" \/>\n\t<meta name=\"twitter:data1\" content=\"Edici\u00f3n Web\" \/>\n\t<meta name=\"twitter:label2\" content=\"Tiempo de lectura\" \/>\n\t<meta name=\"twitter:data2\" content=\"1 minuto\" \/>\n<script type=\"application\/ld+json\" class=\"yoast-schema-graph\">{\"@context\":\"https:\\\/\\\/schema.org\",\"@graph\":[{\"@type\":\"Article\",\"@id\":\"https:\\\/\\\/canal7slp.tv\\\/2022\\\/por-el-momento-no-se-contempla-segundo-refuerzo-contra-covid-19-en-slp\\\/#article\",\"isPartOf\":{\"@id\":\"https:\\\/\\\/canal7slp.tv\\\/2022\\\/por-el-momento-no-se-contempla-segundo-refuerzo-contra-covid-19-en-slp\\\/\"},\"author\":{\"name\":\"Edici\u00f3n Web\",\"@id\":\"https:\\\/\\\/canal7slp.tv\\\/2022\\\/#\\\/schema\\\/person\\\/429704152a21f5f856ce29aa69a238da\"},\"headline\":\"Por el momento no se contempla segundo refuerzo contra COVID-19 en SLP.\",\"datePublished\":\"2022-04-21T20:52:04+00:00\",\"mainEntityOfPage\":{\"@id\":\"https:\\\/\\\/canal7slp.tv\\\/2022\\\/por-el-momento-no-se-contempla-segundo-refuerzo-contra-covid-19-en-slp\\\/\"},\"wordCount\":228,\"publisher\":{\"@id\":\"https:\\\/\\\/canal7slp.tv\\\/2022\\\/#organization\"},\"image\":{\"@id\":\"https:\\\/\\\/canal7slp.tv\\\/2022\\\/por-el-momento-no-se-contempla-segundo-refuerzo-contra-covid-19-en-slp\\\/#primaryimage\"},\"thumbnailUrl\":\"https:\\\/\\\/canal7slp.tv\\\/2022\\\/wp-content\\\/uploads\\\/2022\\\/04\\\/Vazquez01VacunaRefuerzo.jpg\",\"articleSection\":[\"COVID-19\",\"DESTACADAS\",\"GOBEDOSLP\",\"LOCALES Y REGIONALES\"],\"inLanguage\":\"es\"},{\"@type\":\"WebPage\",\"@id\":\"https:\\\/\\\/canal7slp.tv\\\/2022\\\/por-el-momento-no-se-contempla-segundo-refuerzo-contra-covid-19-en-slp\\\/\",\"url\":\"https:\\\/\\\/canal7slp.tv\\\/2022\\\/por-el-momento-no-se-contempla-segundo-refuerzo-contra-covid-19-en-slp\\\/\",\"name\":\"Por el momento no se contempla segundo refuerzo contra COVID-19 en SLP. - Canal 7 SLP - 2022\",\"isPartOf\":{\"@id\":\"https:\\\/\\\/canal7slp.tv\\\/2022\\\/#website\"},\"primaryImageOfPage\":{\"@id\":\"https:\\\/\\\/canal7slp.tv\\\/2022\\\/por-el-momento-no-se-contempla-segundo-refuerzo-contra-covid-19-en-slp\\\/#primaryimage\"},\"image\":{\"@id\":\"https:\\\/\\\/canal7slp.tv\\\/2022\\\/por-el-momento-no-se-contempla-segundo-refuerzo-contra-covid-19-en-slp\\\/#primaryimage\"},\"thumbnailUrl\":\"https:\\\/\\\/canal7slp.tv\\\/2022\\\/wp-content\\\/uploads\\\/2022\\\/04\\\/Vazquez01VacunaRefuerzo.jpg\",\"datePublished\":\"2022-04-21T20:52:04+00:00\",\"breadcrumb\":{\"@id\":\"https:\\\/\\\/canal7slp.tv\\\/2022\\\/por-el-momento-no-se-contempla-segundo-refuerzo-contra-covid-19-en-slp\\\/#breadcrumb\"},\"inLanguage\":\"es\",\"potentialAction\":[{\"@type\":\"ReadAction\",\"target\":[\"https:\\\/\\\/canal7slp.tv\\\/2022\\\/por-el-momento-no-se-contempla-segundo-refuerzo-contra-covid-19-en-slp\\\/\"]}]},{\"@type\":\"ImageObject\",\"inLanguage\":\"es\",\"@id\":\"https:\\\/\\\/canal7slp.tv\\\/2022\\\/por-el-momento-no-se-contempla-segundo-refuerzo-contra-covid-19-en-slp\\\/#primaryimage\",\"url\":\"https:\\\/\\\/canal7slp.tv\\\/2022\\\/wp-content\\\/uploads\\\/2022\\\/04\\\/Vazquez01VacunaRefuerzo.jpg\",\"contentUrl\":\"https:\\\/\\\/canal7slp.tv\\\/2022\\\/wp-content\\\/uploads\\\/2022\\\/04\\\/Vazquez01VacunaRefuerzo.jpg\",\"width\":888,\"height\":500},{\"@type\":\"BreadcrumbList\",\"@id\":\"https:\\\/\\\/canal7slp.tv\\\/2022\\\/por-el-momento-no-se-contempla-segundo-refuerzo-contra-covid-19-en-slp\\\/#breadcrumb\",\"itemListElement\":[{\"@type\":\"ListItem\",\"position\":1,\"name\":\"Portada\",\"item\":\"https:\\\/\\\/canal7slp.tv\\\/2022\\\/\"},{\"@type\":\"ListItem\",\"position\":2,\"name\":\"Por el momento no se contempla segundo refuerzo contra COVID-19 en SLP.\"}]},{\"@type\":\"WebSite\",\"@id\":\"https:\\\/\\\/canal7slp.tv\\\/2022\\\/#website\",\"url\":\"https:\\\/\\\/canal7slp.tv\\\/2022\\\/\",\"name\":\"N7 - Noticieros Canal 7\",\"description\":\"Somos Televisi\u00f3n\",\"publisher\":{\"@id\":\"https:\\\/\\\/canal7slp.tv\\\/2022\\\/#organization\"},\"potentialAction\":[{\"@type\":\"SearchAction\",\"target\":{\"@type\":\"EntryPoint\",\"urlTemplate\":\"https:\\\/\\\/canal7slp.tv\\\/2022\\\/?s={search_term_string}\"},\"query-input\":{\"@type\":\"PropertyValueSpecification\",\"valueRequired\":true,\"valueName\":\"search_term_string\"}}],\"inLanguage\":\"es\"},{\"@type\":\"Organization\",\"@id\":\"https:\\\/\\\/canal7slp.tv\\\/2022\\\/#organization\",\"name\":\"Noticieros Canal 7\",\"url\":\"https:\\\/\\\/canal7slp.tv\\\/2022\\\/\",\"logo\":{\"@type\":\"ImageObject\",\"inLanguage\":\"es\",\"@id\":\"https:\\\/\\\/canal7slp.tv\\\/2022\\\/#\\\/schema\\\/logo\\\/image\\\/\",\"url\":\"https:\\\/\\\/canal7slp.tv\\\/2022\\\/wp-content\\\/uploads\\\/2021\\\/01\\\/logo-noticieros@2x.png\",\"contentUrl\":\"https:\\\/\\\/canal7slp.tv\\\/2022\\\/wp-content\\\/uploads\\\/2021\\\/01\\\/logo-noticieros@2x.png\",\"width\":1017,\"height\":268,\"caption\":\"Noticieros Canal 7\"},\"image\":{\"@id\":\"https:\\\/\\\/canal7slp.tv\\\/2022\\\/#\\\/schema\\\/logo\\\/image\\\/\"},\"sameAs\":[\"https:\\\/\\\/www.facebook.com\\\/noticieroscanalsiete\",\"https:\\\/\\\/x.com\\\/NOTICIEROS7\",\"https:\\\/\\\/www.instagram.com\\\/canal7_slp\",\"https:\\\/\\\/www.youtube.com\\\/channel\\\/UCliiYs-gP3JfJeqdPrNdd5A\"]},{\"@type\":\"Person\",\"@id\":\"https:\\\/\\\/canal7slp.tv\\\/2022\\\/#\\\/schema\\\/person\\\/429704152a21f5f856ce29aa69a238da\",\"name\":\"Edici\u00f3n Web\",\"image\":{\"@type\":\"ImageObject\",\"inLanguage\":\"es\",\"@id\":\"https:\\\/\\\/secure.gravatar.com\\\/avatar\\\/eee448fc3f7164808013b816ba91ac7e43bbe82a70bebac296f8bc6f0addaa1a?s=96&d=mm&r=g\",\"url\":\"https:\\\/\\\/secure.gravatar.com\\\/avatar\\\/eee448fc3f7164808013b816ba91ac7e43bbe82a70bebac296f8bc6f0addaa1a?s=96&d=mm&r=g\",\"contentUrl\":\"https:\\\/\\\/secure.gravatar.com\\\/avatar\\\/eee448fc3f7164808013b816ba91ac7e43bbe82a70bebac296f8bc6f0addaa1a?s=96&d=mm&r=g\",\"caption\":\"Edici\u00f3n Web\"},\"url\":\"https:\\\/\\\/canal7slp.tv\\\/2022\\\/author\\\/edicionweb\\\/\"}]}<\/script>\n<!-- \/ Yoast SEO plugin. -->","yoast_head_json":{"title":"Por el momento no se contempla segundo refuerzo contra COVID-19 en SLP. - Canal 7 SLP - 2022","robots":{"index":"index","follow":"follow","max-snippet":"max-snippet:-1","max-image-preview":"max-image-preview:large","max-video-preview":"max-video-preview:-1"},"canonical":"https:\/\/canal7slp.tv\/2022\/por-el-momento-no-se-contempla-segundo-refuerzo-contra-covid-19-en-slp\/","og_locale":"es_ES","og_type":"article","og_title":"Por el momento no se contempla segundo refuerzo contra COVID-19 en SLP. - Canal 7 SLP - 2022","og_description":"SLP.- Por medio de un comunicado oficial, los Servicios de Salud en el estado, aclararon que en San Luis Potos\u00ed todav\u00eda no se tiene contemplado la aplicaci\u00f3n de un segundo refuerzo contra el virus de la covid-19 para ning\u00fan grupo de edad. Detallan que solo en la Ciudad de M\u00e9xico el segundo refuerzo se aplica actualmente a personas adultas mayores con comorbilidades que hayan recibido su primer refuerzo antes del d\u00eda 19 de diciembre. En el documento se explica que en el estado potosino se tiene la instrucci\u00f3n de ampliar la cubertura se vacunaci\u00f3n por parte de las autoridades federales. [&hellip;]","og_url":"https:\/\/canal7slp.tv\/2022\/por-el-momento-no-se-contempla-segundo-refuerzo-contra-covid-19-en-slp\/","og_site_name":"Canal 7 SLP - 2022","article_publisher":"https:\/\/www.facebook.com\/noticieroscanalsiete","article_published_time":"2022-04-21T20:52:04+00:00","og_image":[{"width":888,"height":500,"url":"https:\/\/canal7slp.tv\/2022\/wp-content\/uploads\/2022\/04\/Vazquez01VacunaRefuerzo.jpg","type":"image\/jpeg"}],"author":"Edici\u00f3n Web","twitter_card":"summary_large_image","twitter_creator":"@NOTICIEROS7","twitter_site":"@NOTICIEROS7","twitter_misc":{"Escrito por":"Edici\u00f3n Web","Tiempo de lectura":"1 minuto"},"schema":{"@context":"https:\/\/schema.org","@graph":[{"@type":"Article","@id":"https:\/\/canal7slp.tv\/2022\/por-el-momento-no-se-contempla-segundo-refuerzo-contra-covid-19-en-slp\/#article","isPartOf":{"@id":"https:\/\/canal7slp.tv\/2022\/por-el-momento-no-se-contempla-segundo-refuerzo-contra-covid-19-en-slp\/"},"author":{"name":"Edici\u00f3n Web","@id":"https:\/\/canal7slp.tv\/2022\/#\/schema\/person\/429704152a21f5f856ce29aa69a238da"},"headline":"Por el momento no se contempla segundo refuerzo contra COVID-19 en SLP.","datePublished":"2022-04-21T20:52:04+00:00","mainEntityOfPage":{"@id":"https:\/\/canal7slp.tv\/2022\/por-el-momento-no-se-contempla-segundo-refuerzo-contra-covid-19-en-slp\/"},"wordCount":228,"publisher":{"@id":"https:\/\/canal7slp.tv\/2022\/#organization"},"image":{"@id":"https:\/\/canal7slp.tv\/2022\/por-el-momento-no-se-contempla-segundo-refuerzo-contra-covid-19-en-slp\/#primaryimage"},"thumbnailUrl":"https:\/\/canal7slp.tv\/2022\/wp-content\/uploads\/2022\/04\/Vazquez01VacunaRefuerzo.jpg","articleSection":["COVID-19","DESTACADAS","GOBEDOSLP","LOCALES Y REGIONALES"],"inLanguage":"es"},{"@type":"WebPage","@id":"https:\/\/canal7slp.tv\/2022\/por-el-momento-no-se-contempla-segundo-refuerzo-contra-covid-19-en-slp\/","url":"https:\/\/canal7slp.tv\/2022\/por-el-momento-no-se-contempla-segundo-refuerzo-contra-covid-19-en-slp\/","name":"Por el momento no se contempla segundo refuerzo contra COVID-19 en SLP. - Canal 7 SLP - 2022","isPartOf":{"@id":"https:\/\/canal7slp.tv\/2022\/#website"},"primaryImageOfPage":{"@id":"https:\/\/canal7slp.tv\/2022\/por-el-momento-no-se-contempla-segundo-refuerzo-contra-covid-19-en-slp\/#primaryimage"},"image":{"@id":"https:\/\/canal7slp.tv\/2022\/por-el-momento-no-se-contempla-segundo-refuerzo-contra-covid-19-en-slp\/#primaryimage"},"thumbnailUrl":"https:\/\/canal7slp.tv\/2022\/wp-content\/uploads\/2022\/04\/Vazquez01VacunaRefuerzo.jpg","datePublished":"2022-04-21T20:52:04+00:00","breadcrumb":{"@id":"https:\/\/canal7slp.tv\/2022\/por-el-momento-no-se-contempla-segundo-refuerzo-contra-covid-19-en-slp\/#breadcrumb"},"inLanguage":"es","potentialAction":[{"@type":"ReadAction","target":["https:\/\/canal7slp.tv\/2022\/por-el-momento-no-se-contempla-segundo-refuerzo-contra-covid-19-en-slp\/"]}]},{"@type":"ImageObject","inLanguage":"es","@id":"https:\/\/canal7slp.tv\/2022\/por-el-momento-no-se-contempla-segundo-refuerzo-contra-covid-19-en-slp\/#primaryimage","url":"https:\/\/canal7slp.tv\/2022\/wp-content\/uploads\/2022\/04\/Vazquez01VacunaRefuerzo.jpg","contentUrl":"https:\/\/canal7slp.tv\/2022\/wp-content\/uploads\/2022\/04\/Vazquez01VacunaRefuerzo.jpg","width":888,"height":500},{"@type":"BreadcrumbList","@id":"https:\/\/canal7slp.tv\/2022\/por-el-momento-no-se-contempla-segundo-refuerzo-contra-covid-19-en-slp\/#breadcrumb","itemListElement":[{"@type":"ListItem","position":1,"name":"Portada","item":"https:\/\/canal7slp.tv\/2022\/"},{"@type":"ListItem","position":2,"name":"Por el momento no se contempla segundo refuerzo contra COVID-19 en SLP."}]},{"@type":"WebSite","@id":"https:\/\/canal7slp.tv\/2022\/#website","url":"https:\/\/canal7slp.tv\/2022\/","name":"N7 - Noticieros Canal 7","description":"Somos Televisi\u00f3n","publisher":{"@id":"https:\/\/canal7slp.tv\/2022\/#organization"},"potentialAction":[{"@type":"SearchAction","target":{"@type":"EntryPoint","urlTemplate":"https:\/\/canal7slp.tv\/2022\/?s={search_term_string}"},"query-input":{"@type":"PropertyValueSpecification","valueRequired":true,"valueName":"search_term_string"}}],"inLanguage":"es"},{"@type":"Organization","@id":"https:\/\/canal7slp.tv\/2022\/#organization","name":"Noticieros Canal 7","url":"https:\/\/canal7slp.tv\/2022\/","logo":{"@type":"ImageObject","inLanguage":"es","@id":"https:\/\/canal7slp.tv\/2022\/#\/schema\/logo\/image\/","url":"https:\/\/canal7slp.tv\/2022\/wp-content\/uploads\/2021\/01\/logo-noticieros@2x.png","contentUrl":"https:\/\/canal7slp.tv\/2022\/wp-content\/uploads\/2021\/01\/logo-noticieros@2x.png","width":1017,"height":268,"caption":"Noticieros Canal 7"},"image":{"@id":"https:\/\/canal7slp.tv\/2022\/#\/schema\/logo\/image\/"},"sameAs":["https:\/\/www.facebook.com\/noticieroscanalsiete","https:\/\/x.com\/NOTICIEROS7","https:\/\/www.instagram.com\/canal7_slp","https:\/\/www.youtube.com\/channel\/UCliiYs-gP3JfJeqdPrNdd5A"]},{"@type":"Person","@id":"https:\/\/canal7slp.tv\/2022\/#\/schema\/person\/429704152a21f5f856ce29aa69a238da","name":"Edici\u00f3n Web","image":{"@type":"ImageObject","inLanguage":"es","@id":"https:\/\/secure.gravatar.com\/avatar\/eee448fc3f7164808013b816ba91ac7e43bbe82a70bebac296f8bc6f0addaa1a?s=96&d=mm&r=g","url":"https:\/\/secure.gravatar.com\/avatar\/eee448fc3f7164808013b816ba91ac7e43bbe82a70bebac296f8bc6f0addaa1a?s=96&d=mm&r=g","contentUrl":"https:\/\/secure.gravatar.com\/avatar\/eee448fc3f7164808013b816ba91ac7e43bbe82a70bebac296f8bc6f0addaa1a?s=96&d=mm&r=g","caption":"Edici\u00f3n Web"},"url":"https:\/\/canal7slp.tv\/2022\/author\/edicionweb\/"}]}},"amp_enabled":true,"_links":{"self":[{"href":"https:\/\/canal7slp.tv\/2022\/wp-json\/wp\/v2\/posts\/57937","targetHints":{"allow":["GET"]}}],"collection":[{"href":"https:\/\/canal7slp.tv\/2022\/wp-json\/wp\/v2\/posts"}],"about":[{"href":"https:\/\/canal7slp.tv\/2022\/wp-json\/wp\/v2\/types\/post"}],"author":[{"embeddable":true,"href":"https:\/\/canal7slp.tv\/2022\/wp-json\/wp\/v2\/users\/2"}],"replies":[{"embeddable":true,"href":"https:\/\/canal7slp.tv\/2022\/wp-json\/wp\/v2\/comments?post=57937"}],"version-history":[{"count":3,"href":"https:\/\/canal7slp.tv\/2022\/wp-json\/wp\/v2\/posts\/57937\/revisions"}],"predecessor-version":[{"id":57950,"href":"https:\/\/canal7slp.tv\/2022\/wp-json\/wp\/v2\/posts\/57937\/revisions\/57950"}],"wp:featuredmedia":[{"embeddable":true,"href":"https:\/\/canal7slp.tv\/2022\/wp-json\/wp\/v2\/media\/57949"}],"wp:attachment":[{"href":"https:\/\/canal7slp.tv\/2022\/wp-json\/wp\/v2\/media?parent=57937"}],"wp:term":[{"taxonomy":"category","embeddable":true,"href":"https:\/\/canal7slp.tv\/2022\/wp-json\/wp\/v2\/categories?post=57937"},{"taxonomy":"post_tag","embeddable":true,"href":"https:\/\/canal7slp.tv\/2022\/wp-json\/wp\/v2\/tags?post=57937"}],"curies":[{"name":"wp","href":"https:\/\/api.w.org\/{rel}","templated":true}]}}