{"id":57903,"date":"2022-04-21T13:04:28","date_gmt":"2022-04-21T19:04:28","guid":{"rendered":"https:\/\/canal7slp.tv\/2022\/?p=57903"},"modified":"2022-04-21T13:04:28","modified_gmt":"2022-04-21T19:04:28","slug":"oposicion-denuncia-ante-la-onu-discurso-de-odio-de-amlo-y-morena","status":"publish","type":"post","link":"https:\/\/canal7slp.tv\/2022\/oposicion-denuncia-ante-la-onu-discurso-de-odio-de-amlo-y-morena\/","title":{"rendered":"Oposici\u00f3n denuncia ante la ONU discurso de odio de AMLO y MORENA"},"content":{"rendered":"<p style=\"text-align: justify;\">M\u00e9xico.- Legisladores de los partidos Revolucionario Institucional (PRI), Acci\u00f3n Nacional (PAN) y de la Revoluci\u00f3n Democr\u00e1tica (PRD), denunciaron ante la representaci\u00f3n del Alto Comisionado de Naciones Unidas para los Derechos Humanos de la Organizaci\u00f3n de las Naciones Unidas (ONU) el discurso de odio promovido desde la Presidencia de M\u00e9xico y la dirigencia del partido Movimiento de Regeneraci\u00f3n Nacional (MORENA).<\/p>\n<p style=\"text-align: justify;\">Los diputados relataron por medio de una carta las agresiones y amenazas de las que est\u00e1n siendo v\u00edctimas.<\/p>\n<p style=\"text-align: justify;\">Asimismo, los servidores p\u00fablicos aseveraron que acudir\u00e1n a todas las instancias nacionales e internacionales para denunciar dichos hechos.<\/p>\n","protected":false},"excerpt":{"rendered":"<p>M\u00e9xico.- Legisladores de los partidos Revolucionario Institucional (PRI), Acci\u00f3n Nacional (PAN) y de la Revoluci\u00f3n Democr\u00e1tica (PRD), denunciaron ante la representaci\u00f3n del Alto Comisionado de Naciones Unidas para los Derechos Humanos de la Organizaci\u00f3n de las Naciones Unidas (ONU) el discurso de odio promovido desde la Presidencia de M\u00e9xico y la dirigencia del partido Movimiento de Regeneraci\u00f3n Nacional (MORENA). Los diputados relataron por medio de una carta las agresiones y amenazas de las que est\u00e1n siendo v\u00edctimas. Asimismo, los servidores p\u00fablicos aseveraron que acudir\u00e1n a todas las instancias nacionales e internacionales para denunciar dichos hechos.<\/p>\n","protected":false},"author":2,"featured_media":57915,"comment_status":"closed","ping_status":"closed","sticky":false,"template":"","format":"standard","meta":{"footnotes":""},"categories":[46],"tags":[],"class_list":["post-57903","post","type-post","status-publish","format-standard","has-post-thumbnail","hentry","category-nacional","post--single"],"yoast_head":"<!-- This site is optimized with the Yoast SEO plugin v27.4 - https:\/\/yoast.com\/product\/yoast-seo-wordpress\/ -->\n<title>Oposici\u00f3n denuncia ante la ONU discurso de odio de AMLO y MORENA - Canal 7 SLP - 2022<\/title>\n<meta name=\"robots\" content=\"index, follow, max-snippet:-1, max-image-preview:large, max-video-preview:-1\" \/>\n<link rel=\"canonical\" href=\"https:\/\/canal7slp.tv\/2022\/oposicion-denuncia-ante-la-onu-discurso-de-odio-de-amlo-y-morena\/\" \/>\n<meta property=\"og:locale\" content=\"es_ES\" \/>\n<meta property=\"og:type\" content=\"article\" \/>\n<meta property=\"og:title\" content=\"Oposici\u00f3n denuncia ante la ONU discurso de odio de AMLO y MORENA - Canal 7 SLP - 2022\" \/>\n<meta property=\"og:description\" content=\"M\u00e9xico.- Legisladores de los partidos Revolucionario Institucional (PRI), Acci\u00f3n Nacional (PAN) y de la Revoluci\u00f3n Democr\u00e1tica (PRD), denunciaron ante la representaci\u00f3n del Alto Comisionado de Naciones Unidas para los Derechos Humanos de la Organizaci\u00f3n de las Naciones Unidas (ONU) el discurso de odio promovido desde la Presidencia de M\u00e9xico y la dirigencia del partido Movimiento de Regeneraci\u00f3n Nacional (MORENA). Los diputados relataron por medio de una carta las agresiones y amenazas de las que est\u00e1n siendo v\u00edctimas. Asimismo, los servidores p\u00fablicos aseveraron que acudir\u00e1n a todas las instancias nacionales e internacionales para denunciar dichos hechos.\" \/>\n<meta property=\"og:url\" content=\"https:\/\/canal7slp.tv\/2022\/oposicion-denuncia-ante-la-onu-discurso-de-odio-de-amlo-y-morena\/\" \/>\n<meta property=\"og:site_name\" content=\"Canal 7 SLP - 2022\" \/>\n<meta property=\"article:publisher\" content=\"https:\/\/www.facebook.com\/noticieroscanalsiete\" \/>\n<meta property=\"article:published_time\" content=\"2022-04-21T19:04:28+00:00\" \/>\n<meta property=\"og:image\" content=\"https:\/\/canal7slp.tv\/2022\/wp-content\/uploads\/2022\/04\/04-17.jpg\" \/>\n\t<meta property=\"og:image:width\" content=\"800\" \/>\n\t<meta property=\"og:image:height\" content=\"445\" \/>\n\t<meta property=\"og:image:type\" content=\"image\/jpeg\" \/>\n<meta name=\"author\" content=\"Edici\u00f3n Web\" \/>\n<meta name=\"twitter:card\" content=\"summary_large_image\" \/>\n<meta name=\"twitter:creator\" content=\"@NOTICIEROS7\" \/>\n<meta name=\"twitter:site\" content=\"@NOTICIEROS7\" \/>\n<meta name=\"twitter:label1\" content=\"Escrito por\" \/>\n\t<meta name=\"twitter:data1\" content=\"Edici\u00f3n Web\" \/>\n\t<meta name=\"twitter:label2\" content=\"Tiempo de lectura\" \/>\n\t<meta name=\"twitter:data2\" content=\"1 minuto\" \/>\n<script type=\"application\/ld+json\" class=\"yoast-schema-graph\">{\"@context\":\"https:\\\/\\\/schema.org\",\"@graph\":[{\"@type\":\"Article\",\"@id\":\"https:\\\/\\\/canal7slp.tv\\\/2022\\\/oposicion-denuncia-ante-la-onu-discurso-de-odio-de-amlo-y-morena\\\/#article\",\"isPartOf\":{\"@id\":\"https:\\\/\\\/canal7slp.tv\\\/2022\\\/oposicion-denuncia-ante-la-onu-discurso-de-odio-de-amlo-y-morena\\\/\"},\"author\":{\"name\":\"Edici\u00f3n Web\",\"@id\":\"https:\\\/\\\/canal7slp.tv\\\/2022\\\/#\\\/schema\\\/person\\\/429704152a21f5f856ce29aa69a238da\"},\"headline\":\"Oposici\u00f3n denuncia ante la ONU discurso de odio de AMLO y MORENA\",\"datePublished\":\"2022-04-21T19:04:28+00:00\",\"mainEntityOfPage\":{\"@id\":\"https:\\\/\\\/canal7slp.tv\\\/2022\\\/oposicion-denuncia-ante-la-onu-discurso-de-odio-de-amlo-y-morena\\\/\"},\"wordCount\":121,\"publisher\":{\"@id\":\"https:\\\/\\\/canal7slp.tv\\\/2022\\\/#organization\"},\"image\":{\"@id\":\"https:\\\/\\\/canal7slp.tv\\\/2022\\\/oposicion-denuncia-ante-la-onu-discurso-de-odio-de-amlo-y-morena\\\/#primaryimage\"},\"thumbnailUrl\":\"https:\\\/\\\/canal7slp.tv\\\/2022\\\/wp-content\\\/uploads\\\/2022\\\/04\\\/04-17.jpg\",\"articleSection\":[\"NACIONALES\"],\"inLanguage\":\"es\"},{\"@type\":\"WebPage\",\"@id\":\"https:\\\/\\\/canal7slp.tv\\\/2022\\\/oposicion-denuncia-ante-la-onu-discurso-de-odio-de-amlo-y-morena\\\/\",\"url\":\"https:\\\/\\\/canal7slp.tv\\\/2022\\\/oposicion-denuncia-ante-la-onu-discurso-de-odio-de-amlo-y-morena\\\/\",\"name\":\"Oposici\u00f3n denuncia ante la ONU discurso de odio de AMLO y MORENA - Canal 7 SLP - 2022\",\"isPartOf\":{\"@id\":\"https:\\\/\\\/canal7slp.tv\\\/2022\\\/#website\"},\"primaryImageOfPage\":{\"@id\":\"https:\\\/\\\/canal7slp.tv\\\/2022\\\/oposicion-denuncia-ante-la-onu-discurso-de-odio-de-amlo-y-morena\\\/#primaryimage\"},\"image\":{\"@id\":\"https:\\\/\\\/canal7slp.tv\\\/2022\\\/oposicion-denuncia-ante-la-onu-discurso-de-odio-de-amlo-y-morena\\\/#primaryimage\"},\"thumbnailUrl\":\"https:\\\/\\\/canal7slp.tv\\\/2022\\\/wp-content\\\/uploads\\\/2022\\\/04\\\/04-17.jpg\",\"datePublished\":\"2022-04-21T19:04:28+00:00\",\"breadcrumb\":{\"@id\":\"https:\\\/\\\/canal7slp.tv\\\/2022\\\/oposicion-denuncia-ante-la-onu-discurso-de-odio-de-amlo-y-morena\\\/#breadcrumb\"},\"inLanguage\":\"es\",\"potentialAction\":[{\"@type\":\"ReadAction\",\"target\":[\"https:\\\/\\\/canal7slp.tv\\\/2022\\\/oposicion-denuncia-ante-la-onu-discurso-de-odio-de-amlo-y-morena\\\/\"]}]},{\"@type\":\"ImageObject\",\"inLanguage\":\"es\",\"@id\":\"https:\\\/\\\/canal7slp.tv\\\/2022\\\/oposicion-denuncia-ante-la-onu-discurso-de-odio-de-amlo-y-morena\\\/#primaryimage\",\"url\":\"https:\\\/\\\/canal7slp.tv\\\/2022\\\/wp-content\\\/uploads\\\/2022\\\/04\\\/04-17.jpg\",\"contentUrl\":\"https:\\\/\\\/canal7slp.tv\\\/2022\\\/wp-content\\\/uploads\\\/2022\\\/04\\\/04-17.jpg\",\"width\":800,\"height\":445},{\"@type\":\"BreadcrumbList\",\"@id\":\"https:\\\/\\\/canal7slp.tv\\\/2022\\\/oposicion-denuncia-ante-la-onu-discurso-de-odio-de-amlo-y-morena\\\/#breadcrumb\",\"itemListElement\":[{\"@type\":\"ListItem\",\"position\":1,\"name\":\"Portada\",\"item\":\"https:\\\/\\\/canal7slp.tv\\\/2022\\\/\"},{\"@type\":\"ListItem\",\"position\":2,\"name\":\"Oposici\u00f3n denuncia ante la ONU discurso de odio de AMLO y MORENA\"}]},{\"@type\":\"WebSite\",\"@id\":\"https:\\\/\\\/canal7slp.tv\\\/2022\\\/#website\",\"url\":\"https:\\\/\\\/canal7slp.tv\\\/2022\\\/\",\"name\":\"N7 - Noticieros Canal 7\",\"description\":\"Somos Televisi\u00f3n\",\"publisher\":{\"@id\":\"https:\\\/\\\/canal7slp.tv\\\/2022\\\/#organization\"},\"potentialAction\":[{\"@type\":\"SearchAction\",\"target\":{\"@type\":\"EntryPoint\",\"urlTemplate\":\"https:\\\/\\\/canal7slp.tv\\\/2022\\\/?s={search_term_string}\"},\"query-input\":{\"@type\":\"PropertyValueSpecification\",\"valueRequired\":true,\"valueName\":\"search_term_string\"}}],\"inLanguage\":\"es\"},{\"@type\":\"Organization\",\"@id\":\"https:\\\/\\\/canal7slp.tv\\\/2022\\\/#organization\",\"name\":\"Noticieros Canal 7\",\"url\":\"https:\\\/\\\/canal7slp.tv\\\/2022\\\/\",\"logo\":{\"@type\":\"ImageObject\",\"inLanguage\":\"es\",\"@id\":\"https:\\\/\\\/canal7slp.tv\\\/2022\\\/#\\\/schema\\\/logo\\\/image\\\/\",\"url\":\"https:\\\/\\\/canal7slp.tv\\\/2022\\\/wp-content\\\/uploads\\\/2021\\\/01\\\/logo-noticieros@2x.png\",\"contentUrl\":\"https:\\\/\\\/canal7slp.tv\\\/2022\\\/wp-content\\\/uploads\\\/2021\\\/01\\\/logo-noticieros@2x.png\",\"width\":1017,\"height\":268,\"caption\":\"Noticieros Canal 7\"},\"image\":{\"@id\":\"https:\\\/\\\/canal7slp.tv\\\/2022\\\/#\\\/schema\\\/logo\\\/image\\\/\"},\"sameAs\":[\"https:\\\/\\\/www.facebook.com\\\/noticieroscanalsiete\",\"https:\\\/\\\/x.com\\\/NOTICIEROS7\",\"https:\\\/\\\/www.instagram.com\\\/canal7_slp\",\"https:\\\/\\\/www.youtube.com\\\/channel\\\/UCliiYs-gP3JfJeqdPrNdd5A\"]},{\"@type\":\"Person\",\"@id\":\"https:\\\/\\\/canal7slp.tv\\\/2022\\\/#\\\/schema\\\/person\\\/429704152a21f5f856ce29aa69a238da\",\"name\":\"Edici\u00f3n Web\",\"image\":{\"@type\":\"ImageObject\",\"inLanguage\":\"es\",\"@id\":\"https:\\\/\\\/secure.gravatar.com\\\/avatar\\\/eee448fc3f7164808013b816ba91ac7e43bbe82a70bebac296f8bc6f0addaa1a?s=96&d=mm&r=g\",\"url\":\"https:\\\/\\\/secure.gravatar.com\\\/avatar\\\/eee448fc3f7164808013b816ba91ac7e43bbe82a70bebac296f8bc6f0addaa1a?s=96&d=mm&r=g\",\"contentUrl\":\"https:\\\/\\\/secure.gravatar.com\\\/avatar\\\/eee448fc3f7164808013b816ba91ac7e43bbe82a70bebac296f8bc6f0addaa1a?s=96&d=mm&r=g\",\"caption\":\"Edici\u00f3n Web\"},\"url\":\"https:\\\/\\\/canal7slp.tv\\\/2022\\\/author\\\/edicionweb\\\/\"}]}<\/script>\n<!-- \/ Yoast SEO plugin. -->","yoast_head_json":{"title":"Oposici\u00f3n denuncia ante la ONU discurso de odio de AMLO y MORENA - Canal 7 SLP - 2022","robots":{"index":"index","follow":"follow","max-snippet":"max-snippet:-1","max-image-preview":"max-image-preview:large","max-video-preview":"max-video-preview:-1"},"canonical":"https:\/\/canal7slp.tv\/2022\/oposicion-denuncia-ante-la-onu-discurso-de-odio-de-amlo-y-morena\/","og_locale":"es_ES","og_type":"article","og_title":"Oposici\u00f3n denuncia ante la ONU discurso de odio de AMLO y MORENA - Canal 7 SLP - 2022","og_description":"M\u00e9xico.- Legisladores de los partidos Revolucionario Institucional (PRI), Acci\u00f3n Nacional (PAN) y de la Revoluci\u00f3n Democr\u00e1tica (PRD), denunciaron ante la representaci\u00f3n del Alto Comisionado de Naciones Unidas para los Derechos Humanos de la Organizaci\u00f3n de las Naciones Unidas (ONU) el discurso de odio promovido desde la Presidencia de M\u00e9xico y la dirigencia del partido Movimiento de Regeneraci\u00f3n Nacional (MORENA). Los diputados relataron por medio de una carta las agresiones y amenazas de las que est\u00e1n siendo v\u00edctimas. Asimismo, los servidores p\u00fablicos aseveraron que acudir\u00e1n a todas las instancias nacionales e internacionales para denunciar dichos hechos.","og_url":"https:\/\/canal7slp.tv\/2022\/oposicion-denuncia-ante-la-onu-discurso-de-odio-de-amlo-y-morena\/","og_site_name":"Canal 7 SLP - 2022","article_publisher":"https:\/\/www.facebook.com\/noticieroscanalsiete","article_published_time":"2022-04-21T19:04:28+00:00","og_image":[{"width":800,"height":445,"url":"https:\/\/canal7slp.tv\/2022\/wp-content\/uploads\/2022\/04\/04-17.jpg","type":"image\/jpeg"}],"author":"Edici\u00f3n Web","twitter_card":"summary_large_image","twitter_creator":"@NOTICIEROS7","twitter_site":"@NOTICIEROS7","twitter_misc":{"Escrito por":"Edici\u00f3n Web","Tiempo de lectura":"1 minuto"},"schema":{"@context":"https:\/\/schema.org","@graph":[{"@type":"Article","@id":"https:\/\/canal7slp.tv\/2022\/oposicion-denuncia-ante-la-onu-discurso-de-odio-de-amlo-y-morena\/#article","isPartOf":{"@id":"https:\/\/canal7slp.tv\/2022\/oposicion-denuncia-ante-la-onu-discurso-de-odio-de-amlo-y-morena\/"},"author":{"name":"Edici\u00f3n Web","@id":"https:\/\/canal7slp.tv\/2022\/#\/schema\/person\/429704152a21f5f856ce29aa69a238da"},"headline":"Oposici\u00f3n denuncia ante la ONU discurso de odio de AMLO y MORENA","datePublished":"2022-04-21T19:04:28+00:00","mainEntityOfPage":{"@id":"https:\/\/canal7slp.tv\/2022\/oposicion-denuncia-ante-la-onu-discurso-de-odio-de-amlo-y-morena\/"},"wordCount":121,"publisher":{"@id":"https:\/\/canal7slp.tv\/2022\/#organization"},"image":{"@id":"https:\/\/canal7slp.tv\/2022\/oposicion-denuncia-ante-la-onu-discurso-de-odio-de-amlo-y-morena\/#primaryimage"},"thumbnailUrl":"https:\/\/canal7slp.tv\/2022\/wp-content\/uploads\/2022\/04\/04-17.jpg","articleSection":["NACIONALES"],"inLanguage":"es"},{"@type":"WebPage","@id":"https:\/\/canal7slp.tv\/2022\/oposicion-denuncia-ante-la-onu-discurso-de-odio-de-amlo-y-morena\/","url":"https:\/\/canal7slp.tv\/2022\/oposicion-denuncia-ante-la-onu-discurso-de-odio-de-amlo-y-morena\/","name":"Oposici\u00f3n denuncia ante la ONU discurso de odio de AMLO y MORENA - Canal 7 SLP - 2022","isPartOf":{"@id":"https:\/\/canal7slp.tv\/2022\/#website"},"primaryImageOfPage":{"@id":"https:\/\/canal7slp.tv\/2022\/oposicion-denuncia-ante-la-onu-discurso-de-odio-de-amlo-y-morena\/#primaryimage"},"image":{"@id":"https:\/\/canal7slp.tv\/2022\/oposicion-denuncia-ante-la-onu-discurso-de-odio-de-amlo-y-morena\/#primaryimage"},"thumbnailUrl":"https:\/\/canal7slp.tv\/2022\/wp-content\/uploads\/2022\/04\/04-17.jpg","datePublished":"2022-04-21T19:04:28+00:00","breadcrumb":{"@id":"https:\/\/canal7slp.tv\/2022\/oposicion-denuncia-ante-la-onu-discurso-de-odio-de-amlo-y-morena\/#breadcrumb"},"inLanguage":"es","potentialAction":[{"@type":"ReadAction","target":["https:\/\/canal7slp.tv\/2022\/oposicion-denuncia-ante-la-onu-discurso-de-odio-de-amlo-y-morena\/"]}]},{"@type":"ImageObject","inLanguage":"es","@id":"https:\/\/canal7slp.tv\/2022\/oposicion-denuncia-ante-la-onu-discurso-de-odio-de-amlo-y-morena\/#primaryimage","url":"https:\/\/canal7slp.tv\/2022\/wp-content\/uploads\/2022\/04\/04-17.jpg","contentUrl":"https:\/\/canal7slp.tv\/2022\/wp-content\/uploads\/2022\/04\/04-17.jpg","width":800,"height":445},{"@type":"BreadcrumbList","@id":"https:\/\/canal7slp.tv\/2022\/oposicion-denuncia-ante-la-onu-discurso-de-odio-de-amlo-y-morena\/#breadcrumb","itemListElement":[{"@type":"ListItem","position":1,"name":"Portada","item":"https:\/\/canal7slp.tv\/2022\/"},{"@type":"ListItem","position":2,"name":"Oposici\u00f3n denuncia ante la ONU discurso de odio de AMLO y MORENA"}]},{"@type":"WebSite","@id":"https:\/\/canal7slp.tv\/2022\/#website","url":"https:\/\/canal7slp.tv\/2022\/","name":"N7 - Noticieros Canal 7","description":"Somos Televisi\u00f3n","publisher":{"@id":"https:\/\/canal7slp.tv\/2022\/#organization"},"potentialAction":[{"@type":"SearchAction","target":{"@type":"EntryPoint","urlTemplate":"https:\/\/canal7slp.tv\/2022\/?s={search_term_string}"},"query-input":{"@type":"PropertyValueSpecification","valueRequired":true,"valueName":"search_term_string"}}],"inLanguage":"es"},{"@type":"Organization","@id":"https:\/\/canal7slp.tv\/2022\/#organization","name":"Noticieros Canal 7","url":"https:\/\/canal7slp.tv\/2022\/","logo":{"@type":"ImageObject","inLanguage":"es","@id":"https:\/\/canal7slp.tv\/2022\/#\/schema\/logo\/image\/","url":"https:\/\/canal7slp.tv\/2022\/wp-content\/uploads\/2021\/01\/logo-noticieros@2x.png","contentUrl":"https:\/\/canal7slp.tv\/2022\/wp-content\/uploads\/2021\/01\/logo-noticieros@2x.png","width":1017,"height":268,"caption":"Noticieros Canal 7"},"image":{"@id":"https:\/\/canal7slp.tv\/2022\/#\/schema\/logo\/image\/"},"sameAs":["https:\/\/www.facebook.com\/noticieroscanalsiete","https:\/\/x.com\/NOTICIEROS7","https:\/\/www.instagram.com\/canal7_slp","https:\/\/www.youtube.com\/channel\/UCliiYs-gP3JfJeqdPrNdd5A"]},{"@type":"Person","@id":"https:\/\/canal7slp.tv\/2022\/#\/schema\/person\/429704152a21f5f856ce29aa69a238da","name":"Edici\u00f3n Web","image":{"@type":"ImageObject","inLanguage":"es","@id":"https:\/\/secure.gravatar.com\/avatar\/eee448fc3f7164808013b816ba91ac7e43bbe82a70bebac296f8bc6f0addaa1a?s=96&d=mm&r=g","url":"https:\/\/secure.gravatar.com\/avatar\/eee448fc3f7164808013b816ba91ac7e43bbe82a70bebac296f8bc6f0addaa1a?s=96&d=mm&r=g","contentUrl":"https:\/\/secure.gravatar.com\/avatar\/eee448fc3f7164808013b816ba91ac7e43bbe82a70bebac296f8bc6f0addaa1a?s=96&d=mm&r=g","caption":"Edici\u00f3n Web"},"url":"https:\/\/canal7slp.tv\/2022\/author\/edicionweb\/"}]}},"amp_enabled":true,"_links":{"self":[{"href":"https:\/\/canal7slp.tv\/2022\/wp-json\/wp\/v2\/posts\/57903","targetHints":{"allow":["GET"]}}],"collection":[{"href":"https:\/\/canal7slp.tv\/2022\/wp-json\/wp\/v2\/posts"}],"about":[{"href":"https:\/\/canal7slp.tv\/2022\/wp-json\/wp\/v2\/types\/post"}],"author":[{"embeddable":true,"href":"https:\/\/canal7slp.tv\/2022\/wp-json\/wp\/v2\/users\/2"}],"replies":[{"embeddable":true,"href":"https:\/\/canal7slp.tv\/2022\/wp-json\/wp\/v2\/comments?post=57903"}],"version-history":[{"count":2,"href":"https:\/\/canal7slp.tv\/2022\/wp-json\/wp\/v2\/posts\/57903\/revisions"}],"predecessor-version":[{"id":57921,"href":"https:\/\/canal7slp.tv\/2022\/wp-json\/wp\/v2\/posts\/57903\/revisions\/57921"}],"wp:featuredmedia":[{"embeddable":true,"href":"https:\/\/canal7slp.tv\/2022\/wp-json\/wp\/v2\/media\/57915"}],"wp:attachment":[{"href":"https:\/\/canal7slp.tv\/2022\/wp-json\/wp\/v2\/media?parent=57903"}],"wp:term":[{"taxonomy":"category","embeddable":true,"href":"https:\/\/canal7slp.tv\/2022\/wp-json\/wp\/v2\/categories?post=57903"},{"taxonomy":"post_tag","embeddable":true,"href":"https:\/\/canal7slp.tv\/2022\/wp-json\/wp\/v2\/tags?post=57903"}],"curies":[{"name":"wp","href":"https:\/\/api.w.org\/{rel}","templated":true}]}}