{"id":57901,"date":"2022-04-21T13:04:32","date_gmt":"2022-04-21T19:04:32","guid":{"rendered":"https:\/\/canal7slp.tv\/2022\/?p=57901"},"modified":"2022-04-21T13:04:32","modified_gmt":"2022-04-21T19:04:32","slug":"nuevo-leon-elimina-el-uso-de-cubrebocas-en-interiores","status":"publish","type":"post","link":"https:\/\/canal7slp.tv\/2022\/nuevo-leon-elimina-el-uso-de-cubrebocas-en-interiores\/","title":{"rendered":"Nuevo Le\u00f3n elimina el uso de cubrebocas en interiores"},"content":{"rendered":"<ul style=\"text-align: justify;\">\n<li>Es el primer estado en levantar la medida sanitaria<\/li>\n<\/ul>\n<p style=\"text-align: justify;\">Monterrey.- Samuel Alejandro Garc\u00eda Sep\u00falveda, gobernador de Nuevo Le\u00f3n, dio a conocer que a partir del 24 de abril se eliminar\u00e1 el uso de cubrebocas en espacios cerrados.<\/p>\n<p style=\"text-align: justify;\">Dicha entidad se convierte en el primer estado en levantar dicha medida sanitaria.<\/p>\n<p style=\"text-align: justify;\">Cabe se\u00f1alar que el uso de los cubrebocas ser\u00e1 opcional.<\/p>\n<p style=\"text-align: justify;\">\u00a0\u201cLlevamos siete semanas en sem\u00e1foro verde, estas \u00faltimas tres semanas han sido los niveles m\u00e1s bajos en la historia del COVID-19 de Nuevo Le\u00f3n, y por eso, el d\u00eda de hoy queremos darle a Nuevo Le\u00f3n la gran noticia que se merecen por responsables y por ser una comunidad de vanguardia. El comit\u00e9 de Seguridad en materia de Salud nos aval\u00f3 el uso OPCIONAL del cubrebocas en espacios abiertos y en espacios cerrados\u201d, coment\u00f3 el mandatario de Nuevo Le\u00f3n.<\/p>\n<p style=\"text-align: justify;\">Asimismo, Garc\u00eda Sep\u00falveda puntualiz\u00f3 que el 22 de abril publicar\u00e1 el decreto para levantar la el uso obligatorio de cubrebocas.<\/p>\n","protected":false},"excerpt":{"rendered":"<p>Es el primer estado en levantar la medida sanitaria Monterrey.- Samuel Alejandro Garc\u00eda Sep\u00falveda, gobernador de Nuevo Le\u00f3n, dio a conocer que a partir del 24 de abril se eliminar\u00e1 el uso de cubrebocas en espacios cerrados. Dicha entidad se convierte en el primer estado en levantar dicha medida sanitaria. Cabe se\u00f1alar que el uso de los cubrebocas ser\u00e1 opcional. \u00a0\u201cLlevamos siete semanas en sem\u00e1foro verde, estas \u00faltimas tres semanas han sido los niveles m\u00e1s bajos en la historia del COVID-19 de Nuevo Le\u00f3n, y por eso, el d\u00eda de hoy queremos darle a Nuevo Le\u00f3n la gran noticia que [&hellip;]<\/p>\n","protected":false},"author":2,"featured_media":57913,"comment_status":"closed","ping_status":"closed","sticky":false,"template":"","format":"standard","meta":{"footnotes":""},"categories":[4,46],"tags":[],"class_list":["post-57901","post","type-post","status-publish","format-standard","has-post-thumbnail","hentry","category-covid-19","category-nacional","post--single"],"yoast_head":"<!-- This site is optimized with the Yoast SEO plugin v27.4 - https:\/\/yoast.com\/product\/yoast-seo-wordpress\/ -->\n<title>Nuevo Le\u00f3n elimina el uso de cubrebocas en interiores - Canal 7 SLP - 2022<\/title>\n<meta name=\"robots\" content=\"index, follow, max-snippet:-1, max-image-preview:large, max-video-preview:-1\" \/>\n<link rel=\"canonical\" href=\"https:\/\/canal7slp.tv\/2022\/nuevo-leon-elimina-el-uso-de-cubrebocas-en-interiores\/\" \/>\n<meta property=\"og:locale\" content=\"es_ES\" \/>\n<meta property=\"og:type\" content=\"article\" \/>\n<meta property=\"og:title\" content=\"Nuevo Le\u00f3n elimina el uso de cubrebocas en interiores - Canal 7 SLP - 2022\" \/>\n<meta property=\"og:description\" content=\"Es el primer estado en levantar la medida sanitaria Monterrey.- Samuel Alejandro Garc\u00eda Sep\u00falveda, gobernador de Nuevo Le\u00f3n, dio a conocer que a partir del 24 de abril se eliminar\u00e1 el uso de cubrebocas en espacios cerrados. Dicha entidad se convierte en el primer estado en levantar dicha medida sanitaria. Cabe se\u00f1alar que el uso de los cubrebocas ser\u00e1 opcional. \u00a0\u201cLlevamos siete semanas en sem\u00e1foro verde, estas \u00faltimas tres semanas han sido los niveles m\u00e1s bajos en la historia del COVID-19 de Nuevo Le\u00f3n, y por eso, el d\u00eda de hoy queremos darle a Nuevo Le\u00f3n la gran noticia que [&hellip;]\" \/>\n<meta property=\"og:url\" content=\"https:\/\/canal7slp.tv\/2022\/nuevo-leon-elimina-el-uso-de-cubrebocas-en-interiores\/\" \/>\n<meta property=\"og:site_name\" content=\"Canal 7 SLP - 2022\" \/>\n<meta property=\"article:publisher\" content=\"https:\/\/www.facebook.com\/noticieroscanalsiete\" \/>\n<meta property=\"article:published_time\" content=\"2022-04-21T19:04:32+00:00\" \/>\n<meta property=\"og:image\" content=\"https:\/\/canal7slp.tv\/2022\/wp-content\/uploads\/2022\/04\/02-17.jpg\" \/>\n\t<meta property=\"og:image:width\" content=\"800\" \/>\n\t<meta property=\"og:image:height\" content=\"600\" \/>\n\t<meta property=\"og:image:type\" content=\"image\/jpeg\" \/>\n<meta name=\"author\" content=\"Edici\u00f3n Web\" \/>\n<meta name=\"twitter:card\" content=\"summary_large_image\" \/>\n<meta name=\"twitter:creator\" content=\"@NOTICIEROS7\" \/>\n<meta name=\"twitter:site\" content=\"@NOTICIEROS7\" \/>\n<meta name=\"twitter:label1\" content=\"Escrito por\" \/>\n\t<meta name=\"twitter:data1\" content=\"Edici\u00f3n Web\" \/>\n\t<meta name=\"twitter:label2\" content=\"Tiempo de lectura\" \/>\n\t<meta name=\"twitter:data2\" content=\"1 minuto\" \/>\n<script type=\"application\/ld+json\" class=\"yoast-schema-graph\">{\"@context\":\"https:\\\/\\\/schema.org\",\"@graph\":[{\"@type\":\"Article\",\"@id\":\"https:\\\/\\\/canal7slp.tv\\\/2022\\\/nuevo-leon-elimina-el-uso-de-cubrebocas-en-interiores\\\/#article\",\"isPartOf\":{\"@id\":\"https:\\\/\\\/canal7slp.tv\\\/2022\\\/nuevo-leon-elimina-el-uso-de-cubrebocas-en-interiores\\\/\"},\"author\":{\"name\":\"Edici\u00f3n Web\",\"@id\":\"https:\\\/\\\/canal7slp.tv\\\/2022\\\/#\\\/schema\\\/person\\\/429704152a21f5f856ce29aa69a238da\"},\"headline\":\"Nuevo Le\u00f3n elimina el uso de cubrebocas en interiores\",\"datePublished\":\"2022-04-21T19:04:32+00:00\",\"mainEntityOfPage\":{\"@id\":\"https:\\\/\\\/canal7slp.tv\\\/2022\\\/nuevo-leon-elimina-el-uso-de-cubrebocas-en-interiores\\\/\"},\"wordCount\":180,\"publisher\":{\"@id\":\"https:\\\/\\\/canal7slp.tv\\\/2022\\\/#organization\"},\"image\":{\"@id\":\"https:\\\/\\\/canal7slp.tv\\\/2022\\\/nuevo-leon-elimina-el-uso-de-cubrebocas-en-interiores\\\/#primaryimage\"},\"thumbnailUrl\":\"https:\\\/\\\/canal7slp.tv\\\/2022\\\/wp-content\\\/uploads\\\/2022\\\/04\\\/02-17.jpg\",\"articleSection\":[\"COVID-19\",\"NACIONALES\"],\"inLanguage\":\"es\"},{\"@type\":\"WebPage\",\"@id\":\"https:\\\/\\\/canal7slp.tv\\\/2022\\\/nuevo-leon-elimina-el-uso-de-cubrebocas-en-interiores\\\/\",\"url\":\"https:\\\/\\\/canal7slp.tv\\\/2022\\\/nuevo-leon-elimina-el-uso-de-cubrebocas-en-interiores\\\/\",\"name\":\"Nuevo Le\u00f3n elimina el uso de cubrebocas en interiores - Canal 7 SLP - 2022\",\"isPartOf\":{\"@id\":\"https:\\\/\\\/canal7slp.tv\\\/2022\\\/#website\"},\"primaryImageOfPage\":{\"@id\":\"https:\\\/\\\/canal7slp.tv\\\/2022\\\/nuevo-leon-elimina-el-uso-de-cubrebocas-en-interiores\\\/#primaryimage\"},\"image\":{\"@id\":\"https:\\\/\\\/canal7slp.tv\\\/2022\\\/nuevo-leon-elimina-el-uso-de-cubrebocas-en-interiores\\\/#primaryimage\"},\"thumbnailUrl\":\"https:\\\/\\\/canal7slp.tv\\\/2022\\\/wp-content\\\/uploads\\\/2022\\\/04\\\/02-17.jpg\",\"datePublished\":\"2022-04-21T19:04:32+00:00\",\"breadcrumb\":{\"@id\":\"https:\\\/\\\/canal7slp.tv\\\/2022\\\/nuevo-leon-elimina-el-uso-de-cubrebocas-en-interiores\\\/#breadcrumb\"},\"inLanguage\":\"es\",\"potentialAction\":[{\"@type\":\"ReadAction\",\"target\":[\"https:\\\/\\\/canal7slp.tv\\\/2022\\\/nuevo-leon-elimina-el-uso-de-cubrebocas-en-interiores\\\/\"]}]},{\"@type\":\"ImageObject\",\"inLanguage\":\"es\",\"@id\":\"https:\\\/\\\/canal7slp.tv\\\/2022\\\/nuevo-leon-elimina-el-uso-de-cubrebocas-en-interiores\\\/#primaryimage\",\"url\":\"https:\\\/\\\/canal7slp.tv\\\/2022\\\/wp-content\\\/uploads\\\/2022\\\/04\\\/02-17.jpg\",\"contentUrl\":\"https:\\\/\\\/canal7slp.tv\\\/2022\\\/wp-content\\\/uploads\\\/2022\\\/04\\\/02-17.jpg\",\"width\":800,\"height\":600},{\"@type\":\"BreadcrumbList\",\"@id\":\"https:\\\/\\\/canal7slp.tv\\\/2022\\\/nuevo-leon-elimina-el-uso-de-cubrebocas-en-interiores\\\/#breadcrumb\",\"itemListElement\":[{\"@type\":\"ListItem\",\"position\":1,\"name\":\"Portada\",\"item\":\"https:\\\/\\\/canal7slp.tv\\\/2022\\\/\"},{\"@type\":\"ListItem\",\"position\":2,\"name\":\"Nuevo Le\u00f3n elimina el uso de cubrebocas en interiores\"}]},{\"@type\":\"WebSite\",\"@id\":\"https:\\\/\\\/canal7slp.tv\\\/2022\\\/#website\",\"url\":\"https:\\\/\\\/canal7slp.tv\\\/2022\\\/\",\"name\":\"N7 - Noticieros Canal 7\",\"description\":\"Somos Televisi\u00f3n\",\"publisher\":{\"@id\":\"https:\\\/\\\/canal7slp.tv\\\/2022\\\/#organization\"},\"potentialAction\":[{\"@type\":\"SearchAction\",\"target\":{\"@type\":\"EntryPoint\",\"urlTemplate\":\"https:\\\/\\\/canal7slp.tv\\\/2022\\\/?s={search_term_string}\"},\"query-input\":{\"@type\":\"PropertyValueSpecification\",\"valueRequired\":true,\"valueName\":\"search_term_string\"}}],\"inLanguage\":\"es\"},{\"@type\":\"Organization\",\"@id\":\"https:\\\/\\\/canal7slp.tv\\\/2022\\\/#organization\",\"name\":\"Noticieros Canal 7\",\"url\":\"https:\\\/\\\/canal7slp.tv\\\/2022\\\/\",\"logo\":{\"@type\":\"ImageObject\",\"inLanguage\":\"es\",\"@id\":\"https:\\\/\\\/canal7slp.tv\\\/2022\\\/#\\\/schema\\\/logo\\\/image\\\/\",\"url\":\"https:\\\/\\\/canal7slp.tv\\\/2022\\\/wp-content\\\/uploads\\\/2021\\\/01\\\/logo-noticieros@2x.png\",\"contentUrl\":\"https:\\\/\\\/canal7slp.tv\\\/2022\\\/wp-content\\\/uploads\\\/2021\\\/01\\\/logo-noticieros@2x.png\",\"width\":1017,\"height\":268,\"caption\":\"Noticieros Canal 7\"},\"image\":{\"@id\":\"https:\\\/\\\/canal7slp.tv\\\/2022\\\/#\\\/schema\\\/logo\\\/image\\\/\"},\"sameAs\":[\"https:\\\/\\\/www.facebook.com\\\/noticieroscanalsiete\",\"https:\\\/\\\/x.com\\\/NOTICIEROS7\",\"https:\\\/\\\/www.instagram.com\\\/canal7_slp\",\"https:\\\/\\\/www.youtube.com\\\/channel\\\/UCliiYs-gP3JfJeqdPrNdd5A\"]},{\"@type\":\"Person\",\"@id\":\"https:\\\/\\\/canal7slp.tv\\\/2022\\\/#\\\/schema\\\/person\\\/429704152a21f5f856ce29aa69a238da\",\"name\":\"Edici\u00f3n Web\",\"image\":{\"@type\":\"ImageObject\",\"inLanguage\":\"es\",\"@id\":\"https:\\\/\\\/secure.gravatar.com\\\/avatar\\\/eee448fc3f7164808013b816ba91ac7e43bbe82a70bebac296f8bc6f0addaa1a?s=96&d=mm&r=g\",\"url\":\"https:\\\/\\\/secure.gravatar.com\\\/avatar\\\/eee448fc3f7164808013b816ba91ac7e43bbe82a70bebac296f8bc6f0addaa1a?s=96&d=mm&r=g\",\"contentUrl\":\"https:\\\/\\\/secure.gravatar.com\\\/avatar\\\/eee448fc3f7164808013b816ba91ac7e43bbe82a70bebac296f8bc6f0addaa1a?s=96&d=mm&r=g\",\"caption\":\"Edici\u00f3n Web\"},\"url\":\"https:\\\/\\\/canal7slp.tv\\\/2022\\\/author\\\/edicionweb\\\/\"}]}<\/script>\n<!-- \/ Yoast SEO plugin. -->","yoast_head_json":{"title":"Nuevo Le\u00f3n elimina el uso de cubrebocas en interiores - Canal 7 SLP - 2022","robots":{"index":"index","follow":"follow","max-snippet":"max-snippet:-1","max-image-preview":"max-image-preview:large","max-video-preview":"max-video-preview:-1"},"canonical":"https:\/\/canal7slp.tv\/2022\/nuevo-leon-elimina-el-uso-de-cubrebocas-en-interiores\/","og_locale":"es_ES","og_type":"article","og_title":"Nuevo Le\u00f3n elimina el uso de cubrebocas en interiores - Canal 7 SLP - 2022","og_description":"Es el primer estado en levantar la medida sanitaria Monterrey.- Samuel Alejandro Garc\u00eda Sep\u00falveda, gobernador de Nuevo Le\u00f3n, dio a conocer que a partir del 24 de abril se eliminar\u00e1 el uso de cubrebocas en espacios cerrados. Dicha entidad se convierte en el primer estado en levantar dicha medida sanitaria. Cabe se\u00f1alar que el uso de los cubrebocas ser\u00e1 opcional. \u00a0\u201cLlevamos siete semanas en sem\u00e1foro verde, estas \u00faltimas tres semanas han sido los niveles m\u00e1s bajos en la historia del COVID-19 de Nuevo Le\u00f3n, y por eso, el d\u00eda de hoy queremos darle a Nuevo Le\u00f3n la gran noticia que [&hellip;]","og_url":"https:\/\/canal7slp.tv\/2022\/nuevo-leon-elimina-el-uso-de-cubrebocas-en-interiores\/","og_site_name":"Canal 7 SLP - 2022","article_publisher":"https:\/\/www.facebook.com\/noticieroscanalsiete","article_published_time":"2022-04-21T19:04:32+00:00","og_image":[{"width":800,"height":600,"url":"https:\/\/canal7slp.tv\/2022\/wp-content\/uploads\/2022\/04\/02-17.jpg","type":"image\/jpeg"}],"author":"Edici\u00f3n Web","twitter_card":"summary_large_image","twitter_creator":"@NOTICIEROS7","twitter_site":"@NOTICIEROS7","twitter_misc":{"Escrito por":"Edici\u00f3n Web","Tiempo de lectura":"1 minuto"},"schema":{"@context":"https:\/\/schema.org","@graph":[{"@type":"Article","@id":"https:\/\/canal7slp.tv\/2022\/nuevo-leon-elimina-el-uso-de-cubrebocas-en-interiores\/#article","isPartOf":{"@id":"https:\/\/canal7slp.tv\/2022\/nuevo-leon-elimina-el-uso-de-cubrebocas-en-interiores\/"},"author":{"name":"Edici\u00f3n Web","@id":"https:\/\/canal7slp.tv\/2022\/#\/schema\/person\/429704152a21f5f856ce29aa69a238da"},"headline":"Nuevo Le\u00f3n elimina el uso de cubrebocas en interiores","datePublished":"2022-04-21T19:04:32+00:00","mainEntityOfPage":{"@id":"https:\/\/canal7slp.tv\/2022\/nuevo-leon-elimina-el-uso-de-cubrebocas-en-interiores\/"},"wordCount":180,"publisher":{"@id":"https:\/\/canal7slp.tv\/2022\/#organization"},"image":{"@id":"https:\/\/canal7slp.tv\/2022\/nuevo-leon-elimina-el-uso-de-cubrebocas-en-interiores\/#primaryimage"},"thumbnailUrl":"https:\/\/canal7slp.tv\/2022\/wp-content\/uploads\/2022\/04\/02-17.jpg","articleSection":["COVID-19","NACIONALES"],"inLanguage":"es"},{"@type":"WebPage","@id":"https:\/\/canal7slp.tv\/2022\/nuevo-leon-elimina-el-uso-de-cubrebocas-en-interiores\/","url":"https:\/\/canal7slp.tv\/2022\/nuevo-leon-elimina-el-uso-de-cubrebocas-en-interiores\/","name":"Nuevo Le\u00f3n elimina el uso de cubrebocas en interiores - Canal 7 SLP - 2022","isPartOf":{"@id":"https:\/\/canal7slp.tv\/2022\/#website"},"primaryImageOfPage":{"@id":"https:\/\/canal7slp.tv\/2022\/nuevo-leon-elimina-el-uso-de-cubrebocas-en-interiores\/#primaryimage"},"image":{"@id":"https:\/\/canal7slp.tv\/2022\/nuevo-leon-elimina-el-uso-de-cubrebocas-en-interiores\/#primaryimage"},"thumbnailUrl":"https:\/\/canal7slp.tv\/2022\/wp-content\/uploads\/2022\/04\/02-17.jpg","datePublished":"2022-04-21T19:04:32+00:00","breadcrumb":{"@id":"https:\/\/canal7slp.tv\/2022\/nuevo-leon-elimina-el-uso-de-cubrebocas-en-interiores\/#breadcrumb"},"inLanguage":"es","potentialAction":[{"@type":"ReadAction","target":["https:\/\/canal7slp.tv\/2022\/nuevo-leon-elimina-el-uso-de-cubrebocas-en-interiores\/"]}]},{"@type":"ImageObject","inLanguage":"es","@id":"https:\/\/canal7slp.tv\/2022\/nuevo-leon-elimina-el-uso-de-cubrebocas-en-interiores\/#primaryimage","url":"https:\/\/canal7slp.tv\/2022\/wp-content\/uploads\/2022\/04\/02-17.jpg","contentUrl":"https:\/\/canal7slp.tv\/2022\/wp-content\/uploads\/2022\/04\/02-17.jpg","width":800,"height":600},{"@type":"BreadcrumbList","@id":"https:\/\/canal7slp.tv\/2022\/nuevo-leon-elimina-el-uso-de-cubrebocas-en-interiores\/#breadcrumb","itemListElement":[{"@type":"ListItem","position":1,"name":"Portada","item":"https:\/\/canal7slp.tv\/2022\/"},{"@type":"ListItem","position":2,"name":"Nuevo Le\u00f3n elimina el uso de cubrebocas en interiores"}]},{"@type":"WebSite","@id":"https:\/\/canal7slp.tv\/2022\/#website","url":"https:\/\/canal7slp.tv\/2022\/","name":"N7 - Noticieros Canal 7","description":"Somos Televisi\u00f3n","publisher":{"@id":"https:\/\/canal7slp.tv\/2022\/#organization"},"potentialAction":[{"@type":"SearchAction","target":{"@type":"EntryPoint","urlTemplate":"https:\/\/canal7slp.tv\/2022\/?s={search_term_string}"},"query-input":{"@type":"PropertyValueSpecification","valueRequired":true,"valueName":"search_term_string"}}],"inLanguage":"es"},{"@type":"Organization","@id":"https:\/\/canal7slp.tv\/2022\/#organization","name":"Noticieros Canal 7","url":"https:\/\/canal7slp.tv\/2022\/","logo":{"@type":"ImageObject","inLanguage":"es","@id":"https:\/\/canal7slp.tv\/2022\/#\/schema\/logo\/image\/","url":"https:\/\/canal7slp.tv\/2022\/wp-content\/uploads\/2021\/01\/logo-noticieros@2x.png","contentUrl":"https:\/\/canal7slp.tv\/2022\/wp-content\/uploads\/2021\/01\/logo-noticieros@2x.png","width":1017,"height":268,"caption":"Noticieros Canal 7"},"image":{"@id":"https:\/\/canal7slp.tv\/2022\/#\/schema\/logo\/image\/"},"sameAs":["https:\/\/www.facebook.com\/noticieroscanalsiete","https:\/\/x.com\/NOTICIEROS7","https:\/\/www.instagram.com\/canal7_slp","https:\/\/www.youtube.com\/channel\/UCliiYs-gP3JfJeqdPrNdd5A"]},{"@type":"Person","@id":"https:\/\/canal7slp.tv\/2022\/#\/schema\/person\/429704152a21f5f856ce29aa69a238da","name":"Edici\u00f3n Web","image":{"@type":"ImageObject","inLanguage":"es","@id":"https:\/\/secure.gravatar.com\/avatar\/eee448fc3f7164808013b816ba91ac7e43bbe82a70bebac296f8bc6f0addaa1a?s=96&d=mm&r=g","url":"https:\/\/secure.gravatar.com\/avatar\/eee448fc3f7164808013b816ba91ac7e43bbe82a70bebac296f8bc6f0addaa1a?s=96&d=mm&r=g","contentUrl":"https:\/\/secure.gravatar.com\/avatar\/eee448fc3f7164808013b816ba91ac7e43bbe82a70bebac296f8bc6f0addaa1a?s=96&d=mm&r=g","caption":"Edici\u00f3n Web"},"url":"https:\/\/canal7slp.tv\/2022\/author\/edicionweb\/"}]}},"amp_enabled":true,"_links":{"self":[{"href":"https:\/\/canal7slp.tv\/2022\/wp-json\/wp\/v2\/posts\/57901","targetHints":{"allow":["GET"]}}],"collection":[{"href":"https:\/\/canal7slp.tv\/2022\/wp-json\/wp\/v2\/posts"}],"about":[{"href":"https:\/\/canal7slp.tv\/2022\/wp-json\/wp\/v2\/types\/post"}],"author":[{"embeddable":true,"href":"https:\/\/canal7slp.tv\/2022\/wp-json\/wp\/v2\/users\/2"}],"replies":[{"embeddable":true,"href":"https:\/\/canal7slp.tv\/2022\/wp-json\/wp\/v2\/comments?post=57901"}],"version-history":[{"count":2,"href":"https:\/\/canal7slp.tv\/2022\/wp-json\/wp\/v2\/posts\/57901\/revisions"}],"predecessor-version":[{"id":57919,"href":"https:\/\/canal7slp.tv\/2022\/wp-json\/wp\/v2\/posts\/57901\/revisions\/57919"}],"wp:featuredmedia":[{"embeddable":true,"href":"https:\/\/canal7slp.tv\/2022\/wp-json\/wp\/v2\/media\/57913"}],"wp:attachment":[{"href":"https:\/\/canal7slp.tv\/2022\/wp-json\/wp\/v2\/media?parent=57901"}],"wp:term":[{"taxonomy":"category","embeddable":true,"href":"https:\/\/canal7slp.tv\/2022\/wp-json\/wp\/v2\/categories?post=57901"},{"taxonomy":"post_tag","embeddable":true,"href":"https:\/\/canal7slp.tv\/2022\/wp-json\/wp\/v2\/tags?post=57901"}],"curies":[{"name":"wp","href":"https:\/\/api.w.org\/{rel}","templated":true}]}}